{"id":272673,"date":"2023-02-16T14:41:37","date_gmt":"2023-02-16T13:41:37","guid":{"rendered":"https:\/\/www.intoscana.it\/it\/?p=272673"},"modified":"2023-02-16T15:23:39","modified_gmt":"2023-02-16T14:23:39","slug":"kami-mostra-firenze-arte-contemporanea-museo-novecento","status":"publish","type":"post","link":"https:\/\/www.intoscana.it\/it\/kami-mostra-firenze-arte-contemporanea-museo-novecento\/","title":{"rendered":"Light, Gaze, Presence: l&#8217;artista iraniano Y.Z. Kami porta i suoi &#8220;ritratti dell&#8217;altrove&#8221; a Firenze"},"content":{"rendered":"<p>Per la prima volta a Firenze in alcuni dei luoghi simbolo della citt\u00e0 (<strong>Museo Novecento, Museo di Palazzo Vecchio, Museo degli Innocenti e, eccezionalmente, nella millenaria Abbazia di San Miniato al Monte<\/strong>)<strong><em>&#8220;Light, Gaze, Presence&#8221;<\/em><\/strong>una selezione di opere dell&#8217;artista nato a Teheran\u00a0<strong>Y.Z. Kami<\/strong><\/p>\n<p>La produzione dell&#8217;artista si concentra sulla creazione di<strong> ritratti di donne e uomini colti in primo piano,<\/strong> spesso con gli occhi chiusi e all\u2019interno di cornici di sfondi neutri che lasciano visibili solo alcuni dettagli.<\/p>\n<p><strong>Volti opachi, quasi fuori fuoco, presenti e assenti al tempo stesso,<\/strong> queste figure sono immerse in una dimensione che sembra non avere nulla a che fare con la nostra quotidianit\u00e0, ma che rimanda a <strong>un altrove<\/strong>, a un luogo che \u00e8 <strong>memoria<\/strong> o evocazione dell\u2019<strong>aldil\u00e0.<\/strong><\/p>\n<p>Il percorso inizia nelle sale del <strong>Museo Novecento<\/strong>, in cui i celebri ritratti, che hanno reso noto al pubblico internazionale l\u2019artista, sono intervallati da altre opere delle serie <em><strong>Dome e Night Paintings <\/strong><\/em>che rievocano mandala e visioni notturne.<\/p>\n<p><em>\u201cDopo la grande mostra di Tony Cragg, il Museo Novecento ospita un grande artista internazionale che ha raccolto il nostro invito a confrontarsi con il patrimonio storico-artistico della citt\u00e0\u201d <\/em><strong>spiega Sergio Risaliti, direttore del Museo Novecento<\/strong><em>. \u201cCome Jenny Saville, protagonista nel 2021 a Firenze, anche Y.Z. Kami mette al centro del suo lavoro il ritratto, di cui \u00e8 uno straordinario interprete, cercando \u2013 come i grandi ritrattisti del passato \u2013 di restituire attraverso la pittura il profondo segreto dell\u2019anima dei suoi modelli che solitamente sono suoi amici, conoscenti e familiari. Il fatto che molti di questi volti appaiano con gli occhi chiusi, ci induce a porci in silenzio di fronte a queste immagini, invitandoci a una pi\u00f9 lenta contemplazione, proprio per entrare in sintonia con la spiritualit\u00e0 racchiusa in essi. Non \u00e8 casuale, quindi, la scelta dei luoghi che ospitano i dipinti di Kami, dal Museo Novecento all\u2019Abbazia di San Miniato, dal Salone dei Cinquecento in Palazzo Vecchio al Museo degli Innocenti. Luoghi in cui, oggi pi\u00f9 che mai, \u00e8 necessario ritrovare e incoraggiare lentezza e contemplazione di fronte all\u2019opera d\u2019arte\u201d.<\/em><\/p>\n<figure id=\"post-272731 media-272731\" class=\"align-none\"><img decoding=\"async\" src=\"https:\/\/www.intoscana.it\/wp-content\/uploads\/MG_5672-copy-scaled.jpg\" alt=\"\" \/><\/figure>\n<div class=\"titleimg\"><em>Light, Gaze, Presence, Y.Z. Kami<\/em><\/div>\n<p>La luminosit\u00e0 resa dalla <strong>pittura rarefatta,<\/strong> cos\u00ec come l\u2019esperienza dell\u2019<strong>immobilit\u00e0 e del silenzio,<\/strong> hanno la capacit\u00e0 di attrarre a s\u00e9 l\u2019osservatore, suscitando <strong>sensazioni intense<\/strong>, come un senso di placida contemplazione al limite della trascendenza.<\/p>\n<p>In questo senso, <strong>Kami<\/strong> \u00e8 un <strong>pittore dell\u2019invisibilit\u00e0<\/strong>; il suo sguardo e la sua pittura sono capaci di raccontare l\u2019umanit\u00e0 al di l\u00e0 della contingenza, catturando <strong>la spiritualit\u00e0 che avvolge i corpi.<\/strong><\/p>\n<p><strong>Y.Z. Kami<\/strong> ha iniziato a dipingere a soli cinque o sei anni nello studio della madre.\u00a0Da allora l\u2019amore per la pittura e l\u2019attenzione per lo studio della figura e della<strong> psicologia umana<\/strong> non lo abbandoneranno mai. Dopo aver studiato filosofia alla <strong>Sorbona di Parigi,<\/strong> negli anni Ottanta si trasferisce a <strong>New York<\/strong>, dove dalla fine degli anni Novanta inizia a esporre in musei e istituzioni artistiche.<\/p>\n<p>Le sue opere sono oggi conservate in importanti collezioni pubbliche, tra cui quelle del <strong>Metropolitan Museum of Art<\/strong> (New York), del <strong>Whitney Museum of American Art<\/strong> (New York), del <strong>Solomon R. Guggenheim Museum<\/strong> (New York) e del <strong>British Museum di Londra.<\/strong><\/p>\n<figure id=\"post-272734 media-272734\" class=\"align-none\"><img decoding=\"async\" src=\"https:\/\/www.intoscana.it\/wp-content\/uploads\/MG_5718-scaled.jpg\" alt=\"\" \/><\/figure>\n<p>Light, Gaze, Presence, Y.Z. Kami<\/p>\n<h3>Le opere in mostra a Firenze<\/h3>\n<p>All\u2019interno della suggestiva cornice del <strong>Salone dei Cinquecento \u2013 Museo di Palazzo Vecchio,<\/strong>\u00a0le opere U<strong>ntitled (2011), Untitled (Woman in Green Sweater) (2006) e Marwin (2013-2014)<\/strong> dialogano con gli affreschi di <strong>Giorgio Vasari,<\/strong> dando vita a uno straordinario contrasto tra la placida rarefazione delle opere di Y.Z. Kami e le accese scene di battaglie che campeggiano sulle pareti della sala.<\/p>\n<p>Il <strong>Museo degli Innocenti<\/strong> accoglie all\u2019interno della pinacoteca che ospita agli straordinari capolavori di Botticelli e Luca della Robbia due opere di Y.Z. Kami: <strong>Gold Dome II (2022) e Brunelleschi (Death Mask) (2022-2023)<\/strong>.<\/p>\n<p>In particolare, la maschera funebre di <strong>Filippo Brunelleschi<\/strong> rende omaggio al grande maestro e si ricollega da un lato ai grandi ritratti dell\u2019artista esposti contestualmente al Museo Novecento e nel Salone dei Cinquecento, dall\u2019altro alla storia dell\u2019edificio.<\/p>\n<p>La mostra raggiunge il suo climax all\u2019interno della millenaria <strong>Abbazia di San Miniato al Monte<\/strong>, dove viene eccezionalmente accolta l\u2019opera <strong>Paul&#8217;s hands (2015-17)<\/strong>.<\/p>\n<p><em>\u201cRitraggo le mani da molto tempo, rappresentano per me una presenza e un significato profondi\u201d <\/em><strong>ha spiegato l\u2019artista.<\/strong><em> \u201cIl teologo e filosofo francese Blaise Pascal ha detto \u2018L\u2019\u00e2me aime la main &#8211; l&#8217;anima ama la mano\u2019. Molto spesso nei miei dipinti che raffigurano le mani, queste sono giunte in preghiera. L&#8217;immagine delle mani in preghiera \u00e8 un segno diretto e chiaro di devozione che appartiene a tante diverse tradizioni religiose, dal Cristianesimo alle religioni orientali come l&#8217;Induismo, il Buddismo, ma non all\u2019Islamismo n\u00e9 al Giudaismo\u201d.<\/em><\/p>\n","protected":false},"excerpt":{"rendered":"<p>Dal 17 febbraio al 24 settembre una mostra &#8220;diffusa&#8221; in varie sedi fiorentine per la prima personale del pittore dell&#8217;invisibilit\u00e0<\/p>\n","protected":false},"author":518,"featured_media":272732,"comment_status":"open","ping_status":"open","sticky":false,"template":"","format":"standard","meta":{"_acf_changed":false,"footnotes":""},"categories":[493],"tags":[227,222,226,5644],"class_list":["post-272673","post","type-post","status-publish","format-standard","has-post-thumbnail","hentry","category-cultura","tag-arte-contemporanea","tag-mostre","tag-musei","tag-museo-novecento"],"acf":[],"yoast_head":"<!-- This site is optimized with the Yoast SEO Premium plugin v24.2 (Yoast SEO v25.6) - https:\/\/yoast.com\/wordpress\/plugins\/seo\/ -->\n<title>Light, Gaze, Presence: l&#039;artista iraniano Y.Z. Kami porta i suoi &quot;ritratti dell&#039;altrove&quot; a Firenze - intoscana<\/title>\n<meta name=\"description\" content=\"Dal 17 febbraio al 24 settembre una mostra &quot;diffusa&quot; in varie sedi fiorentine per la prima personale del pittore dell&#039;invisibilit\u00e0\" \/>\n<meta name=\"robots\" content=\"index, follow, max-snippet:-1, max-image-preview:large, max-video-preview:-1\" \/>\n<link rel=\"canonical\" href=\"https:\/\/www.intoscana.it\/it\/kami-mostra-firenze-arte-contemporanea-museo-novecento\/\" \/>\n<meta property=\"og:locale\" content=\"it_IT\" \/>\n<meta property=\"og:type\" content=\"article\" \/>\n<meta property=\"og:title\" content=\"Light, Gaze, Presence: l&#039;artista iraniano Y.Z. Kami porta i suoi &quot;ritratti dell&#039;altrove&quot; a Firenze\" \/>\n<meta property=\"og:description\" content=\"Dal 17 febbraio al 24 settembre una mostra &quot;diffusa&quot; in varie sedi fiorentine per la prima personale del pittore dell&#039;invisibilit\u00e0\" \/>\n<meta property=\"og:url\" content=\"https:\/\/www.intoscana.it\/it\/kami-mostra-firenze-arte-contemporanea-museo-novecento\/\" \/>\n<meta property=\"og:site_name\" content=\"intoscana\" \/>\n<meta property=\"article:publisher\" content=\"https:\/\/www.facebook.com\/intoscana.it\" \/>\n<meta property=\"article:published_time\" content=\"2023-02-16T13:41:37+00:00\" \/>\n<meta property=\"article:modified_time\" content=\"2023-02-16T14:23:39+00:00\" \/>\n<meta property=\"og:image\" content=\"https:\/\/www.intoscana.it\/wp-content\/uploads\/MG_5703-scaled.jpg\" \/>\n\t<meta property=\"og:image:width\" content=\"2048\" \/>\n\t<meta property=\"og:image:height\" content=\"1310\" \/>\n\t<meta property=\"og:image:type\" content=\"image\/jpeg\" \/>\n<meta name=\"author\" content=\"Costanza Baldini\" \/>\n<meta name=\"twitter:card\" content=\"summary_large_image\" \/>\n<meta name=\"twitter:creator\" content=\"@intoscana\" \/>\n<meta name=\"twitter:site\" content=\"@intoscana\" \/>\n<meta name=\"twitter:label1\" content=\"Written by\" \/>\n\t<meta name=\"twitter:data1\" content=\"Costanza Baldini\" \/>\n\t<meta name=\"twitter:label2\" content=\"Est. reading time\" \/>\n\t<meta name=\"twitter:data2\" content=\"4 minuti\" \/>\n<script type=\"application\/ld+json\" class=\"yoast-schema-graph\">{\"@context\":\"https:\/\/schema.org\",\"@graph\":[{\"@type\":\"WebPage\",\"@id\":\"https:\/\/www.intoscana.it\/it\/kami-mostra-firenze-arte-contemporanea-museo-novecento\/\",\"url\":\"https:\/\/www.intoscana.it\/it\/kami-mostra-firenze-arte-contemporanea-museo-novecento\/\",\"name\":\"Light, Gaze, Presence: l'artista iraniano Y.Z. Kami porta i suoi \\\"ritratti dell'altrove\\\" a Firenze - intoscana\",\"isPartOf\":{\"@id\":\"https:\/\/www.intoscana.it\/it\/#website\"},\"primaryImageOfPage\":{\"@id\":\"https:\/\/www.intoscana.it\/it\/kami-mostra-firenze-arte-contemporanea-museo-novecento\/#primaryimage\"},\"image\":{\"@id\":\"https:\/\/www.intoscana.it\/it\/kami-mostra-firenze-arte-contemporanea-museo-novecento\/#primaryimage\"},\"thumbnailUrl\":\"https:\/\/www.intoscana.it\/wp-content\/uploads\/MG_5703-scaled.jpg\",\"datePublished\":\"2023-02-16T13:41:37+00:00\",\"dateModified\":\"2023-02-16T14:23:39+00:00\",\"author\":{\"@id\":\"https:\/\/www.intoscana.it\/it\/#\/schema\/person\/d469f35f09739bdf00bf5dd3f0647a82\"},\"description\":\"Dal 17 febbraio al 24 settembre una mostra \\\"diffusa\\\" in varie sedi fiorentine per la prima personale del pittore dell'invisibilit\u00e0\",\"breadcrumb\":{\"@id\":\"https:\/\/www.intoscana.it\/it\/kami-mostra-firenze-arte-contemporanea-museo-novecento\/#breadcrumb\"},\"inLanguage\":\"it-IT\",\"potentialAction\":[{\"@type\":\"ReadAction\",\"target\":[\"https:\/\/www.intoscana.it\/it\/kami-mostra-firenze-arte-contemporanea-museo-novecento\/\"]}]},{\"@type\":\"ImageObject\",\"inLanguage\":\"it-IT\",\"@id\":\"https:\/\/www.intoscana.it\/it\/kami-mostra-firenze-arte-contemporanea-museo-novecento\/#primaryimage\",\"url\":\"https:\/\/www.intoscana.it\/wp-content\/uploads\/MG_5703-scaled.jpg\",\"contentUrl\":\"https:\/\/www.intoscana.it\/wp-content\/uploads\/MG_5703-scaled.jpg\",\"width\":2048,\"height\":1310},{\"@type\":\"BreadcrumbList\",\"@id\":\"https:\/\/www.intoscana.it\/it\/kami-mostra-firenze-arte-contemporanea-museo-novecento\/#breadcrumb\",\"itemListElement\":[{\"@type\":\"ListItem\",\"position\":1,\"name\":\"Home\",\"item\":\"https:\/\/www.intoscana.it\/it\/\"},{\"@type\":\"ListItem\",\"position\":2,\"name\":\"Light, Gaze, Presence: l&#8217;artista iraniano Y.Z. Kami porta i suoi &#8220;ritratti dell&#8217;altrove&#8221; a Firenze\"}]},{\"@type\":\"WebSite\",\"@id\":\"https:\/\/www.intoscana.it\/it\/#website\",\"url\":\"https:\/\/www.intoscana.it\/it\/\",\"name\":\"intoscana\",\"description\":\"\",\"potentialAction\":[{\"@type\":\"SearchAction\",\"target\":{\"@type\":\"EntryPoint\",\"urlTemplate\":\"https:\/\/www.intoscana.it\/it\/?s={search_term_string}\"},\"query-input\":{\"@type\":\"PropertyValueSpecification\",\"valueRequired\":true,\"valueName\":\"search_term_string\"}}],\"inLanguage\":\"it-IT\"},{\"@type\":\"Person\",\"@id\":\"https:\/\/www.intoscana.it\/it\/#\/schema\/person\/d469f35f09739bdf00bf5dd3f0647a82\",\"name\":\"Costanza Baldini\",\"url\":\"https:\/\/www.intoscana.it\/it\/author\/costanza-baldini\/\"}]}<\/script>\n<!-- \/ Yoast SEO Premium plugin. -->","yoast_head_json":{"title":"Light, Gaze, Presence: l'artista iraniano Y.Z. Kami porta i suoi \"ritratti dell'altrove\" a Firenze - intoscana","description":"Dal 17 febbraio al 24 settembre una mostra \"diffusa\" in varie sedi fiorentine per la prima personale del pittore dell'invisibilit\u00e0","robots":{"index":"index","follow":"follow","max-snippet":"max-snippet:-1","max-image-preview":"max-image-preview:large","max-video-preview":"max-video-preview:-1"},"canonical":"https:\/\/www.intoscana.it\/it\/kami-mostra-firenze-arte-contemporanea-museo-novecento\/","og_locale":"it_IT","og_type":"article","og_title":"Light, Gaze, Presence: l'artista iraniano Y.Z. Kami porta i suoi \"ritratti dell'altrove\" a Firenze","og_description":"Dal 17 febbraio al 24 settembre una mostra \"diffusa\" in varie sedi fiorentine per la prima personale del pittore dell'invisibilit\u00e0","og_url":"https:\/\/www.intoscana.it\/it\/kami-mostra-firenze-arte-contemporanea-museo-novecento\/","og_site_name":"intoscana","article_publisher":"https:\/\/www.facebook.com\/intoscana.it","article_published_time":"2023-02-16T13:41:37+00:00","article_modified_time":"2023-02-16T14:23:39+00:00","og_image":[{"width":2048,"height":1310,"url":"https:\/\/www.intoscana.it\/wp-content\/uploads\/MG_5703-scaled.jpg","type":"image\/jpeg"}],"author":"Costanza Baldini","twitter_card":"summary_large_image","twitter_creator":"@intoscana","twitter_site":"@intoscana","twitter_misc":{"Written by":"Costanza Baldini","Est. reading time":"4 minuti"},"schema":{"@context":"https:\/\/schema.org","@graph":[{"@type":"WebPage","@id":"https:\/\/www.intoscana.it\/it\/kami-mostra-firenze-arte-contemporanea-museo-novecento\/","url":"https:\/\/www.intoscana.it\/it\/kami-mostra-firenze-arte-contemporanea-museo-novecento\/","name":"Light, Gaze, Presence: l'artista iraniano Y.Z. Kami porta i suoi \"ritratti dell'altrove\" a Firenze - intoscana","isPartOf":{"@id":"https:\/\/www.intoscana.it\/it\/#website"},"primaryImageOfPage":{"@id":"https:\/\/www.intoscana.it\/it\/kami-mostra-firenze-arte-contemporanea-museo-novecento\/#primaryimage"},"image":{"@id":"https:\/\/www.intoscana.it\/it\/kami-mostra-firenze-arte-contemporanea-museo-novecento\/#primaryimage"},"thumbnailUrl":"https:\/\/www.intoscana.it\/wp-content\/uploads\/MG_5703-scaled.jpg","datePublished":"2023-02-16T13:41:37+00:00","dateModified":"2023-02-16T14:23:39+00:00","author":{"@id":"https:\/\/www.intoscana.it\/it\/#\/schema\/person\/d469f35f09739bdf00bf5dd3f0647a82"},"description":"Dal 17 febbraio al 24 settembre una mostra \"diffusa\" in varie sedi fiorentine per la prima personale del pittore dell'invisibilit\u00e0","breadcrumb":{"@id":"https:\/\/www.intoscana.it\/it\/kami-mostra-firenze-arte-contemporanea-museo-novecento\/#breadcrumb"},"inLanguage":"it-IT","potentialAction":[{"@type":"ReadAction","target":["https:\/\/www.intoscana.it\/it\/kami-mostra-firenze-arte-contemporanea-museo-novecento\/"]}]},{"@type":"ImageObject","inLanguage":"it-IT","@id":"https:\/\/www.intoscana.it\/it\/kami-mostra-firenze-arte-contemporanea-museo-novecento\/#primaryimage","url":"https:\/\/www.intoscana.it\/wp-content\/uploads\/MG_5703-scaled.jpg","contentUrl":"https:\/\/www.intoscana.it\/wp-content\/uploads\/MG_5703-scaled.jpg","width":2048,"height":1310},{"@type":"BreadcrumbList","@id":"https:\/\/www.intoscana.it\/it\/kami-mostra-firenze-arte-contemporanea-museo-novecento\/#breadcrumb","itemListElement":[{"@type":"ListItem","position":1,"name":"Home","item":"https:\/\/www.intoscana.it\/it\/"},{"@type":"ListItem","position":2,"name":"Light, Gaze, Presence: l&#8217;artista iraniano Y.Z. Kami porta i suoi &#8220;ritratti dell&#8217;altrove&#8221; a Firenze"}]},{"@type":"WebSite","@id":"https:\/\/www.intoscana.it\/it\/#website","url":"https:\/\/www.intoscana.it\/it\/","name":"intoscana","description":"","potentialAction":[{"@type":"SearchAction","target":{"@type":"EntryPoint","urlTemplate":"https:\/\/www.intoscana.it\/it\/?s={search_term_string}"},"query-input":{"@type":"PropertyValueSpecification","valueRequired":true,"valueName":"search_term_string"}}],"inLanguage":"it-IT"},{"@type":"Person","@id":"https:\/\/www.intoscana.it\/it\/#\/schema\/person\/d469f35f09739bdf00bf5dd3f0647a82","name":"Costanza Baldini","url":"https:\/\/www.intoscana.it\/it\/author\/costanza-baldini\/"}]}},"_links":{"self":[{"href":"https:\/\/www.intoscana.it\/it\/wp-json\/wp\/v2\/posts\/272673","targetHints":{"allow":["GET"]}}],"collection":[{"href":"https:\/\/www.intoscana.it\/it\/wp-json\/wp\/v2\/posts"}],"about":[{"href":"https:\/\/www.intoscana.it\/it\/wp-json\/wp\/v2\/types\/post"}],"author":[{"embeddable":true,"href":"https:\/\/www.intoscana.it\/it\/wp-json\/wp\/v2\/users\/518"}],"replies":[{"embeddable":true,"href":"https:\/\/www.intoscana.it\/it\/wp-json\/wp\/v2\/comments?post=272673"}],"version-history":[{"count":0,"href":"https:\/\/www.intoscana.it\/it\/wp-json\/wp\/v2\/posts\/272673\/revisions"}],"wp:featuredmedia":[{"embeddable":true,"href":"https:\/\/www.intoscana.it\/it\/wp-json\/wp\/v2\/media\/272732"}],"wp:attachment":[{"href":"https:\/\/www.intoscana.it\/it\/wp-json\/wp\/v2\/media?parent=272673"}],"wp:term":[{"taxonomy":"category","embeddable":true,"href":"https:\/\/www.intoscana.it\/it\/wp-json\/wp\/v2\/categories?post=272673"},{"taxonomy":"post_tag","embeddable":true,"href":"https:\/\/www.intoscana.it\/it\/wp-json\/wp\/v2\/tags?post=272673"}],"curies":[{"name":"wp","href":"https:\/\/api.w.org\/{rel}","templated":true}]}}