{"id":272742,"date":"2023-07-25T10:13:53","date_gmt":"2023-07-25T08:13:53","guid":{"rendered":"https:\/\/www.intoscana.it\/it\/?p=272742"},"modified":"2023-07-25T10:28:21","modified_gmt":"2023-07-25T08:28:21","slug":"effetto-venezia-cinema-livorno-2023","status":"publish","type":"post","link":"https:\/\/www.intoscana.it\/it\/effetto-venezia-cinema-livorno-2023\/","title":{"rendered":"Torna a Livorno &#8220;Effetto Venezia&#8221; con un&#8217;edizione tutta dedicata al cinema"},"content":{"rendered":"<p>Vento in poppa per <em><strong>&#8220;Effetto Venezia&#8221;<\/strong><\/em> una delle manifestazioni pi\u00f9 amate dell\u2019<strong>estate livornese<\/strong> e che ogni anno <strong>nel mese di agosto<\/strong> coinvolge il <strong>quartiere Venezia,<\/strong> famoso per i suoi ponti storici e per i <strong>canali medicei navigabili,<\/strong> e lo trasforma nel <strong>palcoscenico\u00a0privilegiato per spettacoli di musica, teatro, installazioni,<\/strong> animazione di strada, giochi di luce e mercatini.<\/p>\n<p><strong>L&#8217;edizione 2023<\/strong>, presentata dal <strong>sindaco Luca Salvetti<\/strong> e dagli\u00a0assessori alla cultura <strong>Simone Lenzi<\/strong> e al commercio <strong>Rocco Garufo<\/strong>, si svolger\u00e0 <strong>dal 2 al 6 agosto<\/strong> e sar\u00e0 dedicata al tema del <strong>rapporto tra la citt\u00e0 e il cinema,\u00a0<\/strong>la kermesse sar\u00e0 infatti intitolata <em><strong>&#8220;Effetto Venezia 2023 il cinema \u00e8 la citt\u00e0&#8221;.<\/strong><\/em><\/p>\n<h3>Il video di Effetto Venezia 2023<\/h3>\n<p><iframe loading=\"lazy\" title=\"YouTube video player\" src=\"https:\/\/www.youtube.com\/embed\/pS7jOELl_0Q\" width=\"800\" height=\"450\" frameborder=\"0\" allowfullscreen=\"allowfullscreen\"><span data-mce-type=\"bookmark\" style=\"display: inline-block; width: 0px; overflow: hidden; line-height: 0;\" class=\"mce_SELRES_start\">\ufeff<\/span><\/iframe><\/p>\n<p><i>&#8220;L&#8217;idea di quest&#8217;anno \u00e8 stata quella di collegare a <strong>Effetto Venezia 2023<\/strong> il rapporto della nostra citt\u00e0 con il cinema &#8211;<\/i><strong> ha dichiarato i sindaco\u00a0Salvetti\u00a0<\/strong><i>\u00a0&#8211; e ragionando su questo fronte abbiamo pensato a Marco Bruciati, perch\u00e9 fosse il direttore artistico di questa edizione: con entusiasmo ha subito cominciato a lavorare sul piano&#8221;.<\/i><\/p>\n<h3><\/h3>\n<p>Il primo elemento di novit\u00e0 della nuova edizione sar\u00e0 il <strong>&#8220;cinema espanso&#8221;<\/strong>: sui palazzi del quartiere Venezia saranno proiettati <strong>spezzoni realizzati da filmaker<\/strong>, che diventeranno un elemento fondamentale della narrazione.<\/p>\n<p>Poi la strada, con tutte le forme del<strong> teatro di strada<\/strong> (teatro delle ombre e manifestazioni circensi per riprendere proprio l\u00ec da dove nasce il cinema) poi l&#8217;<strong>&#8220;effetto notte&#8221;<\/strong> con il programma di spettacoli e eventi musicali, con <strong>due palchi principali, uno in Fortezza Nuova<\/strong> dedicato alla musica e quello in <strong>piazza del Luogo Pio<\/strong> dove ci saranno <strong>talk show con personaggi del cinema.<\/strong><\/p>\n<p><em>&#8220;Per chi ama il cinema \u00e8 una opportunit\u00e0 che non poteva non essere colta.\u00a0L&#8217;unica edizione che fu in qualche modo collegata al cinema fu il 1995, in occasione del Centenario del cinema. Obiettivo &#8211;<\/em><strong> ha detto il direttore artistico Marco Bruciati\u00a0<\/strong><em>&#8211; \u00e8 utilizzare questa edizione anche per far s\u00ec che il cinema diventi una ulteriore opportunit\u00e0 di crescita per il nostro territorio. Mi sono messo a lavorare su una visione, gi\u00e0 oggi cominciamo a elaborare un percorso.\u00a0<\/em><em>Quello che \u00e8 certo \u00e8 che non costruiremo un festival del cinema: Effetto Venezia \u00e8 e rimarr\u00e0 un festival multidisciplinare con l&#8217;elemento in pi\u00f9 quest&#8217;anno della cornice del cinema che ci consentir\u00e0 di far vivere ai visitatori l&#8217;esperienza di un film a cielo aperto proprio sulla storia del cinema&#8221;.<\/em><\/p>\n<p>&nbsp;<\/p>\n","protected":false},"excerpt":{"rendered":"<p>Tante le novit\u00e0 dell&#8217;edizione 2023 che si svolger\u00e0 come ogni anno nel mese di agosto, dal cinema proiettato sui palazzi a due nuovi palchi per spettacoli, concerti e talk show con personaggi del cinema<\/p>\n","protected":false},"author":518,"featured_media":75397,"comment_status":"open","ping_status":"open","sticky":false,"template":"","format":"standard","meta":{"_acf_changed":false,"footnotes":""},"categories":[493],"tags":[235,4474,228,273],"class_list":["post-272742","post","type-post","status-publish","format-standard","has-post-thumbnail","hentry","category-cultura","tag-estate","tag-eventi","tag-festival","tag-livorno"],"acf":[],"yoast_head":"<!-- This site is optimized with the Yoast SEO Premium plugin v24.2 (Yoast SEO v25.6) - https:\/\/yoast.com\/wordpress\/plugins\/seo\/ -->\n<title>Torna a Livorno &quot;Effetto Venezia&quot; con un&#039;edizione tutta dedicata al cinema - intoscana<\/title>\n<meta name=\"description\" content=\"Tante le novit\u00e0 dell&#039;edizione 2023 che si svolger\u00e0 come ogni anno nel mese di agosto, dal cinema proiettato sui palazzi a due nuovi palchi\" \/>\n<meta name=\"robots\" content=\"index, follow, max-snippet:-1, max-image-preview:large, max-video-preview:-1\" \/>\n<link rel=\"canonical\" href=\"https:\/\/www.intoscana.it\/it\/effetto-venezia-cinema-livorno-2023\/\" \/>\n<meta property=\"og:locale\" content=\"it_IT\" \/>\n<meta property=\"og:type\" content=\"article\" \/>\n<meta property=\"og:title\" content=\"Torna a Livorno &quot;Effetto Venezia&quot; con un&#039;edizione tutta dedicata al cinema\" \/>\n<meta property=\"og:description\" content=\"Tante le novit\u00e0 dell&#039;edizione 2023 che si svolger\u00e0 come ogni anno nel mese di agosto, dal cinema proiettato sui palazzi a due nuovi palchi\" \/>\n<meta property=\"og:url\" content=\"https:\/\/www.intoscana.it\/it\/effetto-venezia-cinema-livorno-2023\/\" \/>\n<meta property=\"og:site_name\" content=\"intoscana\" \/>\n<meta property=\"article:publisher\" content=\"https:\/\/www.facebook.com\/intoscana.it\" \/>\n<meta property=\"article:published_time\" content=\"2023-07-25T08:13:53+00:00\" \/>\n<meta property=\"article:modified_time\" content=\"2023-07-25T08:28:21+00:00\" \/>\n<meta property=\"og:image\" content=\"https:\/\/www.intoscana.it\/wp-content\/uploads\/effetto_venezia.jpg\" \/>\n\t<meta property=\"og:image:width\" content=\"768\" \/>\n\t<meta property=\"og:image:height\" content=\"432\" \/>\n\t<meta property=\"og:image:type\" content=\"image\/jpeg\" \/>\n<meta name=\"author\" content=\"Costanza Baldini\" \/>\n<meta name=\"twitter:card\" content=\"summary_large_image\" \/>\n<meta name=\"twitter:creator\" content=\"@intoscana\" \/>\n<meta name=\"twitter:site\" content=\"@intoscana\" \/>\n<meta name=\"twitter:label1\" content=\"Written by\" \/>\n\t<meta name=\"twitter:data1\" content=\"Costanza Baldini\" \/>\n\t<meta name=\"twitter:label2\" content=\"Est. reading time\" \/>\n\t<meta name=\"twitter:data2\" content=\"2 minuti\" \/>\n<script type=\"application\/ld+json\" class=\"yoast-schema-graph\">{\"@context\":\"https:\/\/schema.org\",\"@graph\":[{\"@type\":\"WebPage\",\"@id\":\"https:\/\/www.intoscana.it\/it\/effetto-venezia-cinema-livorno-2023\/\",\"url\":\"https:\/\/www.intoscana.it\/it\/effetto-venezia-cinema-livorno-2023\/\",\"name\":\"Torna a Livorno \\\"Effetto Venezia\\\" con un'edizione tutta dedicata al cinema - intoscana\",\"isPartOf\":{\"@id\":\"https:\/\/www.intoscana.it\/it\/#website\"},\"primaryImageOfPage\":{\"@id\":\"https:\/\/www.intoscana.it\/it\/effetto-venezia-cinema-livorno-2023\/#primaryimage\"},\"image\":{\"@id\":\"https:\/\/www.intoscana.it\/it\/effetto-venezia-cinema-livorno-2023\/#primaryimage\"},\"thumbnailUrl\":\"https:\/\/www.intoscana.it\/wp-content\/uploads\/effetto_venezia.jpg\",\"datePublished\":\"2023-07-25T08:13:53+00:00\",\"dateModified\":\"2023-07-25T08:28:21+00:00\",\"author\":{\"@id\":\"https:\/\/www.intoscana.it\/it\/#\/schema\/person\/d469f35f09739bdf00bf5dd3f0647a82\"},\"description\":\"Tante le novit\u00e0 dell'edizione 2023 che si svolger\u00e0 come ogni anno nel mese di agosto, dal cinema proiettato sui palazzi a due nuovi palchi\",\"breadcrumb\":{\"@id\":\"https:\/\/www.intoscana.it\/it\/effetto-venezia-cinema-livorno-2023\/#breadcrumb\"},\"inLanguage\":\"it-IT\",\"potentialAction\":[{\"@type\":\"ReadAction\",\"target\":[\"https:\/\/www.intoscana.it\/it\/effetto-venezia-cinema-livorno-2023\/\"]}]},{\"@type\":\"ImageObject\",\"inLanguage\":\"it-IT\",\"@id\":\"https:\/\/www.intoscana.it\/it\/effetto-venezia-cinema-livorno-2023\/#primaryimage\",\"url\":\"https:\/\/www.intoscana.it\/wp-content\/uploads\/effetto_venezia.jpg\",\"contentUrl\":\"https:\/\/www.intoscana.it\/wp-content\/uploads\/effetto_venezia.jpg\",\"width\":768,\"height\":432},{\"@type\":\"BreadcrumbList\",\"@id\":\"https:\/\/www.intoscana.it\/it\/effetto-venezia-cinema-livorno-2023\/#breadcrumb\",\"itemListElement\":[{\"@type\":\"ListItem\",\"position\":1,\"name\":\"Home\",\"item\":\"https:\/\/www.intoscana.it\/it\/\"},{\"@type\":\"ListItem\",\"position\":2,\"name\":\"Torna a Livorno &#8220;Effetto Venezia&#8221; con un&#8217;edizione tutta dedicata al cinema\"}]},{\"@type\":\"WebSite\",\"@id\":\"https:\/\/www.intoscana.it\/it\/#website\",\"url\":\"https:\/\/www.intoscana.it\/it\/\",\"name\":\"intoscana\",\"description\":\"\",\"potentialAction\":[{\"@type\":\"SearchAction\",\"target\":{\"@type\":\"EntryPoint\",\"urlTemplate\":\"https:\/\/www.intoscana.it\/it\/?s={search_term_string}\"},\"query-input\":{\"@type\":\"PropertyValueSpecification\",\"valueRequired\":true,\"valueName\":\"search_term_string\"}}],\"inLanguage\":\"it-IT\"},{\"@type\":\"Person\",\"@id\":\"https:\/\/www.intoscana.it\/it\/#\/schema\/person\/d469f35f09739bdf00bf5dd3f0647a82\",\"name\":\"Costanza Baldini\",\"url\":\"https:\/\/www.intoscana.it\/it\/author\/costanza-baldini\/\"}]}<\/script>\n<!-- \/ Yoast SEO Premium plugin. -->","yoast_head_json":{"title":"Torna a Livorno \"Effetto Venezia\" con un'edizione tutta dedicata al cinema - intoscana","description":"Tante le novit\u00e0 dell'edizione 2023 che si svolger\u00e0 come ogni anno nel mese di agosto, dal cinema proiettato sui palazzi a due nuovi palchi","robots":{"index":"index","follow":"follow","max-snippet":"max-snippet:-1","max-image-preview":"max-image-preview:large","max-video-preview":"max-video-preview:-1"},"canonical":"https:\/\/www.intoscana.it\/it\/effetto-venezia-cinema-livorno-2023\/","og_locale":"it_IT","og_type":"article","og_title":"Torna a Livorno \"Effetto Venezia\" con un'edizione tutta dedicata al cinema","og_description":"Tante le novit\u00e0 dell'edizione 2023 che si svolger\u00e0 come ogni anno nel mese di agosto, dal cinema proiettato sui palazzi a due nuovi palchi","og_url":"https:\/\/www.intoscana.it\/it\/effetto-venezia-cinema-livorno-2023\/","og_site_name":"intoscana","article_publisher":"https:\/\/www.facebook.com\/intoscana.it","article_published_time":"2023-07-25T08:13:53+00:00","article_modified_time":"2023-07-25T08:28:21+00:00","og_image":[{"width":768,"height":432,"url":"https:\/\/www.intoscana.it\/wp-content\/uploads\/effetto_venezia.jpg","type":"image\/jpeg"}],"author":"Costanza Baldini","twitter_card":"summary_large_image","twitter_creator":"@intoscana","twitter_site":"@intoscana","twitter_misc":{"Written by":"Costanza Baldini","Est. reading time":"2 minuti"},"schema":{"@context":"https:\/\/schema.org","@graph":[{"@type":"WebPage","@id":"https:\/\/www.intoscana.it\/it\/effetto-venezia-cinema-livorno-2023\/","url":"https:\/\/www.intoscana.it\/it\/effetto-venezia-cinema-livorno-2023\/","name":"Torna a Livorno \"Effetto Venezia\" con un'edizione tutta dedicata al cinema - intoscana","isPartOf":{"@id":"https:\/\/www.intoscana.it\/it\/#website"},"primaryImageOfPage":{"@id":"https:\/\/www.intoscana.it\/it\/effetto-venezia-cinema-livorno-2023\/#primaryimage"},"image":{"@id":"https:\/\/www.intoscana.it\/it\/effetto-venezia-cinema-livorno-2023\/#primaryimage"},"thumbnailUrl":"https:\/\/www.intoscana.it\/wp-content\/uploads\/effetto_venezia.jpg","datePublished":"2023-07-25T08:13:53+00:00","dateModified":"2023-07-25T08:28:21+00:00","author":{"@id":"https:\/\/www.intoscana.it\/it\/#\/schema\/person\/d469f35f09739bdf00bf5dd3f0647a82"},"description":"Tante le novit\u00e0 dell'edizione 2023 che si svolger\u00e0 come ogni anno nel mese di agosto, dal cinema proiettato sui palazzi a due nuovi palchi","breadcrumb":{"@id":"https:\/\/www.intoscana.it\/it\/effetto-venezia-cinema-livorno-2023\/#breadcrumb"},"inLanguage":"it-IT","potentialAction":[{"@type":"ReadAction","target":["https:\/\/www.intoscana.it\/it\/effetto-venezia-cinema-livorno-2023\/"]}]},{"@type":"ImageObject","inLanguage":"it-IT","@id":"https:\/\/www.intoscana.it\/it\/effetto-venezia-cinema-livorno-2023\/#primaryimage","url":"https:\/\/www.intoscana.it\/wp-content\/uploads\/effetto_venezia.jpg","contentUrl":"https:\/\/www.intoscana.it\/wp-content\/uploads\/effetto_venezia.jpg","width":768,"height":432},{"@type":"BreadcrumbList","@id":"https:\/\/www.intoscana.it\/it\/effetto-venezia-cinema-livorno-2023\/#breadcrumb","itemListElement":[{"@type":"ListItem","position":1,"name":"Home","item":"https:\/\/www.intoscana.it\/it\/"},{"@type":"ListItem","position":2,"name":"Torna a Livorno &#8220;Effetto Venezia&#8221; con un&#8217;edizione tutta dedicata al cinema"}]},{"@type":"WebSite","@id":"https:\/\/www.intoscana.it\/it\/#website","url":"https:\/\/www.intoscana.it\/it\/","name":"intoscana","description":"","potentialAction":[{"@type":"SearchAction","target":{"@type":"EntryPoint","urlTemplate":"https:\/\/www.intoscana.it\/it\/?s={search_term_string}"},"query-input":{"@type":"PropertyValueSpecification","valueRequired":true,"valueName":"search_term_string"}}],"inLanguage":"it-IT"},{"@type":"Person","@id":"https:\/\/www.intoscana.it\/it\/#\/schema\/person\/d469f35f09739bdf00bf5dd3f0647a82","name":"Costanza Baldini","url":"https:\/\/www.intoscana.it\/it\/author\/costanza-baldini\/"}]}},"_links":{"self":[{"href":"https:\/\/www.intoscana.it\/it\/wp-json\/wp\/v2\/posts\/272742","targetHints":{"allow":["GET"]}}],"collection":[{"href":"https:\/\/www.intoscana.it\/it\/wp-json\/wp\/v2\/posts"}],"about":[{"href":"https:\/\/www.intoscana.it\/it\/wp-json\/wp\/v2\/types\/post"}],"author":[{"embeddable":true,"href":"https:\/\/www.intoscana.it\/it\/wp-json\/wp\/v2\/users\/518"}],"replies":[{"embeddable":true,"href":"https:\/\/www.intoscana.it\/it\/wp-json\/wp\/v2\/comments?post=272742"}],"version-history":[{"count":0,"href":"https:\/\/www.intoscana.it\/it\/wp-json\/wp\/v2\/posts\/272742\/revisions"}],"wp:featuredmedia":[{"embeddable":true,"href":"https:\/\/www.intoscana.it\/it\/wp-json\/wp\/v2\/media\/75397"}],"wp:attachment":[{"href":"https:\/\/www.intoscana.it\/it\/wp-json\/wp\/v2\/media?parent=272742"}],"wp:term":[{"taxonomy":"category","embeddable":true,"href":"https:\/\/www.intoscana.it\/it\/wp-json\/wp\/v2\/categories?post=272742"},{"taxonomy":"post_tag","embeddable":true,"href":"https:\/\/www.intoscana.it\/it\/wp-json\/wp\/v2\/tags?post=272742"}],"curies":[{"name":"wp","href":"https:\/\/api.w.org\/{rel}","templated":true}]}}