{"id":272772,"date":"2023-02-16T18:03:44","date_gmt":"2023-02-16T17:03:44","guid":{"rendered":"https:\/\/www.intoscana.it\/it\/?p=272772"},"modified":"2023-02-18T16:57:15","modified_gmt":"2023-02-18T15:57:15","slug":"giorno-della-memoria-mazzeo-sostiene-la-candidatura-dellex-esma","status":"publish","type":"post","link":"https:\/\/www.intoscana.it\/it\/giorno-della-memoria-mazzeo-sostiene-la-candidatura-dellex-esma\/","title":{"rendered":"Giorno della memoria, Mazzeo sostiene la candidatura dell&#8217;ex-Esma"},"content":{"rendered":"<p>Sostenere <mark>la candidatura del museo ex-Esma di Buenos Aires a patrimonio dell&#8217;Unesco<\/mark>. Il presidente del Consiglio regionale <strong>Antonio Mazzeo<\/strong> \u00e8 pronto a proporne il sostegno in ufficio di presidenza. Un impegno preso nel <strong>Giorno della Memoria<\/strong> dopo la testimonianza di<strong> Vera Vigevani Jarach<\/strong>, il cui nonno mor\u00ec ad Auschwitz e che ha anche perso la figlia Franca durante la dittatura militare in Argentina di Jorge Rafael Videla.<\/p>\n<p>La donna ha portato <mark>la sua testimonianza durante la seduta plenaria del Parlamento regionale degli studenti della Toscana<\/mark>. Nell&#8217;ambito delle iniziative per <strong>il Giorno della Memoria<\/strong>.<\/p>\n<figure id=\"post-272775 media-272775\" class=\"align-none\"><img decoding=\"async\" src=\"https:\/\/www.intoscana.it\/wp-content\/uploads\/Giorno-Memoria-Vera-Vigevani-Jarach-incontra-gli-studenti-del-parlamento-toscano-23.jpeg\" alt=\"\" \/><\/figure>\n<div class=\"titleimg\">Giorno della Memoria: Vera Vigevani Jarach e l\u2019incontro con gli studenti del parlamento toscano<\/div>\n<p>&#8220;<em>Il museo e luogo di memoria Esma in Argentina era un centro segreto di detenzione<\/em> &#8211; ha ricordato Mazzeo -, <em>tortura e sterminio utilizzato dal 1976 al 1983 durante la dittatura argentina<\/em>&#8220;. Con il sostegno alla candidatura a Patrimonio dell&#8217;Unesco, ha concluso Mazzeo, &#8220;<em>si conferma la volont\u00e0 forte di condanna delle violazioni dei diritti umani e crimini contro l&#8217;umanit\u00e0, che non devono mai essere dimenticati<\/em>&#8220;.<\/p>\n<h3>La storia di Vera Vigevani Jarach<\/h3>\n<p><strong>Vera Vigevani Jarach<\/strong>, attivista e scrittrice, testimone di due tra le pagine pi\u00f9 buie del secolo scorso, tornata in Italia dopo tre anni, ha incontrato i <strong>60 studenti del Parlamento regionale toscano<\/strong>. L&#8217;incontro \u00e8 avvenuto nell\u2019ambito di due giornate volute dal Consiglio regionale e realizzate con la collaborazione dell\u2019Associazione <strong>24marzo Onlus<\/strong>.<\/p>\n<p>Una storia, quella di Vera, che attraversa <strong>la discriminazione degli ebrei<\/strong> in Italia, la Shoah e la tragedia dei <strong>desaparesidos argentini<\/strong>: il nonno morto ad Auschiwitz e la figlia uccisa in Argentina negli anni della dittatura militare.<\/p>\n<h3>L&#8217;impegno contro tutte le guerre<\/h3>\n<p>\u201c<em>La mia generazione e quella precedente lasciano una brutta eredit\u00e0. Oggi si stanno ripetendo guerra, razzismi e negazionismi, dunque dobbiamo rafforzare il nostro impegno affinch\u00e9 le violenze della storia non si ripetano<\/em>\u201d ha spiegato ai ragazzi.<\/p>\n<p>\u201c<em>Quando torno qui<\/em> \u2013 ha aggiunto \u2013<em> mi definisco partigiana. Oggi, dopo tre anni dal mio ultimo viaggio in Italia, mi sono ritrovata di fronte a una rinascita del fascismo e questo avviene in tanti paesi. Voi potete scegliere le migliori strategie per lottare, purch\u00e9 pacifiche. Possiamo aspirare alla democrazia, alla libert\u00e0, alla pace, alla giustizia sociale, se stiamo insieme, perch\u00e9 altrimenti si perde. E non dobbiamo guardare dall\u2019altra parte. Io dico: \u2018mai pi\u00f9 odio\u2019 ma soprattutto \u2018mai pi\u00f9 silenzio\u2019<\/em>\u201d.<\/p>\n<figure id=\"post-272776 media-272776\" class=\"align-none\"><img decoding=\"async\" src=\"https:\/\/www.intoscana.it\/wp-content\/uploads\/Vera-Vigevani-Jarach-e-il-presidente-del-Consiglio-regionale-Antonio-Mazzeo.jpeg\" alt=\"\" \/><\/figure>\n<div class=\"titleimg\">Vera Vigevani Jarach e il presidente del Consiglio regionale Antonio Mazzeo<\/div>\n<h3>Una testimonianza di vita straordinaria<\/h3>\n<p>Tante le domande da parte degli studenti che hanno portato Vera Vigevani. \u201c<em>Non possiamo che ringraziarla<\/em> \u2013 ha detto la presidente del parlamento degli studenti\u00a0<strong>Maria Vittoria D\u2019Annunzio<\/strong>\u00a0\u2013 <em>E le promettiamo che tramanderemo alla generazione che ci succeder\u00e0 la sua testimonianza<\/em>\u201d.<\/p>\n<p>\u201c<em>I ragazzi sono stati partecipi di un confronto a partire da una testimonianza di vita straordinaria<\/em>&#8221; ha commentato il vicepresidente del Consiglio regionale <strong>Stefano Scaramelli<\/strong>. Presenti anche il consigliere regionale\u00a0<strong>Fausto Merlotti<\/strong>,\u00a0<strong>Ugo Caffaz<\/strong>, animatore e organizzatore del Treno della memoria, e l\u2019ex consigliere regionale\u00a0<strong>Tommaso Fattori<\/strong>\u00a0che nella scorsa legislatura ha proposto il conferimento del Gonfalone d\u2019argento a\u00a0<strong><a href=\"http:\/\/www.consiglio.regione.toscana.it\/ufficio-stampa\/comunicati\/comunicati_view?idc=0&amp;id=26526\">Vera Vigevani Jarach<\/a><\/strong>.<\/p>\n<p><strong>Venerd\u00ec 17 febbraio<\/strong>\u00a0<strong>alle 10.30<\/strong>, Vera Vigevani Jarach<strong>,<\/strong>\u00a0incontrer\u00e0 la Consulta Provinciale degli studenti di Pisa e i rappresentanti degli istituti delle scuole superiori della citt\u00e0 toscana nella\u00a0<strong>Sala Gronchi del Parco di San Rossore<\/strong>\u00a0(localit\u00e0 Cascine Vecchie).<\/p>\n","protected":false},"excerpt":{"rendered":"<p>L&#8217;annuncio dopo la testimonianza della scrittrice e attivista Vera Vigevani Jarach durante la seduta plenaria del Parlamento regionale degli studenti della Toscana<\/p>\n","protected":false},"author":525,"featured_media":272774,"comment_status":"open","ping_status":"open","sticky":false,"template":"","format":"standard","meta":{"_acf_changed":false,"footnotes":""},"categories":[493],"tags":[4760,1650],"class_list":["post-272772","post","type-post","status-publish","format-standard","has-post-thumbnail","hentry","category-cultura","tag-antonio-mazzeo","tag-giorno-della-memoria"],"acf":[],"yoast_head":"<!-- This site is optimized with the Yoast SEO Premium plugin v24.2 (Yoast SEO v25.6) - https:\/\/yoast.com\/wordpress\/plugins\/seo\/ -->\n<title>Giorno della memoria, Mazzeo per la candidatura dell&#039;ex-Esma - intoscana<\/title>\n<meta name=\"description\" content=\"L&#039;annuncio dopo la testimonianza della scrittrice e attivista Vera Vigevani Jarach nella seduta del Parlamento degli studenti della Toscana\" \/>\n<meta name=\"robots\" content=\"index, follow, max-snippet:-1, max-image-preview:large, max-video-preview:-1\" \/>\n<link rel=\"canonical\" href=\"https:\/\/www.intoscana.it\/it\/giorno-della-memoria-mazzeo-sostiene-la-candidatura-dellex-esma\/\" \/>\n<meta property=\"og:locale\" content=\"it_IT\" \/>\n<meta property=\"og:type\" content=\"article\" \/>\n<meta property=\"og:title\" content=\"Giorno della memoria, Mazzeo sostiene la candidatura dell&#039;ex-Esma\" \/>\n<meta property=\"og:description\" content=\"L&#039;annuncio dopo la testimonianza della scrittrice e attivista Vera Vigevani Jarach nella seduta del Parlamento degli studenti della Toscana\" \/>\n<meta property=\"og:url\" content=\"https:\/\/www.intoscana.it\/it\/giorno-della-memoria-mazzeo-sostiene-la-candidatura-dellex-esma\/\" \/>\n<meta property=\"og:site_name\" content=\"intoscana\" \/>\n<meta property=\"article:publisher\" content=\"https:\/\/www.facebook.com\/intoscana.it\" \/>\n<meta property=\"article:published_time\" content=\"2023-02-16T17:03:44+00:00\" \/>\n<meta property=\"article:modified_time\" content=\"2023-02-18T15:57:15+00:00\" \/>\n<meta property=\"og:image\" content=\"https:\/\/www.intoscana.it\/wp-content\/uploads\/Giorno-Memoria-Vera-Vigevani-Jarach-in-Consiglio-regionale-incontra-gli-studenti-del-parlamento-toscano-3.jpeg\" \/>\n\t<meta property=\"og:image:width\" content=\"1800\" \/>\n\t<meta property=\"og:image:height\" content=\"1200\" \/>\n\t<meta property=\"og:image:type\" content=\"image\/jpeg\" \/>\n<meta name=\"author\" content=\"Redazione\" \/>\n<meta name=\"twitter:card\" content=\"summary_large_image\" \/>\n<meta name=\"twitter:creator\" content=\"@intoscana\" \/>\n<meta name=\"twitter:site\" content=\"@intoscana\" \/>\n<meta name=\"twitter:label1\" content=\"Written by\" \/>\n\t<meta name=\"twitter:data1\" content=\"Redazione\" \/>\n\t<meta name=\"twitter:label2\" content=\"Est. reading time\" \/>\n\t<meta name=\"twitter:data2\" content=\"3 minuti\" \/>\n<script type=\"application\/ld+json\" class=\"yoast-schema-graph\">{\"@context\":\"https:\/\/schema.org\",\"@graph\":[{\"@type\":\"WebPage\",\"@id\":\"https:\/\/www.intoscana.it\/it\/giorno-della-memoria-mazzeo-sostiene-la-candidatura-dellex-esma\/\",\"url\":\"https:\/\/www.intoscana.it\/it\/giorno-della-memoria-mazzeo-sostiene-la-candidatura-dellex-esma\/\",\"name\":\"Giorno della memoria, Mazzeo per la candidatura dell'ex-Esma - intoscana\",\"isPartOf\":{\"@id\":\"https:\/\/www.intoscana.it\/it\/#website\"},\"primaryImageOfPage\":{\"@id\":\"https:\/\/www.intoscana.it\/it\/giorno-della-memoria-mazzeo-sostiene-la-candidatura-dellex-esma\/#primaryimage\"},\"image\":{\"@id\":\"https:\/\/www.intoscana.it\/it\/giorno-della-memoria-mazzeo-sostiene-la-candidatura-dellex-esma\/#primaryimage\"},\"thumbnailUrl\":\"https:\/\/www.intoscana.it\/wp-content\/uploads\/Giorno-Memoria-Vera-Vigevani-Jarach-in-Consiglio-regionale-incontra-gli-studenti-del-parlamento-toscano-3.jpeg\",\"datePublished\":\"2023-02-16T17:03:44+00:00\",\"dateModified\":\"2023-02-18T15:57:15+00:00\",\"author\":{\"@id\":\"https:\/\/www.intoscana.it\/it\/#\/schema\/person\/9223810753230f20bd670fdd322661f8\"},\"description\":\"L'annuncio dopo la testimonianza della scrittrice e attivista Vera Vigevani Jarach nella seduta del Parlamento degli studenti della Toscana\",\"breadcrumb\":{\"@id\":\"https:\/\/www.intoscana.it\/it\/giorno-della-memoria-mazzeo-sostiene-la-candidatura-dellex-esma\/#breadcrumb\"},\"inLanguage\":\"it-IT\",\"potentialAction\":[{\"@type\":\"ReadAction\",\"target\":[\"https:\/\/www.intoscana.it\/it\/giorno-della-memoria-mazzeo-sostiene-la-candidatura-dellex-esma\/\"]}]},{\"@type\":\"ImageObject\",\"inLanguage\":\"it-IT\",\"@id\":\"https:\/\/www.intoscana.it\/it\/giorno-della-memoria-mazzeo-sostiene-la-candidatura-dellex-esma\/#primaryimage\",\"url\":\"https:\/\/www.intoscana.it\/wp-content\/uploads\/Giorno-Memoria-Vera-Vigevani-Jarach-in-Consiglio-regionale-incontra-gli-studenti-del-parlamento-toscano-3.jpeg\",\"contentUrl\":\"https:\/\/www.intoscana.it\/wp-content\/uploads\/Giorno-Memoria-Vera-Vigevani-Jarach-in-Consiglio-regionale-incontra-gli-studenti-del-parlamento-toscano-3.jpeg\",\"width\":1800,\"height\":1200,\"caption\":\"Vera Vigevani Jarach durante l\u2019incontro con gli studenti del parlamento toscano\"},{\"@type\":\"BreadcrumbList\",\"@id\":\"https:\/\/www.intoscana.it\/it\/giorno-della-memoria-mazzeo-sostiene-la-candidatura-dellex-esma\/#breadcrumb\",\"itemListElement\":[{\"@type\":\"ListItem\",\"position\":1,\"name\":\"Home\",\"item\":\"https:\/\/www.intoscana.it\/it\/\"},{\"@type\":\"ListItem\",\"position\":2,\"name\":\"Giorno della memoria, Mazzeo sostiene la candidatura dell&#8217;ex-Esma\"}]},{\"@type\":\"WebSite\",\"@id\":\"https:\/\/www.intoscana.it\/it\/#website\",\"url\":\"https:\/\/www.intoscana.it\/it\/\",\"name\":\"intoscana\",\"description\":\"\",\"potentialAction\":[{\"@type\":\"SearchAction\",\"target\":{\"@type\":\"EntryPoint\",\"urlTemplate\":\"https:\/\/www.intoscana.it\/it\/?s={search_term_string}\"},\"query-input\":{\"@type\":\"PropertyValueSpecification\",\"valueRequired\":true,\"valueName\":\"search_term_string\"}}],\"inLanguage\":\"it-IT\"},{\"@type\":\"Person\",\"@id\":\"https:\/\/www.intoscana.it\/it\/#\/schema\/person\/9223810753230f20bd670fdd322661f8\",\"name\":\"Redazione\",\"url\":\"https:\/\/www.intoscana.it\/it\/author\/redazione\/\"}]}<\/script>\n<!-- \/ Yoast SEO Premium plugin. -->","yoast_head_json":{"title":"Giorno della memoria, Mazzeo per la candidatura dell'ex-Esma - intoscana","description":"L'annuncio dopo la testimonianza della scrittrice e attivista Vera Vigevani Jarach nella seduta del Parlamento degli studenti della Toscana","robots":{"index":"index","follow":"follow","max-snippet":"max-snippet:-1","max-image-preview":"max-image-preview:large","max-video-preview":"max-video-preview:-1"},"canonical":"https:\/\/www.intoscana.it\/it\/giorno-della-memoria-mazzeo-sostiene-la-candidatura-dellex-esma\/","og_locale":"it_IT","og_type":"article","og_title":"Giorno della memoria, Mazzeo sostiene la candidatura dell'ex-Esma","og_description":"L'annuncio dopo la testimonianza della scrittrice e attivista Vera Vigevani Jarach nella seduta del Parlamento degli studenti della Toscana","og_url":"https:\/\/www.intoscana.it\/it\/giorno-della-memoria-mazzeo-sostiene-la-candidatura-dellex-esma\/","og_site_name":"intoscana","article_publisher":"https:\/\/www.facebook.com\/intoscana.it","article_published_time":"2023-02-16T17:03:44+00:00","article_modified_time":"2023-02-18T15:57:15+00:00","og_image":[{"width":1800,"height":1200,"url":"https:\/\/www.intoscana.it\/wp-content\/uploads\/Giorno-Memoria-Vera-Vigevani-Jarach-in-Consiglio-regionale-incontra-gli-studenti-del-parlamento-toscano-3.jpeg","type":"image\/jpeg"}],"author":"Redazione","twitter_card":"summary_large_image","twitter_creator":"@intoscana","twitter_site":"@intoscana","twitter_misc":{"Written by":"Redazione","Est. reading time":"3 minuti"},"schema":{"@context":"https:\/\/schema.org","@graph":[{"@type":"WebPage","@id":"https:\/\/www.intoscana.it\/it\/giorno-della-memoria-mazzeo-sostiene-la-candidatura-dellex-esma\/","url":"https:\/\/www.intoscana.it\/it\/giorno-della-memoria-mazzeo-sostiene-la-candidatura-dellex-esma\/","name":"Giorno della memoria, Mazzeo per la candidatura dell'ex-Esma - intoscana","isPartOf":{"@id":"https:\/\/www.intoscana.it\/it\/#website"},"primaryImageOfPage":{"@id":"https:\/\/www.intoscana.it\/it\/giorno-della-memoria-mazzeo-sostiene-la-candidatura-dellex-esma\/#primaryimage"},"image":{"@id":"https:\/\/www.intoscana.it\/it\/giorno-della-memoria-mazzeo-sostiene-la-candidatura-dellex-esma\/#primaryimage"},"thumbnailUrl":"https:\/\/www.intoscana.it\/wp-content\/uploads\/Giorno-Memoria-Vera-Vigevani-Jarach-in-Consiglio-regionale-incontra-gli-studenti-del-parlamento-toscano-3.jpeg","datePublished":"2023-02-16T17:03:44+00:00","dateModified":"2023-02-18T15:57:15+00:00","author":{"@id":"https:\/\/www.intoscana.it\/it\/#\/schema\/person\/9223810753230f20bd670fdd322661f8"},"description":"L'annuncio dopo la testimonianza della scrittrice e attivista Vera Vigevani Jarach nella seduta del Parlamento degli studenti della Toscana","breadcrumb":{"@id":"https:\/\/www.intoscana.it\/it\/giorno-della-memoria-mazzeo-sostiene-la-candidatura-dellex-esma\/#breadcrumb"},"inLanguage":"it-IT","potentialAction":[{"@type":"ReadAction","target":["https:\/\/www.intoscana.it\/it\/giorno-della-memoria-mazzeo-sostiene-la-candidatura-dellex-esma\/"]}]},{"@type":"ImageObject","inLanguage":"it-IT","@id":"https:\/\/www.intoscana.it\/it\/giorno-della-memoria-mazzeo-sostiene-la-candidatura-dellex-esma\/#primaryimage","url":"https:\/\/www.intoscana.it\/wp-content\/uploads\/Giorno-Memoria-Vera-Vigevani-Jarach-in-Consiglio-regionale-incontra-gli-studenti-del-parlamento-toscano-3.jpeg","contentUrl":"https:\/\/www.intoscana.it\/wp-content\/uploads\/Giorno-Memoria-Vera-Vigevani-Jarach-in-Consiglio-regionale-incontra-gli-studenti-del-parlamento-toscano-3.jpeg","width":1800,"height":1200,"caption":"Vera Vigevani Jarach durante l\u2019incontro con gli studenti del parlamento toscano"},{"@type":"BreadcrumbList","@id":"https:\/\/www.intoscana.it\/it\/giorno-della-memoria-mazzeo-sostiene-la-candidatura-dellex-esma\/#breadcrumb","itemListElement":[{"@type":"ListItem","position":1,"name":"Home","item":"https:\/\/www.intoscana.it\/it\/"},{"@type":"ListItem","position":2,"name":"Giorno della memoria, Mazzeo sostiene la candidatura dell&#8217;ex-Esma"}]},{"@type":"WebSite","@id":"https:\/\/www.intoscana.it\/it\/#website","url":"https:\/\/www.intoscana.it\/it\/","name":"intoscana","description":"","potentialAction":[{"@type":"SearchAction","target":{"@type":"EntryPoint","urlTemplate":"https:\/\/www.intoscana.it\/it\/?s={search_term_string}"},"query-input":{"@type":"PropertyValueSpecification","valueRequired":true,"valueName":"search_term_string"}}],"inLanguage":"it-IT"},{"@type":"Person","@id":"https:\/\/www.intoscana.it\/it\/#\/schema\/person\/9223810753230f20bd670fdd322661f8","name":"Redazione","url":"https:\/\/www.intoscana.it\/it\/author\/redazione\/"}]}},"_links":{"self":[{"href":"https:\/\/www.intoscana.it\/it\/wp-json\/wp\/v2\/posts\/272772","targetHints":{"allow":["GET"]}}],"collection":[{"href":"https:\/\/www.intoscana.it\/it\/wp-json\/wp\/v2\/posts"}],"about":[{"href":"https:\/\/www.intoscana.it\/it\/wp-json\/wp\/v2\/types\/post"}],"author":[{"embeddable":true,"href":"https:\/\/www.intoscana.it\/it\/wp-json\/wp\/v2\/users\/525"}],"replies":[{"embeddable":true,"href":"https:\/\/www.intoscana.it\/it\/wp-json\/wp\/v2\/comments?post=272772"}],"version-history":[{"count":0,"href":"https:\/\/www.intoscana.it\/it\/wp-json\/wp\/v2\/posts\/272772\/revisions"}],"wp:featuredmedia":[{"embeddable":true,"href":"https:\/\/www.intoscana.it\/it\/wp-json\/wp\/v2\/media\/272774"}],"wp:attachment":[{"href":"https:\/\/www.intoscana.it\/it\/wp-json\/wp\/v2\/media?parent=272772"}],"wp:term":[{"taxonomy":"category","embeddable":true,"href":"https:\/\/www.intoscana.it\/it\/wp-json\/wp\/v2\/categories?post=272772"},{"taxonomy":"post_tag","embeddable":true,"href":"https:\/\/www.intoscana.it\/it\/wp-json\/wp\/v2\/tags?post=272772"}],"curies":[{"name":"wp","href":"https:\/\/api.w.org\/{rel}","templated":true}]}}