{"id":272806,"date":"2023-02-17T11:38:38","date_gmt":"2023-02-17T10:38:38","guid":{"rendered":"https:\/\/www.intoscana.it\/it\/?p=272806"},"modified":"2023-02-17T12:49:08","modified_gmt":"2023-02-17T11:49:08","slug":"carnevale-viareggio-manifesto-2024","status":"publish","type":"post","link":"https:\/\/www.intoscana.it\/it\/carnevale-viareggio-manifesto-2024\/","title":{"rendered":"Carnevale di Viareggio: svelato il manifesto dell&#8217;edizione 2024"},"content":{"rendered":"<p>Si \u00e8 tenuta ieri, gioved\u00ec grasso, la suggestiva sfilata in notturna del Carnevale di Viareggio. Le opere allegoriche si sono presentate al pubblico illuminate per uno spettacolo magico e proprio nella giornata di punta del Carnevale sono stati svelati le <strong>date<\/strong> e il <strong>manifesto<\/strong> dell&#8217;edizione 2024.<\/p>\n<figure id=\"post-272810 media-272810\" class=\"align-center\"><img decoding=\"async\" src=\"https:\/\/www.intoscana.it\/wp-content\/uploads\/Carnevale-di-Viareggio.jpeg\" alt=\"\" \/><\/figure>\n<p>Nel 2024 i corsi mascherati si terranno il <strong>3, 8, 11, 13, 18 e 24 febbraio<\/strong> mentre il bozzetto \u00e8 basato su un&#8217;opera dell&#8217;artista futurista <strong>Lucio Venna<\/strong> realizzato tra gli anni Venti e Trenta dall&#8217;artista conservato presso l&#8217;archivio storico della Fondazione Carnevale di Viareggio.<\/p>\n<h3>Il bozzetto dell&#8217;edizione 2024<\/h3>\n<p>Il bozzetto di Venna rielaborato per il 2024 ritrae due figure in maschera, come in un Veglione anni Venti e riporta le sei date dei Corsi Mascherati in programma dal 3 al 24 febbraio 2024. <strong>Venna<\/strong> ha firmato manifesti per il Carnevale negli anni Venti, sua la composizione grafica del 1926 con un romantico Pierrot, e del 1928 con suonatori di tromba e tamburo che annunciavano il Carnevale.<\/p>\n<figure id=\"post-272809 media-272809\" class=\"align-center\"><img loading=\"lazy\" decoding=\"async\" class=\"aligncenter\" src=\"https:\/\/www.intoscana.it\/wp-content\/uploads\/Manifesto-Carnevale-di-Viareggio-edizione-2024-e1676630012899.jpeg\" alt=\"\" width=\"421\" height=\"348\" \/><\/figure>\n<h3>Il francobollo dedicato al Carnevale<\/h3>\n<p>Sempre nella giornata di gioved\u00ec grasso a Roma, al ministero delle Imprese e del made in Italy, \u00e8 stato presentato il francobollo dedicato che fa parte dell&#8217;emissione filatelica sui Carnevali pi\u00f9 antichi d&#8217;Italia. Per Viareggio si tratta del terzo francobollo celebrativo: il primo risale al 1973, anno del centenario. Il secondo nel 2016 con la produzione del manifesto del 1931 di Uberto Bonetti con Burlamacco e Ondina. <mark>Venne giudicato dalla rivista mensile &#8220;Filatelia&#8221; come il pi\u00f9 bello dell&#8217;anno <\/mark>.<\/p>\n<h3>Torna in edicola la rivista del Carnevale<\/h3>\n<p>Anche la <strong>rivista<\/strong> ufficiale del Carnevale di Viareggio 2023 dedicata al 150\/o anniversario della manifestazione torna in edicola come tradizione.<\/p>\n<p><mark>Il magazine edito dalla Fondazione Carnevale che ogni anno racconta la manifestazione, la sua storia, le sue tradizioni quest&#8217;anno \u00e8 dedicato alla 150esima edizione <\/mark>come spiegano gli organizzatori in un post sulla pagina Facebook ufficiale del Carnevale di Viareggio: &#8220;<em>In questa edizione spazio ai festeggiamenti dei 150 anni del Carnevale di Viareggio attraverso la fotocronaca del Corso Mascherato, le grandi mostre accolte nei palazzi della cultura di Viareggio, e i racconti dell\u2019abilit\u00e0 creativa dei maestri e dei personaggi del Carnevale. La rivista \u00e8 acquistabile anche online su <a class=\"x1i10hfl xjbqb8w x6umtig x1b1mbwd xaqea5y xav7gou x9f619 x1ypdohk xt0psk2 xe8uvvx xdj266r x11i5rnm xat24cr x1mh8g0r xexx8yu x4uap5 x18d9i69 xkhd6sd x16tdsg8 x1hl2dhg xggy1nq x1a2a7pz xt0b8zv x1fey0fg\" tabindex=\"0\" role=\"link\" href=\"http:\/\/ilcarnevale.com\/?fbclid=IwAR0RfhZYyWsLG_ROWZD2fH8TxxuI9FOBE5kIJW0trMDHCcCnKi4okj_0jTg\" target=\"_blank\" rel=\"nofollow noopener\">ilcarnevale.com.\u00a0<\/a>La copertina a rilievo \u00e8 dedicata a Burlamacco e all\u2019opera di Uberto Bonetti rielaborata per ricordare l\u2019anniversario del Carnevale. Nella quarta di copertina la riproduzione del manifesto con cui venne annunciato il Corso del 1873, conservato presso l\u2019Archivio di Stato di Lucca. All\u2019interno suggestive pagine fotografiche firmate da Lorenzo Montanelli e Christian Sinibaldi raccontano il lavoro di costruzione dei carri e delle mascherate negli hangar della Cittadella e il momento della sfilata. La fotocronaca \u00e8 affidata a Paolo Mazzei, al suo staff e al Gruppo Fotografico Versiliese. Grafica studio Waika. Spazio alle grandi mostre: da \u201cChe la Festa cominci\u201d alla Gamc, alla mostra dei costumi dell\u2019Atelier Anna e Giorgio White a Villa Argentina, alla mostra delle opere della collezione della Fondazione Carnevale allestita a Villa Paolina, fino al percorso espositivo dedicato a tutti i numeri di Linus e all\u2019Extra Linus sui 150 anni del Carnevale di Viareggio&#8221;. Tra le figure ricordate quella di Giovanni Lazzarini a cento anni dalla nascita in un racconto firmato da Adolfo Lippi, oltre ai principali fatti che hanno caratterizzato i 150 anni del Carnevale di Viareggio. La rivista termina dando l\u2019arrivederci al Carnevale 2024 con la pubblicazione del nuovo manifesto<\/em>&#8220;.<\/p>\n","protected":false},"excerpt":{"rendered":"<p>Un&#8217;opera dell&#8217;artista futurista Lucio Venna ha ispirato il manifesto della prossima edizione del Carnevale di Viareggio. Anticipate anche le date del 2024: i corsi mascherati si terranno il 3, 8, 11, 13, 18 e 24 febbraio<\/p>\n","protected":false},"author":525,"featured_media":272809,"comment_status":"open","ping_status":"open","sticky":false,"template":"","format":"standard","meta":{"_acf_changed":false,"footnotes":""},"categories":[493],"tags":[174,269,1533,395,6495,2122],"class_list":["post-272806","post","type-post","status-publish","format-standard","has-post-thumbnail","hentry","category-cultura","tag-arte","tag-carnevale","tag-carnevale-di-viareggio","tag-eventi-in-toscana","tag-folklore","tag-tradizione"],"acf":[],"yoast_head":"<!-- This site is optimized with the Yoast SEO Premium plugin v24.2 (Yoast SEO v25.6) - https:\/\/yoast.com\/wordpress\/plugins\/seo\/ -->\n<title>Carnevale di Viareggio: sveltato il manifesto dell&#039;edizione 2024<\/title>\n<meta name=\"description\" content=\"Il manifesto si baser\u00e0 su un&#039;opera dell&#039;artista futurista Lucio Venna. Anticipate le date del Carnevale 2024. Ecco quando sfileranno i carri\" \/>\n<meta name=\"robots\" content=\"index, follow, max-snippet:-1, max-image-preview:large, max-video-preview:-1\" \/>\n<link rel=\"canonical\" href=\"https:\/\/www.intoscana.it\/it\/carnevale-viareggio-manifesto-2024\/\" \/>\n<meta property=\"og:locale\" content=\"it_IT\" \/>\n<meta property=\"og:type\" content=\"article\" \/>\n<meta property=\"og:title\" content=\"Carnevale di Viareggio: svelato il manifesto dell&#039;edizione 2024\" \/>\n<meta property=\"og:description\" content=\"Il manifesto si baser\u00e0 su un&#039;opera dell&#039;artista futurista Lucio Venna. Anticipate le date del Carnevale 2024. Ecco quando sfileranno i carri\" \/>\n<meta property=\"og:url\" content=\"https:\/\/www.intoscana.it\/it\/carnevale-viareggio-manifesto-2024\/\" \/>\n<meta property=\"og:site_name\" content=\"intoscana\" \/>\n<meta property=\"article:publisher\" content=\"https:\/\/www.facebook.com\/intoscana.it\" \/>\n<meta property=\"article:published_time\" content=\"2023-02-17T10:38:38+00:00\" \/>\n<meta property=\"article:modified_time\" content=\"2023-02-17T11:49:08+00:00\" \/>\n<meta property=\"og:image\" content=\"https:\/\/www.intoscana.it\/wp-content\/uploads\/Manifesto-Carnevale-di-Viareggio-edizione-2024-e1676630012899.jpeg\" \/>\n\t<meta property=\"og:image:width\" content=\"1000\" \/>\n\t<meta property=\"og:image:height\" content=\"827\" \/>\n\t<meta property=\"og:image:type\" content=\"image\/jpeg\" \/>\n<meta name=\"author\" content=\"Redazione\" \/>\n<meta name=\"twitter:card\" content=\"summary_large_image\" \/>\n<meta name=\"twitter:creator\" content=\"@intoscana\" \/>\n<meta name=\"twitter:site\" content=\"@intoscana\" \/>\n<meta name=\"twitter:label1\" content=\"Written by\" \/>\n\t<meta name=\"twitter:data1\" content=\"Redazione\" \/>\n\t<meta name=\"twitter:label2\" content=\"Est. reading time\" \/>\n\t<meta name=\"twitter:data2\" content=\"3 minuti\" \/>\n<script type=\"application\/ld+json\" class=\"yoast-schema-graph\">{\"@context\":\"https:\/\/schema.org\",\"@graph\":[{\"@type\":\"WebPage\",\"@id\":\"https:\/\/www.intoscana.it\/it\/carnevale-viareggio-manifesto-2024\/\",\"url\":\"https:\/\/www.intoscana.it\/it\/carnevale-viareggio-manifesto-2024\/\",\"name\":\"Carnevale di Viareggio: sveltato il manifesto dell'edizione 2024\",\"isPartOf\":{\"@id\":\"https:\/\/www.intoscana.it\/it\/#website\"},\"primaryImageOfPage\":{\"@id\":\"https:\/\/www.intoscana.it\/it\/carnevale-viareggio-manifesto-2024\/#primaryimage\"},\"image\":{\"@id\":\"https:\/\/www.intoscana.it\/it\/carnevale-viareggio-manifesto-2024\/#primaryimage\"},\"thumbnailUrl\":\"https:\/\/www.intoscana.it\/wp-content\/uploads\/Manifesto-Carnevale-di-Viareggio-edizione-2024-e1676630012899.jpeg\",\"datePublished\":\"2023-02-17T10:38:38+00:00\",\"dateModified\":\"2023-02-17T11:49:08+00:00\",\"author\":{\"@id\":\"https:\/\/www.intoscana.it\/it\/#\/schema\/person\/9223810753230f20bd670fdd322661f8\"},\"description\":\"Il manifesto si baser\u00e0 su un'opera dell'artista futurista Lucio Venna. Anticipate le date del Carnevale 2024. Ecco quando sfileranno i carri\",\"breadcrumb\":{\"@id\":\"https:\/\/www.intoscana.it\/it\/carnevale-viareggio-manifesto-2024\/#breadcrumb\"},\"inLanguage\":\"it-IT\",\"potentialAction\":[{\"@type\":\"ReadAction\",\"target\":[\"https:\/\/www.intoscana.it\/it\/carnevale-viareggio-manifesto-2024\/\"]}]},{\"@type\":\"ImageObject\",\"inLanguage\":\"it-IT\",\"@id\":\"https:\/\/www.intoscana.it\/it\/carnevale-viareggio-manifesto-2024\/#primaryimage\",\"url\":\"https:\/\/www.intoscana.it\/wp-content\/uploads\/Manifesto-Carnevale-di-Viareggio-edizione-2024-e1676630012899.jpeg\",\"contentUrl\":\"https:\/\/www.intoscana.it\/wp-content\/uploads\/Manifesto-Carnevale-di-Viareggio-edizione-2024-e1676630012899.jpeg\",\"width\":1000,\"height\":827,\"caption\":\"Manifesto Carnevale di Viareggio edizione 2024\"},{\"@type\":\"BreadcrumbList\",\"@id\":\"https:\/\/www.intoscana.it\/it\/carnevale-viareggio-manifesto-2024\/#breadcrumb\",\"itemListElement\":[{\"@type\":\"ListItem\",\"position\":1,\"name\":\"Home\",\"item\":\"https:\/\/www.intoscana.it\/it\/\"},{\"@type\":\"ListItem\",\"position\":2,\"name\":\"Carnevale di Viareggio: svelato il manifesto dell&#8217;edizione 2024\"}]},{\"@type\":\"WebSite\",\"@id\":\"https:\/\/www.intoscana.it\/it\/#website\",\"url\":\"https:\/\/www.intoscana.it\/it\/\",\"name\":\"intoscana\",\"description\":\"\",\"potentialAction\":[{\"@type\":\"SearchAction\",\"target\":{\"@type\":\"EntryPoint\",\"urlTemplate\":\"https:\/\/www.intoscana.it\/it\/?s={search_term_string}\"},\"query-input\":{\"@type\":\"PropertyValueSpecification\",\"valueRequired\":true,\"valueName\":\"search_term_string\"}}],\"inLanguage\":\"it-IT\"},{\"@type\":\"Person\",\"@id\":\"https:\/\/www.intoscana.it\/it\/#\/schema\/person\/9223810753230f20bd670fdd322661f8\",\"name\":\"Redazione\",\"url\":\"https:\/\/www.intoscana.it\/it\/author\/redazione\/\"}]}<\/script>\n<!-- \/ Yoast SEO Premium plugin. -->","yoast_head_json":{"title":"Carnevale di Viareggio: sveltato il manifesto dell'edizione 2024","description":"Il manifesto si baser\u00e0 su un'opera dell'artista futurista Lucio Venna. Anticipate le date del Carnevale 2024. Ecco quando sfileranno i carri","robots":{"index":"index","follow":"follow","max-snippet":"max-snippet:-1","max-image-preview":"max-image-preview:large","max-video-preview":"max-video-preview:-1"},"canonical":"https:\/\/www.intoscana.it\/it\/carnevale-viareggio-manifesto-2024\/","og_locale":"it_IT","og_type":"article","og_title":"Carnevale di Viareggio: svelato il manifesto dell'edizione 2024","og_description":"Il manifesto si baser\u00e0 su un'opera dell'artista futurista Lucio Venna. Anticipate le date del Carnevale 2024. Ecco quando sfileranno i carri","og_url":"https:\/\/www.intoscana.it\/it\/carnevale-viareggio-manifesto-2024\/","og_site_name":"intoscana","article_publisher":"https:\/\/www.facebook.com\/intoscana.it","article_published_time":"2023-02-17T10:38:38+00:00","article_modified_time":"2023-02-17T11:49:08+00:00","og_image":[{"width":1000,"height":827,"url":"https:\/\/www.intoscana.it\/wp-content\/uploads\/Manifesto-Carnevale-di-Viareggio-edizione-2024-e1676630012899.jpeg","type":"image\/jpeg"}],"author":"Redazione","twitter_card":"summary_large_image","twitter_creator":"@intoscana","twitter_site":"@intoscana","twitter_misc":{"Written by":"Redazione","Est. reading time":"3 minuti"},"schema":{"@context":"https:\/\/schema.org","@graph":[{"@type":"WebPage","@id":"https:\/\/www.intoscana.it\/it\/carnevale-viareggio-manifesto-2024\/","url":"https:\/\/www.intoscana.it\/it\/carnevale-viareggio-manifesto-2024\/","name":"Carnevale di Viareggio: sveltato il manifesto dell'edizione 2024","isPartOf":{"@id":"https:\/\/www.intoscana.it\/it\/#website"},"primaryImageOfPage":{"@id":"https:\/\/www.intoscana.it\/it\/carnevale-viareggio-manifesto-2024\/#primaryimage"},"image":{"@id":"https:\/\/www.intoscana.it\/it\/carnevale-viareggio-manifesto-2024\/#primaryimage"},"thumbnailUrl":"https:\/\/www.intoscana.it\/wp-content\/uploads\/Manifesto-Carnevale-di-Viareggio-edizione-2024-e1676630012899.jpeg","datePublished":"2023-02-17T10:38:38+00:00","dateModified":"2023-02-17T11:49:08+00:00","author":{"@id":"https:\/\/www.intoscana.it\/it\/#\/schema\/person\/9223810753230f20bd670fdd322661f8"},"description":"Il manifesto si baser\u00e0 su un'opera dell'artista futurista Lucio Venna. Anticipate le date del Carnevale 2024. Ecco quando sfileranno i carri","breadcrumb":{"@id":"https:\/\/www.intoscana.it\/it\/carnevale-viareggio-manifesto-2024\/#breadcrumb"},"inLanguage":"it-IT","potentialAction":[{"@type":"ReadAction","target":["https:\/\/www.intoscana.it\/it\/carnevale-viareggio-manifesto-2024\/"]}]},{"@type":"ImageObject","inLanguage":"it-IT","@id":"https:\/\/www.intoscana.it\/it\/carnevale-viareggio-manifesto-2024\/#primaryimage","url":"https:\/\/www.intoscana.it\/wp-content\/uploads\/Manifesto-Carnevale-di-Viareggio-edizione-2024-e1676630012899.jpeg","contentUrl":"https:\/\/www.intoscana.it\/wp-content\/uploads\/Manifesto-Carnevale-di-Viareggio-edizione-2024-e1676630012899.jpeg","width":1000,"height":827,"caption":"Manifesto Carnevale di Viareggio edizione 2024"},{"@type":"BreadcrumbList","@id":"https:\/\/www.intoscana.it\/it\/carnevale-viareggio-manifesto-2024\/#breadcrumb","itemListElement":[{"@type":"ListItem","position":1,"name":"Home","item":"https:\/\/www.intoscana.it\/it\/"},{"@type":"ListItem","position":2,"name":"Carnevale di Viareggio: svelato il manifesto dell&#8217;edizione 2024"}]},{"@type":"WebSite","@id":"https:\/\/www.intoscana.it\/it\/#website","url":"https:\/\/www.intoscana.it\/it\/","name":"intoscana","description":"","potentialAction":[{"@type":"SearchAction","target":{"@type":"EntryPoint","urlTemplate":"https:\/\/www.intoscana.it\/it\/?s={search_term_string}"},"query-input":{"@type":"PropertyValueSpecification","valueRequired":true,"valueName":"search_term_string"}}],"inLanguage":"it-IT"},{"@type":"Person","@id":"https:\/\/www.intoscana.it\/it\/#\/schema\/person\/9223810753230f20bd670fdd322661f8","name":"Redazione","url":"https:\/\/www.intoscana.it\/it\/author\/redazione\/"}]}},"_links":{"self":[{"href":"https:\/\/www.intoscana.it\/it\/wp-json\/wp\/v2\/posts\/272806","targetHints":{"allow":["GET"]}}],"collection":[{"href":"https:\/\/www.intoscana.it\/it\/wp-json\/wp\/v2\/posts"}],"about":[{"href":"https:\/\/www.intoscana.it\/it\/wp-json\/wp\/v2\/types\/post"}],"author":[{"embeddable":true,"href":"https:\/\/www.intoscana.it\/it\/wp-json\/wp\/v2\/users\/525"}],"replies":[{"embeddable":true,"href":"https:\/\/www.intoscana.it\/it\/wp-json\/wp\/v2\/comments?post=272806"}],"version-history":[{"count":0,"href":"https:\/\/www.intoscana.it\/it\/wp-json\/wp\/v2\/posts\/272806\/revisions"}],"wp:featuredmedia":[{"embeddable":true,"href":"https:\/\/www.intoscana.it\/it\/wp-json\/wp\/v2\/media\/272809"}],"wp:attachment":[{"href":"https:\/\/www.intoscana.it\/it\/wp-json\/wp\/v2\/media?parent=272806"}],"wp:term":[{"taxonomy":"category","embeddable":true,"href":"https:\/\/www.intoscana.it\/it\/wp-json\/wp\/v2\/categories?post=272806"},{"taxonomy":"post_tag","embeddable":true,"href":"https:\/\/www.intoscana.it\/it\/wp-json\/wp\/v2\/tags?post=272806"}],"curies":[{"name":"wp","href":"https:\/\/api.w.org\/{rel}","templated":true}]}}