{"id":272863,"date":"2023-02-17T15:47:49","date_gmt":"2023-02-17T14:47:49","guid":{"rendered":"https:\/\/www.intoscana.it\/it\/?p=272863"},"modified":"2023-02-17T15:49:24","modified_gmt":"2023-02-17T14:49:24","slug":"laltra-toscana-chiude-in-bellezza-la-settimana-delle-anteprime-del-vino","status":"publish","type":"post","link":"https:\/\/www.intoscana.it\/it\/laltra-toscana-chiude-in-bellezza-la-settimana-delle-anteprime-del-vino\/","title":{"rendered":"L&#8217;Altra Toscana chiude in bellezza la settimana delle Anteprime del vino"},"content":{"rendered":"<p>Si \u00e8 chiusa oggi la <strong>settimana delle Anteprime<\/strong> dedicata alle eccellenze enologiche del nostro territorio.Una chiusura con il botto grazie a la grande adesione a <strong>L&#8217;Altra Toscana,<\/strong> appuntamento per presentare le nuove annate a giornalisti e operatori del settore, che quest&#8217;anno ha ospitato ben 12 consorzi (nel 2022 erano 10) a testimoniare la grande poliedricit\u00e0 della proposta enologica toscana.<\/p>\n<p>Protagonisti de L&#8217;Altra Toscana tutti i territori meno noti, dove la vite si coltiva da secoli e dove, accanto agli storici produttori locali, nomi blasonati dell\u2019enologia italiana portano nei calici qualit\u00e0 e identit\u00e0.<\/p>\n<p>Oltre <strong>330 etichette<\/strong> con due speciali degustazioni guidate da <strong>Gabriele Gorelli Master of Wine<\/strong> che hanno avuto come tema: \u201cDreaming of a White Tuscany\u201d e \u201cI pilastri del Supertuscan: Sangiovese, Merlot, Cabernet Sauvignon\u201d. <em>&#8220;La Toscana \u00e8 un territorio dove i produttori hanno la possibilit\u00e0 di far nascere vini che si distinguono per personalit\u00e0 e carattere, per questo definiti \u201cSupertuscan\u201d. Con la Masterclass organizzata durante la giornata L\u2019Altra Toscana, il Consorzio Vino Toscana presenta nove vini in grado di rappresentare tali peculiarit\u00e0. Con il Consorzio Vino Toscana, che tutela e valorizza il vino Toscana IGT, intendiamo continuare a sviluppare l\u2019azione di promozione con iniziative simili nel prossimo futuro&#8221;, <\/em>ha spiegato Cesare Cecchi, presidente del consorzio Vino Toscana.<\/p>\n<h3>I percorsi tematici<\/h3>\n<p>I consorzi hanno studiato cinque percorsi tematici:<\/p>\n<ul>\n<li>I blend di Sangiovese, un percorso dedicato a tutti i vini rossi e rosati prodotti con un minimo del 10% ad un massimo dell\u201980% di questo vitigno, in assemblaggio con altre variet\u00e0 autoctone e\/o internazionali.<\/li>\n<li>Gli internazionali , che si snoda tra tutti i vini Rossi e Rosati prodotti con variet\u00e0 internazionali, sia in purezza che in blend tra loro.<\/li>\n<li>I bianchi con un percorso che apre una vetrina su tutti i vini bianchi de L\u2019Altra Toscana presenti a catalogo, ottenuti sia da vitigni autoctoni che da variet\u00e0 internazionali, compresi i vini spumanti.<\/li>\n<li>Il Sangiovese , con protagonisti tutti i vini Rossi e Rosati prodotti con almeno l\u201985% di uve di questo vitigno.<\/li>\n<li>Infine Gli Altri Autoctoni, la vetrina che accende i riflettori su tutti i vini rossi prodotti con variet\u00e0 autoctone diverse dal Sangiovese, sia in purezza che in blend tra loro (Ciliegiolo, Alicante, Pugnitello, Canaiolo, Montepulciano).<\/li>\n<\/ul>\n<h3>Le voci dei consorzi di tutela<\/h3>\n<p>Fabrizio Pratesi, presidente consorzio <strong>Vini di Carmignano: <\/strong>&#8220;<em>Carmignano si presenta alle Anteprime 2023 con grandi aspettative per il futuro. Nonostante la pandemia, la guerra che infiamma l\u2019est, le vicissitudini del clima, la produzione dei vini di Carmignano continua a ricevere dalla critica numerosi riconoscimenti distribuiti fra tutti i produttori. Le vendite non si sono assolutamente fermate, anzi riscontriamo una certa vivacit\u00e0 anche con i paesi dell\u2019est. Se a questo si aggiunge una vendemmia come la 2022, inizialmente ritenuta non facile, che sta invece rivelando grandi qualit\u00e0, il panorama non pu\u00f2 che renderci ottimisti&#8221;.<\/em><\/p>\n<p>Federico Giuntini Masseti, presidente consorzio <strong>Chianti Rufina<\/strong>: &#8220;<em>Abbiamo scelto di presentare i nostri Chianti Rufina e Chianti Rufina Riserva che costituiscono l\u2019ossatura portante della nostra produzione. Il focus \u00e8 sulle annate 2021 per il Chianti Rufina e sulla 2020 per il Chianti Rufina Riserva, entrambe vendemmie che hanno richiesto un deciso impegno in vigna da parte dei produttori e che si stanno rivelando di altissima qualit\u00e0, con vini solidi e longevi. Il mercato sta rispondendo bene all\u2019impegno profuso dai produttori&#8221;.<\/em><\/p>\n<p>Moreno Petrini, presidente del <strong>consorzio Colline Lucchesi<\/strong>: <em>&#8220;Siamo lieti di partecipare alle Anteprime di Toscana con L\u2019Altra Toscana, una manifestazione che sempre pi\u00f9 rappresenta uno dei biglietti da visita per la produzione enologica di qualit\u00e0. Con il Consorzio presenteremo la produzione delle ultime annate che, nonostante il calore estivo, hanno la consueta freschezza tipica della nostra denominazione&#8221;.<\/em><\/p>\n<p>Stefano Amerighi, presidente <strong>consorzio Vini Cortona:<\/strong>\u201c<em>La vitalit\u00e0 e la riconoscibilit\u00e0 dei vini Cortonesi unite alle energie delle nuove e delle vecchie realt\u00e0 produttive del territorio fanno di questa nostra realt\u00e0 una delle pi\u00f9 interessanti e vivaci del panorama italiano. Se i vini a base di Syrah sono ormai il tratto distintivo di Cortona, ci sono anche grandi espressioni di Sangiovese, di Merlot e di Cabernet che insieme ai Rosati impreziosiscono la nostra produzione&#8221;.<\/em><\/p>\n<p>Giovanbattista Basile, presidente <strong>consorzio Vini Montecucco <\/strong>:&#8221;<em>\u00c8 fondamentale valorizzare le innumerevoli diversit\u00e0 che ci caratterizzano, perch\u00e9 \u00e8 in queste diversit\u00e0 e nel rispetto dell\u2019ambiente e della storia in esso custodita che si celano il prestigio della nostra regione e il motivo della sua notoriet\u00e0 in tutto il mondo. Rispetto alle annate 2018 e 2019 delle nostre tipologie rosse, 2017 per il Sangiovese Riserva DOCG, che andiamo a presentare in anteprima alla seconda edizione di L\u2019Altra Toscana, possiamo dire che tutte promettono un grande potenziale evolutivo, trovando forse un profilo aromatico lievemente pi\u00f9 accentuato nella pi\u00f9 recente&#8221;.<\/em><\/p>\n<p>Giulitta Zamperini, presidente del <strong>consorzio Vino Orcia:<\/strong> &#8220;<em>L\u2019Orcia \u00e8 una delle pi\u00f9 giovani denominazioni toscane del vino, prodotta in una sessantina di cantine piccole e piccolissime, che contribuiscono a salvaguardare il carattere agricolo del suo territorio. La nostra produzione non \u00e8 eccessiva, ma abbiamo un mercato di esportazione praticamente \u201csotto casa\u201d perch\u00e9 l\u2019area di produzione, in gran parte iscritta al patrimonio dell\u2019umanit\u00e0 Unesco, \u00e8 considerata un autentico gioiello paesaggistico e riceve ogni anno circa un milione di presenze turistiche e quasi altrettanti escursionisti. Per questo da qualche anno abbiamo fatto una sorta di patto con il territorio: un\u2019alleanza tra le cantine e le altre attivit\u00e0 locali per creare sviluppo trasformando il nostro vino in una \u201ccartolina liquida\u201d capace di arricchire l\u2019esperienza di viaggio dei visitatori e potenziare il mercato \u201clocale di esportazione\u201d della Doc&#8221;.<\/em><\/p>\n<p>Nico Rossi, presidente del <strong>consorzio Suvereto e Val di Cornia Wine<\/strong>: &#8220;C<em>on la nostra presenza a L\u2019Altra Toscana vogliamo evidenziare il livello raggiunto dalla viticoltura nel territorio della Val di Cornia e di Suvereto in particolare. Un territorio ad alto tasso di biodiversit\u00e0 dove la vite \u00e8 coltivata fin dai tempi degli etruschi, che sfrutta la presenza di un enorme bacino idrico sotterraneo per proporre oggi una valida sintesi tra il pi\u00f9 classico dei vitigni toscani, il sangiovese, e l\u2019ampio spettro di internazionali, la cui introduzione in zona risale al dominio napoleonico&#8221;.\u00a0<\/em><\/p>\n<p>Paolo Caciorgna, presidente del consorzio <strong>Terre di Casole<\/strong>:&#8221;<em>Dopo il successo della prima edizione dell&#8217;Altra Toscana, i viticoltori del Consorzio Terre di Casole si preparano all\u2019appuntamento del 2023 con rinnovata consapevolezza che la forza del singolo consorzio derivi dal valore intrinseco del proprio territorio, unitamente al fatto di essere parte di un contesto pi\u00f9 ampio. Unione e forza, armi indispensabili per i viticoltori toscani, non solo per vincere le sfide sui mercati, ma anche per affrontare le dure prove di annate climaticamente sempre pi\u00f9 insidiose alle quali si sono aggiunti inaspettati ed enormi aumenti dei costi di produzione&#8221;.<\/em><\/p>\n<p>Nicola Cantoni, presidente <strong>consorzio Doc Terre di Pisa: &#8220;<\/strong><em>I risultati sembrano essere molto interessanti, sia per l\u2019andamento climatico positivo, facendoci arrivare alla vendemmia con delle uve in ottime condizioni fisiologiche, ottenendo cos\u00ec una qualit\u00e0 pregevole, sia anche per la quantit\u00e0 di uva prodotta, che in questa vendemmia \u00e8 stata quasi del 10% in pi\u00f9 rispetto all\u2019annata precedente. In questa giornata dedicata all\u2019Altra Toscana si possono trovare davvero delle curiosit\u00e0, e vini meno conosciuti, che esprimono in modo chiaro e diretto le peculiarit\u00e0 del territorio da cui provengono, andando cos\u00ec a valorizzare il lavoro di molti produttori. In questa giornata di degustazione serve apertura e predisposizione all\u2019assaggio, che deve andare oltre i canoni conosciuti, per cercare di apprezzare territori, come il nostro, quello delle Terre di Pisa, che ha tanto da offrire in termini di naturalezza e spontaneit\u00e0&#8221;.<\/em><\/p>\n<p>Luca Sanjust del <strong>consorzio Valdarno di Sopra: <\/strong><em>&#8220;<\/em><em>L\u2019Altra Toscana \u00e8 una giornata sempre pi\u00f9 interessante e da scoprire, il nostro e gli altri sono territori magici di una Toscana incantata che da vini di grandissimo pregio. Siamo altres\u00ec convinti che i vini delle nuove annate che presentiamo rappresentino al meglio il nostro territorio e le sue potenzialit\u00e0&#8221;.<\/em><\/p>\n","protected":false},"excerpt":{"rendered":"<p>In aumento rispetto allo scorso anno, i dodici consorzi di tutela hanno fatto squadra per raccontare quella Toscana meno conosciuta che va ad arricchire la proposta vinicola della regione. Ecco le voci dei protagonisti<\/p>\n","protected":false},"author":525,"featured_media":272848,"comment_status":"open","ping_status":"open","sticky":false,"template":"","format":"standard","meta":{"_acf_changed":false,"footnotes":""},"categories":[8],"tags":[279,6004,142,5324,2122],"class_list":["post-272863","post","type-post","status-publish","format-standard","has-post-thumbnail","hentry","category-enogastronomia","tag-anteprime-del-vino","tag-anteprime-di-toscana","tag-enogastronomia","tag-enologia","tag-tradizione"],"acf":[],"yoast_head":"<!-- This site is optimized with the Yoast SEO Premium plugin v24.2 (Yoast SEO v25.6) - https:\/\/yoast.com\/wordpress\/plugins\/seo\/ -->\n<title>L&#039;Altra Toscana chiude in bellezza la settimana delle Anteprime del vino - intoscana<\/title>\n<meta name=\"robots\" content=\"index, follow, max-snippet:-1, max-image-preview:large, max-video-preview:-1\" \/>\n<link rel=\"canonical\" href=\"https:\/\/www.intoscana.it\/it\/laltra-toscana-chiude-in-bellezza-la-settimana-delle-anteprime-del-vino\/\" \/>\n<meta property=\"og:locale\" content=\"it_IT\" \/>\n<meta property=\"og:type\" content=\"article\" \/>\n<meta property=\"og:title\" content=\"L&#039;Altra Toscana chiude in bellezza la settimana delle Anteprime del vino\" \/>\n<meta property=\"og:description\" content=\"In aumento rispetto allo scorso anno, i dodici consorzi di tutela hanno fatto squadra per raccontare quella Toscana meno conosciuta che va ad arricchire la proposta vinicola della regione. Ecco le voci dei protagonisti\" \/>\n<meta property=\"og:url\" content=\"https:\/\/www.intoscana.it\/it\/laltra-toscana-chiude-in-bellezza-la-settimana-delle-anteprime-del-vino\/\" \/>\n<meta property=\"og:site_name\" content=\"intoscana\" \/>\n<meta property=\"article:publisher\" content=\"https:\/\/www.facebook.com\/intoscana.it\" \/>\n<meta property=\"article:published_time\" content=\"2023-02-17T14:47:49+00:00\" \/>\n<meta property=\"article:modified_time\" content=\"2023-02-17T14:49:24+00:00\" \/>\n<meta property=\"og:image\" content=\"https:\/\/www.intoscana.it\/wp-content\/uploads\/Laltra-Toscana_ph-Valeria-Raniolo-54-scaled.jpeg\" \/>\n\t<meta property=\"og:image:width\" content=\"2048\" \/>\n\t<meta property=\"og:image:height\" content=\"1639\" \/>\n\t<meta property=\"og:image:type\" content=\"image\/jpeg\" \/>\n<meta name=\"author\" content=\"Redazione\" \/>\n<meta name=\"twitter:card\" content=\"summary_large_image\" \/>\n<meta name=\"twitter:creator\" content=\"@intoscana\" \/>\n<meta name=\"twitter:site\" content=\"@intoscana\" \/>\n<meta name=\"twitter:label1\" content=\"Written by\" \/>\n\t<meta name=\"twitter:data1\" content=\"Redazione\" \/>\n\t<meta name=\"twitter:label2\" content=\"Est. reading time\" \/>\n\t<meta name=\"twitter:data2\" content=\"6 minuti\" \/>\n<script type=\"application\/ld+json\" class=\"yoast-schema-graph\">{\"@context\":\"https:\/\/schema.org\",\"@graph\":[{\"@type\":\"WebPage\",\"@id\":\"https:\/\/www.intoscana.it\/it\/laltra-toscana-chiude-in-bellezza-la-settimana-delle-anteprime-del-vino\/\",\"url\":\"https:\/\/www.intoscana.it\/it\/laltra-toscana-chiude-in-bellezza-la-settimana-delle-anteprime-del-vino\/\",\"name\":\"L'Altra Toscana chiude in bellezza la settimana delle Anteprime del vino - intoscana\",\"isPartOf\":{\"@id\":\"https:\/\/www.intoscana.it\/it\/#website\"},\"primaryImageOfPage\":{\"@id\":\"https:\/\/www.intoscana.it\/it\/laltra-toscana-chiude-in-bellezza-la-settimana-delle-anteprime-del-vino\/#primaryimage\"},\"image\":{\"@id\":\"https:\/\/www.intoscana.it\/it\/laltra-toscana-chiude-in-bellezza-la-settimana-delle-anteprime-del-vino\/#primaryimage\"},\"thumbnailUrl\":\"https:\/\/www.intoscana.it\/wp-content\/uploads\/Laltra-Toscana_ph-Valeria-Raniolo-54-scaled.jpeg\",\"datePublished\":\"2023-02-17T14:47:49+00:00\",\"dateModified\":\"2023-02-17T14:49:24+00:00\",\"author\":{\"@id\":\"https:\/\/www.intoscana.it\/it\/#\/schema\/person\/9223810753230f20bd670fdd322661f8\"},\"breadcrumb\":{\"@id\":\"https:\/\/www.intoscana.it\/it\/laltra-toscana-chiude-in-bellezza-la-settimana-delle-anteprime-del-vino\/#breadcrumb\"},\"inLanguage\":\"it-IT\",\"potentialAction\":[{\"@type\":\"ReadAction\",\"target\":[\"https:\/\/www.intoscana.it\/it\/laltra-toscana-chiude-in-bellezza-la-settimana-delle-anteprime-del-vino\/\"]}]},{\"@type\":\"ImageObject\",\"inLanguage\":\"it-IT\",\"@id\":\"https:\/\/www.intoscana.it\/it\/laltra-toscana-chiude-in-bellezza-la-settimana-delle-anteprime-del-vino\/#primaryimage\",\"url\":\"https:\/\/www.intoscana.it\/wp-content\/uploads\/Laltra-Toscana_ph-Valeria-Raniolo-54-scaled.jpeg\",\"contentUrl\":\"https:\/\/www.intoscana.it\/wp-content\/uploads\/Laltra-Toscana_ph-Valeria-Raniolo-54-scaled.jpeg\",\"width\":2048,\"height\":1639,\"caption\":\"L\u2019Altra Toscana, i Consorzi di tutela presentano le nuove annate dei rispettivi vini DOP e IGP\"},{\"@type\":\"BreadcrumbList\",\"@id\":\"https:\/\/www.intoscana.it\/it\/laltra-toscana-chiude-in-bellezza-la-settimana-delle-anteprime-del-vino\/#breadcrumb\",\"itemListElement\":[{\"@type\":\"ListItem\",\"position\":1,\"name\":\"Home\",\"item\":\"https:\/\/www.intoscana.it\/it\/\"},{\"@type\":\"ListItem\",\"position\":2,\"name\":\"L&#8217;Altra Toscana chiude in bellezza la settimana delle Anteprime del vino\"}]},{\"@type\":\"WebSite\",\"@id\":\"https:\/\/www.intoscana.it\/it\/#website\",\"url\":\"https:\/\/www.intoscana.it\/it\/\",\"name\":\"intoscana\",\"description\":\"\",\"potentialAction\":[{\"@type\":\"SearchAction\",\"target\":{\"@type\":\"EntryPoint\",\"urlTemplate\":\"https:\/\/www.intoscana.it\/it\/?s={search_term_string}\"},\"query-input\":{\"@type\":\"PropertyValueSpecification\",\"valueRequired\":true,\"valueName\":\"search_term_string\"}}],\"inLanguage\":\"it-IT\"},{\"@type\":\"Person\",\"@id\":\"https:\/\/www.intoscana.it\/it\/#\/schema\/person\/9223810753230f20bd670fdd322661f8\",\"name\":\"Redazione\",\"url\":\"https:\/\/www.intoscana.it\/it\/author\/redazione\/\"}]}<\/script>\n<!-- \/ Yoast SEO Premium plugin. -->","yoast_head_json":{"title":"L'Altra Toscana chiude in bellezza la settimana delle Anteprime del vino - intoscana","robots":{"index":"index","follow":"follow","max-snippet":"max-snippet:-1","max-image-preview":"max-image-preview:large","max-video-preview":"max-video-preview:-1"},"canonical":"https:\/\/www.intoscana.it\/it\/laltra-toscana-chiude-in-bellezza-la-settimana-delle-anteprime-del-vino\/","og_locale":"it_IT","og_type":"article","og_title":"L'Altra Toscana chiude in bellezza la settimana delle Anteprime del vino","og_description":"In aumento rispetto allo scorso anno, i dodici consorzi di tutela hanno fatto squadra per raccontare quella Toscana meno conosciuta che va ad arricchire la proposta vinicola della regione. Ecco le voci dei protagonisti","og_url":"https:\/\/www.intoscana.it\/it\/laltra-toscana-chiude-in-bellezza-la-settimana-delle-anteprime-del-vino\/","og_site_name":"intoscana","article_publisher":"https:\/\/www.facebook.com\/intoscana.it","article_published_time":"2023-02-17T14:47:49+00:00","article_modified_time":"2023-02-17T14:49:24+00:00","og_image":[{"width":2048,"height":1639,"url":"https:\/\/www.intoscana.it\/wp-content\/uploads\/Laltra-Toscana_ph-Valeria-Raniolo-54-scaled.jpeg","type":"image\/jpeg"}],"author":"Redazione","twitter_card":"summary_large_image","twitter_creator":"@intoscana","twitter_site":"@intoscana","twitter_misc":{"Written by":"Redazione","Est. reading time":"6 minuti"},"schema":{"@context":"https:\/\/schema.org","@graph":[{"@type":"WebPage","@id":"https:\/\/www.intoscana.it\/it\/laltra-toscana-chiude-in-bellezza-la-settimana-delle-anteprime-del-vino\/","url":"https:\/\/www.intoscana.it\/it\/laltra-toscana-chiude-in-bellezza-la-settimana-delle-anteprime-del-vino\/","name":"L'Altra Toscana chiude in bellezza la settimana delle Anteprime del vino - intoscana","isPartOf":{"@id":"https:\/\/www.intoscana.it\/it\/#website"},"primaryImageOfPage":{"@id":"https:\/\/www.intoscana.it\/it\/laltra-toscana-chiude-in-bellezza-la-settimana-delle-anteprime-del-vino\/#primaryimage"},"image":{"@id":"https:\/\/www.intoscana.it\/it\/laltra-toscana-chiude-in-bellezza-la-settimana-delle-anteprime-del-vino\/#primaryimage"},"thumbnailUrl":"https:\/\/www.intoscana.it\/wp-content\/uploads\/Laltra-Toscana_ph-Valeria-Raniolo-54-scaled.jpeg","datePublished":"2023-02-17T14:47:49+00:00","dateModified":"2023-02-17T14:49:24+00:00","author":{"@id":"https:\/\/www.intoscana.it\/it\/#\/schema\/person\/9223810753230f20bd670fdd322661f8"},"breadcrumb":{"@id":"https:\/\/www.intoscana.it\/it\/laltra-toscana-chiude-in-bellezza-la-settimana-delle-anteprime-del-vino\/#breadcrumb"},"inLanguage":"it-IT","potentialAction":[{"@type":"ReadAction","target":["https:\/\/www.intoscana.it\/it\/laltra-toscana-chiude-in-bellezza-la-settimana-delle-anteprime-del-vino\/"]}]},{"@type":"ImageObject","inLanguage":"it-IT","@id":"https:\/\/www.intoscana.it\/it\/laltra-toscana-chiude-in-bellezza-la-settimana-delle-anteprime-del-vino\/#primaryimage","url":"https:\/\/www.intoscana.it\/wp-content\/uploads\/Laltra-Toscana_ph-Valeria-Raniolo-54-scaled.jpeg","contentUrl":"https:\/\/www.intoscana.it\/wp-content\/uploads\/Laltra-Toscana_ph-Valeria-Raniolo-54-scaled.jpeg","width":2048,"height":1639,"caption":"L\u2019Altra Toscana, i Consorzi di tutela presentano le nuove annate dei rispettivi vini DOP e IGP"},{"@type":"BreadcrumbList","@id":"https:\/\/www.intoscana.it\/it\/laltra-toscana-chiude-in-bellezza-la-settimana-delle-anteprime-del-vino\/#breadcrumb","itemListElement":[{"@type":"ListItem","position":1,"name":"Home","item":"https:\/\/www.intoscana.it\/it\/"},{"@type":"ListItem","position":2,"name":"L&#8217;Altra Toscana chiude in bellezza la settimana delle Anteprime del vino"}]},{"@type":"WebSite","@id":"https:\/\/www.intoscana.it\/it\/#website","url":"https:\/\/www.intoscana.it\/it\/","name":"intoscana","description":"","potentialAction":[{"@type":"SearchAction","target":{"@type":"EntryPoint","urlTemplate":"https:\/\/www.intoscana.it\/it\/?s={search_term_string}"},"query-input":{"@type":"PropertyValueSpecification","valueRequired":true,"valueName":"search_term_string"}}],"inLanguage":"it-IT"},{"@type":"Person","@id":"https:\/\/www.intoscana.it\/it\/#\/schema\/person\/9223810753230f20bd670fdd322661f8","name":"Redazione","url":"https:\/\/www.intoscana.it\/it\/author\/redazione\/"}]}},"_links":{"self":[{"href":"https:\/\/www.intoscana.it\/it\/wp-json\/wp\/v2\/posts\/272863","targetHints":{"allow":["GET"]}}],"collection":[{"href":"https:\/\/www.intoscana.it\/it\/wp-json\/wp\/v2\/posts"}],"about":[{"href":"https:\/\/www.intoscana.it\/it\/wp-json\/wp\/v2\/types\/post"}],"author":[{"embeddable":true,"href":"https:\/\/www.intoscana.it\/it\/wp-json\/wp\/v2\/users\/525"}],"replies":[{"embeddable":true,"href":"https:\/\/www.intoscana.it\/it\/wp-json\/wp\/v2\/comments?post=272863"}],"version-history":[{"count":0,"href":"https:\/\/www.intoscana.it\/it\/wp-json\/wp\/v2\/posts\/272863\/revisions"}],"wp:featuredmedia":[{"embeddable":true,"href":"https:\/\/www.intoscana.it\/it\/wp-json\/wp\/v2\/media\/272848"}],"wp:attachment":[{"href":"https:\/\/www.intoscana.it\/it\/wp-json\/wp\/v2\/media?parent=272863"}],"wp:term":[{"taxonomy":"category","embeddable":true,"href":"https:\/\/www.intoscana.it\/it\/wp-json\/wp\/v2\/categories?post=272863"},{"taxonomy":"post_tag","embeddable":true,"href":"https:\/\/www.intoscana.it\/it\/wp-json\/wp\/v2\/tags?post=272863"}],"curies":[{"name":"wp","href":"https:\/\/api.w.org\/{rel}","templated":true}]}}