{"id":272919,"date":"2023-02-18T11:56:05","date_gmt":"2023-02-18T10:56:05","guid":{"rendered":"https:\/\/www.intoscana.it\/it\/?p=272919"},"modified":"2023-02-21T12:04:07","modified_gmt":"2023-02-21T11:04:07","slug":"andrea-lanfri-guinness-primati","status":"publish","type":"post","link":"https:\/\/www.intoscana.it\/it\/andrea-lanfri-guinness-primati\/","title":{"rendered":"Andrea Lanfri nel Guinness dei primati per il miglio pi\u00f9 veloce in alta quota"},"content":{"rendered":"<p>L&#8217;atleta paralimpico lucchese <strong>Andrea Lanfri<\/strong> \u00e8 entrato nel <strong>Guinness World Record<\/strong> per aver corso in 9 minuti e 48 secondi il miglio pi\u00f9 veloce in alta quota, sulle lame.<\/p>\n<p>Ieri \u00e8 stato finalmente ufficializzato come Guinness World Record il record che risale al <strong>1\u00b0 aprile del 2022.<\/strong> Durante il trekking di avvicinamento al campo base dell&#8217;<a href=\"https:\/\/www.intoscana.it\/it\/articolo\/andrea-lanfri-everest\/\" target=\"_blank\" rel=\"noopener\">Everest, di cui avrebbe raggiunto la vetta il 13 maggio \u00a0<\/a>divenendo il primo atleta con pi\u00f9 amputazioni a scalare il <strong>tetto del mondo<\/strong>, <mark>Lanfri decise di fermarsi al villaggio di Gorakshep (5.160 metri sul livello del mare) per cimentarsi in un test, cio\u00e8 correre il miglio pi\u00f9 veloce in alta quota,<\/mark> sulle lame.<\/p>\n<div class=\"focuson\"><a href=\"https:\/\/www.intoscana.it\/it\/articolo\/andrea-lanfri-conquista-laconcagua-la-vetta-piu-alta-delle-ande\/\"><img decoding=\"async\" class=\"lazy\" src=\"https:\/\/www.intoscana.it\/wp-content\/uploads\/andrea-lanfri-sudamerica.jpeg\" style=\"\">\n                <div class=\"cat\">Andrea Lanfri sulla vetta pi\u00f9 alta delle Ande<\/div>\n                <h4>L'impresa dell\u2019alpinista lucchese<\/h4><\/a>\n              <\/div>\n<h3>L&#8217;impresa senza precedenti di Lanfri<\/h3>\n<p><em><mark>&#8220;Nessun pluri-amputato aveva mai provato una sfida di questo tipo<\/em> &#8211; ha spiegato Andrea Lanfri &#8211; <em>non \u00e8 stato per nulla facile.<\/mark> Il <\/em><em>terreno su cui ho corso non \u00e8 ovviamente quello di una pista di <\/em><em>atletica. Al contrario era irregolare e spesso disomogeneo. I <\/em><em>primi giri sono stati pi\u00f9 che altro un rodaggio per abituarmi <\/em><em>alla superficie e alla gestione delle lame, che non sempre <\/em><em>garantivano la stessa spinta proprio a causa delle <\/em><em>caratteristiche del terreno&#8221;.<br \/>\n<\/em><br \/>\nUna volta presa la misura con lo sterrato e con l&#8217;altezza Andrea Lanfri ha raggiunto l&#8217;obiettivo <strong>in meno di dieci minuti, <\/strong>finalmente omologato e ufficializzato dai tecnici del Guinness World Records.<br \/>\n<em>&#8220;Per soddisfare i criteri necessari all&#8217;omologazione<\/em> &#8211; ha aggiunto Lanfri &#8211; <em>abbiamo dovuto segnare un percorso di 100 metri, utilizzando un metro e filmando l&#8217;intera operazione. Questo \u00e8 stato poi il tracciato lungo cui ho corso il mio miglio&#8221;.<\/em><\/p>\n","protected":false},"excerpt":{"rendered":"<p>Ufficializzato il record dell&#8217;atleta paralimpico lucchese realizzato nell&#8217;aprile del 2022 sul percorso per arrivare sull&#8217;Everest<\/p>\n","protected":false},"author":525,"featured_media":228701,"comment_status":"open","ping_status":"open","sticky":false,"template":"","format":"standard","meta":{"_acf_changed":false,"footnotes":""},"categories":[4],"tags":[159],"class_list":["post-272919","post","type-post","status-publish","format-standard","has-post-thumbnail","hentry","category-storie","tag-sport"],"acf":[],"yoast_head":"<!-- This site is optimized with the Yoast SEO Premium plugin v24.2 (Yoast SEO v25.6) - https:\/\/yoast.com\/wordpress\/plugins\/seo\/ -->\n<title>Andrea Lanfri nel Guinness dei primati per il miglio pi\u00f9 veloce in alta quota - intoscana<\/title>\n<meta name=\"description\" content=\"L&#039;atelata paralimpico lucchese Andrea Lanfri \u00e8 entrato nel Guinness dei primati per il miglio pi\u00f9 veloce corso in alta quota sulle lame.\" \/>\n<meta name=\"robots\" content=\"index, follow, max-snippet:-1, max-image-preview:large, max-video-preview:-1\" \/>\n<link rel=\"canonical\" href=\"https:\/\/www.intoscana.it\/it\/andrea-lanfri-guinness-primati\/\" \/>\n<meta property=\"og:locale\" content=\"it_IT\" \/>\n<meta property=\"og:type\" content=\"article\" \/>\n<meta property=\"og:title\" content=\"Andrea Lanfri nel Guinness dei primati per il miglio pi\u00f9 veloce in alta quota\" \/>\n<meta property=\"og:description\" content=\"L&#039;atelata paralimpico lucchese Andrea Lanfri \u00e8 entrato nel Guinness dei primati per il miglio pi\u00f9 veloce corso in alta quota sulle lame.\" \/>\n<meta property=\"og:url\" content=\"https:\/\/www.intoscana.it\/it\/andrea-lanfri-guinness-primati\/\" \/>\n<meta property=\"og:site_name\" content=\"intoscana\" \/>\n<meta property=\"article:publisher\" content=\"https:\/\/www.facebook.com\/intoscana.it\" \/>\n<meta property=\"article:published_time\" content=\"2023-02-18T10:56:05+00:00\" \/>\n<meta property=\"article:modified_time\" content=\"2023-02-21T11:04:07+00:00\" \/>\n<meta property=\"og:image\" content=\"https:\/\/www.intoscana.it\/wp-content\/uploads\/everest-andrea-lanfri-1.jpg\" \/>\n\t<meta property=\"og:image:width\" content=\"1600\" \/>\n\t<meta property=\"og:image:height\" content=\"1066\" \/>\n\t<meta property=\"og:image:type\" content=\"image\/jpeg\" \/>\n<meta name=\"author\" content=\"Redazione\" \/>\n<meta name=\"twitter:card\" content=\"summary_large_image\" \/>\n<meta name=\"twitter:creator\" content=\"@intoscana\" \/>\n<meta name=\"twitter:site\" content=\"@intoscana\" \/>\n<meta name=\"twitter:label1\" content=\"Written by\" \/>\n\t<meta name=\"twitter:data1\" content=\"Redazione\" \/>\n\t<meta name=\"twitter:label2\" content=\"Est. reading time\" \/>\n\t<meta name=\"twitter:data2\" content=\"1 minuto\" \/>\n<script type=\"application\/ld+json\" class=\"yoast-schema-graph\">{\"@context\":\"https:\/\/schema.org\",\"@graph\":[{\"@type\":\"WebPage\",\"@id\":\"https:\/\/www.intoscana.it\/it\/andrea-lanfri-guinness-primati\/\",\"url\":\"https:\/\/www.intoscana.it\/it\/andrea-lanfri-guinness-primati\/\",\"name\":\"Andrea Lanfri nel Guinness dei primati per il miglio pi\u00f9 veloce in alta quota - intoscana\",\"isPartOf\":{\"@id\":\"https:\/\/www.intoscana.it\/it\/#website\"},\"primaryImageOfPage\":{\"@id\":\"https:\/\/www.intoscana.it\/it\/andrea-lanfri-guinness-primati\/#primaryimage\"},\"image\":{\"@id\":\"https:\/\/www.intoscana.it\/it\/andrea-lanfri-guinness-primati\/#primaryimage\"},\"thumbnailUrl\":\"https:\/\/www.intoscana.it\/wp-content\/uploads\/everest-andrea-lanfri-1.jpg\",\"datePublished\":\"2023-02-18T10:56:05+00:00\",\"dateModified\":\"2023-02-21T11:04:07+00:00\",\"author\":{\"@id\":\"https:\/\/www.intoscana.it\/it\/#\/schema\/person\/9223810753230f20bd670fdd322661f8\"},\"description\":\"L'atelata paralimpico lucchese Andrea Lanfri \u00e8 entrato nel Guinness dei primati per il miglio pi\u00f9 veloce corso in alta quota sulle lame.\",\"breadcrumb\":{\"@id\":\"https:\/\/www.intoscana.it\/it\/andrea-lanfri-guinness-primati\/#breadcrumb\"},\"inLanguage\":\"it-IT\",\"potentialAction\":[{\"@type\":\"ReadAction\",\"target\":[\"https:\/\/www.intoscana.it\/it\/andrea-lanfri-guinness-primati\/\"]}]},{\"@type\":\"ImageObject\",\"inLanguage\":\"it-IT\",\"@id\":\"https:\/\/www.intoscana.it\/it\/andrea-lanfri-guinness-primati\/#primaryimage\",\"url\":\"https:\/\/www.intoscana.it\/wp-content\/uploads\/everest-andrea-lanfri-1.jpg\",\"contentUrl\":\"https:\/\/www.intoscana.it\/wp-content\/uploads\/everest-andrea-lanfri-1.jpg\",\"width\":1600,\"height\":1066,\"caption\":\"Andrea Lanfri sull'Everest\"},{\"@type\":\"BreadcrumbList\",\"@id\":\"https:\/\/www.intoscana.it\/it\/andrea-lanfri-guinness-primati\/#breadcrumb\",\"itemListElement\":[{\"@type\":\"ListItem\",\"position\":1,\"name\":\"Home\",\"item\":\"https:\/\/www.intoscana.it\/it\/\"},{\"@type\":\"ListItem\",\"position\":2,\"name\":\"Andrea Lanfri nel Guinness dei primati per il miglio pi\u00f9 veloce in alta quota\"}]},{\"@type\":\"WebSite\",\"@id\":\"https:\/\/www.intoscana.it\/it\/#website\",\"url\":\"https:\/\/www.intoscana.it\/it\/\",\"name\":\"intoscana\",\"description\":\"\",\"potentialAction\":[{\"@type\":\"SearchAction\",\"target\":{\"@type\":\"EntryPoint\",\"urlTemplate\":\"https:\/\/www.intoscana.it\/it\/?s={search_term_string}\"},\"query-input\":{\"@type\":\"PropertyValueSpecification\",\"valueRequired\":true,\"valueName\":\"search_term_string\"}}],\"inLanguage\":\"it-IT\"},{\"@type\":\"Person\",\"@id\":\"https:\/\/www.intoscana.it\/it\/#\/schema\/person\/9223810753230f20bd670fdd322661f8\",\"name\":\"Redazione\",\"url\":\"https:\/\/www.intoscana.it\/it\/author\/redazione\/\"}]}<\/script>\n<!-- \/ Yoast SEO Premium plugin. -->","yoast_head_json":{"title":"Andrea Lanfri nel Guinness dei primati per il miglio pi\u00f9 veloce in alta quota - intoscana","description":"L'atelata paralimpico lucchese Andrea Lanfri \u00e8 entrato nel Guinness dei primati per il miglio pi\u00f9 veloce corso in alta quota sulle lame.","robots":{"index":"index","follow":"follow","max-snippet":"max-snippet:-1","max-image-preview":"max-image-preview:large","max-video-preview":"max-video-preview:-1"},"canonical":"https:\/\/www.intoscana.it\/it\/andrea-lanfri-guinness-primati\/","og_locale":"it_IT","og_type":"article","og_title":"Andrea Lanfri nel Guinness dei primati per il miglio pi\u00f9 veloce in alta quota","og_description":"L'atelata paralimpico lucchese Andrea Lanfri \u00e8 entrato nel Guinness dei primati per il miglio pi\u00f9 veloce corso in alta quota sulle lame.","og_url":"https:\/\/www.intoscana.it\/it\/andrea-lanfri-guinness-primati\/","og_site_name":"intoscana","article_publisher":"https:\/\/www.facebook.com\/intoscana.it","article_published_time":"2023-02-18T10:56:05+00:00","article_modified_time":"2023-02-21T11:04:07+00:00","og_image":[{"width":1600,"height":1066,"url":"https:\/\/www.intoscana.it\/wp-content\/uploads\/everest-andrea-lanfri-1.jpg","type":"image\/jpeg"}],"author":"Redazione","twitter_card":"summary_large_image","twitter_creator":"@intoscana","twitter_site":"@intoscana","twitter_misc":{"Written by":"Redazione","Est. reading time":"1 minuto"},"schema":{"@context":"https:\/\/schema.org","@graph":[{"@type":"WebPage","@id":"https:\/\/www.intoscana.it\/it\/andrea-lanfri-guinness-primati\/","url":"https:\/\/www.intoscana.it\/it\/andrea-lanfri-guinness-primati\/","name":"Andrea Lanfri nel Guinness dei primati per il miglio pi\u00f9 veloce in alta quota - intoscana","isPartOf":{"@id":"https:\/\/www.intoscana.it\/it\/#website"},"primaryImageOfPage":{"@id":"https:\/\/www.intoscana.it\/it\/andrea-lanfri-guinness-primati\/#primaryimage"},"image":{"@id":"https:\/\/www.intoscana.it\/it\/andrea-lanfri-guinness-primati\/#primaryimage"},"thumbnailUrl":"https:\/\/www.intoscana.it\/wp-content\/uploads\/everest-andrea-lanfri-1.jpg","datePublished":"2023-02-18T10:56:05+00:00","dateModified":"2023-02-21T11:04:07+00:00","author":{"@id":"https:\/\/www.intoscana.it\/it\/#\/schema\/person\/9223810753230f20bd670fdd322661f8"},"description":"L'atelata paralimpico lucchese Andrea Lanfri \u00e8 entrato nel Guinness dei primati per il miglio pi\u00f9 veloce corso in alta quota sulle lame.","breadcrumb":{"@id":"https:\/\/www.intoscana.it\/it\/andrea-lanfri-guinness-primati\/#breadcrumb"},"inLanguage":"it-IT","potentialAction":[{"@type":"ReadAction","target":["https:\/\/www.intoscana.it\/it\/andrea-lanfri-guinness-primati\/"]}]},{"@type":"ImageObject","inLanguage":"it-IT","@id":"https:\/\/www.intoscana.it\/it\/andrea-lanfri-guinness-primati\/#primaryimage","url":"https:\/\/www.intoscana.it\/wp-content\/uploads\/everest-andrea-lanfri-1.jpg","contentUrl":"https:\/\/www.intoscana.it\/wp-content\/uploads\/everest-andrea-lanfri-1.jpg","width":1600,"height":1066,"caption":"Andrea Lanfri sull'Everest"},{"@type":"BreadcrumbList","@id":"https:\/\/www.intoscana.it\/it\/andrea-lanfri-guinness-primati\/#breadcrumb","itemListElement":[{"@type":"ListItem","position":1,"name":"Home","item":"https:\/\/www.intoscana.it\/it\/"},{"@type":"ListItem","position":2,"name":"Andrea Lanfri nel Guinness dei primati per il miglio pi\u00f9 veloce in alta quota"}]},{"@type":"WebSite","@id":"https:\/\/www.intoscana.it\/it\/#website","url":"https:\/\/www.intoscana.it\/it\/","name":"intoscana","description":"","potentialAction":[{"@type":"SearchAction","target":{"@type":"EntryPoint","urlTemplate":"https:\/\/www.intoscana.it\/it\/?s={search_term_string}"},"query-input":{"@type":"PropertyValueSpecification","valueRequired":true,"valueName":"search_term_string"}}],"inLanguage":"it-IT"},{"@type":"Person","@id":"https:\/\/www.intoscana.it\/it\/#\/schema\/person\/9223810753230f20bd670fdd322661f8","name":"Redazione","url":"https:\/\/www.intoscana.it\/it\/author\/redazione\/"}]}},"_links":{"self":[{"href":"https:\/\/www.intoscana.it\/it\/wp-json\/wp\/v2\/posts\/272919","targetHints":{"allow":["GET"]}}],"collection":[{"href":"https:\/\/www.intoscana.it\/it\/wp-json\/wp\/v2\/posts"}],"about":[{"href":"https:\/\/www.intoscana.it\/it\/wp-json\/wp\/v2\/types\/post"}],"author":[{"embeddable":true,"href":"https:\/\/www.intoscana.it\/it\/wp-json\/wp\/v2\/users\/525"}],"replies":[{"embeddable":true,"href":"https:\/\/www.intoscana.it\/it\/wp-json\/wp\/v2\/comments?post=272919"}],"version-history":[{"count":0,"href":"https:\/\/www.intoscana.it\/it\/wp-json\/wp\/v2\/posts\/272919\/revisions"}],"wp:featuredmedia":[{"embeddable":true,"href":"https:\/\/www.intoscana.it\/it\/wp-json\/wp\/v2\/media\/228701"}],"wp:attachment":[{"href":"https:\/\/www.intoscana.it\/it\/wp-json\/wp\/v2\/media?parent=272919"}],"wp:term":[{"taxonomy":"category","embeddable":true,"href":"https:\/\/www.intoscana.it\/it\/wp-json\/wp\/v2\/categories?post=272919"},{"taxonomy":"post_tag","embeddable":true,"href":"https:\/\/www.intoscana.it\/it\/wp-json\/wp\/v2\/tags?post=272919"}],"curies":[{"name":"wp","href":"https:\/\/api.w.org\/{rel}","templated":true}]}}