{"id":273056,"date":"2023-02-20T10:24:23","date_gmt":"2023-02-20T09:24:23","guid":{"rendered":"https:\/\/www.intoscana.it\/it\/?p=273056"},"modified":"2023-02-21T11:07:14","modified_gmt":"2023-02-21T10:07:14","slug":"due-disegni-inediti-di-leonardo-da-vinci-per-la-prima-volta-in-mostra-in-toscana","status":"publish","type":"post","link":"https:\/\/www.intoscana.it\/it\/due-disegni-inediti-di-leonardo-da-vinci-per-la-prima-volta-in-mostra-in-toscana\/","title":{"rendered":"Due disegni inediti di Leonardo Da Vinci per la prima volta in mostra in Toscana"},"content":{"rendered":"<p>Due disegni originali di <a href=\"https:\/\/www.intoscana.it\/it\/articolo\/angelo-leonardo-da-vinci-capannori\/\" target=\"_blank\" rel=\"noopener\"><strong>Leonardo Da Vinci<\/strong><\/a> saranno protagonisti nella sua <strong>citt\u00e0 natale Vinci<\/strong> in occasione della mostra <em><strong>\u201cIl disegno anatomico di Leonardo da Vinci al tempo del Salvator Mundi\u201d<\/strong><\/em> in programma al <strong><a href=\"https:\/\/www.museoleonardiano.it\" target=\"_blank\" rel=\"noopener\">Museo Leonardiano<\/a> dal 24 giugno al 23 settembre.<\/strong><\/p>\n<p>L&#8217;esposizione \u00e8 a cura a cura del <strong>professor Pietro C. Marani del Politecnico di Milano<\/strong>, fra i massimi studiosi di Leonardo, con la collaborazione della dottoressa <strong>Roberta Barsanti<\/strong> del Museo Leonardiano e del professore <strong>Marco Gaiani<\/strong> dell&#8217;Alma Mater Studiorum Universit\u00e0 di Bologna.<\/p>\n<p><em>\u201cSiamo orgogliosi di poter accogliere a Vinci questi due importanti disegni del nostro Genio, che non finisce mai di stupire non solo il pubblico ma anche gli studiosi\u201d <\/em><strong>affermano il sindaco Giuseppe Torchia e la vicesindaca e assessore alla Cultura Sara Iallorenzi.<\/strong><em> \u201cPoter ospitare, nuovamente in mostra, dei disegni originali di Leonardo da Vinci ci impegna molto, ma \u00e8 nostro dovere proseguire nella strada avviata nel 2019. Sar\u00e0 una mostra che destera&#8217; sicuramente curiosit\u00e0, oltre che studio, e caratterizzer\u00e0 l&#8217;offerta culturale della Citt\u00e0 di Vinci nel periodo di maggior afflusso turistico\u201d.<\/em><\/p>\n<h3>I disegni di Leonardo in mostra<\/h3>\n<p>Al centro dell&#8217;esposizione ci sono due disegni in originale:\u00a0<em><strong>&#8220;Miologia di arti inferiori, tre gambe&#8221;<\/strong> <\/em>gesso rosso con contorni rafforzati a penna e inchiostro bruno su carta preparata in rosso, databile tra il 1506 e il 1508, della <strong>Veneranda Ambrosiana di Milano<\/strong>;\u00a0<em><strong>&#8220;Studio di una figuretta e di mezzo busto maschili e studio di gambe pure maschili&#8221;\u00a0<\/strong><\/em>penna, inchiostro bruno e tracce di carboncino su carta, databile tra il 1510 e il 1513, del<strong> Civico Gabinetto dei Disegni di Castello Sforzesco di Milano.<\/strong><\/p>\n<p>I disegni di <a href=\"https:\/\/www.intoscana.it\/it\/articolo\/il-drone-progettato-550-anni-fa-da-leonardo-da-vinci-funziona-e-vola-davvero\/\" target=\"_blank\" rel=\"noopener\"><strong>Leonardo Da Vinci,<\/strong><\/a> in prestito dalle istituzioni milanesi,<strong> saranno esposti e presentati anche in forma digitale<\/strong> attraverso tavoli touch, grazie all&#8217;acquisizione fatta dal professor Marco Gaiani attraverso il software Isle.<\/p>\n<p><iframe loading=\"lazy\" title=\"YouTube video player\" src=\"https:\/\/www.youtube.com\/embed\/vak88kC8ncU\" width=\"800\" height=\"500\" frameborder=\"0\" allowfullscreen=\"allowfullscreen\"><\/iframe><\/p>\n<p>Attraverso l\u2019analisi dettagliata dei disegni, la mostra vuole approfondire<strong> il &#8220;modus operandi&#8221; che vigeva all\u2019interno dell\u2019atelier di <a href=\"https:\/\/www.intoscana.it\/it\/articolo\/sergio-forconi-sara-leonardo-da-vinci-nel-film-quel-genio-del-mio-amico\/\" target=\"_blank\" rel=\"noopener\">Leonardo<\/a><\/strong>\u00a0<strong>Da Vinci<\/strong> intorno al 1506-1513.<\/p>\n<p>In particolare vuole focalizzare l\u2019attenzione sull\u2019<strong>uso che allievi e collaboratori facevano dei disegni<\/strong> e delle ideazioni del loro maestro. Per questo le opere saranno messe in dialogo con il dipinto raffigurante il <em><strong>\u201cSalvator Mundi\u201d<\/strong><\/em> che sar\u00e0 richiamato in mostra dall\u2019incisione che ne trasse <strong>Wenceslaus Hollar<\/strong> e di propriet\u00e0 della <strong>Biblioteca Leonardiana del Comune di Vinci.<\/strong><\/p>\n<p>A supporto della mostra ci saranno <strong>pannelli didascalici, video, supporti multimediali interattivi<\/strong> per una migliore comprensione della grafica di <a href=\"https:\/\/www.intoscana.it\/it\/articolo\/lolio-di-leonardo-da-vinci-torna-a-nuova-vita-grazie-a-una-startup-di-pistoia\/\" target=\"_blank\" rel=\"noopener\"><strong>Leonardo<\/strong><\/a> nel periodo di riferimento con particolare riferimento agli studi anatomici.<\/p>\n<figure id=\"post-91423 media-91423\" class=\"align-none\"><img decoding=\"async\" src=\"https:\/\/www.intoscana.it\/wp-content\/uploads\/museoleonardo_01-1.jpg\" alt=\"\" \/><\/figure>\n<p>Museo Leonardiano, Vinci<\/p>\n","protected":false},"excerpt":{"rendered":"<p>Due opere originali del genio toscano saranno esposte a giugno a Vinci in una mostra al Museo Leonardiano curata dal professore Pietro C. Marani, uno dei maggiori studiosi di Leonardo da Vinci<\/p>\n","protected":false},"author":525,"featured_media":104756,"comment_status":"open","ping_status":"open","sticky":false,"template":"","format":"standard","meta":{"_acf_changed":false,"footnotes":""},"categories":[493],"tags":[231,238],"class_list":["post-273056","post","type-post","status-publish","format-standard","has-post-thumbnail","hentry","category-cultura","tag-leonardo-da-vinci","tag-mostra"],"acf":[],"yoast_head":"<!-- This site is optimized with the Yoast SEO Premium plugin v24.2 (Yoast SEO v25.6) - https:\/\/yoast.com\/wordpress\/plugins\/seo\/ -->\n<title>Due disegni inediti di Leonardo Da Vinci per la prima volta in mostra in Toscana - intoscana<\/title>\n<meta name=\"description\" content=\"Due opere originali del genio toscano saranno esposte per la prima volta a giugno a Vinci in una mostra al Museo Leonardiano\" \/>\n<meta name=\"robots\" content=\"index, follow, max-snippet:-1, max-image-preview:large, max-video-preview:-1\" \/>\n<link rel=\"canonical\" href=\"https:\/\/www.intoscana.it\/it\/due-disegni-inediti-di-leonardo-da-vinci-per-la-prima-volta-in-mostra-in-toscana\/\" \/>\n<meta property=\"og:locale\" content=\"it_IT\" \/>\n<meta property=\"og:type\" content=\"article\" \/>\n<meta property=\"og:title\" content=\"Due disegni inediti di Leonardo Da Vinci per la prima volta in mostra in Toscana\" \/>\n<meta property=\"og:description\" content=\"Due opere originali del genio toscano saranno esposte per la prima volta a giugno a Vinci in una mostra al Museo Leonardiano\" \/>\n<meta property=\"og:url\" content=\"https:\/\/www.intoscana.it\/it\/due-disegni-inediti-di-leonardo-da-vinci-per-la-prima-volta-in-mostra-in-toscana\/\" \/>\n<meta property=\"og:site_name\" content=\"intoscana\" \/>\n<meta property=\"article:publisher\" content=\"https:\/\/www.facebook.com\/intoscana.it\" \/>\n<meta property=\"article:published_time\" content=\"2023-02-20T09:24:23+00:00\" \/>\n<meta property=\"article:modified_time\" content=\"2023-02-21T10:07:14+00:00\" \/>\n<meta property=\"og:image\" content=\"https:\/\/www.intoscana.it\/wp-content\/uploads\/grandi-invenzioni-leonardo-da-vinci-6.jpg\" \/>\n\t<meta property=\"og:image:width\" content=\"1000\" \/>\n\t<meta property=\"og:image:height\" content=\"667\" \/>\n\t<meta property=\"og:image:type\" content=\"image\/jpeg\" \/>\n<meta name=\"author\" content=\"Redazione\" \/>\n<meta name=\"twitter:card\" content=\"summary_large_image\" \/>\n<meta name=\"twitter:creator\" content=\"@intoscana\" \/>\n<meta name=\"twitter:site\" content=\"@intoscana\" \/>\n<meta name=\"twitter:label1\" content=\"Written by\" \/>\n\t<meta name=\"twitter:data1\" content=\"Redazione\" \/>\n\t<meta name=\"twitter:label2\" content=\"Est. reading time\" \/>\n\t<meta name=\"twitter:data2\" content=\"2 minuti\" \/>\n<script type=\"application\/ld+json\" class=\"yoast-schema-graph\">{\"@context\":\"https:\/\/schema.org\",\"@graph\":[{\"@type\":\"WebPage\",\"@id\":\"https:\/\/www.intoscana.it\/it\/due-disegni-inediti-di-leonardo-da-vinci-per-la-prima-volta-in-mostra-in-toscana\/\",\"url\":\"https:\/\/www.intoscana.it\/it\/due-disegni-inediti-di-leonardo-da-vinci-per-la-prima-volta-in-mostra-in-toscana\/\",\"name\":\"Due disegni inediti di Leonardo Da Vinci per la prima volta in mostra in Toscana - intoscana\",\"isPartOf\":{\"@id\":\"https:\/\/www.intoscana.it\/it\/#website\"},\"primaryImageOfPage\":{\"@id\":\"https:\/\/www.intoscana.it\/it\/due-disegni-inediti-di-leonardo-da-vinci-per-la-prima-volta-in-mostra-in-toscana\/#primaryimage\"},\"image\":{\"@id\":\"https:\/\/www.intoscana.it\/it\/due-disegni-inediti-di-leonardo-da-vinci-per-la-prima-volta-in-mostra-in-toscana\/#primaryimage\"},\"thumbnailUrl\":\"https:\/\/www.intoscana.it\/wp-content\/uploads\/grandi-invenzioni-leonardo-da-vinci-6.jpg\",\"datePublished\":\"2023-02-20T09:24:23+00:00\",\"dateModified\":\"2023-02-21T10:07:14+00:00\",\"author\":{\"@id\":\"https:\/\/www.intoscana.it\/it\/#\/schema\/person\/9223810753230f20bd670fdd322661f8\"},\"description\":\"Due opere originali del genio toscano saranno esposte per la prima volta a giugno a Vinci in una mostra al Museo Leonardiano\",\"breadcrumb\":{\"@id\":\"https:\/\/www.intoscana.it\/it\/due-disegni-inediti-di-leonardo-da-vinci-per-la-prima-volta-in-mostra-in-toscana\/#breadcrumb\"},\"inLanguage\":\"it-IT\",\"potentialAction\":[{\"@type\":\"ReadAction\",\"target\":[\"https:\/\/www.intoscana.it\/it\/due-disegni-inediti-di-leonardo-da-vinci-per-la-prima-volta-in-mostra-in-toscana\/\"]}]},{\"@type\":\"ImageObject\",\"inLanguage\":\"it-IT\",\"@id\":\"https:\/\/www.intoscana.it\/it\/due-disegni-inediti-di-leonardo-da-vinci-per-la-prima-volta-in-mostra-in-toscana\/#primaryimage\",\"url\":\"https:\/\/www.intoscana.it\/wp-content\/uploads\/grandi-invenzioni-leonardo-da-vinci-6.jpg\",\"contentUrl\":\"https:\/\/www.intoscana.it\/wp-content\/uploads\/grandi-invenzioni-leonardo-da-vinci-6.jpg\",\"width\":1000,\"height\":667},{\"@type\":\"BreadcrumbList\",\"@id\":\"https:\/\/www.intoscana.it\/it\/due-disegni-inediti-di-leonardo-da-vinci-per-la-prima-volta-in-mostra-in-toscana\/#breadcrumb\",\"itemListElement\":[{\"@type\":\"ListItem\",\"position\":1,\"name\":\"Home\",\"item\":\"https:\/\/www.intoscana.it\/it\/\"},{\"@type\":\"ListItem\",\"position\":2,\"name\":\"Due disegni inediti di Leonardo Da Vinci per la prima volta in mostra in Toscana\"}]},{\"@type\":\"WebSite\",\"@id\":\"https:\/\/www.intoscana.it\/it\/#website\",\"url\":\"https:\/\/www.intoscana.it\/it\/\",\"name\":\"intoscana\",\"description\":\"\",\"potentialAction\":[{\"@type\":\"SearchAction\",\"target\":{\"@type\":\"EntryPoint\",\"urlTemplate\":\"https:\/\/www.intoscana.it\/it\/?s={search_term_string}\"},\"query-input\":{\"@type\":\"PropertyValueSpecification\",\"valueRequired\":true,\"valueName\":\"search_term_string\"}}],\"inLanguage\":\"it-IT\"},{\"@type\":\"Person\",\"@id\":\"https:\/\/www.intoscana.it\/it\/#\/schema\/person\/9223810753230f20bd670fdd322661f8\",\"name\":\"Redazione\",\"url\":\"https:\/\/www.intoscana.it\/it\/author\/redazione\/\"}]}<\/script>\n<!-- \/ Yoast SEO Premium plugin. -->","yoast_head_json":{"title":"Due disegni inediti di Leonardo Da Vinci per la prima volta in mostra in Toscana - intoscana","description":"Due opere originali del genio toscano saranno esposte per la prima volta a giugno a Vinci in una mostra al Museo Leonardiano","robots":{"index":"index","follow":"follow","max-snippet":"max-snippet:-1","max-image-preview":"max-image-preview:large","max-video-preview":"max-video-preview:-1"},"canonical":"https:\/\/www.intoscana.it\/it\/due-disegni-inediti-di-leonardo-da-vinci-per-la-prima-volta-in-mostra-in-toscana\/","og_locale":"it_IT","og_type":"article","og_title":"Due disegni inediti di Leonardo Da Vinci per la prima volta in mostra in Toscana","og_description":"Due opere originali del genio toscano saranno esposte per la prima volta a giugno a Vinci in una mostra al Museo Leonardiano","og_url":"https:\/\/www.intoscana.it\/it\/due-disegni-inediti-di-leonardo-da-vinci-per-la-prima-volta-in-mostra-in-toscana\/","og_site_name":"intoscana","article_publisher":"https:\/\/www.facebook.com\/intoscana.it","article_published_time":"2023-02-20T09:24:23+00:00","article_modified_time":"2023-02-21T10:07:14+00:00","og_image":[{"width":1000,"height":667,"url":"https:\/\/www.intoscana.it\/wp-content\/uploads\/grandi-invenzioni-leonardo-da-vinci-6.jpg","type":"image\/jpeg"}],"author":"Redazione","twitter_card":"summary_large_image","twitter_creator":"@intoscana","twitter_site":"@intoscana","twitter_misc":{"Written by":"Redazione","Est. reading time":"2 minuti"},"schema":{"@context":"https:\/\/schema.org","@graph":[{"@type":"WebPage","@id":"https:\/\/www.intoscana.it\/it\/due-disegni-inediti-di-leonardo-da-vinci-per-la-prima-volta-in-mostra-in-toscana\/","url":"https:\/\/www.intoscana.it\/it\/due-disegni-inediti-di-leonardo-da-vinci-per-la-prima-volta-in-mostra-in-toscana\/","name":"Due disegni inediti di Leonardo Da Vinci per la prima volta in mostra in Toscana - intoscana","isPartOf":{"@id":"https:\/\/www.intoscana.it\/it\/#website"},"primaryImageOfPage":{"@id":"https:\/\/www.intoscana.it\/it\/due-disegni-inediti-di-leonardo-da-vinci-per-la-prima-volta-in-mostra-in-toscana\/#primaryimage"},"image":{"@id":"https:\/\/www.intoscana.it\/it\/due-disegni-inediti-di-leonardo-da-vinci-per-la-prima-volta-in-mostra-in-toscana\/#primaryimage"},"thumbnailUrl":"https:\/\/www.intoscana.it\/wp-content\/uploads\/grandi-invenzioni-leonardo-da-vinci-6.jpg","datePublished":"2023-02-20T09:24:23+00:00","dateModified":"2023-02-21T10:07:14+00:00","author":{"@id":"https:\/\/www.intoscana.it\/it\/#\/schema\/person\/9223810753230f20bd670fdd322661f8"},"description":"Due opere originali del genio toscano saranno esposte per la prima volta a giugno a Vinci in una mostra al Museo Leonardiano","breadcrumb":{"@id":"https:\/\/www.intoscana.it\/it\/due-disegni-inediti-di-leonardo-da-vinci-per-la-prima-volta-in-mostra-in-toscana\/#breadcrumb"},"inLanguage":"it-IT","potentialAction":[{"@type":"ReadAction","target":["https:\/\/www.intoscana.it\/it\/due-disegni-inediti-di-leonardo-da-vinci-per-la-prima-volta-in-mostra-in-toscana\/"]}]},{"@type":"ImageObject","inLanguage":"it-IT","@id":"https:\/\/www.intoscana.it\/it\/due-disegni-inediti-di-leonardo-da-vinci-per-la-prima-volta-in-mostra-in-toscana\/#primaryimage","url":"https:\/\/www.intoscana.it\/wp-content\/uploads\/grandi-invenzioni-leonardo-da-vinci-6.jpg","contentUrl":"https:\/\/www.intoscana.it\/wp-content\/uploads\/grandi-invenzioni-leonardo-da-vinci-6.jpg","width":1000,"height":667},{"@type":"BreadcrumbList","@id":"https:\/\/www.intoscana.it\/it\/due-disegni-inediti-di-leonardo-da-vinci-per-la-prima-volta-in-mostra-in-toscana\/#breadcrumb","itemListElement":[{"@type":"ListItem","position":1,"name":"Home","item":"https:\/\/www.intoscana.it\/it\/"},{"@type":"ListItem","position":2,"name":"Due disegni inediti di Leonardo Da Vinci per la prima volta in mostra in Toscana"}]},{"@type":"WebSite","@id":"https:\/\/www.intoscana.it\/it\/#website","url":"https:\/\/www.intoscana.it\/it\/","name":"intoscana","description":"","potentialAction":[{"@type":"SearchAction","target":{"@type":"EntryPoint","urlTemplate":"https:\/\/www.intoscana.it\/it\/?s={search_term_string}"},"query-input":{"@type":"PropertyValueSpecification","valueRequired":true,"valueName":"search_term_string"}}],"inLanguage":"it-IT"},{"@type":"Person","@id":"https:\/\/www.intoscana.it\/it\/#\/schema\/person\/9223810753230f20bd670fdd322661f8","name":"Redazione","url":"https:\/\/www.intoscana.it\/it\/author\/redazione\/"}]}},"_links":{"self":[{"href":"https:\/\/www.intoscana.it\/it\/wp-json\/wp\/v2\/posts\/273056","targetHints":{"allow":["GET"]}}],"collection":[{"href":"https:\/\/www.intoscana.it\/it\/wp-json\/wp\/v2\/posts"}],"about":[{"href":"https:\/\/www.intoscana.it\/it\/wp-json\/wp\/v2\/types\/post"}],"author":[{"embeddable":true,"href":"https:\/\/www.intoscana.it\/it\/wp-json\/wp\/v2\/users\/525"}],"replies":[{"embeddable":true,"href":"https:\/\/www.intoscana.it\/it\/wp-json\/wp\/v2\/comments?post=273056"}],"version-history":[{"count":0,"href":"https:\/\/www.intoscana.it\/it\/wp-json\/wp\/v2\/posts\/273056\/revisions"}],"wp:featuredmedia":[{"embeddable":true,"href":"https:\/\/www.intoscana.it\/it\/wp-json\/wp\/v2\/media\/104756"}],"wp:attachment":[{"href":"https:\/\/www.intoscana.it\/it\/wp-json\/wp\/v2\/media?parent=273056"}],"wp:term":[{"taxonomy":"category","embeddable":true,"href":"https:\/\/www.intoscana.it\/it\/wp-json\/wp\/v2\/categories?post=273056"},{"taxonomy":"post_tag","embeddable":true,"href":"https:\/\/www.intoscana.it\/it\/wp-json\/wp\/v2\/tags?post=273056"}],"curies":[{"name":"wp","href":"https:\/\/api.w.org\/{rel}","templated":true}]}}