{"id":273252,"date":"2023-02-21T10:55:16","date_gmt":"2023-02-21T09:55:16","guid":{"rendered":"https:\/\/www.intoscana.it\/it\/?p=273252"},"modified":"2023-02-21T11:14:05","modified_gmt":"2023-02-21T10:14:05","slug":"gucci-circular-hub","status":"publish","type":"post","link":"https:\/\/www.intoscana.it\/it\/gucci-circular-hub\/","title":{"rendered":"Il cuore verde di Gucci: nascer\u00e0 in Toscana il primo Circular Hub per una moda green"},"content":{"rendered":"<p>Un investimento da <strong>15 milioni<\/strong> di euro per realizzare in <strong>Toscana<\/strong> il primo hub per il lusso circolare in Italia. Sar\u00e0 Gucci, con il supporto di Kering, ad impiantare questo cuore verde per la moda, nell&#8217;ambito dei progetti sostenuti dallo strumento degli Accordi per l&#8217;Innovazione del Ministero delle Imprese e del Made in Italy.<\/p>\n<h3>Un centro di ricerca per il lusso sostenibile<\/h3>\n<p>Al centro di tutto ci sar\u00e0 un centro di ricerca dedicato alle <mark>pi\u00f9 innovative soluzioni tecnologiche e digitali in prospettiva circolare con l&#8217;obiettivo di migliorare la qualit\u00e0 dei prodotti, la loro durabilit\u00e0, riparabilit\u00e0 e riciclabilit\u00e0, nonch\u00e9 ridurre l&#8217;impatto verso l&#8217;ambiente,<\/mark> ottimizzando i processi di trasformazione e l&#8217;impiego delle <strong>materie prime.<\/strong><\/p>\n<p>Il<strong> Circular Hub<\/strong> sar\u00e0 un facilitatore dello sviluppo coinvolgendo le aziende delle filiere produttive affinch\u00e9 traccino e conferiscano gli scarti della produzione per avviarli a recupero e rigenerazione. Inoltre avvier\u00e0 partnership industriali per soluzioni tecnologiche e impianti che consentiranno di <strong>recuperare e rigenerare<\/strong> i materiali per il loro riutilizzo nella produzione. Per lo sviluppo delle attivit\u00e0 progettuali, la piattaforma prevedr\u00e0 inoltre il supporto di partner industriali e la collaborazione scientifica della <strong>Scuola Superiore Sant&#8217;Anna di Pisa.<\/strong><\/p>\n<div class=\"focuson\"><a href=\"https:\/\/www.intoscana.it\/it\/articolo\/gucci-panno-casentino\/\"><img decoding=\"async\" class=\"lazy\" src=\"https:\/\/www.intoscana.it\/wp-content\/uploads\/panno-del-casentino.jpg\" style=\"\">\n                <div class=\"cat\">Gucci sceglie il Panno del Casentino<\/div>\n                <h4>Il rilancio dello storico tessuto toscano<\/h4><\/a>\n              <\/div>\n<p><em>&#8220;La circolarit\u00e0 ci offre una visione che coinvolge l&#8217;intero ciclo produttivo: \u00e8 una grande sfida per rendere ancora pi\u00f9 forte e competitivo il <strong>Made in Italy<\/strong><\/em> &#8211; sottolinea <strong>Antonella Centra<\/strong>, executive vice president, general counsel, corporate affairs &amp; sustainability di Gucci &#8211;<em> condividendo i medesimi obiettivi e mettendo a fattore comune risorse, know-how e sinergie, la piattaforma rappresenta uno<strong> strumento concreto<\/strong> per abilitare l&#8217;intera catena di fornitura e specialmente le<strong> piccole e medie imprese,<\/strong> cuore pulsante del nostro Paese, rendendole parte attiva del percorso di innovazione costante che rende unico il saper fare italiano nel mondo&#8221;.<\/em><\/p>\n<h3>Innovazione green al servizio dell&#8217;intero settore<\/h3>\n<p>L&#8217;hub infatti sar\u00e0 un modello di <strong>open innovation:<\/strong> i processi di recupero, riciclo e riutilizzo che saranno messi a punto e integrati nella <strong>filiera Gucc<\/strong>i e i relativi <strong>brevetti,<\/strong> tecniche e know-how saranno messi successivamente a disposizione di altre aziende, con l&#8217;obiettivo di coinvolgere, in un&#8217;ottica di open innovation, un numero sempre maggiore di fornitori e partner industriali.<\/p>\n<p>L&#8217;hub infatti sar\u00e0 al servizio delle strutture del <mark>gruppo Kering, un ecosistema di oltre 700 fornitori diretti e 3500 subfornitori, e dei brand del gruppi ma poi si aprir\u00e0 per diventare uno strumento a disposizione dell&#8217;intero settore.<\/mark><\/p>\n<p><em>&#8220;<strong>L&#8217;industria della moda<\/strong> ha oggi la responsabilit\u00e0 di stimolare azioni concrete e trovare soluzioni in grado di accelerare il cambiamento, ripensando anche alle modalit\u00e0 produttive e all&#8217;impiego delle risorse. La creazione del Circular Hub \u00e8 un importante traguardo e nasce proprio per perseguire quest&#8217;obiettivo. \u00c8 motivo di orgoglio per me che l&#8217;Hub nasca in Italia, sede di alcuni dei pi\u00f9 importanti e rinomati poli produttivi e del know-how del gruppo<\/em> &#8211; spiega\u00a0 <strong>Marie-Claire Daveu<\/strong>, Chief Sustainability and Institutional Affairs Officer di Kering &#8211; <em>Circular Hub vuole essere un invito aperto ad altre realt\u00e0 ad unirsi in questo percorso&#8221;.<br \/>\n<\/em><br \/>\nLa prima fase dei lavori prender\u00e0 il via nel <strong>primo semestre del 2023<\/strong> e si avvarr\u00e0 delle competenze dei ricercatori del Kering Material Innovation Lab (MIL) di Milano e del supporto di tecnici e ricercatori di prodotto per abbigliamento, pelletteria, calzature e accessori dei centri d&#8217;avanguardia di artigianato industriale e sperimentazione di Gucci di Scandicci e di Novara.<\/p>\n<p>&nbsp;<\/p>\n","protected":false},"excerpt":{"rendered":"<p>Un investimento da 15 milioni di euro per realizzare il primo hub per il lusso circolare in Italia: le soluzioni tecnologiche pi\u00f9 innovative per ridurre l&#8217;impatto ambientale e recuperare gli scarti della produzione<\/p>\n","protected":false},"author":525,"featured_media":143236,"comment_status":"open","ping_status":"open","sticky":false,"template":"","format":"standard","meta":{"_acf_changed":false,"footnotes":""},"categories":[9],"tags":[5612,415,189],"class_list":["post-273252","post","type-post","status-publish","format-standard","has-post-thumbnail","hentry","category-made-in-toscana","tag-ecosostenibilita","tag-gucci","tag-moda"],"acf":[],"yoast_head":"<!-- This site is optimized with the Yoast SEO Premium plugin v24.2 (Yoast SEO v25.6) - https:\/\/yoast.com\/wordpress\/plugins\/seo\/ -->\n<title>Il cuore verde di Gucci: nascer\u00e0 in Toscana il primo Circular Hub per una moda green<\/title>\n<meta name=\"description\" content=\"Con un investimento da 15 milioni di euro Gucci realizzer\u00e0 in Toscana il primo Circular Hub per un lusso ecosostenibile in Italia.\" \/>\n<meta name=\"robots\" content=\"index, follow, max-snippet:-1, max-image-preview:large, max-video-preview:-1\" \/>\n<link rel=\"canonical\" href=\"https:\/\/www.intoscana.it\/it\/gucci-circular-hub\/\" \/>\n<meta property=\"og:locale\" content=\"it_IT\" \/>\n<meta property=\"og:type\" content=\"article\" \/>\n<meta property=\"og:title\" content=\"Il cuore verde di Gucci: nascer\u00e0 in Toscana il primo Circular Hub per una moda green\" \/>\n<meta property=\"og:description\" content=\"Con un investimento da 15 milioni di euro Gucci realizzer\u00e0 in Toscana il primo Circular Hub per un lusso ecosostenibile in Italia.\" \/>\n<meta property=\"og:url\" content=\"https:\/\/www.intoscana.it\/it\/gucci-circular-hub\/\" \/>\n<meta property=\"og:site_name\" content=\"intoscana\" \/>\n<meta property=\"article:publisher\" content=\"https:\/\/www.facebook.com\/intoscana.it\" \/>\n<meta property=\"article:published_time\" content=\"2023-02-21T09:55:16+00:00\" \/>\n<meta property=\"article:modified_time\" content=\"2023-02-21T10:14:05+00:00\" \/>\n<meta property=\"og:image\" content=\"https:\/\/www.intoscana.it\/wp-content\/uploads\/gucci-artlab.png\" \/>\n\t<meta property=\"og:image:width\" content=\"2000\" \/>\n\t<meta property=\"og:image:height\" content=\"1268\" \/>\n\t<meta property=\"og:image:type\" content=\"image\/png\" \/>\n<meta name=\"author\" content=\"Redazione\" \/>\n<meta name=\"twitter:card\" content=\"summary_large_image\" \/>\n<meta name=\"twitter:creator\" content=\"@intoscana\" \/>\n<meta name=\"twitter:site\" content=\"@intoscana\" \/>\n<meta name=\"twitter:label1\" content=\"Written by\" \/>\n\t<meta name=\"twitter:data1\" content=\"Redazione\" \/>\n\t<meta name=\"twitter:label2\" content=\"Est. reading time\" \/>\n\t<meta name=\"twitter:data2\" content=\"3 minuti\" \/>\n<script type=\"application\/ld+json\" class=\"yoast-schema-graph\">{\"@context\":\"https:\/\/schema.org\",\"@graph\":[{\"@type\":\"WebPage\",\"@id\":\"https:\/\/www.intoscana.it\/it\/gucci-circular-hub\/\",\"url\":\"https:\/\/www.intoscana.it\/it\/gucci-circular-hub\/\",\"name\":\"Il cuore verde di Gucci: nascer\u00e0 in Toscana il primo Circular Hub per una moda green\",\"isPartOf\":{\"@id\":\"https:\/\/www.intoscana.it\/it\/#website\"},\"primaryImageOfPage\":{\"@id\":\"https:\/\/www.intoscana.it\/it\/gucci-circular-hub\/#primaryimage\"},\"image\":{\"@id\":\"https:\/\/www.intoscana.it\/it\/gucci-circular-hub\/#primaryimage\"},\"thumbnailUrl\":\"https:\/\/www.intoscana.it\/wp-content\/uploads\/gucci-artlab.png\",\"datePublished\":\"2023-02-21T09:55:16+00:00\",\"dateModified\":\"2023-02-21T10:14:05+00:00\",\"author\":{\"@id\":\"https:\/\/www.intoscana.it\/it\/#\/schema\/person\/9223810753230f20bd670fdd322661f8\"},\"description\":\"Con un investimento da 15 milioni di euro Gucci realizzer\u00e0 in Toscana il primo Circular Hub per un lusso ecosostenibile in Italia.\",\"breadcrumb\":{\"@id\":\"https:\/\/www.intoscana.it\/it\/gucci-circular-hub\/#breadcrumb\"},\"inLanguage\":\"it-IT\",\"potentialAction\":[{\"@type\":\"ReadAction\",\"target\":[\"https:\/\/www.intoscana.it\/it\/gucci-circular-hub\/\"]}]},{\"@type\":\"ImageObject\",\"inLanguage\":\"it-IT\",\"@id\":\"https:\/\/www.intoscana.it\/it\/gucci-circular-hub\/#primaryimage\",\"url\":\"https:\/\/www.intoscana.it\/wp-content\/uploads\/gucci-artlab.png\",\"contentUrl\":\"https:\/\/www.intoscana.it\/wp-content\/uploads\/gucci-artlab.png\",\"width\":2000,\"height\":1268,\"caption\":\"Gucci Art Lab a Scandicci\"},{\"@type\":\"BreadcrumbList\",\"@id\":\"https:\/\/www.intoscana.it\/it\/gucci-circular-hub\/#breadcrumb\",\"itemListElement\":[{\"@type\":\"ListItem\",\"position\":1,\"name\":\"Home\",\"item\":\"https:\/\/www.intoscana.it\/it\/\"},{\"@type\":\"ListItem\",\"position\":2,\"name\":\"Il cuore verde di Gucci: nascer\u00e0 in Toscana il primo Circular Hub per una moda green\"}]},{\"@type\":\"WebSite\",\"@id\":\"https:\/\/www.intoscana.it\/it\/#website\",\"url\":\"https:\/\/www.intoscana.it\/it\/\",\"name\":\"intoscana\",\"description\":\"\",\"potentialAction\":[{\"@type\":\"SearchAction\",\"target\":{\"@type\":\"EntryPoint\",\"urlTemplate\":\"https:\/\/www.intoscana.it\/it\/?s={search_term_string}\"},\"query-input\":{\"@type\":\"PropertyValueSpecification\",\"valueRequired\":true,\"valueName\":\"search_term_string\"}}],\"inLanguage\":\"it-IT\"},{\"@type\":\"Person\",\"@id\":\"https:\/\/www.intoscana.it\/it\/#\/schema\/person\/9223810753230f20bd670fdd322661f8\",\"name\":\"Redazione\",\"url\":\"https:\/\/www.intoscana.it\/it\/author\/redazione\/\"}]}<\/script>\n<!-- \/ Yoast SEO Premium plugin. -->","yoast_head_json":{"title":"Il cuore verde di Gucci: nascer\u00e0 in Toscana il primo Circular Hub per una moda green","description":"Con un investimento da 15 milioni di euro Gucci realizzer\u00e0 in Toscana il primo Circular Hub per un lusso ecosostenibile in Italia.","robots":{"index":"index","follow":"follow","max-snippet":"max-snippet:-1","max-image-preview":"max-image-preview:large","max-video-preview":"max-video-preview:-1"},"canonical":"https:\/\/www.intoscana.it\/it\/gucci-circular-hub\/","og_locale":"it_IT","og_type":"article","og_title":"Il cuore verde di Gucci: nascer\u00e0 in Toscana il primo Circular Hub per una moda green","og_description":"Con un investimento da 15 milioni di euro Gucci realizzer\u00e0 in Toscana il primo Circular Hub per un lusso ecosostenibile in Italia.","og_url":"https:\/\/www.intoscana.it\/it\/gucci-circular-hub\/","og_site_name":"intoscana","article_publisher":"https:\/\/www.facebook.com\/intoscana.it","article_published_time":"2023-02-21T09:55:16+00:00","article_modified_time":"2023-02-21T10:14:05+00:00","og_image":[{"width":2000,"height":1268,"url":"https:\/\/www.intoscana.it\/wp-content\/uploads\/gucci-artlab.png","type":"image\/png"}],"author":"Redazione","twitter_card":"summary_large_image","twitter_creator":"@intoscana","twitter_site":"@intoscana","twitter_misc":{"Written by":"Redazione","Est. reading time":"3 minuti"},"schema":{"@context":"https:\/\/schema.org","@graph":[{"@type":"WebPage","@id":"https:\/\/www.intoscana.it\/it\/gucci-circular-hub\/","url":"https:\/\/www.intoscana.it\/it\/gucci-circular-hub\/","name":"Il cuore verde di Gucci: nascer\u00e0 in Toscana il primo Circular Hub per una moda green","isPartOf":{"@id":"https:\/\/www.intoscana.it\/it\/#website"},"primaryImageOfPage":{"@id":"https:\/\/www.intoscana.it\/it\/gucci-circular-hub\/#primaryimage"},"image":{"@id":"https:\/\/www.intoscana.it\/it\/gucci-circular-hub\/#primaryimage"},"thumbnailUrl":"https:\/\/www.intoscana.it\/wp-content\/uploads\/gucci-artlab.png","datePublished":"2023-02-21T09:55:16+00:00","dateModified":"2023-02-21T10:14:05+00:00","author":{"@id":"https:\/\/www.intoscana.it\/it\/#\/schema\/person\/9223810753230f20bd670fdd322661f8"},"description":"Con un investimento da 15 milioni di euro Gucci realizzer\u00e0 in Toscana il primo Circular Hub per un lusso ecosostenibile in Italia.","breadcrumb":{"@id":"https:\/\/www.intoscana.it\/it\/gucci-circular-hub\/#breadcrumb"},"inLanguage":"it-IT","potentialAction":[{"@type":"ReadAction","target":["https:\/\/www.intoscana.it\/it\/gucci-circular-hub\/"]}]},{"@type":"ImageObject","inLanguage":"it-IT","@id":"https:\/\/www.intoscana.it\/it\/gucci-circular-hub\/#primaryimage","url":"https:\/\/www.intoscana.it\/wp-content\/uploads\/gucci-artlab.png","contentUrl":"https:\/\/www.intoscana.it\/wp-content\/uploads\/gucci-artlab.png","width":2000,"height":1268,"caption":"Gucci Art Lab a Scandicci"},{"@type":"BreadcrumbList","@id":"https:\/\/www.intoscana.it\/it\/gucci-circular-hub\/#breadcrumb","itemListElement":[{"@type":"ListItem","position":1,"name":"Home","item":"https:\/\/www.intoscana.it\/it\/"},{"@type":"ListItem","position":2,"name":"Il cuore verde di Gucci: nascer\u00e0 in Toscana il primo Circular Hub per una moda green"}]},{"@type":"WebSite","@id":"https:\/\/www.intoscana.it\/it\/#website","url":"https:\/\/www.intoscana.it\/it\/","name":"intoscana","description":"","potentialAction":[{"@type":"SearchAction","target":{"@type":"EntryPoint","urlTemplate":"https:\/\/www.intoscana.it\/it\/?s={search_term_string}"},"query-input":{"@type":"PropertyValueSpecification","valueRequired":true,"valueName":"search_term_string"}}],"inLanguage":"it-IT"},{"@type":"Person","@id":"https:\/\/www.intoscana.it\/it\/#\/schema\/person\/9223810753230f20bd670fdd322661f8","name":"Redazione","url":"https:\/\/www.intoscana.it\/it\/author\/redazione\/"}]}},"_links":{"self":[{"href":"https:\/\/www.intoscana.it\/it\/wp-json\/wp\/v2\/posts\/273252","targetHints":{"allow":["GET"]}}],"collection":[{"href":"https:\/\/www.intoscana.it\/it\/wp-json\/wp\/v2\/posts"}],"about":[{"href":"https:\/\/www.intoscana.it\/it\/wp-json\/wp\/v2\/types\/post"}],"author":[{"embeddable":true,"href":"https:\/\/www.intoscana.it\/it\/wp-json\/wp\/v2\/users\/525"}],"replies":[{"embeddable":true,"href":"https:\/\/www.intoscana.it\/it\/wp-json\/wp\/v2\/comments?post=273252"}],"version-history":[{"count":0,"href":"https:\/\/www.intoscana.it\/it\/wp-json\/wp\/v2\/posts\/273252\/revisions"}],"wp:featuredmedia":[{"embeddable":true,"href":"https:\/\/www.intoscana.it\/it\/wp-json\/wp\/v2\/media\/143236"}],"wp:attachment":[{"href":"https:\/\/www.intoscana.it\/it\/wp-json\/wp\/v2\/media?parent=273252"}],"wp:term":[{"taxonomy":"category","embeddable":true,"href":"https:\/\/www.intoscana.it\/it\/wp-json\/wp\/v2\/categories?post=273252"},{"taxonomy":"post_tag","embeddable":true,"href":"https:\/\/www.intoscana.it\/it\/wp-json\/wp\/v2\/tags?post=273252"}],"curies":[{"name":"wp","href":"https:\/\/api.w.org\/{rel}","templated":true}]}}