{"id":273283,"date":"2023-02-23T14:06:13","date_gmt":"2023-02-23T13:06:13","guid":{"rendered":"https:\/\/www.intoscana.it\/it\/?p=273283"},"modified":"2023-02-24T14:34:01","modified_gmt":"2023-02-24T13:34:01","slug":"all-you-need-is-dance-alla-fortezza-da-basso-torna-la-17esima-edizione-di-danzainfiera","status":"publish","type":"post","link":"https:\/\/www.intoscana.it\/it\/all-you-need-is-dance-alla-fortezza-da-basso-torna-la-17esima-edizione-di-danzainfiera\/","title":{"rendered":"&#8220;All you need is dance&#8221;: alla Fortezza da Basso torna la 17esima edizione di Danzainfiera"},"content":{"rendered":"<p>Oltre <strong>400 eventi ogni anno, 14 padiglioni, 65.000 metri quadri, 20.000 ballerini<\/strong> sui palchi, <strong>17 competizioni internazionali:<\/strong> questi sono i numeri di <strong>Danzainfiera<\/strong> l&#8217;appuntamento fisso a Firenze ormai<strong> da ben 15 anni<\/strong> per tutti i professionisti del settore: <strong>ballerini, insegnanti, coreografi, etoile internazionali, scuole, accademie<\/strong> o semplici appassionati.<\/p>\n<p><strong>Danzainfiera \u00e8 il pi\u00f9 grande evento italiano dedicato alla danza,<\/strong>\u00a0luogo d\u2019incontro per tutti gli stili, dove gli spazi espositivi convivono con aule e palchi per <strong>un evento unico nel suo genere.<\/strong><\/p>\n<p>Anche quest&#8217;anno si riaccenderanno le luci sulla<strong> Fortezza da Basso<\/strong> per accogliere la grande community della danza internazionale <strong>dal 24 al 26 febbraio 2023 alla Fortezza da Basso.<\/strong><\/p>\n<p>Quella del 2023 sar\u00e0 un\u2019edizione ancora pi\u00f9 speciale, perch\u00e8 segna<strong> l\u2019inizio di una nuova era<\/strong>: a partire da quest\u2019anno, infatti,<strong> Dif sar\u00e0 organizzata dalla societ\u00e0 DANZA IN FIERA SRL<\/strong>, di cui <strong>Pitti Immagine \u00e8 il nuovo proprietario.<\/strong> Un ingresso di grande valore e un team di successo che punta a rendere questa manifestazione ancora pi\u00f9 prestigiosa.<\/p>\n<p><em><strong>&#8220;All you need is dance&#8221;<\/strong><\/em> \u00e8\u00a0il tema della nuova edizione: la danza come bisogno fisico e interiore, come esigenza profonda e massima espressione fisica di una volont\u00e0. Perch\u00e9 dopo il sofferto tempo della solitudine e della distanza, la danza \u00e8 un richiamo irresistibile!<\/p>\n<p>Sui palchi della Fortezza da Basso ci sar\u00e0 un programma da non perdere: non solo <strong>lezioni, stage, audizioni internazionali,<\/strong> ma anche<strong> rassegne, concorsi, talk e convegni,<\/strong> oltre a una grande area espositiva dove trovare tutti i marchi storici e scoprire le tendenze del momento.<\/p>\n<figure id=\"post-273322 media-273322\" class=\"align-none\"><img decoding=\"async\" src=\"https:\/\/www.intoscana.it\/wp-content\/uploads\/Rossella-Brescia.jpg\" alt=\"\" \/><\/figure>\n<h3>Tutti gli ospiti di Danzainfiera 2023<\/h3>\n<p>Con pi\u00f9 di 187mila iscritti al canale e oltre 50 milioni di visualizzazioni, i <strong>Choros Ballet<\/strong> sono ormai diventati un vero e proprio fenomeno \u2018social\u2019, ma non solo. Con i loro video divertenti, tutorial e coreografie sono riusciti a raccontare, come nessuno prima, la vita quotidiana dei ballerini nell\u2019era del web 3.0, promuovendo e divulgando la danza in tutte le sue forme e stili in maniera nuova, spontanea, originale. In Area Incontri <strong>Tiziano Casu, Shinhai Ventura e Tim Stodieck<\/strong>\u00a0racconteranno la loro storia, com\u2019\u00e8 nato il loro progetto e che obiettivi hanno per il futuro.<\/p>\n<p>Dopo il successo del live <strong>Casting Tour di Ballando On The Road<\/strong> (BOTR) 2022 e del suo spin off televisivo in onda su Rai 1, dalla partership fra <strong>Ballando On The Road<\/strong> con <strong>Simone Di Pasquale<\/strong> nasce <em><strong>Ballando On The Road \u2013 L\u2019Accademia delle Stelle,<\/strong><\/em> che sar\u00e0 a <strong>Danzainfiera, domenica 26 febbraio<\/strong>. Alle ore 11 un appuntamento attesissimo dai fan del piccolo schermo: nell\u2019Arena del <strong>Padiglione Cavaniglia<\/strong> si terr\u00e0 l\u2019incontro con <strong>Milly Carlucci<\/strong>. La presentatrice sar\u00e0 presente alla speciale tappa di Pre-Audizione dal vivo per la prossima edizione di Ballando On The Road il Tour 2023, per dare un saluto a tutti i partecipanti.<\/p>\n<p>Tocca a <strong>Carolyn Smith<\/strong> aprire, sabato 25 febbraio la fittissima giornata di impegni. Alle ore 10 la ballerina e coreografa britannica, presidente di giuria del talent show <strong>Ballando con le stelle<\/strong>, racconter\u00e0 nell\u2019Area Talk del Padiglione Centrale i suoi progetti: <strong>Sensual Dance Fit, I Am A Woman First<\/strong>, il suo nuovo brand di abbigliamento per donne a taglia unica e <strong>Dance 4 Oncology<\/strong>, la sua Onlus dedicata ai pazienti oncologici che propone il ballo come supporto alle terapie.<\/p>\n<p><strong>Rossella Brescia sar\u00e0 a Danzainfiera<\/strong> con l\u2019<strong>Accademia Il Sistina<\/strong>. Brescia, protagonista della nuova edizione del Musical <em><strong>\u201cBilly Elliot\u201d<\/strong><\/em>\u00a0con <strong>Billy Mitchell,<\/strong> acclamato coreografo del West End londinese che ha firmato le coreografie Musical della nuova grande produzione internazionale \u201cCats\u201d terranno\u00a0le <strong>preaudizioni ed eventuale selezione per il ruolo di Billy Elliot<\/strong> e cast teen nel Musical prossimamente in scena al Teatro Sistina e successivamente in tour nei teatri italiani.<\/p>\n<p>Infine appuntamenti imperdibili a Danzainfiera con le lezioni di <strong>Gabriele Frola, \u00e9toile dell\u2019English National Ballet<\/strong> e la <strong>star mondiale della danza classica Petra Conti,<\/strong> \u00e9toile del Los Angeles Ballet.<\/p>\n<p><iframe loading=\"lazy\" title=\"YouTube video player\" src=\"https:\/\/www.youtube.com\/embed\/4_SUwYuOaug\" width=\"800\" height=\"500\" frameborder=\"0\" allowfullscreen=\"allowfullscreen\"><span data-mce-type=\"bookmark\" style=\"display: inline-block; width: 0px; overflow: hidden; line-height: 0;\" class=\"mce_SELRES_start\">\ufeff<\/span><\/iframe><\/p>\n","protected":false},"excerpt":{"rendered":"<p>Fino al 26 febbraio la grande community della danza internazionale alla Fortezza da Basso di Firenze. La prima edizione dopo l&#8217;acquisizione di Pitti Immagine, sabato 25 ospiti speciali Milly Carlucci e Rossella Brescia<\/p>\n","protected":false},"author":518,"featured_media":82219,"comment_status":"open","ping_status":"open","sticky":false,"template":"","format":"standard","meta":{"_acf_changed":false,"footnotes":""},"categories":[493],"tags":[5564,4474,228,202],"class_list":["post-273283","post","type-post","status-publish","format-standard","has-post-thumbnail","hentry","category-cultura","tag-danza","tag-eventi","tag-festival","tag-firenze"],"acf":[],"yoast_head":"<!-- This site is optimized with the Yoast SEO Premium plugin v24.2 (Yoast SEO v25.6) - https:\/\/yoast.com\/wordpress\/plugins\/seo\/ -->\n<title>&quot;All you need is dance&quot;: alla Fortezza da Basso torna la 17esima edizione di Danzainfiera - intoscana<\/title>\n<meta name=\"description\" content=\"Dal 24 al 26 febbraio 2023 la grande community della danza internazionale si incontra alla Fortezza da Basso di Firenze\" \/>\n<meta name=\"robots\" content=\"index, follow, max-snippet:-1, max-image-preview:large, max-video-preview:-1\" \/>\n<link rel=\"canonical\" href=\"https:\/\/www.intoscana.it\/it\/all-you-need-is-dance-alla-fortezza-da-basso-torna-la-17esima-edizione-di-danzainfiera\/\" \/>\n<meta property=\"og:locale\" content=\"it_IT\" \/>\n<meta property=\"og:type\" content=\"article\" \/>\n<meta property=\"og:title\" content=\"&quot;All you need is dance&quot;: alla Fortezza da Basso torna la 17esima edizione di Danzainfiera\" \/>\n<meta property=\"og:description\" content=\"Dal 24 al 26 febbraio 2023 la grande community della danza internazionale si incontra alla Fortezza da Basso di Firenze\" \/>\n<meta property=\"og:url\" content=\"https:\/\/www.intoscana.it\/it\/all-you-need-is-dance-alla-fortezza-da-basso-torna-la-17esima-edizione-di-danzainfiera\/\" \/>\n<meta property=\"og:site_name\" content=\"intoscana\" \/>\n<meta property=\"article:publisher\" content=\"https:\/\/www.facebook.com\/intoscana.it\" \/>\n<meta property=\"article:published_time\" content=\"2023-02-23T13:06:13+00:00\" \/>\n<meta property=\"article:modified_time\" content=\"2023-02-24T13:34:01+00:00\" \/>\n<meta property=\"og:image\" content=\"https:\/\/www.intoscana.it\/wp-content\/uploads\/3223-danzainfiera-2017-mfly-copia_preview.jpeg\" \/>\n\t<meta property=\"og:image:width\" content=\"2000\" \/>\n\t<meta property=\"og:image:height\" content=\"1333\" \/>\n\t<meta property=\"og:image:type\" content=\"image\/jpeg\" \/>\n<meta name=\"author\" content=\"Costanza Baldini\" \/>\n<meta name=\"twitter:card\" content=\"summary_large_image\" \/>\n<meta name=\"twitter:creator\" content=\"@intoscana\" \/>\n<meta name=\"twitter:site\" content=\"@intoscana\" \/>\n<meta name=\"twitter:label1\" content=\"Written by\" \/>\n\t<meta name=\"twitter:data1\" content=\"Costanza Baldini\" \/>\n\t<meta name=\"twitter:label2\" content=\"Est. reading time\" \/>\n\t<meta name=\"twitter:data2\" content=\"3 minuti\" \/>\n<script type=\"application\/ld+json\" class=\"yoast-schema-graph\">{\"@context\":\"https:\/\/schema.org\",\"@graph\":[{\"@type\":\"WebPage\",\"@id\":\"https:\/\/www.intoscana.it\/it\/all-you-need-is-dance-alla-fortezza-da-basso-torna-la-17esima-edizione-di-danzainfiera\/\",\"url\":\"https:\/\/www.intoscana.it\/it\/all-you-need-is-dance-alla-fortezza-da-basso-torna-la-17esima-edizione-di-danzainfiera\/\",\"name\":\"\\\"All you need is dance\\\": alla Fortezza da Basso torna la 17esima edizione di Danzainfiera - intoscana\",\"isPartOf\":{\"@id\":\"https:\/\/www.intoscana.it\/it\/#website\"},\"primaryImageOfPage\":{\"@id\":\"https:\/\/www.intoscana.it\/it\/all-you-need-is-dance-alla-fortezza-da-basso-torna-la-17esima-edizione-di-danzainfiera\/#primaryimage\"},\"image\":{\"@id\":\"https:\/\/www.intoscana.it\/it\/all-you-need-is-dance-alla-fortezza-da-basso-torna-la-17esima-edizione-di-danzainfiera\/#primaryimage\"},\"thumbnailUrl\":\"https:\/\/www.intoscana.it\/wp-content\/uploads\/3223-danzainfiera-2017-mfly-copia_preview.jpeg\",\"datePublished\":\"2023-02-23T13:06:13+00:00\",\"dateModified\":\"2023-02-24T13:34:01+00:00\",\"author\":{\"@id\":\"https:\/\/www.intoscana.it\/it\/#\/schema\/person\/d469f35f09739bdf00bf5dd3f0647a82\"},\"description\":\"Dal 24 al 26 febbraio 2023 la grande community della danza internazionale si incontra alla Fortezza da Basso di Firenze\",\"breadcrumb\":{\"@id\":\"https:\/\/www.intoscana.it\/it\/all-you-need-is-dance-alla-fortezza-da-basso-torna-la-17esima-edizione-di-danzainfiera\/#breadcrumb\"},\"inLanguage\":\"it-IT\",\"potentialAction\":[{\"@type\":\"ReadAction\",\"target\":[\"https:\/\/www.intoscana.it\/it\/all-you-need-is-dance-alla-fortezza-da-basso-torna-la-17esima-edizione-di-danzainfiera\/\"]}]},{\"@type\":\"ImageObject\",\"inLanguage\":\"it-IT\",\"@id\":\"https:\/\/www.intoscana.it\/it\/all-you-need-is-dance-alla-fortezza-da-basso-torna-la-17esima-edizione-di-danzainfiera\/#primaryimage\",\"url\":\"https:\/\/www.intoscana.it\/wp-content\/uploads\/3223-danzainfiera-2017-mfly-copia_preview.jpeg\",\"contentUrl\":\"https:\/\/www.intoscana.it\/wp-content\/uploads\/3223-danzainfiera-2017-mfly-copia_preview.jpeg\",\"width\":2000,\"height\":1333,\"caption\":\"Danza in Fiera, ballerini da tutto il mondo in Fortezza da Basso a Firenze.\"},{\"@type\":\"BreadcrumbList\",\"@id\":\"https:\/\/www.intoscana.it\/it\/all-you-need-is-dance-alla-fortezza-da-basso-torna-la-17esima-edizione-di-danzainfiera\/#breadcrumb\",\"itemListElement\":[{\"@type\":\"ListItem\",\"position\":1,\"name\":\"Home\",\"item\":\"https:\/\/www.intoscana.it\/it\/\"},{\"@type\":\"ListItem\",\"position\":2,\"name\":\"&#8220;All you need is dance&#8221;: alla Fortezza da Basso torna la 17esima edizione di Danzainfiera\"}]},{\"@type\":\"WebSite\",\"@id\":\"https:\/\/www.intoscana.it\/it\/#website\",\"url\":\"https:\/\/www.intoscana.it\/it\/\",\"name\":\"intoscana\",\"description\":\"\",\"potentialAction\":[{\"@type\":\"SearchAction\",\"target\":{\"@type\":\"EntryPoint\",\"urlTemplate\":\"https:\/\/www.intoscana.it\/it\/?s={search_term_string}\"},\"query-input\":{\"@type\":\"PropertyValueSpecification\",\"valueRequired\":true,\"valueName\":\"search_term_string\"}}],\"inLanguage\":\"it-IT\"},{\"@type\":\"Person\",\"@id\":\"https:\/\/www.intoscana.it\/it\/#\/schema\/person\/d469f35f09739bdf00bf5dd3f0647a82\",\"name\":\"Costanza Baldini\",\"url\":\"https:\/\/www.intoscana.it\/it\/author\/costanza-baldini\/\"}]}<\/script>\n<!-- \/ Yoast SEO Premium plugin. -->","yoast_head_json":{"title":"\"All you need is dance\": alla Fortezza da Basso torna la 17esima edizione di Danzainfiera - intoscana","description":"Dal 24 al 26 febbraio 2023 la grande community della danza internazionale si incontra alla Fortezza da Basso di Firenze","robots":{"index":"index","follow":"follow","max-snippet":"max-snippet:-1","max-image-preview":"max-image-preview:large","max-video-preview":"max-video-preview:-1"},"canonical":"https:\/\/www.intoscana.it\/it\/all-you-need-is-dance-alla-fortezza-da-basso-torna-la-17esima-edizione-di-danzainfiera\/","og_locale":"it_IT","og_type":"article","og_title":"\"All you need is dance\": alla Fortezza da Basso torna la 17esima edizione di Danzainfiera","og_description":"Dal 24 al 26 febbraio 2023 la grande community della danza internazionale si incontra alla Fortezza da Basso di Firenze","og_url":"https:\/\/www.intoscana.it\/it\/all-you-need-is-dance-alla-fortezza-da-basso-torna-la-17esima-edizione-di-danzainfiera\/","og_site_name":"intoscana","article_publisher":"https:\/\/www.facebook.com\/intoscana.it","article_published_time":"2023-02-23T13:06:13+00:00","article_modified_time":"2023-02-24T13:34:01+00:00","og_image":[{"width":2000,"height":1333,"url":"https:\/\/www.intoscana.it\/wp-content\/uploads\/3223-danzainfiera-2017-mfly-copia_preview.jpeg","type":"image\/jpeg"}],"author":"Costanza Baldini","twitter_card":"summary_large_image","twitter_creator":"@intoscana","twitter_site":"@intoscana","twitter_misc":{"Written by":"Costanza Baldini","Est. reading time":"3 minuti"},"schema":{"@context":"https:\/\/schema.org","@graph":[{"@type":"WebPage","@id":"https:\/\/www.intoscana.it\/it\/all-you-need-is-dance-alla-fortezza-da-basso-torna-la-17esima-edizione-di-danzainfiera\/","url":"https:\/\/www.intoscana.it\/it\/all-you-need-is-dance-alla-fortezza-da-basso-torna-la-17esima-edizione-di-danzainfiera\/","name":"\"All you need is dance\": alla Fortezza da Basso torna la 17esima edizione di Danzainfiera - intoscana","isPartOf":{"@id":"https:\/\/www.intoscana.it\/it\/#website"},"primaryImageOfPage":{"@id":"https:\/\/www.intoscana.it\/it\/all-you-need-is-dance-alla-fortezza-da-basso-torna-la-17esima-edizione-di-danzainfiera\/#primaryimage"},"image":{"@id":"https:\/\/www.intoscana.it\/it\/all-you-need-is-dance-alla-fortezza-da-basso-torna-la-17esima-edizione-di-danzainfiera\/#primaryimage"},"thumbnailUrl":"https:\/\/www.intoscana.it\/wp-content\/uploads\/3223-danzainfiera-2017-mfly-copia_preview.jpeg","datePublished":"2023-02-23T13:06:13+00:00","dateModified":"2023-02-24T13:34:01+00:00","author":{"@id":"https:\/\/www.intoscana.it\/it\/#\/schema\/person\/d469f35f09739bdf00bf5dd3f0647a82"},"description":"Dal 24 al 26 febbraio 2023 la grande community della danza internazionale si incontra alla Fortezza da Basso di Firenze","breadcrumb":{"@id":"https:\/\/www.intoscana.it\/it\/all-you-need-is-dance-alla-fortezza-da-basso-torna-la-17esima-edizione-di-danzainfiera\/#breadcrumb"},"inLanguage":"it-IT","potentialAction":[{"@type":"ReadAction","target":["https:\/\/www.intoscana.it\/it\/all-you-need-is-dance-alla-fortezza-da-basso-torna-la-17esima-edizione-di-danzainfiera\/"]}]},{"@type":"ImageObject","inLanguage":"it-IT","@id":"https:\/\/www.intoscana.it\/it\/all-you-need-is-dance-alla-fortezza-da-basso-torna-la-17esima-edizione-di-danzainfiera\/#primaryimage","url":"https:\/\/www.intoscana.it\/wp-content\/uploads\/3223-danzainfiera-2017-mfly-copia_preview.jpeg","contentUrl":"https:\/\/www.intoscana.it\/wp-content\/uploads\/3223-danzainfiera-2017-mfly-copia_preview.jpeg","width":2000,"height":1333,"caption":"Danza in Fiera, ballerini da tutto il mondo in Fortezza da Basso a Firenze."},{"@type":"BreadcrumbList","@id":"https:\/\/www.intoscana.it\/it\/all-you-need-is-dance-alla-fortezza-da-basso-torna-la-17esima-edizione-di-danzainfiera\/#breadcrumb","itemListElement":[{"@type":"ListItem","position":1,"name":"Home","item":"https:\/\/www.intoscana.it\/it\/"},{"@type":"ListItem","position":2,"name":"&#8220;All you need is dance&#8221;: alla Fortezza da Basso torna la 17esima edizione di Danzainfiera"}]},{"@type":"WebSite","@id":"https:\/\/www.intoscana.it\/it\/#website","url":"https:\/\/www.intoscana.it\/it\/","name":"intoscana","description":"","potentialAction":[{"@type":"SearchAction","target":{"@type":"EntryPoint","urlTemplate":"https:\/\/www.intoscana.it\/it\/?s={search_term_string}"},"query-input":{"@type":"PropertyValueSpecification","valueRequired":true,"valueName":"search_term_string"}}],"inLanguage":"it-IT"},{"@type":"Person","@id":"https:\/\/www.intoscana.it\/it\/#\/schema\/person\/d469f35f09739bdf00bf5dd3f0647a82","name":"Costanza Baldini","url":"https:\/\/www.intoscana.it\/it\/author\/costanza-baldini\/"}]}},"_links":{"self":[{"href":"https:\/\/www.intoscana.it\/it\/wp-json\/wp\/v2\/posts\/273283","targetHints":{"allow":["GET"]}}],"collection":[{"href":"https:\/\/www.intoscana.it\/it\/wp-json\/wp\/v2\/posts"}],"about":[{"href":"https:\/\/www.intoscana.it\/it\/wp-json\/wp\/v2\/types\/post"}],"author":[{"embeddable":true,"href":"https:\/\/www.intoscana.it\/it\/wp-json\/wp\/v2\/users\/518"}],"replies":[{"embeddable":true,"href":"https:\/\/www.intoscana.it\/it\/wp-json\/wp\/v2\/comments?post=273283"}],"version-history":[{"count":0,"href":"https:\/\/www.intoscana.it\/it\/wp-json\/wp\/v2\/posts\/273283\/revisions"}],"wp:featuredmedia":[{"embeddable":true,"href":"https:\/\/www.intoscana.it\/it\/wp-json\/wp\/v2\/media\/82219"}],"wp:attachment":[{"href":"https:\/\/www.intoscana.it\/it\/wp-json\/wp\/v2\/media?parent=273283"}],"wp:term":[{"taxonomy":"category","embeddable":true,"href":"https:\/\/www.intoscana.it\/it\/wp-json\/wp\/v2\/categories?post=273283"},{"taxonomy":"post_tag","embeddable":true,"href":"https:\/\/www.intoscana.it\/it\/wp-json\/wp\/v2\/tags?post=273283"}],"curies":[{"name":"wp","href":"https:\/\/api.w.org\/{rel}","templated":true}]}}