{"id":273384,"date":"2023-02-21T17:13:45","date_gmt":"2023-02-21T16:13:45","guid":{"rendered":"https:\/\/www.intoscana.it\/it\/?p=273384"},"modified":"2023-02-22T11:46:56","modified_gmt":"2023-02-22T10:46:56","slug":"in-toscana-non-servira-piu-il-certificato-medico-per-rientrare-a-scuola-dopo-una-malattia","status":"publish","type":"post","link":"https:\/\/www.intoscana.it\/it\/in-toscana-non-servira-piu-il-certificato-medico-per-rientrare-a-scuola-dopo-una-malattia\/","title":{"rendered":"In Toscana non servir\u00e0 pi\u00f9 il certificato medico per rientrare a scuola dopo una malattia"},"content":{"rendered":"<p>Per tornare a scuola dopo una malattia in <strong>Toscana<\/strong> <mark>gli studenti non dovranno pi\u00f9 presentare il certificato medico, neppure dopo cinque giorni di assenza.<\/mark> La proposta di legge della Giunta \u00e8 stata accolta ed approvata all&#8217;unanimit\u00e0 dal <strong>Consiglio regionale<\/strong>. La richiesta di abolizione, presentata dall\u2019assessore alla Sanit\u00e0 <strong>Simone Bezzini<\/strong>, era stata licenziata dalla giunta a fine dicembre 2022.<\/p>\n<p>\u201cEsprimiamo soddisfazione <mark>per il voto unanime del Consiglio regionale. In questo modo semplifichiamo la vita alle famiglie<\/mark> \u2013 spiega Bezzini \u2013 Ci sar\u00e0 meno burocrazia, ma senza rischi per la salute pubblica e dei compagni di classe degli studenti malati. I medici di famiglia e i pediatri di libera scelta continueranno infatti ad essere obbligati a segnalare le malattie diffusive e pericolose e i dipartimenti di prevenzione delle Asl continueranno ad attuare tutti gli interventi di profilassi necessari a fronteggiare i rischi per la salute pubblica: controlli che gi\u00e0 erano del tutto autonomi dall\u2019obbligo di presentazione del certificato per essere riammesso a scuola\u201d.<\/p>\n<h3><em>Un provvedimento richiesto dalla comunit\u00e0 scientifica<\/em><\/h3>\n<p>La semplificazione era sollecitata dagli stessi medici: <mark>la maggior parte delle malattie infettive si trasmettono infatti gi\u00e0 dal periodo di incubazione e, pi\u00f9 raramente, durante la convalescenza.<\/mark> Ed \u00e8 sulla base di questi studi e pareri della comunit\u00e0 scientifica che la giunta ha deciso di proporre l\u2019abolizione del certificato. Anche il mondo della scuola si \u00e8 espresso favorevolmente.<\/p>\n<p>La norma era stata licenziata all\u2019unanimit\u00e0 dalla commissione Sanit\u00e0, dopo aver acquisito il parere dei pediatri, e aveva ottenuto il parere favorevole della commissione Istruzione e cultura.<\/p>\n<p>\u201cIl gruppo di lavoro interministeriale \u2013 ha detto il presidente della commissione Sanit\u00e0 del Consiglio regionale, <strong>Enrico Sostegni <\/strong>\u2013 gi\u00e0 nel 2006 aveva osservato che le malattie infettive sono spesso contagiose in fase di incubazione, ma raramente quando il soggetto \u00e8 convalescente. <mark>Un\u2019opinione condivisa anche dall\u2019Organismo Toscano per il Governo Clinico, che si \u00e8 pronunciato nel gennaio 2020. Andiamo dunque a eliminare un appesantimento burocratico ormai privo di senso\u201d.<\/mark><\/p>\n<p>Il <strong>certificato medico<\/strong> per la riammissione a scuola era gi\u00e0 stato cancellato in undici regioni e province autonome: Lombardia, Piemonte, Friuli Venezia Giulia, Liguria, Provincia di Trento, Provincia di Bolzano, Emilia-Romagna, Umbria, Marche, Lazio e Veneto.<\/p>\n<p>&nbsp;<\/p>\n<p>&nbsp;<\/p>\n<p>&nbsp;<\/p>\n","protected":false},"excerpt":{"rendered":"<p>La proposta della Giunta \u00e8 stata approvata all&#8217;unanimit\u00e0 dal Consiglio regionale e ora \u00e8 legge. L&#8217;assessore Bezzini: &#8220;Meno burocrazia per le famiglie&#8221;<\/p>\n","protected":false},"author":525,"featured_media":235490,"comment_status":"open","ping_status":"open","sticky":false,"template":"","format":"standard","meta":{"_acf_changed":false,"footnotes":""},"categories":[18],"tags":[134,212,4883],"class_list":["post-273384","post","type-post","status-publish","format-standard","has-post-thumbnail","hentry","category-salute","tag-salute","tag-scuola","tag-simone-bezzini"],"acf":[],"yoast_head":"<!-- This site is optimized with the Yoast SEO Premium plugin v24.2 (Yoast SEO v25.6) - https:\/\/yoast.com\/wordpress\/plugins\/seo\/ -->\n<title>In Toscana non servir\u00e0 pi\u00f9 il certificato medico per rientrare a scuola dopo una malattia - intoscana<\/title>\n<meta name=\"description\" content=\"La proposta della Giunta \u00e8 stata approvata all&#039;unanimit\u00e0 dal Consiglio regionale e ora \u00e8 legge. L&#039;assessore Bezzini: &quot;Meno burocrazia per le famiglie&quot;\" \/>\n<meta name=\"robots\" content=\"index, follow, max-snippet:-1, max-image-preview:large, max-video-preview:-1\" \/>\n<link rel=\"canonical\" href=\"https:\/\/www.intoscana.it\/it\/in-toscana-non-servira-piu-il-certificato-medico-per-rientrare-a-scuola-dopo-una-malattia\/\" \/>\n<meta property=\"og:locale\" content=\"it_IT\" \/>\n<meta property=\"og:type\" content=\"article\" \/>\n<meta property=\"og:title\" content=\"In Toscana non servir\u00e0 pi\u00f9 il certificato medico per rientrare a scuola dopo una malattia\" \/>\n<meta property=\"og:description\" content=\"La proposta della Giunta \u00e8 stata approvata all&#039;unanimit\u00e0 dal Consiglio regionale e ora \u00e8 legge. L&#039;assessore Bezzini: &quot;Meno burocrazia per le famiglie&quot;\" \/>\n<meta property=\"og:url\" content=\"https:\/\/www.intoscana.it\/it\/in-toscana-non-servira-piu-il-certificato-medico-per-rientrare-a-scuola-dopo-una-malattia\/\" \/>\n<meta property=\"og:site_name\" content=\"intoscana\" \/>\n<meta property=\"article:publisher\" content=\"https:\/\/www.facebook.com\/intoscana.it\" \/>\n<meta property=\"article:published_time\" content=\"2023-02-21T16:13:45+00:00\" \/>\n<meta property=\"article:modified_time\" content=\"2023-02-22T10:46:56+00:00\" \/>\n<meta property=\"og:image\" content=\"https:\/\/www.intoscana.it\/wp-content\/uploads\/@Sharomka-Scuola-scaled.jpg\" \/>\n\t<meta property=\"og:image:width\" content=\"2048\" \/>\n\t<meta property=\"og:image:height\" content=\"1531\" \/>\n\t<meta property=\"og:image:type\" content=\"image\/jpeg\" \/>\n<meta name=\"author\" content=\"Redazione\" \/>\n<meta name=\"twitter:card\" content=\"summary_large_image\" \/>\n<meta name=\"twitter:creator\" content=\"@intoscana\" \/>\n<meta name=\"twitter:site\" content=\"@intoscana\" \/>\n<meta name=\"twitter:label1\" content=\"Written by\" \/>\n\t<meta name=\"twitter:data1\" content=\"Redazione\" \/>\n\t<meta name=\"twitter:label2\" content=\"Est. reading time\" \/>\n\t<meta name=\"twitter:data2\" content=\"2 minuti\" \/>\n<script type=\"application\/ld+json\" class=\"yoast-schema-graph\">{\"@context\":\"https:\/\/schema.org\",\"@graph\":[{\"@type\":\"WebPage\",\"@id\":\"https:\/\/www.intoscana.it\/it\/in-toscana-non-servira-piu-il-certificato-medico-per-rientrare-a-scuola-dopo-una-malattia\/\",\"url\":\"https:\/\/www.intoscana.it\/it\/in-toscana-non-servira-piu-il-certificato-medico-per-rientrare-a-scuola-dopo-una-malattia\/\",\"name\":\"In Toscana non servir\u00e0 pi\u00f9 il certificato medico per rientrare a scuola dopo una malattia - intoscana\",\"isPartOf\":{\"@id\":\"https:\/\/www.intoscana.it\/it\/#website\"},\"primaryImageOfPage\":{\"@id\":\"https:\/\/www.intoscana.it\/it\/in-toscana-non-servira-piu-il-certificato-medico-per-rientrare-a-scuola-dopo-una-malattia\/#primaryimage\"},\"image\":{\"@id\":\"https:\/\/www.intoscana.it\/it\/in-toscana-non-servira-piu-il-certificato-medico-per-rientrare-a-scuola-dopo-una-malattia\/#primaryimage\"},\"thumbnailUrl\":\"https:\/\/www.intoscana.it\/wp-content\/uploads\/@Sharomka-Scuola-scaled.jpg\",\"datePublished\":\"2023-02-21T16:13:45+00:00\",\"dateModified\":\"2023-02-22T10:46:56+00:00\",\"author\":{\"@id\":\"https:\/\/www.intoscana.it\/it\/#\/schema\/person\/9223810753230f20bd670fdd322661f8\"},\"description\":\"La proposta della Giunta \u00e8 stata approvata all'unanimit\u00e0 dal Consiglio regionale e ora \u00e8 legge. L'assessore Bezzini: \\\"Meno burocrazia per le famiglie\\\"\",\"breadcrumb\":{\"@id\":\"https:\/\/www.intoscana.it\/it\/in-toscana-non-servira-piu-il-certificato-medico-per-rientrare-a-scuola-dopo-una-malattia\/#breadcrumb\"},\"inLanguage\":\"it-IT\",\"potentialAction\":[{\"@type\":\"ReadAction\",\"target\":[\"https:\/\/www.intoscana.it\/it\/in-toscana-non-servira-piu-il-certificato-medico-per-rientrare-a-scuola-dopo-una-malattia\/\"]}]},{\"@type\":\"ImageObject\",\"inLanguage\":\"it-IT\",\"@id\":\"https:\/\/www.intoscana.it\/it\/in-toscana-non-servira-piu-il-certificato-medico-per-rientrare-a-scuola-dopo-una-malattia\/#primaryimage\",\"url\":\"https:\/\/www.intoscana.it\/wp-content\/uploads\/@Sharomka-Scuola-scaled.jpg\",\"contentUrl\":\"https:\/\/www.intoscana.it\/wp-content\/uploads\/@Sharomka-Scuola-scaled.jpg\",\"width\":2048,\"height\":1531,\"caption\":\"scuola\"},{\"@type\":\"BreadcrumbList\",\"@id\":\"https:\/\/www.intoscana.it\/it\/in-toscana-non-servira-piu-il-certificato-medico-per-rientrare-a-scuola-dopo-una-malattia\/#breadcrumb\",\"itemListElement\":[{\"@type\":\"ListItem\",\"position\":1,\"name\":\"Home\",\"item\":\"https:\/\/www.intoscana.it\/it\/\"},{\"@type\":\"ListItem\",\"position\":2,\"name\":\"In Toscana non servir\u00e0 pi\u00f9 il certificato medico per rientrare a scuola dopo una malattia\"}]},{\"@type\":\"WebSite\",\"@id\":\"https:\/\/www.intoscana.it\/it\/#website\",\"url\":\"https:\/\/www.intoscana.it\/it\/\",\"name\":\"intoscana\",\"description\":\"\",\"potentialAction\":[{\"@type\":\"SearchAction\",\"target\":{\"@type\":\"EntryPoint\",\"urlTemplate\":\"https:\/\/www.intoscana.it\/it\/?s={search_term_string}\"},\"query-input\":{\"@type\":\"PropertyValueSpecification\",\"valueRequired\":true,\"valueName\":\"search_term_string\"}}],\"inLanguage\":\"it-IT\"},{\"@type\":\"Person\",\"@id\":\"https:\/\/www.intoscana.it\/it\/#\/schema\/person\/9223810753230f20bd670fdd322661f8\",\"name\":\"Redazione\",\"url\":\"https:\/\/www.intoscana.it\/it\/author\/redazione\/\"}]}<\/script>\n<!-- \/ Yoast SEO Premium plugin. -->","yoast_head_json":{"title":"In Toscana non servir\u00e0 pi\u00f9 il certificato medico per rientrare a scuola dopo una malattia - intoscana","description":"La proposta della Giunta \u00e8 stata approvata all'unanimit\u00e0 dal Consiglio regionale e ora \u00e8 legge. L'assessore Bezzini: \"Meno burocrazia per le famiglie\"","robots":{"index":"index","follow":"follow","max-snippet":"max-snippet:-1","max-image-preview":"max-image-preview:large","max-video-preview":"max-video-preview:-1"},"canonical":"https:\/\/www.intoscana.it\/it\/in-toscana-non-servira-piu-il-certificato-medico-per-rientrare-a-scuola-dopo-una-malattia\/","og_locale":"it_IT","og_type":"article","og_title":"In Toscana non servir\u00e0 pi\u00f9 il certificato medico per rientrare a scuola dopo una malattia","og_description":"La proposta della Giunta \u00e8 stata approvata all'unanimit\u00e0 dal Consiglio regionale e ora \u00e8 legge. L'assessore Bezzini: \"Meno burocrazia per le famiglie\"","og_url":"https:\/\/www.intoscana.it\/it\/in-toscana-non-servira-piu-il-certificato-medico-per-rientrare-a-scuola-dopo-una-malattia\/","og_site_name":"intoscana","article_publisher":"https:\/\/www.facebook.com\/intoscana.it","article_published_time":"2023-02-21T16:13:45+00:00","article_modified_time":"2023-02-22T10:46:56+00:00","og_image":[{"width":2048,"height":1531,"url":"https:\/\/www.intoscana.it\/wp-content\/uploads\/@Sharomka-Scuola-scaled.jpg","type":"image\/jpeg"}],"author":"Redazione","twitter_card":"summary_large_image","twitter_creator":"@intoscana","twitter_site":"@intoscana","twitter_misc":{"Written by":"Redazione","Est. reading time":"2 minuti"},"schema":{"@context":"https:\/\/schema.org","@graph":[{"@type":"WebPage","@id":"https:\/\/www.intoscana.it\/it\/in-toscana-non-servira-piu-il-certificato-medico-per-rientrare-a-scuola-dopo-una-malattia\/","url":"https:\/\/www.intoscana.it\/it\/in-toscana-non-servira-piu-il-certificato-medico-per-rientrare-a-scuola-dopo-una-malattia\/","name":"In Toscana non servir\u00e0 pi\u00f9 il certificato medico per rientrare a scuola dopo una malattia - intoscana","isPartOf":{"@id":"https:\/\/www.intoscana.it\/it\/#website"},"primaryImageOfPage":{"@id":"https:\/\/www.intoscana.it\/it\/in-toscana-non-servira-piu-il-certificato-medico-per-rientrare-a-scuola-dopo-una-malattia\/#primaryimage"},"image":{"@id":"https:\/\/www.intoscana.it\/it\/in-toscana-non-servira-piu-il-certificato-medico-per-rientrare-a-scuola-dopo-una-malattia\/#primaryimage"},"thumbnailUrl":"https:\/\/www.intoscana.it\/wp-content\/uploads\/@Sharomka-Scuola-scaled.jpg","datePublished":"2023-02-21T16:13:45+00:00","dateModified":"2023-02-22T10:46:56+00:00","author":{"@id":"https:\/\/www.intoscana.it\/it\/#\/schema\/person\/9223810753230f20bd670fdd322661f8"},"description":"La proposta della Giunta \u00e8 stata approvata all'unanimit\u00e0 dal Consiglio regionale e ora \u00e8 legge. L'assessore Bezzini: \"Meno burocrazia per le famiglie\"","breadcrumb":{"@id":"https:\/\/www.intoscana.it\/it\/in-toscana-non-servira-piu-il-certificato-medico-per-rientrare-a-scuola-dopo-una-malattia\/#breadcrumb"},"inLanguage":"it-IT","potentialAction":[{"@type":"ReadAction","target":["https:\/\/www.intoscana.it\/it\/in-toscana-non-servira-piu-il-certificato-medico-per-rientrare-a-scuola-dopo-una-malattia\/"]}]},{"@type":"ImageObject","inLanguage":"it-IT","@id":"https:\/\/www.intoscana.it\/it\/in-toscana-non-servira-piu-il-certificato-medico-per-rientrare-a-scuola-dopo-una-malattia\/#primaryimage","url":"https:\/\/www.intoscana.it\/wp-content\/uploads\/@Sharomka-Scuola-scaled.jpg","contentUrl":"https:\/\/www.intoscana.it\/wp-content\/uploads\/@Sharomka-Scuola-scaled.jpg","width":2048,"height":1531,"caption":"scuola"},{"@type":"BreadcrumbList","@id":"https:\/\/www.intoscana.it\/it\/in-toscana-non-servira-piu-il-certificato-medico-per-rientrare-a-scuola-dopo-una-malattia\/#breadcrumb","itemListElement":[{"@type":"ListItem","position":1,"name":"Home","item":"https:\/\/www.intoscana.it\/it\/"},{"@type":"ListItem","position":2,"name":"In Toscana non servir\u00e0 pi\u00f9 il certificato medico per rientrare a scuola dopo una malattia"}]},{"@type":"WebSite","@id":"https:\/\/www.intoscana.it\/it\/#website","url":"https:\/\/www.intoscana.it\/it\/","name":"intoscana","description":"","potentialAction":[{"@type":"SearchAction","target":{"@type":"EntryPoint","urlTemplate":"https:\/\/www.intoscana.it\/it\/?s={search_term_string}"},"query-input":{"@type":"PropertyValueSpecification","valueRequired":true,"valueName":"search_term_string"}}],"inLanguage":"it-IT"},{"@type":"Person","@id":"https:\/\/www.intoscana.it\/it\/#\/schema\/person\/9223810753230f20bd670fdd322661f8","name":"Redazione","url":"https:\/\/www.intoscana.it\/it\/author\/redazione\/"}]}},"_links":{"self":[{"href":"https:\/\/www.intoscana.it\/it\/wp-json\/wp\/v2\/posts\/273384","targetHints":{"allow":["GET"]}}],"collection":[{"href":"https:\/\/www.intoscana.it\/it\/wp-json\/wp\/v2\/posts"}],"about":[{"href":"https:\/\/www.intoscana.it\/it\/wp-json\/wp\/v2\/types\/post"}],"author":[{"embeddable":true,"href":"https:\/\/www.intoscana.it\/it\/wp-json\/wp\/v2\/users\/525"}],"replies":[{"embeddable":true,"href":"https:\/\/www.intoscana.it\/it\/wp-json\/wp\/v2\/comments?post=273384"}],"version-history":[{"count":0,"href":"https:\/\/www.intoscana.it\/it\/wp-json\/wp\/v2\/posts\/273384\/revisions"}],"wp:featuredmedia":[{"embeddable":true,"href":"https:\/\/www.intoscana.it\/it\/wp-json\/wp\/v2\/media\/235490"}],"wp:attachment":[{"href":"https:\/\/www.intoscana.it\/it\/wp-json\/wp\/v2\/media?parent=273384"}],"wp:term":[{"taxonomy":"category","embeddable":true,"href":"https:\/\/www.intoscana.it\/it\/wp-json\/wp\/v2\/categories?post=273384"},{"taxonomy":"post_tag","embeddable":true,"href":"https:\/\/www.intoscana.it\/it\/wp-json\/wp\/v2\/tags?post=273384"}],"curies":[{"name":"wp","href":"https:\/\/api.w.org\/{rel}","templated":true}]}}