{"id":273422,"date":"2023-02-22T13:52:31","date_gmt":"2023-02-22T12:52:31","guid":{"rendered":"https:\/\/www.intoscana.it\/it\/?p=273422"},"modified":"2023-02-22T13:59:52","modified_gmt":"2023-02-22T12:59:52","slug":"nostalgia-del-futuro-mostra-marco-saviozzi-firenze","status":"publish","type":"post","link":"https:\/\/www.intoscana.it\/it\/nostalgia-del-futuro-mostra-marco-saviozzi-firenze\/","title":{"rendered":"Opere postmoderne dal fumetto al cinema: &#8220;Nostalgia del futuro&#8221; di Marco Saviozzi"},"content":{"rendered":"<p>Nello <strong>spazio espositivo Carlo Azeglio Ciampi<\/strong> a palazzo del Pegaso, in via dei Pucci a Firenze,<strong> dal 22 febbraio al 4 marzo<\/strong> la mostra dell<strong>\u2019artista lucchese Marco Saviozzi.\u00a0<\/strong><\/p>\n<p>L&#8217;esposizione <em><strong>\u201cNostalgia del futuro\u201d<\/strong><\/em> \u00e8 l\u2019occasione per fare il punto su <strong>una carriera artistica lunga 35 anni <\/strong>e su una cultura visiva, quella di <strong>Marco Saviozzi,<\/strong> che si \u00e8 alimentata con<strong> istanze cosmopolite multidisciplinari<\/strong>, che spaziano<strong> dall\u2019architettura al fumetto, dal cinema al pop<\/strong> con attenzione massima al<strong> postmoderno e la comunicazione di massa. <\/strong><\/p>\n<p><em>&#8220;Questa mostra ospitata negli spazi espositivi del Consiglio regionale prima di tutto \u00e8 un doveroso tributo ad un artista toscano che da 35 anni onora la Toscana nel mondo con le sue opere. &#8211; <\/em>ha dichiarato\u00a0<strong>Antonio Mazzeo\u00a0Presidente del Consiglio regionale della Toscana &#8211;<\/strong><em>Marco Saviozzi, pittore lucchese, ha un profondo legame con la Toscana. I suoi paesaggi, i suoi illustri personaggi del passato, le opere che la arricchiscono, sono spesso al centro della sua ricerca artistica.\u00a0Una ricerca che, ancorata saldamente nella storia dell\u2019arte, vuole ridare senso alla pittura come immagine, con tutta la sua forza evocativa.\u00a0Le forme, i colori, i contrasti, assumono dunque una centralit\u00e0 perduta, senza tuttavia tralasciare i legami con la sensibilit\u00e0 moderna e post-moderna e, ancora di pi\u00f9, senza coltivare l\u2019ambizione di un pubblico vasto proprio della Pop Art.\u00a0Un artista dunque, Marco Saviozzi, che tiene insieme la tradizione pittorica tipicamente toscana con l\u2019innovazione compositiva e l\u2019apertura al mondo che sono propri della ricerca contemporanea.\u00a0Questa capacit\u00e0 di legare passato e presente e di traguardare il futuro come tempo della consegna di ci\u00f2 che siamo e siamo stati, rileva essere un elemento che ben si collega all\u2019impegno dell\u2019Istituzione che presiedo, il Consiglio regionale, cio\u00e8 quello di contribuire ad alimentare ed aggiornare l\u2019identit\u00e0 toscana all\u2019apertura al mondo e al tempo che ci aspetta&#8221;.<\/em><\/p>\n<div class=\"titleimg\">\n<figure id=\"post-273423 media-273423\" class=\"align-none\"><img decoding=\"async\" src=\"https:\/\/www.intoscana.it\/wp-content\/uploads\/I-pensieri-di-Hitchcock-2012-Tecnica-mista-su-tavola-100x100-cm-1068x1034-1.jpg\" alt=\"\" \/><\/figure>\n<\/div>\n<h3>La mostra &#8220;Nostalgia del futuro&#8221;<\/h3>\n<p>La mostra <em><strong>&#8220;Nostalgia del futuro&#8221;<\/strong><\/em> offre l\u2019occasione all\u2019artista di riproporre quelle che sono le sue tematiche\u00a0privilegiate.<strong> Garibaldi, Cavour, Mazzini sfilano nella loro veste pop,<\/strong> potenziati dal processo di<strong> rielaborazione cromatica.<\/strong><\/p>\n<p><strong>L\u2019arte, la cultura e il cinema<\/strong> fanno da padrone nella poetica di Saviozzi; dagli omaggi al <strong>Pontormo della deposizione<\/strong> a quelli al <strong>paesaggio della Toscana<\/strong> che ha ispirato generazioni di artisti ai suoi figli illustri.<\/p>\n<p>Tra i protagonisti delle sue opere: <strong>Dante<\/strong> \u00e8 in testa senza dimenticare <strong>Puccini,<\/strong> fino ai tributi per <strong>Fellini, Truffaut,<\/strong> il cinema francese e quello pulp di <strong>Quentin Tarantino<\/strong>, passando per le commedie evolute e drammatiche di<strong> Chaplin<\/strong> e quella di <strong>Stan Lauren e Oliver Hardy<\/strong> fino alla musica di <strong>Chet Baker e Miles Davis<\/strong> e su tutto il <strong>cinema hollywoodiano<\/strong> e quello italiano.<\/p>\n<p>Non potevano mancare ovviamente alcune icone di riferimento dell\u2019immaginario collettivo, come <strong>Marilyn<\/strong> o le contemporanee <strong>Lady Gaga e Rihanna<\/strong> e soprattutto il padrino della pop, <strong>Andy Warhol.\u00a0<\/strong><\/p>\n<p>Ha scritto nel catalogo della mostra<strong> il curatore\u00a0Alessandro Romanini.\u00a0<\/strong><em>&#8220;L\u2019arte, la cultura e il cinema fanno da padrone nella poetica di Saviozzi; dagli omaggi al Pontormo della deposizione a quelli per un generico classicismo italiano in generale e toscano in particolare.\u00a0La Pop Art e il suo legame con le dinamiche mass mediatiche e con l\u2019iconografia del consumo, vengono comunque rilette sempre in una chiave \u201cclassica\u201d e innestate su un impianto dalla solidit\u00e0 granitica, articolato con un complesso sistema di rimandi interni e di corrispondenze vettoriali che guidano l\u2019occhio dell\u2019osservatore in un percorso suggerito, che apre per\u00f2 a peregrinazioni percettive e narrative alternative e soggettive. Saviozzi con questo armamentario visuale, maniacalmente progettato, con le sue stesure cromatiche, le alterazioni nella ritrattistica intende sottolineare ed evidenziare la natura artificiale del processo creativo, esponendo all\u2019osservatore il frutto della riflessione metalinguistica di cui sono frutto.&#8221;<\/em><\/p>\n<figure id=\"post-273436 media-273436\" class=\"align-none\"><img decoding=\"async\" src=\"https:\/\/www.intoscana.it\/wp-content\/uploads\/Schermata-2023-02-22-alle-10.29.08.jpg\" alt=\"\" \/><\/figure>\n<div class=\"titleimg\">\u201cNostalgia del futuro\u201d di Marco Saviozzi<\/div>\n","protected":false},"excerpt":{"rendered":"<p>Dal 22 febbraio al 4 marzo nello spazio espositivo Carlo Azeglio Ciampi a palazzo del Pegaso, in via dei Pucci a Firenze, la mostra dell\u2019artista lucchese Marco Saviozzi che mette in luce 35 anni di carriera<\/p>\n","protected":false},"author":518,"featured_media":273524,"comment_status":"open","ping_status":"open","sticky":false,"template":"","format":"standard","meta":{"_acf_changed":false,"footnotes":""},"categories":[493],"tags":[227,222],"class_list":["post-273422","post","type-post","status-publish","format-standard","has-post-thumbnail","hentry","category-cultura","tag-arte-contemporanea","tag-mostre"],"acf":[],"yoast_head":"<!-- This site is optimized with the Yoast SEO Premium plugin v24.2 (Yoast SEO v25.6) - https:\/\/yoast.com\/wordpress\/plugins\/seo\/ -->\n<title>Opere postmoderne dal fumetto al cinema: &quot;Nostalgia del futuro&quot; di Marco Saviozzi - intoscana<\/title>\n<meta name=\"robots\" content=\"index, follow, max-snippet:-1, max-image-preview:large, max-video-preview:-1\" \/>\n<link rel=\"canonical\" href=\"https:\/\/www.intoscana.it\/it\/nostalgia-del-futuro-mostra-marco-saviozzi-firenze\/\" \/>\n<meta property=\"og:locale\" content=\"it_IT\" \/>\n<meta property=\"og:type\" content=\"article\" \/>\n<meta property=\"og:title\" content=\"Opere postmoderne dal fumetto al cinema: &quot;Nostalgia del futuro&quot; di Marco Saviozzi\" \/>\n<meta property=\"og:description\" content=\"Dal 22 febbraio al 4 marzo nello spazio espositivo Carlo Azeglio Ciampi a palazzo del Pegaso, in via dei Pucci a Firenze, la mostra dell\u2019artista lucchese Marco Saviozzi che mette in luce 35 anni di carriera\" \/>\n<meta property=\"og:url\" content=\"https:\/\/www.intoscana.it\/it\/nostalgia-del-futuro-mostra-marco-saviozzi-firenze\/\" \/>\n<meta property=\"og:site_name\" content=\"intoscana\" \/>\n<meta property=\"article:publisher\" content=\"https:\/\/www.facebook.com\/intoscana.it\" \/>\n<meta property=\"article:published_time\" content=\"2023-02-22T12:52:31+00:00\" \/>\n<meta property=\"article:modified_time\" content=\"2023-02-22T12:59:52+00:00\" \/>\n<meta property=\"og:image\" content=\"https:\/\/www.intoscana.it\/wp-content\/uploads\/Schermata-2023-02-22-alle-10.29.53-1.jpg\" \/>\n\t<meta property=\"og:image:width\" content=\"993\" \/>\n\t<meta property=\"og:image:height\" content=\"642\" \/>\n\t<meta property=\"og:image:type\" content=\"image\/jpeg\" \/>\n<meta name=\"author\" content=\"Costanza Baldini\" \/>\n<meta name=\"twitter:card\" content=\"summary_large_image\" \/>\n<meta name=\"twitter:creator\" content=\"@intoscana\" \/>\n<meta name=\"twitter:site\" content=\"@intoscana\" \/>\n<meta name=\"twitter:label1\" content=\"Written by\" \/>\n\t<meta name=\"twitter:data1\" content=\"Costanza Baldini\" \/>\n\t<meta name=\"twitter:label2\" content=\"Est. reading time\" \/>\n\t<meta name=\"twitter:data2\" content=\"3 minuti\" \/>\n<script type=\"application\/ld+json\" class=\"yoast-schema-graph\">{\"@context\":\"https:\/\/schema.org\",\"@graph\":[{\"@type\":\"WebPage\",\"@id\":\"https:\/\/www.intoscana.it\/it\/nostalgia-del-futuro-mostra-marco-saviozzi-firenze\/\",\"url\":\"https:\/\/www.intoscana.it\/it\/nostalgia-del-futuro-mostra-marco-saviozzi-firenze\/\",\"name\":\"Opere postmoderne dal fumetto al cinema: \\\"Nostalgia del futuro\\\" di Marco Saviozzi - intoscana\",\"isPartOf\":{\"@id\":\"https:\/\/www.intoscana.it\/it\/#website\"},\"primaryImageOfPage\":{\"@id\":\"https:\/\/www.intoscana.it\/it\/nostalgia-del-futuro-mostra-marco-saviozzi-firenze\/#primaryimage\"},\"image\":{\"@id\":\"https:\/\/www.intoscana.it\/it\/nostalgia-del-futuro-mostra-marco-saviozzi-firenze\/#primaryimage\"},\"thumbnailUrl\":\"https:\/\/www.intoscana.it\/wp-content\/uploads\/Schermata-2023-02-22-alle-10.29.53-1.jpg\",\"datePublished\":\"2023-02-22T12:52:31+00:00\",\"dateModified\":\"2023-02-22T12:59:52+00:00\",\"author\":{\"@id\":\"https:\/\/www.intoscana.it\/it\/#\/schema\/person\/d469f35f09739bdf00bf5dd3f0647a82\"},\"breadcrumb\":{\"@id\":\"https:\/\/www.intoscana.it\/it\/nostalgia-del-futuro-mostra-marco-saviozzi-firenze\/#breadcrumb\"},\"inLanguage\":\"it-IT\",\"potentialAction\":[{\"@type\":\"ReadAction\",\"target\":[\"https:\/\/www.intoscana.it\/it\/nostalgia-del-futuro-mostra-marco-saviozzi-firenze\/\"]}]},{\"@type\":\"ImageObject\",\"inLanguage\":\"it-IT\",\"@id\":\"https:\/\/www.intoscana.it\/it\/nostalgia-del-futuro-mostra-marco-saviozzi-firenze\/#primaryimage\",\"url\":\"https:\/\/www.intoscana.it\/wp-content\/uploads\/Schermata-2023-02-22-alle-10.29.53-1.jpg\",\"contentUrl\":\"https:\/\/www.intoscana.it\/wp-content\/uploads\/Schermata-2023-02-22-alle-10.29.53-1.jpg\",\"width\":993,\"height\":642},{\"@type\":\"BreadcrumbList\",\"@id\":\"https:\/\/www.intoscana.it\/it\/nostalgia-del-futuro-mostra-marco-saviozzi-firenze\/#breadcrumb\",\"itemListElement\":[{\"@type\":\"ListItem\",\"position\":1,\"name\":\"Home\",\"item\":\"https:\/\/www.intoscana.it\/it\/\"},{\"@type\":\"ListItem\",\"position\":2,\"name\":\"Opere postmoderne dal fumetto al cinema: &#8220;Nostalgia del futuro&#8221; di Marco Saviozzi\"}]},{\"@type\":\"WebSite\",\"@id\":\"https:\/\/www.intoscana.it\/it\/#website\",\"url\":\"https:\/\/www.intoscana.it\/it\/\",\"name\":\"intoscana\",\"description\":\"\",\"potentialAction\":[{\"@type\":\"SearchAction\",\"target\":{\"@type\":\"EntryPoint\",\"urlTemplate\":\"https:\/\/www.intoscana.it\/it\/?s={search_term_string}\"},\"query-input\":{\"@type\":\"PropertyValueSpecification\",\"valueRequired\":true,\"valueName\":\"search_term_string\"}}],\"inLanguage\":\"it-IT\"},{\"@type\":\"Person\",\"@id\":\"https:\/\/www.intoscana.it\/it\/#\/schema\/person\/d469f35f09739bdf00bf5dd3f0647a82\",\"name\":\"Costanza Baldini\",\"url\":\"https:\/\/www.intoscana.it\/it\/author\/costanza-baldini\/\"}]}<\/script>\n<!-- \/ Yoast SEO Premium plugin. -->","yoast_head_json":{"title":"Opere postmoderne dal fumetto al cinema: \"Nostalgia del futuro\" di Marco Saviozzi - intoscana","robots":{"index":"index","follow":"follow","max-snippet":"max-snippet:-1","max-image-preview":"max-image-preview:large","max-video-preview":"max-video-preview:-1"},"canonical":"https:\/\/www.intoscana.it\/it\/nostalgia-del-futuro-mostra-marco-saviozzi-firenze\/","og_locale":"it_IT","og_type":"article","og_title":"Opere postmoderne dal fumetto al cinema: \"Nostalgia del futuro\" di Marco Saviozzi","og_description":"Dal 22 febbraio al 4 marzo nello spazio espositivo Carlo Azeglio Ciampi a palazzo del Pegaso, in via dei Pucci a Firenze, la mostra dell\u2019artista lucchese Marco Saviozzi che mette in luce 35 anni di carriera","og_url":"https:\/\/www.intoscana.it\/it\/nostalgia-del-futuro-mostra-marco-saviozzi-firenze\/","og_site_name":"intoscana","article_publisher":"https:\/\/www.facebook.com\/intoscana.it","article_published_time":"2023-02-22T12:52:31+00:00","article_modified_time":"2023-02-22T12:59:52+00:00","og_image":[{"width":993,"height":642,"url":"https:\/\/www.intoscana.it\/wp-content\/uploads\/Schermata-2023-02-22-alle-10.29.53-1.jpg","type":"image\/jpeg"}],"author":"Costanza Baldini","twitter_card":"summary_large_image","twitter_creator":"@intoscana","twitter_site":"@intoscana","twitter_misc":{"Written by":"Costanza Baldini","Est. reading time":"3 minuti"},"schema":{"@context":"https:\/\/schema.org","@graph":[{"@type":"WebPage","@id":"https:\/\/www.intoscana.it\/it\/nostalgia-del-futuro-mostra-marco-saviozzi-firenze\/","url":"https:\/\/www.intoscana.it\/it\/nostalgia-del-futuro-mostra-marco-saviozzi-firenze\/","name":"Opere postmoderne dal fumetto al cinema: \"Nostalgia del futuro\" di Marco Saviozzi - intoscana","isPartOf":{"@id":"https:\/\/www.intoscana.it\/it\/#website"},"primaryImageOfPage":{"@id":"https:\/\/www.intoscana.it\/it\/nostalgia-del-futuro-mostra-marco-saviozzi-firenze\/#primaryimage"},"image":{"@id":"https:\/\/www.intoscana.it\/it\/nostalgia-del-futuro-mostra-marco-saviozzi-firenze\/#primaryimage"},"thumbnailUrl":"https:\/\/www.intoscana.it\/wp-content\/uploads\/Schermata-2023-02-22-alle-10.29.53-1.jpg","datePublished":"2023-02-22T12:52:31+00:00","dateModified":"2023-02-22T12:59:52+00:00","author":{"@id":"https:\/\/www.intoscana.it\/it\/#\/schema\/person\/d469f35f09739bdf00bf5dd3f0647a82"},"breadcrumb":{"@id":"https:\/\/www.intoscana.it\/it\/nostalgia-del-futuro-mostra-marco-saviozzi-firenze\/#breadcrumb"},"inLanguage":"it-IT","potentialAction":[{"@type":"ReadAction","target":["https:\/\/www.intoscana.it\/it\/nostalgia-del-futuro-mostra-marco-saviozzi-firenze\/"]}]},{"@type":"ImageObject","inLanguage":"it-IT","@id":"https:\/\/www.intoscana.it\/it\/nostalgia-del-futuro-mostra-marco-saviozzi-firenze\/#primaryimage","url":"https:\/\/www.intoscana.it\/wp-content\/uploads\/Schermata-2023-02-22-alle-10.29.53-1.jpg","contentUrl":"https:\/\/www.intoscana.it\/wp-content\/uploads\/Schermata-2023-02-22-alle-10.29.53-1.jpg","width":993,"height":642},{"@type":"BreadcrumbList","@id":"https:\/\/www.intoscana.it\/it\/nostalgia-del-futuro-mostra-marco-saviozzi-firenze\/#breadcrumb","itemListElement":[{"@type":"ListItem","position":1,"name":"Home","item":"https:\/\/www.intoscana.it\/it\/"},{"@type":"ListItem","position":2,"name":"Opere postmoderne dal fumetto al cinema: &#8220;Nostalgia del futuro&#8221; di Marco Saviozzi"}]},{"@type":"WebSite","@id":"https:\/\/www.intoscana.it\/it\/#website","url":"https:\/\/www.intoscana.it\/it\/","name":"intoscana","description":"","potentialAction":[{"@type":"SearchAction","target":{"@type":"EntryPoint","urlTemplate":"https:\/\/www.intoscana.it\/it\/?s={search_term_string}"},"query-input":{"@type":"PropertyValueSpecification","valueRequired":true,"valueName":"search_term_string"}}],"inLanguage":"it-IT"},{"@type":"Person","@id":"https:\/\/www.intoscana.it\/it\/#\/schema\/person\/d469f35f09739bdf00bf5dd3f0647a82","name":"Costanza Baldini","url":"https:\/\/www.intoscana.it\/it\/author\/costanza-baldini\/"}]}},"_links":{"self":[{"href":"https:\/\/www.intoscana.it\/it\/wp-json\/wp\/v2\/posts\/273422","targetHints":{"allow":["GET"]}}],"collection":[{"href":"https:\/\/www.intoscana.it\/it\/wp-json\/wp\/v2\/posts"}],"about":[{"href":"https:\/\/www.intoscana.it\/it\/wp-json\/wp\/v2\/types\/post"}],"author":[{"embeddable":true,"href":"https:\/\/www.intoscana.it\/it\/wp-json\/wp\/v2\/users\/518"}],"replies":[{"embeddable":true,"href":"https:\/\/www.intoscana.it\/it\/wp-json\/wp\/v2\/comments?post=273422"}],"version-history":[{"count":0,"href":"https:\/\/www.intoscana.it\/it\/wp-json\/wp\/v2\/posts\/273422\/revisions"}],"wp:featuredmedia":[{"embeddable":true,"href":"https:\/\/www.intoscana.it\/it\/wp-json\/wp\/v2\/media\/273524"}],"wp:attachment":[{"href":"https:\/\/www.intoscana.it\/it\/wp-json\/wp\/v2\/media?parent=273422"}],"wp:term":[{"taxonomy":"category","embeddable":true,"href":"https:\/\/www.intoscana.it\/it\/wp-json\/wp\/v2\/categories?post=273422"},{"taxonomy":"post_tag","embeddable":true,"href":"https:\/\/www.intoscana.it\/it\/wp-json\/wp\/v2\/tags?post=273422"}],"curies":[{"name":"wp","href":"https:\/\/api.w.org\/{rel}","templated":true}]}}