{"id":273516,"date":"2023-02-22T13:41:30","date_gmt":"2023-02-22T12:41:30","guid":{"rendered":"https:\/\/www.intoscana.it\/it\/?p=273516"},"modified":"2023-02-22T13:41:30","modified_gmt":"2023-02-22T12:41:30","slug":"i-fiumi-nuovo-progetto-musicale-di-xabier-iriondo-in-concerto-a-firenze","status":"publish","type":"post","link":"https:\/\/www.intoscana.it\/it\/i-fiumi-nuovo-progetto-musicale-di-xabier-iriondo-in-concerto-a-firenze\/","title":{"rendered":"I Fiumi nuovo progetto musicale di Xabier Iriondo in concerto a Firenze"},"content":{"rendered":"<p>Esce <strong>venerd\u00ec 24 febbraio<\/strong> il primo album di inediti della<strong> rock band<\/strong> costituita da\u00a0<strong>Sarah Stride,\u00a0Xabier Iriondo,\u00a0Andrea Lombardini,\u00a0Diego Galeri.<\/strong><\/p>\n<p>Il tour della band far\u00e0 tappa al <strong>Glue di Firenze sabato 25 febbraio,<\/strong> in apertura<strong> Auge e Liet.<\/strong><\/p>\n<p>Il primo disco della band ha<strong> un sound alternative pop-rock<\/strong> e una voce intensa costituiscono la spina dorsale di un progetto frutto dell\u2019unione dei quattro musicisti, tutti provenienti da importanti esperienze precedenti tra cui Timoria e Afterhours, per citarne solo due.<\/p>\n<p>I dieci brani del disco costituiscono <strong>un\u2019introspezione visionaria della vita,<\/strong> in tutte le sue sfaccettature, una collezione di canzoni in cui<strong> la voce di Sarah Stride<\/strong> segue con fluidit\u00e0 l\u2019insieme delle sonorit\u00e0 consolidate di Xabier Iriondo, Andrea Lombardini e Diego Galeri.<\/p>\n<p><strong>La poesia di Ungaretti<\/strong> che ispira il nome della band e il titolo dell\u2019album si ritrova anche nell\u2019omonima traccia, <strong>una ballata-omaggio al panta rei di Eraclito<\/strong> che racconta la necessit\u00e0 di immaginarsi liberi dalle sovrastrutture di pensiero che impediscono il naturale fluire delle cose.<\/p>\n<p><em>\u201cRestare s\u00e9 stessi nel continuo mutamento, diventare ci\u00f2 che si \u00e8, ardere d&#8217;inconsapevolezza e poi conoscersi, esplorare i continenti della vita e liberarsi nella musica e nella poesia \u2013<\/em> <strong>\u00e8 il commento della band al disco\u2013<\/strong><em> Rimescoliamo le acque torbide della musica italiana riconoscendoci nella forza della parola e nell&#8217;immediatezza del suono ruvido, da levigare lentamente come rocce nella corrente\u201d.<\/em><\/p>\n<p><iframe loading=\"lazy\" title=\"YouTube video player\" src=\"https:\/\/www.youtube.com\/embed\/apLHSEG72eA\" width=\"800\" height=\"500\" frameborder=\"0\" allowfullscreen=\"allowfullscreen\"><span data-mce-type=\"bookmark\" style=\"display: inline-block; width: 0px; overflow: hidden; line-height: 0;\" class=\"mce_SELRES_start\">\ufeff<\/span><\/iframe><\/p>\n<p><strong>Xabier Iriondo<\/strong> \u00e8 il &#8220;deus-ex-machina&#8221; di alcuni dei progetti musicali pi\u00f9 avventurosi concepiti negli ultimi 20 anni in Italia.<\/p>\n<p><strong>Chitarrista degli Afterhours<\/strong> nonch\u00e8 manipolatore sonoro di progetti come <strong>Tasaday, A Short Apnea ed Uncode Duello<\/strong>, nasce nel quartiere Isola a Milano all\u2019alba degli anni settanta da padre basco e madre italiana.<\/p>\n<p><strong>Nel 2001 lascia gli Afterhours<\/strong> ed inizia ad esplorare le possibilt\u00e0 timbriche e performative offerte da alcuni strumenti autocostruiti e dal loro incontro con musica elettronica, field recordings e strumenti elettroacustici.<\/p>\n<p>Nel 2006 realizza il primo <strong>Mahai Metak.<\/strong><\/p>\n<p>Dal 2005 al 2010 si sviluppa l&#8217;avventurosa esperienza di<strong> Soundmetak, un negozio\/laboratorio<\/strong> dove per cinque anni tratta strumenti musicali originali e ricercati ed organizza centinaia di performances di cantautori, musicisti ed artisti sperimentali del circuito nazionale ed internazionale.<\/p>\n<p>Nel 2010 rientra in pianta stabile nella formazione del gruppo Afterhours dopo 9 anni di assenza.<\/p>\n<p><strong>Nel 2012 esce &#8220;Irrintzi&#8221;, il suo debutto solista.<\/strong><\/p>\n","protected":false},"excerpt":{"rendered":"<p>Il tour della nuova band del chitarrista degli Afterhours far\u00e0 tappa al Glue Alternative Concept Space di Firenze sabato 25 febbraio, in apertura Auge e Liet<\/p>\n","protected":false},"author":525,"featured_media":273518,"comment_status":"open","ping_status":"open","sticky":false,"template":"","format":"standard","meta":{"_acf_changed":false,"footnotes":""},"categories":[14],"tags":[216,4474,202],"class_list":["post-273516","post","type-post","status-publish","format-standard","has-post-thumbnail","hentry","category-musica","tag-concerti","tag-eventi","tag-firenze"],"acf":[],"yoast_head":"<!-- This site is optimized with the Yoast SEO Premium plugin v24.2 (Yoast SEO v25.6) - https:\/\/yoast.com\/wordpress\/plugins\/seo\/ -->\n<title>I Fiumi nuovo progetto musicale di Xabier Iriondo in concerto a Firenze - intoscana<\/title>\n<meta name=\"description\" content=\"Il tour della nuova band del chitarrista degli Afterhours far\u00e0 tappa al Glue di Firenze sabato 25 febbraio, in apertura Auge e Liet\" \/>\n<meta name=\"robots\" content=\"index, follow, max-snippet:-1, max-image-preview:large, max-video-preview:-1\" \/>\n<link rel=\"canonical\" href=\"https:\/\/www.intoscana.it\/it\/i-fiumi-nuovo-progetto-musicale-di-xabier-iriondo-in-concerto-a-firenze\/\" \/>\n<meta property=\"og:locale\" content=\"it_IT\" \/>\n<meta property=\"og:type\" content=\"article\" \/>\n<meta property=\"og:title\" content=\"I Fiumi nuovo progetto musicale di Xabier Iriondo in concerto a Firenze\" \/>\n<meta property=\"og:description\" content=\"Il tour della nuova band del chitarrista degli Afterhours far\u00e0 tappa al Glue di Firenze sabato 25 febbraio, in apertura Auge e Liet\" \/>\n<meta property=\"og:url\" content=\"https:\/\/www.intoscana.it\/it\/i-fiumi-nuovo-progetto-musicale-di-xabier-iriondo-in-concerto-a-firenze\/\" \/>\n<meta property=\"og:site_name\" content=\"intoscana\" \/>\n<meta property=\"article:publisher\" content=\"https:\/\/www.facebook.com\/intoscana.it\" \/>\n<meta property=\"article:published_time\" content=\"2023-02-22T12:41:30+00:00\" \/>\n<meta property=\"og:image\" content=\"https:\/\/www.intoscana.it\/wp-content\/uploads\/i-fiumi-tour-2023-2.jpeg\" \/>\n\t<meta property=\"og:image:width\" content=\"1280\" \/>\n\t<meta property=\"og:image:height\" content=\"853\" \/>\n\t<meta property=\"og:image:type\" content=\"image\/jpeg\" \/>\n<meta name=\"author\" content=\"Redazione\" \/>\n<meta name=\"twitter:card\" content=\"summary_large_image\" \/>\n<meta name=\"twitter:creator\" content=\"@intoscana\" \/>\n<meta name=\"twitter:site\" content=\"@intoscana\" \/>\n<meta name=\"twitter:label1\" content=\"Written by\" \/>\n\t<meta name=\"twitter:data1\" content=\"Redazione\" \/>\n\t<meta name=\"twitter:label2\" content=\"Est. reading time\" \/>\n\t<meta name=\"twitter:data2\" content=\"2 minuti\" \/>\n<script type=\"application\/ld+json\" class=\"yoast-schema-graph\">{\"@context\":\"https:\/\/schema.org\",\"@graph\":[{\"@type\":\"WebPage\",\"@id\":\"https:\/\/www.intoscana.it\/it\/i-fiumi-nuovo-progetto-musicale-di-xabier-iriondo-in-concerto-a-firenze\/\",\"url\":\"https:\/\/www.intoscana.it\/it\/i-fiumi-nuovo-progetto-musicale-di-xabier-iriondo-in-concerto-a-firenze\/\",\"name\":\"I Fiumi nuovo progetto musicale di Xabier Iriondo in concerto a Firenze - intoscana\",\"isPartOf\":{\"@id\":\"https:\/\/www.intoscana.it\/it\/#website\"},\"primaryImageOfPage\":{\"@id\":\"https:\/\/www.intoscana.it\/it\/i-fiumi-nuovo-progetto-musicale-di-xabier-iriondo-in-concerto-a-firenze\/#primaryimage\"},\"image\":{\"@id\":\"https:\/\/www.intoscana.it\/it\/i-fiumi-nuovo-progetto-musicale-di-xabier-iriondo-in-concerto-a-firenze\/#primaryimage\"},\"thumbnailUrl\":\"https:\/\/www.intoscana.it\/wp-content\/uploads\/i-fiumi-tour-2023-2.jpeg\",\"datePublished\":\"2023-02-22T12:41:30+00:00\",\"author\":{\"@id\":\"https:\/\/www.intoscana.it\/it\/#\/schema\/person\/9223810753230f20bd670fdd322661f8\"},\"description\":\"Il tour della nuova band del chitarrista degli Afterhours far\u00e0 tappa al Glue di Firenze sabato 25 febbraio, in apertura Auge e Liet\",\"breadcrumb\":{\"@id\":\"https:\/\/www.intoscana.it\/it\/i-fiumi-nuovo-progetto-musicale-di-xabier-iriondo-in-concerto-a-firenze\/#breadcrumb\"},\"inLanguage\":\"it-IT\",\"potentialAction\":[{\"@type\":\"ReadAction\",\"target\":[\"https:\/\/www.intoscana.it\/it\/i-fiumi-nuovo-progetto-musicale-di-xabier-iriondo-in-concerto-a-firenze\/\"]}]},{\"@type\":\"ImageObject\",\"inLanguage\":\"it-IT\",\"@id\":\"https:\/\/www.intoscana.it\/it\/i-fiumi-nuovo-progetto-musicale-di-xabier-iriondo-in-concerto-a-firenze\/#primaryimage\",\"url\":\"https:\/\/www.intoscana.it\/wp-content\/uploads\/i-fiumi-tour-2023-2.jpeg\",\"contentUrl\":\"https:\/\/www.intoscana.it\/wp-content\/uploads\/i-fiumi-tour-2023-2.jpeg\",\"width\":1280,\"height\":853},{\"@type\":\"BreadcrumbList\",\"@id\":\"https:\/\/www.intoscana.it\/it\/i-fiumi-nuovo-progetto-musicale-di-xabier-iriondo-in-concerto-a-firenze\/#breadcrumb\",\"itemListElement\":[{\"@type\":\"ListItem\",\"position\":1,\"name\":\"Home\",\"item\":\"https:\/\/www.intoscana.it\/it\/\"},{\"@type\":\"ListItem\",\"position\":2,\"name\":\"I Fiumi nuovo progetto musicale di Xabier Iriondo in concerto a Firenze\"}]},{\"@type\":\"WebSite\",\"@id\":\"https:\/\/www.intoscana.it\/it\/#website\",\"url\":\"https:\/\/www.intoscana.it\/it\/\",\"name\":\"intoscana\",\"description\":\"\",\"potentialAction\":[{\"@type\":\"SearchAction\",\"target\":{\"@type\":\"EntryPoint\",\"urlTemplate\":\"https:\/\/www.intoscana.it\/it\/?s={search_term_string}\"},\"query-input\":{\"@type\":\"PropertyValueSpecification\",\"valueRequired\":true,\"valueName\":\"search_term_string\"}}],\"inLanguage\":\"it-IT\"},{\"@type\":\"Person\",\"@id\":\"https:\/\/www.intoscana.it\/it\/#\/schema\/person\/9223810753230f20bd670fdd322661f8\",\"name\":\"Redazione\",\"url\":\"https:\/\/www.intoscana.it\/it\/author\/redazione\/\"}]}<\/script>\n<!-- \/ Yoast SEO Premium plugin. -->","yoast_head_json":{"title":"I Fiumi nuovo progetto musicale di Xabier Iriondo in concerto a Firenze - intoscana","description":"Il tour della nuova band del chitarrista degli Afterhours far\u00e0 tappa al Glue di Firenze sabato 25 febbraio, in apertura Auge e Liet","robots":{"index":"index","follow":"follow","max-snippet":"max-snippet:-1","max-image-preview":"max-image-preview:large","max-video-preview":"max-video-preview:-1"},"canonical":"https:\/\/www.intoscana.it\/it\/i-fiumi-nuovo-progetto-musicale-di-xabier-iriondo-in-concerto-a-firenze\/","og_locale":"it_IT","og_type":"article","og_title":"I Fiumi nuovo progetto musicale di Xabier Iriondo in concerto a Firenze","og_description":"Il tour della nuova band del chitarrista degli Afterhours far\u00e0 tappa al Glue di Firenze sabato 25 febbraio, in apertura Auge e Liet","og_url":"https:\/\/www.intoscana.it\/it\/i-fiumi-nuovo-progetto-musicale-di-xabier-iriondo-in-concerto-a-firenze\/","og_site_name":"intoscana","article_publisher":"https:\/\/www.facebook.com\/intoscana.it","article_published_time":"2023-02-22T12:41:30+00:00","og_image":[{"width":1280,"height":853,"url":"https:\/\/www.intoscana.it\/wp-content\/uploads\/i-fiumi-tour-2023-2.jpeg","type":"image\/jpeg"}],"author":"Redazione","twitter_card":"summary_large_image","twitter_creator":"@intoscana","twitter_site":"@intoscana","twitter_misc":{"Written by":"Redazione","Est. reading time":"2 minuti"},"schema":{"@context":"https:\/\/schema.org","@graph":[{"@type":"WebPage","@id":"https:\/\/www.intoscana.it\/it\/i-fiumi-nuovo-progetto-musicale-di-xabier-iriondo-in-concerto-a-firenze\/","url":"https:\/\/www.intoscana.it\/it\/i-fiumi-nuovo-progetto-musicale-di-xabier-iriondo-in-concerto-a-firenze\/","name":"I Fiumi nuovo progetto musicale di Xabier Iriondo in concerto a Firenze - intoscana","isPartOf":{"@id":"https:\/\/www.intoscana.it\/it\/#website"},"primaryImageOfPage":{"@id":"https:\/\/www.intoscana.it\/it\/i-fiumi-nuovo-progetto-musicale-di-xabier-iriondo-in-concerto-a-firenze\/#primaryimage"},"image":{"@id":"https:\/\/www.intoscana.it\/it\/i-fiumi-nuovo-progetto-musicale-di-xabier-iriondo-in-concerto-a-firenze\/#primaryimage"},"thumbnailUrl":"https:\/\/www.intoscana.it\/wp-content\/uploads\/i-fiumi-tour-2023-2.jpeg","datePublished":"2023-02-22T12:41:30+00:00","author":{"@id":"https:\/\/www.intoscana.it\/it\/#\/schema\/person\/9223810753230f20bd670fdd322661f8"},"description":"Il tour della nuova band del chitarrista degli Afterhours far\u00e0 tappa al Glue di Firenze sabato 25 febbraio, in apertura Auge e Liet","breadcrumb":{"@id":"https:\/\/www.intoscana.it\/it\/i-fiumi-nuovo-progetto-musicale-di-xabier-iriondo-in-concerto-a-firenze\/#breadcrumb"},"inLanguage":"it-IT","potentialAction":[{"@type":"ReadAction","target":["https:\/\/www.intoscana.it\/it\/i-fiumi-nuovo-progetto-musicale-di-xabier-iriondo-in-concerto-a-firenze\/"]}]},{"@type":"ImageObject","inLanguage":"it-IT","@id":"https:\/\/www.intoscana.it\/it\/i-fiumi-nuovo-progetto-musicale-di-xabier-iriondo-in-concerto-a-firenze\/#primaryimage","url":"https:\/\/www.intoscana.it\/wp-content\/uploads\/i-fiumi-tour-2023-2.jpeg","contentUrl":"https:\/\/www.intoscana.it\/wp-content\/uploads\/i-fiumi-tour-2023-2.jpeg","width":1280,"height":853},{"@type":"BreadcrumbList","@id":"https:\/\/www.intoscana.it\/it\/i-fiumi-nuovo-progetto-musicale-di-xabier-iriondo-in-concerto-a-firenze\/#breadcrumb","itemListElement":[{"@type":"ListItem","position":1,"name":"Home","item":"https:\/\/www.intoscana.it\/it\/"},{"@type":"ListItem","position":2,"name":"I Fiumi nuovo progetto musicale di Xabier Iriondo in concerto a Firenze"}]},{"@type":"WebSite","@id":"https:\/\/www.intoscana.it\/it\/#website","url":"https:\/\/www.intoscana.it\/it\/","name":"intoscana","description":"","potentialAction":[{"@type":"SearchAction","target":{"@type":"EntryPoint","urlTemplate":"https:\/\/www.intoscana.it\/it\/?s={search_term_string}"},"query-input":{"@type":"PropertyValueSpecification","valueRequired":true,"valueName":"search_term_string"}}],"inLanguage":"it-IT"},{"@type":"Person","@id":"https:\/\/www.intoscana.it\/it\/#\/schema\/person\/9223810753230f20bd670fdd322661f8","name":"Redazione","url":"https:\/\/www.intoscana.it\/it\/author\/redazione\/"}]}},"_links":{"self":[{"href":"https:\/\/www.intoscana.it\/it\/wp-json\/wp\/v2\/posts\/273516","targetHints":{"allow":["GET"]}}],"collection":[{"href":"https:\/\/www.intoscana.it\/it\/wp-json\/wp\/v2\/posts"}],"about":[{"href":"https:\/\/www.intoscana.it\/it\/wp-json\/wp\/v2\/types\/post"}],"author":[{"embeddable":true,"href":"https:\/\/www.intoscana.it\/it\/wp-json\/wp\/v2\/users\/525"}],"replies":[{"embeddable":true,"href":"https:\/\/www.intoscana.it\/it\/wp-json\/wp\/v2\/comments?post=273516"}],"version-history":[{"count":0,"href":"https:\/\/www.intoscana.it\/it\/wp-json\/wp\/v2\/posts\/273516\/revisions"}],"wp:featuredmedia":[{"embeddable":true,"href":"https:\/\/www.intoscana.it\/it\/wp-json\/wp\/v2\/media\/273518"}],"wp:attachment":[{"href":"https:\/\/www.intoscana.it\/it\/wp-json\/wp\/v2\/media?parent=273516"}],"wp:term":[{"taxonomy":"category","embeddable":true,"href":"https:\/\/www.intoscana.it\/it\/wp-json\/wp\/v2\/categories?post=273516"},{"taxonomy":"post_tag","embeddable":true,"href":"https:\/\/www.intoscana.it\/it\/wp-json\/wp\/v2\/tags?post=273516"}],"curies":[{"name":"wp","href":"https:\/\/api.w.org\/{rel}","templated":true}]}}