{"id":273609,"date":"2023-02-23T09:50:20","date_gmt":"2023-02-23T08:50:20","guid":{"rendered":"https:\/\/www.intoscana.it\/it\/?p=273609"},"modified":"2023-02-24T12:22:51","modified_gmt":"2023-02-24T11:22:51","slug":"covid-19-in-toscana-272-nuovi-casi-i-decessi-sono-sette","status":"publish","type":"post","link":"https:\/\/www.intoscana.it\/it\/covid-19-in-toscana-272-nuovi-casi-i-decessi-sono-sette\/","title":{"rendered":"Covid-19: in Toscana 272 nuovi casi, i decessi sono sette"},"content":{"rendered":"<p><strong>Sono 272 i nuovi casi di Covid-19<\/strong> registrati nelle ultime ventiquattro ore in Toscana: 66 sono stati confermati con tampone molecolare e gli altri 206 con test rapido.<\/p>\n<p><strong>Il numero dei contagiati<\/strong> rilevati nella regione dall&#8217;inizio della pandemia sale dunque a <strong>1.588.384<\/strong>. I nuovi casi sono lo 0,02% in pi\u00f9 rispetto al totale del giorno precedente. I guariti crescono dello 0,1% (1.257 persone) e raggiungono quota 1.562.489 (98,4% dei casi totali).<\/p>\n<p>Al momento in Toscana risultano pertanto<strong> 14.341 positivi, -6,5% rispetto a ieri.<\/strong> Di questi 177 (2 in meno rispetto a ieri) sono ricoverati in ospedale: 8 (stabili) si trovano in terapia intensiva.<\/p>\n<p>La lista dei decessi si aggiorna con <strong>7 nuovi decessi: 4 uomini e 3 donne con un&#8217;et\u00e0 media di 86,3 anni.<\/strong><\/p>\n<p>Dall&#8217;ultimo bollettino quotidiano sono stati eseguiti <strong>415 tamponi molecolari e 3.248 tamponi antigenici rapidi:<\/strong> di questi il 7,4% \u00e8 risultato positivo. Sono invece 516 i soggetti testati, escludendo i tamponi di controllo: il 52,7% di questi \u00e8 risultato positivo.<\/p>\n<h3>L&#8217;andamento per provincia<\/h3>\n<p>Con gli ultimi casi <strong>salgono a 425.084 i positivi dall&#8217;inizio dell&#8217;emergenza<\/strong> nei comuni della Citt\u00e0 metropolitana di Firenze (83 in pi\u00f9 rispetto a ieri), 103.527 in provincia di Prato (18 in pi\u00f9), 123.321 a Pistoia (18 in pi\u00f9), 83.348 a Massa Carrara (6 in pi\u00f9), 173.156 a Lucca (14 in pi\u00f9), 186.026 a Pisa (45 in pi\u00f9), 146.714 a Livorno (16 in pi\u00f9), 143.409 ad Arezzo (24 in pi\u00f9), 113.535 a Siena (26 in pi\u00f9) e 88.983 a Grosseto (19 in pi\u00f9). A questi vanno aggiunti 569 casi di positivit\u00e0 notificati in Toscana ma che riguardano residenti in altre regioni.<\/p>\n<p><strong>La Toscana ha circa 43.361 casi complessivi ogni 100.000 abitanti<\/strong> dall&#8217;inizio della pandemia (tra residenti e non residenti). Al momento la provincia di notifica con il tasso pi\u00f9 alto \u00e9 Lucca (con 45.274 casi ogni 100 mila abitanti), seguita da Livorno (44.831) e Pisa (44.606). La pi\u00f9 bassa concentrazione si riscontra a Prato (con un tasso di 40.108).<\/p>\n<p><strong>In 14.164 sono in isolamento a casa,<\/strong> perch\u00e9 presentano sintomi lievi che non richiedono cure ospedaliere o risultano prive di sintomi (990 in meno rispetto a ieri, meno 6,5%).<\/p>\n<p>I <strong>1.562.489 guariti registrati a oggi<\/strong> lo sono a tutti gli effetti, da un punto di vista virale, certificati con tampone negativo.<\/p>\n<h3>I decessi<\/h3>\n<p>La lista dei decessi si aggiorna con<strong> 7 nuovi decessi: 4 uomini e 3 donne con un&#8217;et\u00e0 media di 86,3 anni.<\/strong><\/p>\n<p>Relativamente alla provincia di residenza, le persone decedute sono: 1 a Lucca, 5 a Arezzo, 1 a Grosseto.<\/p>\n<p><strong>Sono 11.554 i deceduti dall&#8217;inizio dell&#8217;epidemia<\/strong>: 3.667 nella Citt\u00e0 metropolitana di Firenze, 943 in provincia di Prato, 1.037 a Pistoia, 716 a Massa Carrara, 1.067 a Lucca, 1.286 a Pisa, 867 a Livorno, 742 ad Arezzo, 640 a Siena, 421 a Grosseto. Vanno aggiunte 168 persone decedute sul suolo toscano ma erano residenti fuori regione.<\/p>\n<p>Il tasso grezzo di mortalit\u00e0 per Covid-19 (numero di deceduti\/popolazione residente) \u00e8 al momento 315,4 ogni 100 mila residenti. Per quanto riguarda le province, il tasso di mortalit\u00e0 pi\u00f9 alto si riscontra a Massa Carrara (379,9 ogni 100 mila abitanti), seguita da Firenze (371,4 x100.000) e Prato (365,3 x100.000), mentre il pi\u00f9 basso \u00e8 a Grosseto (194,0 x100.000).<\/p>\n","protected":false},"excerpt":{"rendered":"<p>Sono stati eseguiti 415 tamponi molecolari e 3.248 tamponi antigenici rapidi: di questi il 7,4% \u00e8 risultato positivo. Sono invece 516 i soggetti testati, escludendo i tamponi di controllo: il 52,7% di questi \u00e8 risultato positivo<\/p>\n","protected":false},"author":525,"featured_media":260000,"comment_status":"open","ping_status":"open","sticky":false,"template":"","format":"standard","meta":{"_acf_changed":false,"footnotes":""},"categories":[494],"tags":[4868,418],"class_list":["post-273609","post","type-post","status-publish","format-standard","has-post-thumbnail","hentry","category-attualita","tag-bollettino-covid-toscana","tag-covid-19"],"acf":[],"yoast_head":"<!-- This site is optimized with the Yoast SEO Premium plugin v24.2 (Yoast SEO v25.6) - https:\/\/yoast.com\/wordpress\/plugins\/seo\/ -->\n<title>Covid-19: in Toscana 272 nuovi casi, i decessi sono sette - intoscana<\/title>\n<meta name=\"robots\" content=\"index, follow, max-snippet:-1, max-image-preview:large, max-video-preview:-1\" \/>\n<link rel=\"canonical\" href=\"https:\/\/www.intoscana.it\/it\/covid-19-in-toscana-272-nuovi-casi-i-decessi-sono-sette\/\" \/>\n<meta property=\"og:locale\" content=\"it_IT\" \/>\n<meta property=\"og:type\" content=\"article\" \/>\n<meta property=\"og:title\" content=\"Covid-19: in Toscana 272 nuovi casi, i decessi sono sette\" \/>\n<meta property=\"og:description\" content=\"Sono stati eseguiti 415 tamponi molecolari e 3.248 tamponi antigenici rapidi: di questi il 7,4% \u00e8 risultato positivo. Sono invece 516 i soggetti testati, escludendo i tamponi di controllo: il 52,7% di questi \u00e8 risultato positivo\" \/>\n<meta property=\"og:url\" content=\"https:\/\/www.intoscana.it\/it\/covid-19-in-toscana-272-nuovi-casi-i-decessi-sono-sette\/\" \/>\n<meta property=\"og:site_name\" content=\"intoscana\" \/>\n<meta property=\"article:publisher\" content=\"https:\/\/www.facebook.com\/intoscana.it\" \/>\n<meta property=\"article:published_time\" content=\"2023-02-23T08:50:20+00:00\" \/>\n<meta property=\"article:modified_time\" content=\"2023-02-24T11:22:51+00:00\" \/>\n<meta property=\"og:image\" content=\"https:\/\/www.intoscana.it\/wp-content\/uploads\/antigen-6939138_1920.jpg\" \/>\n\t<meta property=\"og:image:width\" content=\"1920\" \/>\n\t<meta property=\"og:image:height\" content=\"1081\" \/>\n\t<meta property=\"og:image:type\" content=\"image\/jpeg\" \/>\n<meta name=\"author\" content=\"Redazione\" \/>\n<meta name=\"twitter:card\" content=\"summary_large_image\" \/>\n<meta name=\"twitter:creator\" content=\"@intoscana\" \/>\n<meta name=\"twitter:site\" content=\"@intoscana\" \/>\n<meta name=\"twitter:label1\" content=\"Written by\" \/>\n\t<meta name=\"twitter:data1\" content=\"Redazione\" \/>\n\t<meta name=\"twitter:label2\" content=\"Est. reading time\" \/>\n\t<meta name=\"twitter:data2\" content=\"2 minuti\" \/>\n<script type=\"application\/ld+json\" class=\"yoast-schema-graph\">{\"@context\":\"https:\/\/schema.org\",\"@graph\":[{\"@type\":\"WebPage\",\"@id\":\"https:\/\/www.intoscana.it\/it\/covid-19-in-toscana-272-nuovi-casi-i-decessi-sono-sette\/\",\"url\":\"https:\/\/www.intoscana.it\/it\/covid-19-in-toscana-272-nuovi-casi-i-decessi-sono-sette\/\",\"name\":\"Covid-19: in Toscana 272 nuovi casi, i decessi sono sette - intoscana\",\"isPartOf\":{\"@id\":\"https:\/\/www.intoscana.it\/it\/#website\"},\"primaryImageOfPage\":{\"@id\":\"https:\/\/www.intoscana.it\/it\/covid-19-in-toscana-272-nuovi-casi-i-decessi-sono-sette\/#primaryimage\"},\"image\":{\"@id\":\"https:\/\/www.intoscana.it\/it\/covid-19-in-toscana-272-nuovi-casi-i-decessi-sono-sette\/#primaryimage\"},\"thumbnailUrl\":\"https:\/\/www.intoscana.it\/wp-content\/uploads\/antigen-6939138_1920.jpg\",\"datePublished\":\"2023-02-23T08:50:20+00:00\",\"dateModified\":\"2023-02-24T11:22:51+00:00\",\"author\":{\"@id\":\"https:\/\/www.intoscana.it\/it\/#\/schema\/person\/9223810753230f20bd670fdd322661f8\"},\"breadcrumb\":{\"@id\":\"https:\/\/www.intoscana.it\/it\/covid-19-in-toscana-272-nuovi-casi-i-decessi-sono-sette\/#breadcrumb\"},\"inLanguage\":\"it-IT\",\"potentialAction\":[{\"@type\":\"ReadAction\",\"target\":[\"https:\/\/www.intoscana.it\/it\/covid-19-in-toscana-272-nuovi-casi-i-decessi-sono-sette\/\"]}]},{\"@type\":\"ImageObject\",\"inLanguage\":\"it-IT\",\"@id\":\"https:\/\/www.intoscana.it\/it\/covid-19-in-toscana-272-nuovi-casi-i-decessi-sono-sette\/#primaryimage\",\"url\":\"https:\/\/www.intoscana.it\/wp-content\/uploads\/antigen-6939138_1920.jpg\",\"contentUrl\":\"https:\/\/www.intoscana.it\/wp-content\/uploads\/antigen-6939138_1920.jpg\",\"width\":1920,\"height\":1081,\"caption\":\"Un test rapido per il Covid-19\"},{\"@type\":\"BreadcrumbList\",\"@id\":\"https:\/\/www.intoscana.it\/it\/covid-19-in-toscana-272-nuovi-casi-i-decessi-sono-sette\/#breadcrumb\",\"itemListElement\":[{\"@type\":\"ListItem\",\"position\":1,\"name\":\"Home\",\"item\":\"https:\/\/www.intoscana.it\/it\/\"},{\"@type\":\"ListItem\",\"position\":2,\"name\":\"Covid-19: in Toscana 272 nuovi casi, i decessi sono sette\"}]},{\"@type\":\"WebSite\",\"@id\":\"https:\/\/www.intoscana.it\/it\/#website\",\"url\":\"https:\/\/www.intoscana.it\/it\/\",\"name\":\"intoscana\",\"description\":\"\",\"potentialAction\":[{\"@type\":\"SearchAction\",\"target\":{\"@type\":\"EntryPoint\",\"urlTemplate\":\"https:\/\/www.intoscana.it\/it\/?s={search_term_string}\"},\"query-input\":{\"@type\":\"PropertyValueSpecification\",\"valueRequired\":true,\"valueName\":\"search_term_string\"}}],\"inLanguage\":\"it-IT\"},{\"@type\":\"Person\",\"@id\":\"https:\/\/www.intoscana.it\/it\/#\/schema\/person\/9223810753230f20bd670fdd322661f8\",\"name\":\"Redazione\",\"url\":\"https:\/\/www.intoscana.it\/it\/author\/redazione\/\"}]}<\/script>\n<!-- \/ Yoast SEO Premium plugin. -->","yoast_head_json":{"title":"Covid-19: in Toscana 272 nuovi casi, i decessi sono sette - intoscana","robots":{"index":"index","follow":"follow","max-snippet":"max-snippet:-1","max-image-preview":"max-image-preview:large","max-video-preview":"max-video-preview:-1"},"canonical":"https:\/\/www.intoscana.it\/it\/covid-19-in-toscana-272-nuovi-casi-i-decessi-sono-sette\/","og_locale":"it_IT","og_type":"article","og_title":"Covid-19: in Toscana 272 nuovi casi, i decessi sono sette","og_description":"Sono stati eseguiti 415 tamponi molecolari e 3.248 tamponi antigenici rapidi: di questi il 7,4% \u00e8 risultato positivo. Sono invece 516 i soggetti testati, escludendo i tamponi di controllo: il 52,7% di questi \u00e8 risultato positivo","og_url":"https:\/\/www.intoscana.it\/it\/covid-19-in-toscana-272-nuovi-casi-i-decessi-sono-sette\/","og_site_name":"intoscana","article_publisher":"https:\/\/www.facebook.com\/intoscana.it","article_published_time":"2023-02-23T08:50:20+00:00","article_modified_time":"2023-02-24T11:22:51+00:00","og_image":[{"width":1920,"height":1081,"url":"https:\/\/www.intoscana.it\/wp-content\/uploads\/antigen-6939138_1920.jpg","type":"image\/jpeg"}],"author":"Redazione","twitter_card":"summary_large_image","twitter_creator":"@intoscana","twitter_site":"@intoscana","twitter_misc":{"Written by":"Redazione","Est. reading time":"2 minuti"},"schema":{"@context":"https:\/\/schema.org","@graph":[{"@type":"WebPage","@id":"https:\/\/www.intoscana.it\/it\/covid-19-in-toscana-272-nuovi-casi-i-decessi-sono-sette\/","url":"https:\/\/www.intoscana.it\/it\/covid-19-in-toscana-272-nuovi-casi-i-decessi-sono-sette\/","name":"Covid-19: in Toscana 272 nuovi casi, i decessi sono sette - intoscana","isPartOf":{"@id":"https:\/\/www.intoscana.it\/it\/#website"},"primaryImageOfPage":{"@id":"https:\/\/www.intoscana.it\/it\/covid-19-in-toscana-272-nuovi-casi-i-decessi-sono-sette\/#primaryimage"},"image":{"@id":"https:\/\/www.intoscana.it\/it\/covid-19-in-toscana-272-nuovi-casi-i-decessi-sono-sette\/#primaryimage"},"thumbnailUrl":"https:\/\/www.intoscana.it\/wp-content\/uploads\/antigen-6939138_1920.jpg","datePublished":"2023-02-23T08:50:20+00:00","dateModified":"2023-02-24T11:22:51+00:00","author":{"@id":"https:\/\/www.intoscana.it\/it\/#\/schema\/person\/9223810753230f20bd670fdd322661f8"},"breadcrumb":{"@id":"https:\/\/www.intoscana.it\/it\/covid-19-in-toscana-272-nuovi-casi-i-decessi-sono-sette\/#breadcrumb"},"inLanguage":"it-IT","potentialAction":[{"@type":"ReadAction","target":["https:\/\/www.intoscana.it\/it\/covid-19-in-toscana-272-nuovi-casi-i-decessi-sono-sette\/"]}]},{"@type":"ImageObject","inLanguage":"it-IT","@id":"https:\/\/www.intoscana.it\/it\/covid-19-in-toscana-272-nuovi-casi-i-decessi-sono-sette\/#primaryimage","url":"https:\/\/www.intoscana.it\/wp-content\/uploads\/antigen-6939138_1920.jpg","contentUrl":"https:\/\/www.intoscana.it\/wp-content\/uploads\/antigen-6939138_1920.jpg","width":1920,"height":1081,"caption":"Un test rapido per il Covid-19"},{"@type":"BreadcrumbList","@id":"https:\/\/www.intoscana.it\/it\/covid-19-in-toscana-272-nuovi-casi-i-decessi-sono-sette\/#breadcrumb","itemListElement":[{"@type":"ListItem","position":1,"name":"Home","item":"https:\/\/www.intoscana.it\/it\/"},{"@type":"ListItem","position":2,"name":"Covid-19: in Toscana 272 nuovi casi, i decessi sono sette"}]},{"@type":"WebSite","@id":"https:\/\/www.intoscana.it\/it\/#website","url":"https:\/\/www.intoscana.it\/it\/","name":"intoscana","description":"","potentialAction":[{"@type":"SearchAction","target":{"@type":"EntryPoint","urlTemplate":"https:\/\/www.intoscana.it\/it\/?s={search_term_string}"},"query-input":{"@type":"PropertyValueSpecification","valueRequired":true,"valueName":"search_term_string"}}],"inLanguage":"it-IT"},{"@type":"Person","@id":"https:\/\/www.intoscana.it\/it\/#\/schema\/person\/9223810753230f20bd670fdd322661f8","name":"Redazione","url":"https:\/\/www.intoscana.it\/it\/author\/redazione\/"}]}},"_links":{"self":[{"href":"https:\/\/www.intoscana.it\/it\/wp-json\/wp\/v2\/posts\/273609","targetHints":{"allow":["GET"]}}],"collection":[{"href":"https:\/\/www.intoscana.it\/it\/wp-json\/wp\/v2\/posts"}],"about":[{"href":"https:\/\/www.intoscana.it\/it\/wp-json\/wp\/v2\/types\/post"}],"author":[{"embeddable":true,"href":"https:\/\/www.intoscana.it\/it\/wp-json\/wp\/v2\/users\/525"}],"replies":[{"embeddable":true,"href":"https:\/\/www.intoscana.it\/it\/wp-json\/wp\/v2\/comments?post=273609"}],"version-history":[{"count":0,"href":"https:\/\/www.intoscana.it\/it\/wp-json\/wp\/v2\/posts\/273609\/revisions"}],"wp:featuredmedia":[{"embeddable":true,"href":"https:\/\/www.intoscana.it\/it\/wp-json\/wp\/v2\/media\/260000"}],"wp:attachment":[{"href":"https:\/\/www.intoscana.it\/it\/wp-json\/wp\/v2\/media?parent=273609"}],"wp:term":[{"taxonomy":"category","embeddable":true,"href":"https:\/\/www.intoscana.it\/it\/wp-json\/wp\/v2\/categories?post=273609"},{"taxonomy":"post_tag","embeddable":true,"href":"https:\/\/www.intoscana.it\/it\/wp-json\/wp\/v2\/tags?post=273609"}],"curies":[{"name":"wp","href":"https:\/\/api.w.org\/{rel}","templated":true}]}}