{"id":273756,"date":"2023-02-24T09:15:51","date_gmt":"2023-02-24T08:15:51","guid":{"rendered":"https:\/\/www.intoscana.it\/it\/?p=273756"},"modified":"2023-02-24T12:09:51","modified_gmt":"2023-02-24T11:09:51","slug":"certaldoarte23-un-anno-di-mostre-con-giuseppe-chiari-helidon-xhixha-alfred-mirashi-milot-e-giacomo-piussi","status":"publish","type":"post","link":"https:\/\/www.intoscana.it\/it\/certaldoarte23-un-anno-di-mostre-con-giuseppe-chiari-helidon-xhixha-alfred-mirashi-milot-e-giacomo-piussi\/","title":{"rendered":"\u201cCertaldoArte23\u201d: un anno di mostre con Giuseppe Chiari, Helidon Xhixha, Alfred Mirashi Milot e Giacomo Piussi"},"content":{"rendered":"<p>Anche quest\u2019anno il<strong> palazzo Pretorio di Certaldo<\/strong> simbolo del bellissimo <strong>borgo medievale citt\u00e0 natale di Boccaccio,<\/strong> diventa la cornice in cui saranno ospitate varie mostre d\u2019<strong>arte contemporanea<\/strong> in occasione della rassegna <em><strong>\u201cCertaldoArte23\u201d.<br \/>\n<\/strong><\/em><br \/>\nSaranno <strong>Giuseppe Chiari, Helidon Xhixha, Alfred Mirashi Milot e Giacomo Piussi<\/strong> gli artisti protagonisti del cartellone delle mostre che per tutto l\u2019anno accoglier\u00e0 i visitatori di Palazzo Pretorio, a Certaldo alto.<\/p>\n<p>L\u2019obiettivo della proposta \u00e8 quello di <strong>offrire un punto di vista nuovo sull&#8217;arte contemporanea,<\/strong> che comprende diverse tecniche espressive come la <strong>pittura, la scultura<\/strong> ma anche la<strong> fotografia e il fumetto,<\/strong> in un mix tra passato e presente, antico e nuovo.<\/p>\n<p><em>\u201cL\u2019amministrazione comunale di Certaldo sa di aver la fortuna di poter proporre uno dei pi\u00f9 interessanti borghi della nostra regione \u2013 <\/em><strong>ha dichiarato Antonio Mazzeo presidente dell\u2019Assemblea toscana<\/strong><em> \u2013 e lo valorizza ospitando, in una delle strutture pi\u00f9 suggestive, esposizioni di arte contemporanea davvero di primo livello. Bravi al sindaco Giacomo Cucini e all\u2019assessore Clara Conforti che investono in cultura. Significa credere nelle potenzialit\u00e0 del proprio paese, incentivare l\u2019attrattivit\u00e0 e creare economia intorno al borgo. Certaldo con i suoi eventi e le sue iniziative culturali \u00e8 diventata una meta importante per il turismo. La Toscana \u00e8 terra di cultura, arte, storia e Certaldo \u00e8 uno dei territori pi\u00f9 di valore.\u201d<\/em><\/p>\n<figure id=\"post-273825 media-273825\" class=\"align-none\"><img decoding=\"async\" src=\"https:\/\/www.intoscana.it\/wp-content\/uploads\/3-CertaldoArte23.jpg\" alt=\"\" \/><\/figure>\n<h3>CertaldoArte 2023: tutte le mostre<\/h3>\n<p>Le esposizioni patrocinate dalla <strong>presidenza del Consiglio regionale della Toscana<\/strong>, sono a cura dell<strong>&#8216;assessorato alla Cultura del Comune di Certaldo<\/strong>, con il coordinamento e il progetto di allestimento di <strong>Exponent.<\/strong><\/p>\n<p>La prima delle mostre a prendere il via sar\u00e0 <em><strong>&#8220;Art is easy &#8211; Giuseppe Chiari, tracce di un percorso creativo&#8221;<\/strong><\/em>, che ripercorre la produzione dell\u2019artista fiorentino, musicista, pittore, performer, uno dei protagonisti assoluti dell&#8217;arte concettuale italiana. L\u2019esposizione, realizzata in collaborazione con l\u2019Archivio Giuseppe e Victoria Chiari e la Galleria d\u2019arte Nozzoli, sar\u00e0 inaugurata <strong>sabato 25 febbraio 2023<\/strong> alle ore 16 e rester\u00e0 visitabile<strong> fino al 12 aprile 2023.<\/strong><\/p>\n<p><em><strong>&#8220;Fusioni di luce&#8221;<\/strong> <\/em>\u00e8 invece il titolo della mostra dedicata alle opere pittoriche di <strong>Alfred Milot<\/strong> e alle sculture in acciaio specchiato di <strong>Helidon Xhixha<\/strong>, che saranno esposte rispettivamente in Palazzo Pretorio e negli angoli pi\u00f9 suggestivi del centro storico di Certaldo Alto<strong> dal 22 aprile fino al 10 settembre 2023.<\/strong><\/p>\n<p>Conclude la rassegna\u00a0<em><strong>&#8220;Giacomo Piussi, l\u2019ordine delle cose &#8211; Viaggio in Italia&#8221;<\/strong><\/em>, l\u2019esposizione dell&#8217;artista udinese che predilige un linguaggio figurativo fatto di forme elementari, visitabile a Palazzo Pretorio <strong>dal 23 settembre 2023 al 28 gennaio 2024.<\/strong><\/p>\n<p><em>&#8220;CertaldoArte23 \u00e8 un&#8217;occasione per rafforzare ulteriormente il legame tra Certaldo e l&#8217;arte contemporanea a Palazzo Pretorio &#8211;<\/em> <strong>ha dichiarato il sindaco di Certaldo Giacomo Cucini \u2013<\/strong><em> e le sale dell&#8217;edificio, simbolo del nostro territorio, si sono rivelate una cornice perfetta e un valore aggiunto per le mostre che vi si sono tenute negli anni. Abbiamo quindi deciso di continuare a proporre una rassegna unica, che coniuga passato e presente, ai turisti e ai visitatori che scelgono il nostro borgo come meta&#8221;.<\/em><\/p>\n<p>&nbsp;<\/p>\n","protected":false},"excerpt":{"rendered":"<p>Da aprile 2023 a gennaio 2024 il palazzo Pretorio di Certaldo simbolo del bellissimo borgo medievale citt\u00e0 natale di Boccaccio sar\u00e0 la cornice privilegiata in cui saranno ospitate varie mostre d\u2019arte d&#8217;arte contemporanea<\/p>\n","protected":false},"author":525,"featured_media":153425,"comment_status":"open","ping_status":"open","sticky":false,"template":"","format":"standard","meta":{"_acf_changed":false,"footnotes":""},"categories":[493],"tags":[227,4639,222],"class_list":["post-273756","post","type-post","status-publish","format-standard","has-post-thumbnail","hentry","category-cultura","tag-arte-contemporanea","tag-certaldo","tag-mostre"],"acf":[],"yoast_head":"<!-- This site is optimized with the Yoast SEO Premium plugin v24.2 (Yoast SEO v25.6) - https:\/\/yoast.com\/wordpress\/plugins\/seo\/ -->\n<title>\u201cCertaldoArte23\u201d: un anno di mostre con Giuseppe Chiari, Helidon Xhixha, Alfred Mirashi Milot e Giacomo Piussi - intoscana<\/title>\n<meta name=\"robots\" content=\"index, follow, max-snippet:-1, max-image-preview:large, max-video-preview:-1\" \/>\n<link rel=\"canonical\" href=\"https:\/\/www.intoscana.it\/it\/certaldoarte23-un-anno-di-mostre-con-giuseppe-chiari-helidon-xhixha-alfred-mirashi-milot-e-giacomo-piussi\/\" \/>\n<meta property=\"og:locale\" content=\"it_IT\" \/>\n<meta property=\"og:type\" content=\"article\" \/>\n<meta property=\"og:title\" content=\"\u201cCertaldoArte23\u201d: un anno di mostre con Giuseppe Chiari, Helidon Xhixha, Alfred Mirashi Milot e Giacomo Piussi\" \/>\n<meta property=\"og:description\" content=\"Da aprile 2023 a gennaio 2024 il palazzo Pretorio di Certaldo simbolo del bellissimo borgo medievale citt\u00e0 natale di Boccaccio sar\u00e0 la cornice privilegiata in cui saranno ospitate varie mostre d\u2019arte d&#039;arte contemporanea\" \/>\n<meta property=\"og:url\" content=\"https:\/\/www.intoscana.it\/it\/certaldoarte23-un-anno-di-mostre-con-giuseppe-chiari-helidon-xhixha-alfred-mirashi-milot-e-giacomo-piussi\/\" \/>\n<meta property=\"og:site_name\" content=\"intoscana\" \/>\n<meta property=\"article:publisher\" content=\"https:\/\/www.facebook.com\/intoscana.it\" \/>\n<meta property=\"article:published_time\" content=\"2023-02-24T08:15:51+00:00\" \/>\n<meta property=\"article:modified_time\" content=\"2023-02-24T11:09:51+00:00\" \/>\n<meta property=\"og:image\" content=\"https:\/\/www.intoscana.it\/wp-content\/uploads\/CERTALDO-FI-Certaldo-Alto-Palazzo-Pretorio-IMG_0865-ritoccata-RIDOTTA.jpg\" \/>\n\t<meta property=\"og:image:width\" content=\"2048\" \/>\n\t<meta property=\"og:image:height\" content=\"1365\" \/>\n\t<meta property=\"og:image:type\" content=\"image\/jpeg\" \/>\n<meta name=\"author\" content=\"Redazione\" \/>\n<meta name=\"twitter:card\" content=\"summary_large_image\" \/>\n<meta name=\"twitter:creator\" content=\"@intoscana\" \/>\n<meta name=\"twitter:site\" content=\"@intoscana\" \/>\n<meta name=\"twitter:label1\" content=\"Written by\" \/>\n\t<meta name=\"twitter:data1\" content=\"Redazione\" \/>\n\t<meta name=\"twitter:label2\" content=\"Est. reading time\" \/>\n\t<meta name=\"twitter:data2\" content=\"2 minuti\" \/>\n<script type=\"application\/ld+json\" class=\"yoast-schema-graph\">{\"@context\":\"https:\/\/schema.org\",\"@graph\":[{\"@type\":\"WebPage\",\"@id\":\"https:\/\/www.intoscana.it\/it\/certaldoarte23-un-anno-di-mostre-con-giuseppe-chiari-helidon-xhixha-alfred-mirashi-milot-e-giacomo-piussi\/\",\"url\":\"https:\/\/www.intoscana.it\/it\/certaldoarte23-un-anno-di-mostre-con-giuseppe-chiari-helidon-xhixha-alfred-mirashi-milot-e-giacomo-piussi\/\",\"name\":\"\u201cCertaldoArte23\u201d: un anno di mostre con Giuseppe Chiari, Helidon Xhixha, Alfred Mirashi Milot e Giacomo Piussi - intoscana\",\"isPartOf\":{\"@id\":\"https:\/\/www.intoscana.it\/it\/#website\"},\"primaryImageOfPage\":{\"@id\":\"https:\/\/www.intoscana.it\/it\/certaldoarte23-un-anno-di-mostre-con-giuseppe-chiari-helidon-xhixha-alfred-mirashi-milot-e-giacomo-piussi\/#primaryimage\"},\"image\":{\"@id\":\"https:\/\/www.intoscana.it\/it\/certaldoarte23-un-anno-di-mostre-con-giuseppe-chiari-helidon-xhixha-alfred-mirashi-milot-e-giacomo-piussi\/#primaryimage\"},\"thumbnailUrl\":\"https:\/\/www.intoscana.it\/wp-content\/uploads\/CERTALDO-FI-Certaldo-Alto-Palazzo-Pretorio-IMG_0865-ritoccata-RIDOTTA.jpg\",\"datePublished\":\"2023-02-24T08:15:51+00:00\",\"dateModified\":\"2023-02-24T11:09:51+00:00\",\"author\":{\"@id\":\"https:\/\/www.intoscana.it\/it\/#\/schema\/person\/9223810753230f20bd670fdd322661f8\"},\"breadcrumb\":{\"@id\":\"https:\/\/www.intoscana.it\/it\/certaldoarte23-un-anno-di-mostre-con-giuseppe-chiari-helidon-xhixha-alfred-mirashi-milot-e-giacomo-piussi\/#breadcrumb\"},\"inLanguage\":\"it-IT\",\"potentialAction\":[{\"@type\":\"ReadAction\",\"target\":[\"https:\/\/www.intoscana.it\/it\/certaldoarte23-un-anno-di-mostre-con-giuseppe-chiari-helidon-xhixha-alfred-mirashi-milot-e-giacomo-piussi\/\"]}]},{\"@type\":\"ImageObject\",\"inLanguage\":\"it-IT\",\"@id\":\"https:\/\/www.intoscana.it\/it\/certaldoarte23-un-anno-di-mostre-con-giuseppe-chiari-helidon-xhixha-alfred-mirashi-milot-e-giacomo-piussi\/#primaryimage\",\"url\":\"https:\/\/www.intoscana.it\/wp-content\/uploads\/CERTALDO-FI-Certaldo-Alto-Palazzo-Pretorio-IMG_0865-ritoccata-RIDOTTA.jpg\",\"contentUrl\":\"https:\/\/www.intoscana.it\/wp-content\/uploads\/CERTALDO-FI-Certaldo-Alto-Palazzo-Pretorio-IMG_0865-ritoccata-RIDOTTA.jpg\",\"width\":2048,\"height\":1365,\"caption\":\"Certaldo Alto, Palazzo Pretorio\"},{\"@type\":\"BreadcrumbList\",\"@id\":\"https:\/\/www.intoscana.it\/it\/certaldoarte23-un-anno-di-mostre-con-giuseppe-chiari-helidon-xhixha-alfred-mirashi-milot-e-giacomo-piussi\/#breadcrumb\",\"itemListElement\":[{\"@type\":\"ListItem\",\"position\":1,\"name\":\"Home\",\"item\":\"https:\/\/www.intoscana.it\/it\/\"},{\"@type\":\"ListItem\",\"position\":2,\"name\":\"\u201cCertaldoArte23\u201d: un anno di mostre con Giuseppe Chiari, Helidon Xhixha, Alfred Mirashi Milot e Giacomo Piussi\"}]},{\"@type\":\"WebSite\",\"@id\":\"https:\/\/www.intoscana.it\/it\/#website\",\"url\":\"https:\/\/www.intoscana.it\/it\/\",\"name\":\"intoscana\",\"description\":\"\",\"potentialAction\":[{\"@type\":\"SearchAction\",\"target\":{\"@type\":\"EntryPoint\",\"urlTemplate\":\"https:\/\/www.intoscana.it\/it\/?s={search_term_string}\"},\"query-input\":{\"@type\":\"PropertyValueSpecification\",\"valueRequired\":true,\"valueName\":\"search_term_string\"}}],\"inLanguage\":\"it-IT\"},{\"@type\":\"Person\",\"@id\":\"https:\/\/www.intoscana.it\/it\/#\/schema\/person\/9223810753230f20bd670fdd322661f8\",\"name\":\"Redazione\",\"url\":\"https:\/\/www.intoscana.it\/it\/author\/redazione\/\"}]}<\/script>\n<!-- \/ Yoast SEO Premium plugin. -->","yoast_head_json":{"title":"\u201cCertaldoArte23\u201d: un anno di mostre con Giuseppe Chiari, Helidon Xhixha, Alfred Mirashi Milot e Giacomo Piussi - intoscana","robots":{"index":"index","follow":"follow","max-snippet":"max-snippet:-1","max-image-preview":"max-image-preview:large","max-video-preview":"max-video-preview:-1"},"canonical":"https:\/\/www.intoscana.it\/it\/certaldoarte23-un-anno-di-mostre-con-giuseppe-chiari-helidon-xhixha-alfred-mirashi-milot-e-giacomo-piussi\/","og_locale":"it_IT","og_type":"article","og_title":"\u201cCertaldoArte23\u201d: un anno di mostre con Giuseppe Chiari, Helidon Xhixha, Alfred Mirashi Milot e Giacomo Piussi","og_description":"Da aprile 2023 a gennaio 2024 il palazzo Pretorio di Certaldo simbolo del bellissimo borgo medievale citt\u00e0 natale di Boccaccio sar\u00e0 la cornice privilegiata in cui saranno ospitate varie mostre d\u2019arte d'arte contemporanea","og_url":"https:\/\/www.intoscana.it\/it\/certaldoarte23-un-anno-di-mostre-con-giuseppe-chiari-helidon-xhixha-alfred-mirashi-milot-e-giacomo-piussi\/","og_site_name":"intoscana","article_publisher":"https:\/\/www.facebook.com\/intoscana.it","article_published_time":"2023-02-24T08:15:51+00:00","article_modified_time":"2023-02-24T11:09:51+00:00","og_image":[{"width":2048,"height":1365,"url":"https:\/\/www.intoscana.it\/wp-content\/uploads\/CERTALDO-FI-Certaldo-Alto-Palazzo-Pretorio-IMG_0865-ritoccata-RIDOTTA.jpg","type":"image\/jpeg"}],"author":"Redazione","twitter_card":"summary_large_image","twitter_creator":"@intoscana","twitter_site":"@intoscana","twitter_misc":{"Written by":"Redazione","Est. reading time":"2 minuti"},"schema":{"@context":"https:\/\/schema.org","@graph":[{"@type":"WebPage","@id":"https:\/\/www.intoscana.it\/it\/certaldoarte23-un-anno-di-mostre-con-giuseppe-chiari-helidon-xhixha-alfred-mirashi-milot-e-giacomo-piussi\/","url":"https:\/\/www.intoscana.it\/it\/certaldoarte23-un-anno-di-mostre-con-giuseppe-chiari-helidon-xhixha-alfred-mirashi-milot-e-giacomo-piussi\/","name":"\u201cCertaldoArte23\u201d: un anno di mostre con Giuseppe Chiari, Helidon Xhixha, Alfred Mirashi Milot e Giacomo Piussi - intoscana","isPartOf":{"@id":"https:\/\/www.intoscana.it\/it\/#website"},"primaryImageOfPage":{"@id":"https:\/\/www.intoscana.it\/it\/certaldoarte23-un-anno-di-mostre-con-giuseppe-chiari-helidon-xhixha-alfred-mirashi-milot-e-giacomo-piussi\/#primaryimage"},"image":{"@id":"https:\/\/www.intoscana.it\/it\/certaldoarte23-un-anno-di-mostre-con-giuseppe-chiari-helidon-xhixha-alfred-mirashi-milot-e-giacomo-piussi\/#primaryimage"},"thumbnailUrl":"https:\/\/www.intoscana.it\/wp-content\/uploads\/CERTALDO-FI-Certaldo-Alto-Palazzo-Pretorio-IMG_0865-ritoccata-RIDOTTA.jpg","datePublished":"2023-02-24T08:15:51+00:00","dateModified":"2023-02-24T11:09:51+00:00","author":{"@id":"https:\/\/www.intoscana.it\/it\/#\/schema\/person\/9223810753230f20bd670fdd322661f8"},"breadcrumb":{"@id":"https:\/\/www.intoscana.it\/it\/certaldoarte23-un-anno-di-mostre-con-giuseppe-chiari-helidon-xhixha-alfred-mirashi-milot-e-giacomo-piussi\/#breadcrumb"},"inLanguage":"it-IT","potentialAction":[{"@type":"ReadAction","target":["https:\/\/www.intoscana.it\/it\/certaldoarte23-un-anno-di-mostre-con-giuseppe-chiari-helidon-xhixha-alfred-mirashi-milot-e-giacomo-piussi\/"]}]},{"@type":"ImageObject","inLanguage":"it-IT","@id":"https:\/\/www.intoscana.it\/it\/certaldoarte23-un-anno-di-mostre-con-giuseppe-chiari-helidon-xhixha-alfred-mirashi-milot-e-giacomo-piussi\/#primaryimage","url":"https:\/\/www.intoscana.it\/wp-content\/uploads\/CERTALDO-FI-Certaldo-Alto-Palazzo-Pretorio-IMG_0865-ritoccata-RIDOTTA.jpg","contentUrl":"https:\/\/www.intoscana.it\/wp-content\/uploads\/CERTALDO-FI-Certaldo-Alto-Palazzo-Pretorio-IMG_0865-ritoccata-RIDOTTA.jpg","width":2048,"height":1365,"caption":"Certaldo Alto, Palazzo Pretorio"},{"@type":"BreadcrumbList","@id":"https:\/\/www.intoscana.it\/it\/certaldoarte23-un-anno-di-mostre-con-giuseppe-chiari-helidon-xhixha-alfred-mirashi-milot-e-giacomo-piussi\/#breadcrumb","itemListElement":[{"@type":"ListItem","position":1,"name":"Home","item":"https:\/\/www.intoscana.it\/it\/"},{"@type":"ListItem","position":2,"name":"\u201cCertaldoArte23\u201d: un anno di mostre con Giuseppe Chiari, Helidon Xhixha, Alfred Mirashi Milot e Giacomo Piussi"}]},{"@type":"WebSite","@id":"https:\/\/www.intoscana.it\/it\/#website","url":"https:\/\/www.intoscana.it\/it\/","name":"intoscana","description":"","potentialAction":[{"@type":"SearchAction","target":{"@type":"EntryPoint","urlTemplate":"https:\/\/www.intoscana.it\/it\/?s={search_term_string}"},"query-input":{"@type":"PropertyValueSpecification","valueRequired":true,"valueName":"search_term_string"}}],"inLanguage":"it-IT"},{"@type":"Person","@id":"https:\/\/www.intoscana.it\/it\/#\/schema\/person\/9223810753230f20bd670fdd322661f8","name":"Redazione","url":"https:\/\/www.intoscana.it\/it\/author\/redazione\/"}]}},"_links":{"self":[{"href":"https:\/\/www.intoscana.it\/it\/wp-json\/wp\/v2\/posts\/273756","targetHints":{"allow":["GET"]}}],"collection":[{"href":"https:\/\/www.intoscana.it\/it\/wp-json\/wp\/v2\/posts"}],"about":[{"href":"https:\/\/www.intoscana.it\/it\/wp-json\/wp\/v2\/types\/post"}],"author":[{"embeddable":true,"href":"https:\/\/www.intoscana.it\/it\/wp-json\/wp\/v2\/users\/525"}],"replies":[{"embeddable":true,"href":"https:\/\/www.intoscana.it\/it\/wp-json\/wp\/v2\/comments?post=273756"}],"version-history":[{"count":0,"href":"https:\/\/www.intoscana.it\/it\/wp-json\/wp\/v2\/posts\/273756\/revisions"}],"wp:featuredmedia":[{"embeddable":true,"href":"https:\/\/www.intoscana.it\/it\/wp-json\/wp\/v2\/media\/153425"}],"wp:attachment":[{"href":"https:\/\/www.intoscana.it\/it\/wp-json\/wp\/v2\/media?parent=273756"}],"wp:term":[{"taxonomy":"category","embeddable":true,"href":"https:\/\/www.intoscana.it\/it\/wp-json\/wp\/v2\/categories?post=273756"},{"taxonomy":"post_tag","embeddable":true,"href":"https:\/\/www.intoscana.it\/it\/wp-json\/wp\/v2\/tags?post=273756"}],"curies":[{"name":"wp","href":"https:\/\/api.w.org\/{rel}","templated":true}]}}