{"id":273911,"date":"2023-02-24T11:53:54","date_gmt":"2023-02-24T10:53:54","guid":{"rendered":"https:\/\/www.intoscana.it\/it\/?p=273911"},"modified":"2023-02-25T08:02:05","modified_gmt":"2023-02-25T07:02:05","slug":"277-nuovi-casi-6-decessi","status":"publish","type":"post","link":"https:\/\/www.intoscana.it\/it\/277-nuovi-casi-6-decessi\/","title":{"rendered":"Covid, 277 positivi. Oggi si registrano sei nuovi decessi"},"content":{"rendered":"<p>Sono <strong>277<\/strong> i nuovi casi di Covid-19 registrati nelle ultime ventiquattro ore in Toscana: 63 sono stati confermati con tampone molecolare e gli altri 214 con test rapido.<\/p>\n<h3>Il dettaglio in Toscana<\/h3>\n<p>Il numero dei contagiati rilevati nella regione dall&#8217;inizio della pandemia sale dunque a <strong>1.588.661<\/strong>. I nuovi casi sono lo 0,02% in pi\u00f9 rispetto al totale del giorno precedente. I guariti crescono dello 0,1% (1.183 persone) e raggiungono quota 1.563.672 (98,4% dei casi totali).<\/p>\n<p>Al momento in Toscana risultano pertanto 13.429 positivi, -6,4% rispetto a ieri. Di questi <strong>173<\/strong> (4 in meno rispetto a ieri) sono ricoverati in ospedale: 5 (3 in meno) si trovano in terapia intensiva.<\/p>\n<p>Dall&#8217;ultimo bollettino quotidiano sono stati eseguiti <strong>317<\/strong> tamponi molecolari e 2.678 tamponi antigenici rapidi: di questi il 9,2% \u00e8 risultato positivo. Sono invece 416 i soggetti testati, escludendo i tamponi di controllo: il 66,6% di questi \u00e8 risultato positivo.<\/p>\n<h3>L&#8217;andamento per provincia<\/h3>\n<p>Con gli ultimi casi salgono a 425.177 i positivi dall&#8217;inizio dell&#8217;emergenza nei comuni della Citt\u00e0 metropolitana di Firenze (93 in pi\u00f9 rispetto a ieri), 103.540 in provincia di Prato (13 in pi\u00f9), 123.333 a Pistoia (12 in pi\u00f9), 83.352 a Massa Carrara (4 in pi\u00f9), 173.180 a Lucca (24 in pi\u00f9), 186.066 a Pisa (40 in pi\u00f9), 146.736 a Livorno (22 in pi\u00f9), 143.429 ad Arezzo (20 in pi\u00f9), 113.570 a Siena (35 in pi\u00f9) e 88.996 a Grosseto (13 in pi\u00f9). A questi vanno aggiunti 569 casi di positivit\u00e0 notificati in Toscana ma che riguardano residenti in altre regioni.<\/p>\n<p>La Toscana ha circa 43.368 casi complessivi ogni 100.000 abitanti dall&#8217;inizio della pandemia (tra residenti e non residenti). Al momento la provincia di notifica con il tasso pi\u00f9 alto \u00e9 Lucca (con 45.280 casi ogni 100 mila abitanti), seguita da Livorno (44.837) e Pisa (44.616). La pi\u00f9 bassa concentrazione si riscontra a Prato (con un tasso di 40.113).<\/p>\n<p>In 13.256 sono in isolamento a casa, perch\u00e9 presentano sintomi lievi che non richiedono cure ospedaliere o risultano prive di sintomi (908 in meno rispetto a ieri, meno 6,4%).\u00a0I 1.563.672 guariti registrati a oggi lo sono a tutti gli effetti, da un punto di vista virale, certificati con tampone negativo.<\/p>\n<h3>I decessi<\/h3>\n<p>La lista dei decessi si aggiorna con <strong>6 nuovi decessi:<\/strong> 3 uomini e 3 donne con un&#8217;et\u00e0 media di 86,8 anni.\u00a0Relativamente alla provincia di residenza, le persone decedute sono: 1 a Firenze, 1 a Prato, 1 a Arezzo, 2 a Siena, 1 fuori Toscana.<\/p>\n<p>Sono 11.560 i deceduti dall&#8217;inizio dell&#8217;epidemia: 3.668 nella Citt\u00e0 metropolitana di Firenze, 944 in provincia di Prato, 1.037 a Pistoia, 716 a Massa Carrara, 1.067 a Lucca, 1.286 a Pisa, 867 a Livorno, 743 ad Arezzo, 642 a Siena, 421 a Grosseto. Vanno aggiunte 169 persone decedute sul suolo toscano ma erano residenti fuori regione.<\/p>\n<p>Il tasso grezzo di mortalit\u00e0 per Covid-19 (numero di deceduti\/popolazione residente) \u00e8 al momento 315,6 ogni 100 mila residenti. Per quanto riguarda le province, il tasso di mortalit\u00e0 pi\u00f9 alto si riscontra a Massa Carrara (379,9 ogni 100 mila abitanti), seguita da Firenze (371,5) e Prato (365,7), mentre il pi\u00f9 basso \u00e8 a Grosseto (194,0).<\/p>\n","protected":false},"excerpt":{"rendered":"<p>Dall&#8217;ultimo bollettino sono stati eseguiti 317 tamponi molecolari e 2.678 tamponi antigenici rapidi. In calo i ricoveri, sia ordinari che intensivi<\/p>\n","protected":false},"author":525,"featured_media":143842,"comment_status":"open","ping_status":"open","sticky":false,"template":"","format":"standard","meta":{"_acf_changed":false,"footnotes":""},"categories":[494],"tags":[4868,4809,349],"class_list":["post-273911","post","type-post","status-publish","format-standard","has-post-thumbnail","hentry","category-attualita","tag-bollettino-covid-toscana","tag-covid","tag-sanita"],"acf":[],"yoast_head":"<!-- This site is optimized with the Yoast SEO Premium plugin v24.2 (Yoast SEO v25.6) - https:\/\/yoast.com\/wordpress\/plugins\/seo\/ -->\n<title>Covid, 277 nuovi positivi. Oggi si registrano sei nuovi decessi<\/title>\n<meta name=\"description\" content=\"Eseguiti 317 tamponi molecolari e 2.678 tamponi antigenici rapidi. In calo i ricoveri, sia ordinari che intensivi\" \/>\n<meta name=\"robots\" content=\"index, follow, max-snippet:-1, max-image-preview:large, max-video-preview:-1\" \/>\n<link rel=\"canonical\" href=\"https:\/\/www.intoscana.it\/it\/277-nuovi-casi-6-decessi\/\" \/>\n<meta property=\"og:locale\" content=\"it_IT\" \/>\n<meta property=\"og:type\" content=\"article\" \/>\n<meta property=\"og:title\" content=\"Covid, 277 positivi. Oggi si registrano sei nuovi decessi\" \/>\n<meta property=\"og:description\" content=\"Eseguiti 317 tamponi molecolari e 2.678 tamponi antigenici rapidi. In calo i ricoveri, sia ordinari che intensivi\" \/>\n<meta property=\"og:url\" content=\"https:\/\/www.intoscana.it\/it\/277-nuovi-casi-6-decessi\/\" \/>\n<meta property=\"og:site_name\" content=\"intoscana\" \/>\n<meta property=\"article:publisher\" content=\"https:\/\/www.facebook.com\/intoscana.it\" \/>\n<meta property=\"article:published_time\" content=\"2023-02-24T10:53:54+00:00\" \/>\n<meta property=\"article:modified_time\" content=\"2023-02-25T07:02:05+00:00\" \/>\n<meta property=\"og:image\" content=\"https:\/\/www.intoscana.it\/wp-content\/uploads\/madre-figlio-mascherina.jpg\" \/>\n\t<meta property=\"og:image:width\" content=\"1000\" \/>\n\t<meta property=\"og:image:height\" content=\"667\" \/>\n\t<meta property=\"og:image:type\" content=\"image\/jpeg\" \/>\n<meta name=\"author\" content=\"Redazione\" \/>\n<meta name=\"twitter:card\" content=\"summary_large_image\" \/>\n<meta name=\"twitter:creator\" content=\"@intoscana\" \/>\n<meta name=\"twitter:site\" content=\"@intoscana\" \/>\n<meta name=\"twitter:label1\" content=\"Written by\" \/>\n\t<meta name=\"twitter:data1\" content=\"Redazione\" \/>\n\t<meta name=\"twitter:label2\" content=\"Est. reading time\" \/>\n\t<meta name=\"twitter:data2\" content=\"2 minuti\" \/>\n<script type=\"application\/ld+json\" class=\"yoast-schema-graph\">{\"@context\":\"https:\/\/schema.org\",\"@graph\":[{\"@type\":\"WebPage\",\"@id\":\"https:\/\/www.intoscana.it\/it\/277-nuovi-casi-6-decessi\/\",\"url\":\"https:\/\/www.intoscana.it\/it\/277-nuovi-casi-6-decessi\/\",\"name\":\"Covid, 277 nuovi positivi. Oggi si registrano sei nuovi decessi\",\"isPartOf\":{\"@id\":\"https:\/\/www.intoscana.it\/it\/#website\"},\"primaryImageOfPage\":{\"@id\":\"https:\/\/www.intoscana.it\/it\/277-nuovi-casi-6-decessi\/#primaryimage\"},\"image\":{\"@id\":\"https:\/\/www.intoscana.it\/it\/277-nuovi-casi-6-decessi\/#primaryimage\"},\"thumbnailUrl\":\"https:\/\/www.intoscana.it\/wp-content\/uploads\/madre-figlio-mascherina.jpg\",\"datePublished\":\"2023-02-24T10:53:54+00:00\",\"dateModified\":\"2023-02-25T07:02:05+00:00\",\"author\":{\"@id\":\"https:\/\/www.intoscana.it\/it\/#\/schema\/person\/9223810753230f20bd670fdd322661f8\"},\"description\":\"Eseguiti 317 tamponi molecolari e 2.678 tamponi antigenici rapidi. In calo i ricoveri, sia ordinari che intensivi\",\"breadcrumb\":{\"@id\":\"https:\/\/www.intoscana.it\/it\/277-nuovi-casi-6-decessi\/#breadcrumb\"},\"inLanguage\":\"it-IT\",\"potentialAction\":[{\"@type\":\"ReadAction\",\"target\":[\"https:\/\/www.intoscana.it\/it\/277-nuovi-casi-6-decessi\/\"]}]},{\"@type\":\"ImageObject\",\"inLanguage\":\"it-IT\",\"@id\":\"https:\/\/www.intoscana.it\/it\/277-nuovi-casi-6-decessi\/#primaryimage\",\"url\":\"https:\/\/www.intoscana.it\/wp-content\/uploads\/madre-figlio-mascherina.jpg\",\"contentUrl\":\"https:\/\/www.intoscana.it\/wp-content\/uploads\/madre-figlio-mascherina.jpg\",\"width\":1000,\"height\":667},{\"@type\":\"BreadcrumbList\",\"@id\":\"https:\/\/www.intoscana.it\/it\/277-nuovi-casi-6-decessi\/#breadcrumb\",\"itemListElement\":[{\"@type\":\"ListItem\",\"position\":1,\"name\":\"Home\",\"item\":\"https:\/\/www.intoscana.it\/it\/\"},{\"@type\":\"ListItem\",\"position\":2,\"name\":\"Covid, 277 positivi. Oggi si registrano sei nuovi decessi\"}]},{\"@type\":\"WebSite\",\"@id\":\"https:\/\/www.intoscana.it\/it\/#website\",\"url\":\"https:\/\/www.intoscana.it\/it\/\",\"name\":\"intoscana\",\"description\":\"\",\"potentialAction\":[{\"@type\":\"SearchAction\",\"target\":{\"@type\":\"EntryPoint\",\"urlTemplate\":\"https:\/\/www.intoscana.it\/it\/?s={search_term_string}\"},\"query-input\":{\"@type\":\"PropertyValueSpecification\",\"valueRequired\":true,\"valueName\":\"search_term_string\"}}],\"inLanguage\":\"it-IT\"},{\"@type\":\"Person\",\"@id\":\"https:\/\/www.intoscana.it\/it\/#\/schema\/person\/9223810753230f20bd670fdd322661f8\",\"name\":\"Redazione\",\"url\":\"https:\/\/www.intoscana.it\/it\/author\/redazione\/\"}]}<\/script>\n<!-- \/ Yoast SEO Premium plugin. -->","yoast_head_json":{"title":"Covid, 277 nuovi positivi. Oggi si registrano sei nuovi decessi","description":"Eseguiti 317 tamponi molecolari e 2.678 tamponi antigenici rapidi. In calo i ricoveri, sia ordinari che intensivi","robots":{"index":"index","follow":"follow","max-snippet":"max-snippet:-1","max-image-preview":"max-image-preview:large","max-video-preview":"max-video-preview:-1"},"canonical":"https:\/\/www.intoscana.it\/it\/277-nuovi-casi-6-decessi\/","og_locale":"it_IT","og_type":"article","og_title":"Covid, 277 positivi. Oggi si registrano sei nuovi decessi","og_description":"Eseguiti 317 tamponi molecolari e 2.678 tamponi antigenici rapidi. In calo i ricoveri, sia ordinari che intensivi","og_url":"https:\/\/www.intoscana.it\/it\/277-nuovi-casi-6-decessi\/","og_site_name":"intoscana","article_publisher":"https:\/\/www.facebook.com\/intoscana.it","article_published_time":"2023-02-24T10:53:54+00:00","article_modified_time":"2023-02-25T07:02:05+00:00","og_image":[{"width":1000,"height":667,"url":"https:\/\/www.intoscana.it\/wp-content\/uploads\/madre-figlio-mascherina.jpg","type":"image\/jpeg"}],"author":"Redazione","twitter_card":"summary_large_image","twitter_creator":"@intoscana","twitter_site":"@intoscana","twitter_misc":{"Written by":"Redazione","Est. reading time":"2 minuti"},"schema":{"@context":"https:\/\/schema.org","@graph":[{"@type":"WebPage","@id":"https:\/\/www.intoscana.it\/it\/277-nuovi-casi-6-decessi\/","url":"https:\/\/www.intoscana.it\/it\/277-nuovi-casi-6-decessi\/","name":"Covid, 277 nuovi positivi. Oggi si registrano sei nuovi decessi","isPartOf":{"@id":"https:\/\/www.intoscana.it\/it\/#website"},"primaryImageOfPage":{"@id":"https:\/\/www.intoscana.it\/it\/277-nuovi-casi-6-decessi\/#primaryimage"},"image":{"@id":"https:\/\/www.intoscana.it\/it\/277-nuovi-casi-6-decessi\/#primaryimage"},"thumbnailUrl":"https:\/\/www.intoscana.it\/wp-content\/uploads\/madre-figlio-mascherina.jpg","datePublished":"2023-02-24T10:53:54+00:00","dateModified":"2023-02-25T07:02:05+00:00","author":{"@id":"https:\/\/www.intoscana.it\/it\/#\/schema\/person\/9223810753230f20bd670fdd322661f8"},"description":"Eseguiti 317 tamponi molecolari e 2.678 tamponi antigenici rapidi. In calo i ricoveri, sia ordinari che intensivi","breadcrumb":{"@id":"https:\/\/www.intoscana.it\/it\/277-nuovi-casi-6-decessi\/#breadcrumb"},"inLanguage":"it-IT","potentialAction":[{"@type":"ReadAction","target":["https:\/\/www.intoscana.it\/it\/277-nuovi-casi-6-decessi\/"]}]},{"@type":"ImageObject","inLanguage":"it-IT","@id":"https:\/\/www.intoscana.it\/it\/277-nuovi-casi-6-decessi\/#primaryimage","url":"https:\/\/www.intoscana.it\/wp-content\/uploads\/madre-figlio-mascherina.jpg","contentUrl":"https:\/\/www.intoscana.it\/wp-content\/uploads\/madre-figlio-mascherina.jpg","width":1000,"height":667},{"@type":"BreadcrumbList","@id":"https:\/\/www.intoscana.it\/it\/277-nuovi-casi-6-decessi\/#breadcrumb","itemListElement":[{"@type":"ListItem","position":1,"name":"Home","item":"https:\/\/www.intoscana.it\/it\/"},{"@type":"ListItem","position":2,"name":"Covid, 277 positivi. Oggi si registrano sei nuovi decessi"}]},{"@type":"WebSite","@id":"https:\/\/www.intoscana.it\/it\/#website","url":"https:\/\/www.intoscana.it\/it\/","name":"intoscana","description":"","potentialAction":[{"@type":"SearchAction","target":{"@type":"EntryPoint","urlTemplate":"https:\/\/www.intoscana.it\/it\/?s={search_term_string}"},"query-input":{"@type":"PropertyValueSpecification","valueRequired":true,"valueName":"search_term_string"}}],"inLanguage":"it-IT"},{"@type":"Person","@id":"https:\/\/www.intoscana.it\/it\/#\/schema\/person\/9223810753230f20bd670fdd322661f8","name":"Redazione","url":"https:\/\/www.intoscana.it\/it\/author\/redazione\/"}]}},"_links":{"self":[{"href":"https:\/\/www.intoscana.it\/it\/wp-json\/wp\/v2\/posts\/273911","targetHints":{"allow":["GET"]}}],"collection":[{"href":"https:\/\/www.intoscana.it\/it\/wp-json\/wp\/v2\/posts"}],"about":[{"href":"https:\/\/www.intoscana.it\/it\/wp-json\/wp\/v2\/types\/post"}],"author":[{"embeddable":true,"href":"https:\/\/www.intoscana.it\/it\/wp-json\/wp\/v2\/users\/525"}],"replies":[{"embeddable":true,"href":"https:\/\/www.intoscana.it\/it\/wp-json\/wp\/v2\/comments?post=273911"}],"version-history":[{"count":0,"href":"https:\/\/www.intoscana.it\/it\/wp-json\/wp\/v2\/posts\/273911\/revisions"}],"wp:featuredmedia":[{"embeddable":true,"href":"https:\/\/www.intoscana.it\/it\/wp-json\/wp\/v2\/media\/143842"}],"wp:attachment":[{"href":"https:\/\/www.intoscana.it\/it\/wp-json\/wp\/v2\/media?parent=273911"}],"wp:term":[{"taxonomy":"category","embeddable":true,"href":"https:\/\/www.intoscana.it\/it\/wp-json\/wp\/v2\/categories?post=273911"},{"taxonomy":"post_tag","embeddable":true,"href":"https:\/\/www.intoscana.it\/it\/wp-json\/wp\/v2\/tags?post=273911"}],"curies":[{"name":"wp","href":"https:\/\/api.w.org\/{rel}","templated":true}]}}