{"id":274014,"date":"2023-02-25T10:58:21","date_gmt":"2023-02-25T09:58:21","guid":{"rendered":"https:\/\/www.intoscana.it\/it\/?p=274014"},"modified":"2023-02-27T10:45:43","modified_gmt":"2023-02-27T09:45:43","slug":"covid-il-bollettino-della-toscana-261-nuovi-positivi-e-due-decessi","status":"publish","type":"post","link":"https:\/\/www.intoscana.it\/it\/covid-il-bollettino-della-toscana-261-nuovi-positivi-e-due-decessi\/","title":{"rendered":"Covid, il bollettino della Toscana: 261 nuovi positivi e due decessi"},"content":{"rendered":"<p>Sono 261 i nuovi casi di <strong>Covid<\/strong> registrati nelle ultime ventiquattro ore in Toscana. Al momento in regione risultano pertanto 12.515 positivi, -6,8% rispetto a ieri. <mark>Di questi 176 (3 in pi\u00f9 rispetto a ieri) sono ricoverati in ospedale: 6 (1 in pi\u00f9) si trovano in terapia intensiva. Due i nuovi decessi: un uomo e una donna con un&#8217;et\u00e0 media di 81 anni.<\/mark><\/p>\n<p>Dall&#8217;ultimo bollettino quotidiano sono stati eseguiti 365 <strong>tamponi<\/strong> molecolari e 2.202 tamponi antigenici rapidi: di questi il 10,2% \u00e8 risultato positivo.<\/p>\n<h3><em>L&#8217;andamento per provincia<\/em><\/h3>\n<p>Con gli ultimi casi salgono a 425.244 i positivi dall&#8217;inizio dell&#8217;emergenza nei comuni della Citt\u00e0 metropolitana di Firenze (67 in pi\u00f9 rispetto a ieri), 103.553 in provincia di Prato (13 in pi\u00f9), 123.345 a Pistoia (12 in pi\u00f9), 83.365 a Massa Carrara (13 in pi\u00f9), 173.205 a Lucca (25 in pi\u00f9), 186.098 a Pisa (32 in pi\u00f9), 146.759 a Livorno (23 in pi\u00f9), 143.458 ad Arezzo (29 in pi\u00f9), 113.597 a Siena (27 in pi\u00f9) e 89.013 a Grosseto (17 in pi\u00f9).<\/p>\n<p>In 12.339 sono in <strong>isolamento<\/strong> a casa, perch\u00e9 presentano sintomi lievi che non richiedono cure ospedaliere o risultano prive di sintomi (917 in meno rispetto a ieri, meno 6,9%).<\/p>\n<p>Sono <mark>11.562 i deceduti dall&#8217;inizio dell&#8217;epidemia:<\/mark> 3.668 nella Citt\u00e0 metropolitana di Firenze, 944 in provincia di Prato, 1.037 a Pistoia, 716 a Massa Carrara, 1.067 a Lucca, 1.288 a Pisa, 867 a Livorno, 743 ad Arezzo, 642 a Siena, 421 a Grosseto. Vanno aggiunte 169 persone decedute sul suolo toscano ma erano residenti fuori regione.<\/p>\n","protected":false},"excerpt":{"rendered":"<p>In regione risultano 12.515 casi, di questi 176 sono ricoverati in ospedale e 6 si trovano in terapia intensiva<\/p>\n","protected":false},"author":525,"featured_media":260000,"comment_status":"open","ping_status":"open","sticky":false,"template":"","format":"standard","meta":{"_acf_changed":false,"footnotes":""},"categories":[494],"tags":[418],"class_list":["post-274014","post","type-post","status-publish","format-standard","has-post-thumbnail","hentry","category-attualita","tag-covid-19"],"acf":[],"yoast_head":"<!-- This site is optimized with the Yoast SEO Premium plugin v24.2 (Yoast SEO v25.6) - https:\/\/yoast.com\/wordpress\/plugins\/seo\/ -->\n<title>Covid, il bollettino della Toscana: 261 nuovi positivi e due decessi - intoscana<\/title>\n<meta name=\"description\" content=\"In regione risultano 12.515 casi, di questi 176 sono ricoverati in ospedale e 6 si trovano in terapia intensiva\" \/>\n<meta name=\"robots\" content=\"index, follow, max-snippet:-1, max-image-preview:large, max-video-preview:-1\" \/>\n<link rel=\"canonical\" href=\"https:\/\/www.intoscana.it\/it\/covid-il-bollettino-della-toscana-261-nuovi-positivi-e-due-decessi\/\" \/>\n<meta property=\"og:locale\" content=\"it_IT\" \/>\n<meta property=\"og:type\" content=\"article\" \/>\n<meta property=\"og:title\" content=\"Covid, il bollettino della Toscana: 261 nuovi positivi e due decessi\" \/>\n<meta property=\"og:description\" content=\"In regione risultano 12.515 casi, di questi 176 sono ricoverati in ospedale e 6 si trovano in terapia intensiva\" \/>\n<meta property=\"og:url\" content=\"https:\/\/www.intoscana.it\/it\/covid-il-bollettino-della-toscana-261-nuovi-positivi-e-due-decessi\/\" \/>\n<meta property=\"og:site_name\" content=\"intoscana\" \/>\n<meta property=\"article:publisher\" content=\"https:\/\/www.facebook.com\/intoscana.it\" \/>\n<meta property=\"article:published_time\" content=\"2023-02-25T09:58:21+00:00\" \/>\n<meta property=\"article:modified_time\" content=\"2023-02-27T09:45:43+00:00\" \/>\n<meta property=\"og:image\" content=\"https:\/\/www.intoscana.it\/wp-content\/uploads\/antigen-6939138_1920.jpg\" \/>\n\t<meta property=\"og:image:width\" content=\"1920\" \/>\n\t<meta property=\"og:image:height\" content=\"1081\" \/>\n\t<meta property=\"og:image:type\" content=\"image\/jpeg\" \/>\n<meta name=\"author\" content=\"Redazione\" \/>\n<meta name=\"twitter:card\" content=\"summary_large_image\" \/>\n<meta name=\"twitter:creator\" content=\"@intoscana\" \/>\n<meta name=\"twitter:site\" content=\"@intoscana\" \/>\n<meta name=\"twitter:label1\" content=\"Written by\" \/>\n\t<meta name=\"twitter:data1\" content=\"Redazione\" \/>\n\t<meta name=\"twitter:label2\" content=\"Est. reading time\" \/>\n\t<meta name=\"twitter:data2\" content=\"1 minuto\" \/>\n<script type=\"application\/ld+json\" class=\"yoast-schema-graph\">{\"@context\":\"https:\/\/schema.org\",\"@graph\":[{\"@type\":\"WebPage\",\"@id\":\"https:\/\/www.intoscana.it\/it\/covid-il-bollettino-della-toscana-261-nuovi-positivi-e-due-decessi\/\",\"url\":\"https:\/\/www.intoscana.it\/it\/covid-il-bollettino-della-toscana-261-nuovi-positivi-e-due-decessi\/\",\"name\":\"Covid, il bollettino della Toscana: 261 nuovi positivi e due decessi - intoscana\",\"isPartOf\":{\"@id\":\"https:\/\/www.intoscana.it\/it\/#website\"},\"primaryImageOfPage\":{\"@id\":\"https:\/\/www.intoscana.it\/it\/covid-il-bollettino-della-toscana-261-nuovi-positivi-e-due-decessi\/#primaryimage\"},\"image\":{\"@id\":\"https:\/\/www.intoscana.it\/it\/covid-il-bollettino-della-toscana-261-nuovi-positivi-e-due-decessi\/#primaryimage\"},\"thumbnailUrl\":\"https:\/\/www.intoscana.it\/wp-content\/uploads\/antigen-6939138_1920.jpg\",\"datePublished\":\"2023-02-25T09:58:21+00:00\",\"dateModified\":\"2023-02-27T09:45:43+00:00\",\"author\":{\"@id\":\"https:\/\/www.intoscana.it\/it\/#\/schema\/person\/9223810753230f20bd670fdd322661f8\"},\"description\":\"In regione risultano 12.515 casi, di questi 176 sono ricoverati in ospedale e 6 si trovano in terapia intensiva\",\"breadcrumb\":{\"@id\":\"https:\/\/www.intoscana.it\/it\/covid-il-bollettino-della-toscana-261-nuovi-positivi-e-due-decessi\/#breadcrumb\"},\"inLanguage\":\"it-IT\",\"potentialAction\":[{\"@type\":\"ReadAction\",\"target\":[\"https:\/\/www.intoscana.it\/it\/covid-il-bollettino-della-toscana-261-nuovi-positivi-e-due-decessi\/\"]}]},{\"@type\":\"ImageObject\",\"inLanguage\":\"it-IT\",\"@id\":\"https:\/\/www.intoscana.it\/it\/covid-il-bollettino-della-toscana-261-nuovi-positivi-e-due-decessi\/#primaryimage\",\"url\":\"https:\/\/www.intoscana.it\/wp-content\/uploads\/antigen-6939138_1920.jpg\",\"contentUrl\":\"https:\/\/www.intoscana.it\/wp-content\/uploads\/antigen-6939138_1920.jpg\",\"width\":1920,\"height\":1081,\"caption\":\"Un test rapido per il Covid-19\"},{\"@type\":\"BreadcrumbList\",\"@id\":\"https:\/\/www.intoscana.it\/it\/covid-il-bollettino-della-toscana-261-nuovi-positivi-e-due-decessi\/#breadcrumb\",\"itemListElement\":[{\"@type\":\"ListItem\",\"position\":1,\"name\":\"Home\",\"item\":\"https:\/\/www.intoscana.it\/it\/\"},{\"@type\":\"ListItem\",\"position\":2,\"name\":\"Covid, il bollettino della Toscana: 261 nuovi positivi e due decessi\"}]},{\"@type\":\"WebSite\",\"@id\":\"https:\/\/www.intoscana.it\/it\/#website\",\"url\":\"https:\/\/www.intoscana.it\/it\/\",\"name\":\"intoscana\",\"description\":\"\",\"potentialAction\":[{\"@type\":\"SearchAction\",\"target\":{\"@type\":\"EntryPoint\",\"urlTemplate\":\"https:\/\/www.intoscana.it\/it\/?s={search_term_string}\"},\"query-input\":{\"@type\":\"PropertyValueSpecification\",\"valueRequired\":true,\"valueName\":\"search_term_string\"}}],\"inLanguage\":\"it-IT\"},{\"@type\":\"Person\",\"@id\":\"https:\/\/www.intoscana.it\/it\/#\/schema\/person\/9223810753230f20bd670fdd322661f8\",\"name\":\"Redazione\",\"url\":\"https:\/\/www.intoscana.it\/it\/author\/redazione\/\"}]}<\/script>\n<!-- \/ Yoast SEO Premium plugin. -->","yoast_head_json":{"title":"Covid, il bollettino della Toscana: 261 nuovi positivi e due decessi - intoscana","description":"In regione risultano 12.515 casi, di questi 176 sono ricoverati in ospedale e 6 si trovano in terapia intensiva","robots":{"index":"index","follow":"follow","max-snippet":"max-snippet:-1","max-image-preview":"max-image-preview:large","max-video-preview":"max-video-preview:-1"},"canonical":"https:\/\/www.intoscana.it\/it\/covid-il-bollettino-della-toscana-261-nuovi-positivi-e-due-decessi\/","og_locale":"it_IT","og_type":"article","og_title":"Covid, il bollettino della Toscana: 261 nuovi positivi e due decessi","og_description":"In regione risultano 12.515 casi, di questi 176 sono ricoverati in ospedale e 6 si trovano in terapia intensiva","og_url":"https:\/\/www.intoscana.it\/it\/covid-il-bollettino-della-toscana-261-nuovi-positivi-e-due-decessi\/","og_site_name":"intoscana","article_publisher":"https:\/\/www.facebook.com\/intoscana.it","article_published_time":"2023-02-25T09:58:21+00:00","article_modified_time":"2023-02-27T09:45:43+00:00","og_image":[{"width":1920,"height":1081,"url":"https:\/\/www.intoscana.it\/wp-content\/uploads\/antigen-6939138_1920.jpg","type":"image\/jpeg"}],"author":"Redazione","twitter_card":"summary_large_image","twitter_creator":"@intoscana","twitter_site":"@intoscana","twitter_misc":{"Written by":"Redazione","Est. reading time":"1 minuto"},"schema":{"@context":"https:\/\/schema.org","@graph":[{"@type":"WebPage","@id":"https:\/\/www.intoscana.it\/it\/covid-il-bollettino-della-toscana-261-nuovi-positivi-e-due-decessi\/","url":"https:\/\/www.intoscana.it\/it\/covid-il-bollettino-della-toscana-261-nuovi-positivi-e-due-decessi\/","name":"Covid, il bollettino della Toscana: 261 nuovi positivi e due decessi - intoscana","isPartOf":{"@id":"https:\/\/www.intoscana.it\/it\/#website"},"primaryImageOfPage":{"@id":"https:\/\/www.intoscana.it\/it\/covid-il-bollettino-della-toscana-261-nuovi-positivi-e-due-decessi\/#primaryimage"},"image":{"@id":"https:\/\/www.intoscana.it\/it\/covid-il-bollettino-della-toscana-261-nuovi-positivi-e-due-decessi\/#primaryimage"},"thumbnailUrl":"https:\/\/www.intoscana.it\/wp-content\/uploads\/antigen-6939138_1920.jpg","datePublished":"2023-02-25T09:58:21+00:00","dateModified":"2023-02-27T09:45:43+00:00","author":{"@id":"https:\/\/www.intoscana.it\/it\/#\/schema\/person\/9223810753230f20bd670fdd322661f8"},"description":"In regione risultano 12.515 casi, di questi 176 sono ricoverati in ospedale e 6 si trovano in terapia intensiva","breadcrumb":{"@id":"https:\/\/www.intoscana.it\/it\/covid-il-bollettino-della-toscana-261-nuovi-positivi-e-due-decessi\/#breadcrumb"},"inLanguage":"it-IT","potentialAction":[{"@type":"ReadAction","target":["https:\/\/www.intoscana.it\/it\/covid-il-bollettino-della-toscana-261-nuovi-positivi-e-due-decessi\/"]}]},{"@type":"ImageObject","inLanguage":"it-IT","@id":"https:\/\/www.intoscana.it\/it\/covid-il-bollettino-della-toscana-261-nuovi-positivi-e-due-decessi\/#primaryimage","url":"https:\/\/www.intoscana.it\/wp-content\/uploads\/antigen-6939138_1920.jpg","contentUrl":"https:\/\/www.intoscana.it\/wp-content\/uploads\/antigen-6939138_1920.jpg","width":1920,"height":1081,"caption":"Un test rapido per il Covid-19"},{"@type":"BreadcrumbList","@id":"https:\/\/www.intoscana.it\/it\/covid-il-bollettino-della-toscana-261-nuovi-positivi-e-due-decessi\/#breadcrumb","itemListElement":[{"@type":"ListItem","position":1,"name":"Home","item":"https:\/\/www.intoscana.it\/it\/"},{"@type":"ListItem","position":2,"name":"Covid, il bollettino della Toscana: 261 nuovi positivi e due decessi"}]},{"@type":"WebSite","@id":"https:\/\/www.intoscana.it\/it\/#website","url":"https:\/\/www.intoscana.it\/it\/","name":"intoscana","description":"","potentialAction":[{"@type":"SearchAction","target":{"@type":"EntryPoint","urlTemplate":"https:\/\/www.intoscana.it\/it\/?s={search_term_string}"},"query-input":{"@type":"PropertyValueSpecification","valueRequired":true,"valueName":"search_term_string"}}],"inLanguage":"it-IT"},{"@type":"Person","@id":"https:\/\/www.intoscana.it\/it\/#\/schema\/person\/9223810753230f20bd670fdd322661f8","name":"Redazione","url":"https:\/\/www.intoscana.it\/it\/author\/redazione\/"}]}},"_links":{"self":[{"href":"https:\/\/www.intoscana.it\/it\/wp-json\/wp\/v2\/posts\/274014","targetHints":{"allow":["GET"]}}],"collection":[{"href":"https:\/\/www.intoscana.it\/it\/wp-json\/wp\/v2\/posts"}],"about":[{"href":"https:\/\/www.intoscana.it\/it\/wp-json\/wp\/v2\/types\/post"}],"author":[{"embeddable":true,"href":"https:\/\/www.intoscana.it\/it\/wp-json\/wp\/v2\/users\/525"}],"replies":[{"embeddable":true,"href":"https:\/\/www.intoscana.it\/it\/wp-json\/wp\/v2\/comments?post=274014"}],"version-history":[{"count":0,"href":"https:\/\/www.intoscana.it\/it\/wp-json\/wp\/v2\/posts\/274014\/revisions"}],"wp:featuredmedia":[{"embeddable":true,"href":"https:\/\/www.intoscana.it\/it\/wp-json\/wp\/v2\/media\/260000"}],"wp:attachment":[{"href":"https:\/\/www.intoscana.it\/it\/wp-json\/wp\/v2\/media?parent=274014"}],"wp:term":[{"taxonomy":"category","embeddable":true,"href":"https:\/\/www.intoscana.it\/it\/wp-json\/wp\/v2\/categories?post=274014"},{"taxonomy":"post_tag","embeddable":true,"href":"https:\/\/www.intoscana.it\/it\/wp-json\/wp\/v2\/tags?post=274014"}],"curies":[{"name":"wp","href":"https:\/\/api.w.org\/{rel}","templated":true}]}}