{"id":274055,"date":"2023-02-25T15:35:00","date_gmt":"2023-02-25T14:35:00","guid":{"rendered":"https:\/\/www.intoscana.it\/it\/?p=274055"},"modified":"2023-02-28T11:52:21","modified_gmt":"2023-02-28T10:52:21","slug":"empoli-lantica-biblioteca-fucini-si-rinnova-e-una-delle-cinque-piu-grandi-della-toscana","status":"publish","type":"post","link":"https:\/\/www.intoscana.it\/it\/empoli-lantica-biblioteca-fucini-si-rinnova-e-una-delle-cinque-piu-grandi-della-toscana\/","title":{"rendered":"Empoli, l&#8217;antica biblioteca Fucini si rinnova: \u00e8 una delle cinque pi\u00f9 grandi della Toscana"},"content":{"rendered":"<p>Dopo pi\u00f9 di quattro anni di lavori, ha riaperto le porte la porzione della <strong>biblioteca comunale di Empoli &#8220;Renato Fucini&#8221;<\/strong> che affaccia su via Cavour e via Leonardo da Vinci. La struttura \u00e8 stata oggetto di importanti opere di consolidamento e restauro, per un iinvestimento complessivo di di circa 3 milioni di euro, con un finanziamento di 720mila dalla <strong>Regione Toscana<\/strong>.<\/p>\n<p>La biblioteca Fucini, <mark>con i suoi 210mila libri \u00e8 una delle cinque pi\u00f9 grandi della Toscana.<\/mark> &#8220;Questa biblioteca ha il cuore di una Empoli della cultura&#8221;,\u00a0 ha detto il presidente della Regione <strong>Eugenio Giani<\/strong> intervenuto all&#8217;inaugurazione. &#8220;Grazie all&#8217;amministrazione e a chi ha lavorato a questo progetto di restauro, anche perch\u00e9 <mark>la biblioteca comunale di Empoli \u00e8 anche omaggio a Fucini, straordinario scrittore che ha fatto la storia della nostra regione: lo riporta nella sua citt\u00e0 a dare significato a una biblioteca dove \u00e8 possibile trovare libri di grande pregio, come i volumi trecenteschi e quattrocenteschi, ancora scritti a mano&#8221;.<\/mark><\/p>\n<figure id=\"post-274059 media-274059\" class=\"align-none\">\n<p><figure style=\"width: 773px\" class=\"wp-caption alignnone\"><img loading=\"lazy\" decoding=\"async\" src=\"https:\/\/www.intoscana.it\/wp-content\/uploads\/bibliotecatagliodelnastro.jpeg\" alt=\"\" width=\"773\" height=\"1024\" \/><figcaption class=\"wp-caption-text\">BiBlioteca Fucini di Empoli: taglio del nastro con Eugenio Giani e Brenda Barnini<\/figcaption><\/figure><\/figure>\n<p>&#8220;Questo luogo ospita biblioteca fino dal 1833 &#8211;\u00a0 ha detto la sindaca di Empoli <strong>Brenda Barnini<\/strong> &#8211; Dopo la chiusura del 2012, ci siamo messi al lavoro per progettare il futuro della biblioteca e finalmente nel 2018, messe insieme risorse provenienti anche dalla Regione, abbiamo avviato i lavori. Per anni \u00e8 sembrato un cantiere infinito, ci sono stati imprevisti come il ritrovamento di parti delle mura storiche della citt\u00e0. Novit\u00e0 anche belle che per\u00f2 hanno fatto allungare i tempi di chiusura. <mark>Oggi restituiamo questi spazi alla socialit\u00e0 della nostra citt\u00e0: questo \u00e8 un luogo dove tutte le generazioni di empolesi si sono susseguite nel viverlo, dove tutti noi abbiamo trovato un punto di incontro e di ritrovo&#8221;.<\/mark><\/p>\n<h3><em>L&#8217;intervento sulla biblioteca, tra imprevisti e ritrovamenti<\/em><\/h3>\n<p>I lavori hanno interessato 1200 metri quadrati posti al piano terra e al primo piano dell\u2019attuale stabile di via Cavour. La struttura ha cos\u00ec ritrovato il suo ingresso originale, quello principale, da via Cavour 36. Tanti gli imprevisti, oltre allo stop forzato della pandemia. Nel corso del cantiere avviato a met\u00e0 ottobre 2018, a cura della Cooperativa Archeologia di Firenze, c&#8217;\u00e8 anche il ritrovamento di una <strong>bomba inesplosa<\/strong> che a suo tempo ha richiesto l\u2019intervento degli artificieri, l\u2019immediata sospensione dei lavori e, per consentirne la ripresa, la successiva bonifica bellica sia nei locali interni che in alcune aree esterne.<\/p>\n<p>Durante gli scavi, \u00e8 inoltre emerso un tratto delle vecchie <strong>mura di cinta<\/strong> della citt\u00e0, sotto il pavimento del piano terra, mentre nella Sala Maggiore sono stati eseguiti saggi sul solaio sotto pavimento che hanno fatto emergere un sistema di voltine di alleggerimento in pianelle appoggiate sulle volte principali, corrispondenti ai soffitti delle stanze al piano terra. <mark><\/mark><\/p>\n<figure id=\"post-274058 media-274058\" class=\"align-none\"><img decoding=\"async\" src=\"https:\/\/www.intoscana.it\/wp-content\/uploads\/bibliotecabarnini.jpeg\" alt=\"\" \/><\/figure>\n<div class=\"titleimg\"><\/div>\n","protected":false},"excerpt":{"rendered":"<p>Riapre l&#8217;antica porzione della struttura comunale dopo un lungo restauro e un investimento di tre milioni di euro. Giani: &#8220;Qui libri di grande pregio, come i volumi trecenteschi e quattrocenteschi ancora scritti a mano&#8221;.<\/p>\n","protected":false},"author":525,"featured_media":274057,"comment_status":"open","ping_status":"open","sticky":false,"template":"","format":"standard","meta":{"_acf_changed":false,"footnotes":""},"categories":[493],"tags":[444,4904,158],"class_list":["post-274055","post","type-post","status-publish","format-standard","has-post-thumbnail","hentry","category-cultura","tag-biblioteche","tag-empoli","tag-eugenio-giani"],"acf":[],"yoast_head":"<!-- This site is optimized with the Yoast SEO Premium plugin v24.2 (Yoast SEO v25.6) - https:\/\/yoast.com\/wordpress\/plugins\/seo\/ -->\n<title>Empoli, l&#039;antica biblioteca Fucini si rinnova: \u00e8 una delle cinque pi\u00f9 grandi della Toscana - intoscana<\/title>\n<meta name=\"description\" content=\"Riapre l&#039;antica porzione della struttura comunale dopo un lungo restauro e un investimento di tre milioni di euro. Giani: &quot;Qui libri di grande pregio, come i volumi trecenteschi e quattrocenteschi ancora scritti a mano&quot;.\" \/>\n<meta name=\"robots\" content=\"index, follow, max-snippet:-1, max-image-preview:large, max-video-preview:-1\" \/>\n<link rel=\"canonical\" href=\"https:\/\/www.intoscana.it\/it\/empoli-lantica-biblioteca-fucini-si-rinnova-e-una-delle-cinque-piu-grandi-della-toscana\/\" \/>\n<meta property=\"og:locale\" content=\"it_IT\" \/>\n<meta property=\"og:type\" content=\"article\" \/>\n<meta property=\"og:title\" content=\"Empoli, l&#039;antica biblioteca Fucini si rinnova: \u00e8 una delle cinque pi\u00f9 grandi della Toscana\" \/>\n<meta property=\"og:description\" content=\"Riapre l&#039;antica porzione della struttura comunale dopo un lungo restauro e un investimento di tre milioni di euro. Giani: &quot;Qui libri di grande pregio, come i volumi trecenteschi e quattrocenteschi ancora scritti a mano&quot;.\" \/>\n<meta property=\"og:url\" content=\"https:\/\/www.intoscana.it\/it\/empoli-lantica-biblioteca-fucini-si-rinnova-e-una-delle-cinque-piu-grandi-della-toscana\/\" \/>\n<meta property=\"og:site_name\" content=\"intoscana\" \/>\n<meta property=\"article:publisher\" content=\"https:\/\/www.facebook.com\/intoscana.it\" \/>\n<meta property=\"article:published_time\" content=\"2023-02-25T14:35:00+00:00\" \/>\n<meta property=\"article:modified_time\" content=\"2023-02-28T10:52:21+00:00\" \/>\n<meta property=\"og:image\" content=\"https:\/\/www.intoscana.it\/wp-content\/uploads\/biblioteca1.jpeg\" \/>\n\t<meta property=\"og:image:width\" content=\"1024\" \/>\n\t<meta property=\"og:image:height\" content=\"768\" \/>\n\t<meta property=\"og:image:type\" content=\"image\/jpeg\" \/>\n<meta name=\"author\" content=\"Redazione\" \/>\n<meta name=\"twitter:card\" content=\"summary_large_image\" \/>\n<meta name=\"twitter:creator\" content=\"@intoscana\" \/>\n<meta name=\"twitter:site\" content=\"@intoscana\" \/>\n<meta name=\"twitter:label1\" content=\"Written by\" \/>\n\t<meta name=\"twitter:data1\" content=\"Redazione\" \/>\n\t<meta name=\"twitter:label2\" content=\"Est. reading time\" \/>\n\t<meta name=\"twitter:data2\" content=\"3 minuti\" \/>\n<script type=\"application\/ld+json\" class=\"yoast-schema-graph\">{\"@context\":\"https:\/\/schema.org\",\"@graph\":[{\"@type\":\"WebPage\",\"@id\":\"https:\/\/www.intoscana.it\/it\/empoli-lantica-biblioteca-fucini-si-rinnova-e-una-delle-cinque-piu-grandi-della-toscana\/\",\"url\":\"https:\/\/www.intoscana.it\/it\/empoli-lantica-biblioteca-fucini-si-rinnova-e-una-delle-cinque-piu-grandi-della-toscana\/\",\"name\":\"Empoli, l'antica biblioteca Fucini si rinnova: \u00e8 una delle cinque pi\u00f9 grandi della Toscana - intoscana\",\"isPartOf\":{\"@id\":\"https:\/\/www.intoscana.it\/it\/#website\"},\"primaryImageOfPage\":{\"@id\":\"https:\/\/www.intoscana.it\/it\/empoli-lantica-biblioteca-fucini-si-rinnova-e-una-delle-cinque-piu-grandi-della-toscana\/#primaryimage\"},\"image\":{\"@id\":\"https:\/\/www.intoscana.it\/it\/empoli-lantica-biblioteca-fucini-si-rinnova-e-una-delle-cinque-piu-grandi-della-toscana\/#primaryimage\"},\"thumbnailUrl\":\"https:\/\/www.intoscana.it\/wp-content\/uploads\/biblioteca1.jpeg\",\"datePublished\":\"2023-02-25T14:35:00+00:00\",\"dateModified\":\"2023-02-28T10:52:21+00:00\",\"author\":{\"@id\":\"https:\/\/www.intoscana.it\/it\/#\/schema\/person\/9223810753230f20bd670fdd322661f8\"},\"description\":\"Riapre l'antica porzione della struttura comunale dopo un lungo restauro e un investimento di tre milioni di euro. Giani: \\\"Qui libri di grande pregio, come i volumi trecenteschi e quattrocenteschi ancora scritti a mano\\\".\",\"breadcrumb\":{\"@id\":\"https:\/\/www.intoscana.it\/it\/empoli-lantica-biblioteca-fucini-si-rinnova-e-una-delle-cinque-piu-grandi-della-toscana\/#breadcrumb\"},\"inLanguage\":\"it-IT\",\"potentialAction\":[{\"@type\":\"ReadAction\",\"target\":[\"https:\/\/www.intoscana.it\/it\/empoli-lantica-biblioteca-fucini-si-rinnova-e-una-delle-cinque-piu-grandi-della-toscana\/\"]}]},{\"@type\":\"ImageObject\",\"inLanguage\":\"it-IT\",\"@id\":\"https:\/\/www.intoscana.it\/it\/empoli-lantica-biblioteca-fucini-si-rinnova-e-una-delle-cinque-piu-grandi-della-toscana\/#primaryimage\",\"url\":\"https:\/\/www.intoscana.it\/wp-content\/uploads\/biblioteca1.jpeg\",\"contentUrl\":\"https:\/\/www.intoscana.it\/wp-content\/uploads\/biblioteca1.jpeg\",\"width\":1024,\"height\":768},{\"@type\":\"BreadcrumbList\",\"@id\":\"https:\/\/www.intoscana.it\/it\/empoli-lantica-biblioteca-fucini-si-rinnova-e-una-delle-cinque-piu-grandi-della-toscana\/#breadcrumb\",\"itemListElement\":[{\"@type\":\"ListItem\",\"position\":1,\"name\":\"Home\",\"item\":\"https:\/\/www.intoscana.it\/it\/\"},{\"@type\":\"ListItem\",\"position\":2,\"name\":\"Empoli, l&#8217;antica biblioteca Fucini si rinnova: \u00e8 una delle cinque pi\u00f9 grandi della Toscana\"}]},{\"@type\":\"WebSite\",\"@id\":\"https:\/\/www.intoscana.it\/it\/#website\",\"url\":\"https:\/\/www.intoscana.it\/it\/\",\"name\":\"intoscana\",\"description\":\"\",\"potentialAction\":[{\"@type\":\"SearchAction\",\"target\":{\"@type\":\"EntryPoint\",\"urlTemplate\":\"https:\/\/www.intoscana.it\/it\/?s={search_term_string}\"},\"query-input\":{\"@type\":\"PropertyValueSpecification\",\"valueRequired\":true,\"valueName\":\"search_term_string\"}}],\"inLanguage\":\"it-IT\"},{\"@type\":\"Person\",\"@id\":\"https:\/\/www.intoscana.it\/it\/#\/schema\/person\/9223810753230f20bd670fdd322661f8\",\"name\":\"Redazione\",\"url\":\"https:\/\/www.intoscana.it\/it\/author\/redazione\/\"}]}<\/script>\n<!-- \/ Yoast SEO Premium plugin. -->","yoast_head_json":{"title":"Empoli, l'antica biblioteca Fucini si rinnova: \u00e8 una delle cinque pi\u00f9 grandi della Toscana - intoscana","description":"Riapre l'antica porzione della struttura comunale dopo un lungo restauro e un investimento di tre milioni di euro. Giani: \"Qui libri di grande pregio, come i volumi trecenteschi e quattrocenteschi ancora scritti a mano\".","robots":{"index":"index","follow":"follow","max-snippet":"max-snippet:-1","max-image-preview":"max-image-preview:large","max-video-preview":"max-video-preview:-1"},"canonical":"https:\/\/www.intoscana.it\/it\/empoli-lantica-biblioteca-fucini-si-rinnova-e-una-delle-cinque-piu-grandi-della-toscana\/","og_locale":"it_IT","og_type":"article","og_title":"Empoli, l'antica biblioteca Fucini si rinnova: \u00e8 una delle cinque pi\u00f9 grandi della Toscana","og_description":"Riapre l'antica porzione della struttura comunale dopo un lungo restauro e un investimento di tre milioni di euro. Giani: \"Qui libri di grande pregio, come i volumi trecenteschi e quattrocenteschi ancora scritti a mano\".","og_url":"https:\/\/www.intoscana.it\/it\/empoli-lantica-biblioteca-fucini-si-rinnova-e-una-delle-cinque-piu-grandi-della-toscana\/","og_site_name":"intoscana","article_publisher":"https:\/\/www.facebook.com\/intoscana.it","article_published_time":"2023-02-25T14:35:00+00:00","article_modified_time":"2023-02-28T10:52:21+00:00","og_image":[{"width":1024,"height":768,"url":"https:\/\/www.intoscana.it\/wp-content\/uploads\/biblioteca1.jpeg","type":"image\/jpeg"}],"author":"Redazione","twitter_card":"summary_large_image","twitter_creator":"@intoscana","twitter_site":"@intoscana","twitter_misc":{"Written by":"Redazione","Est. reading time":"3 minuti"},"schema":{"@context":"https:\/\/schema.org","@graph":[{"@type":"WebPage","@id":"https:\/\/www.intoscana.it\/it\/empoli-lantica-biblioteca-fucini-si-rinnova-e-una-delle-cinque-piu-grandi-della-toscana\/","url":"https:\/\/www.intoscana.it\/it\/empoli-lantica-biblioteca-fucini-si-rinnova-e-una-delle-cinque-piu-grandi-della-toscana\/","name":"Empoli, l'antica biblioteca Fucini si rinnova: \u00e8 una delle cinque pi\u00f9 grandi della Toscana - intoscana","isPartOf":{"@id":"https:\/\/www.intoscana.it\/it\/#website"},"primaryImageOfPage":{"@id":"https:\/\/www.intoscana.it\/it\/empoli-lantica-biblioteca-fucini-si-rinnova-e-una-delle-cinque-piu-grandi-della-toscana\/#primaryimage"},"image":{"@id":"https:\/\/www.intoscana.it\/it\/empoli-lantica-biblioteca-fucini-si-rinnova-e-una-delle-cinque-piu-grandi-della-toscana\/#primaryimage"},"thumbnailUrl":"https:\/\/www.intoscana.it\/wp-content\/uploads\/biblioteca1.jpeg","datePublished":"2023-02-25T14:35:00+00:00","dateModified":"2023-02-28T10:52:21+00:00","author":{"@id":"https:\/\/www.intoscana.it\/it\/#\/schema\/person\/9223810753230f20bd670fdd322661f8"},"description":"Riapre l'antica porzione della struttura comunale dopo un lungo restauro e un investimento di tre milioni di euro. Giani: \"Qui libri di grande pregio, come i volumi trecenteschi e quattrocenteschi ancora scritti a mano\".","breadcrumb":{"@id":"https:\/\/www.intoscana.it\/it\/empoli-lantica-biblioteca-fucini-si-rinnova-e-una-delle-cinque-piu-grandi-della-toscana\/#breadcrumb"},"inLanguage":"it-IT","potentialAction":[{"@type":"ReadAction","target":["https:\/\/www.intoscana.it\/it\/empoli-lantica-biblioteca-fucini-si-rinnova-e-una-delle-cinque-piu-grandi-della-toscana\/"]}]},{"@type":"ImageObject","inLanguage":"it-IT","@id":"https:\/\/www.intoscana.it\/it\/empoli-lantica-biblioteca-fucini-si-rinnova-e-una-delle-cinque-piu-grandi-della-toscana\/#primaryimage","url":"https:\/\/www.intoscana.it\/wp-content\/uploads\/biblioteca1.jpeg","contentUrl":"https:\/\/www.intoscana.it\/wp-content\/uploads\/biblioteca1.jpeg","width":1024,"height":768},{"@type":"BreadcrumbList","@id":"https:\/\/www.intoscana.it\/it\/empoli-lantica-biblioteca-fucini-si-rinnova-e-una-delle-cinque-piu-grandi-della-toscana\/#breadcrumb","itemListElement":[{"@type":"ListItem","position":1,"name":"Home","item":"https:\/\/www.intoscana.it\/it\/"},{"@type":"ListItem","position":2,"name":"Empoli, l&#8217;antica biblioteca Fucini si rinnova: \u00e8 una delle cinque pi\u00f9 grandi della Toscana"}]},{"@type":"WebSite","@id":"https:\/\/www.intoscana.it\/it\/#website","url":"https:\/\/www.intoscana.it\/it\/","name":"intoscana","description":"","potentialAction":[{"@type":"SearchAction","target":{"@type":"EntryPoint","urlTemplate":"https:\/\/www.intoscana.it\/it\/?s={search_term_string}"},"query-input":{"@type":"PropertyValueSpecification","valueRequired":true,"valueName":"search_term_string"}}],"inLanguage":"it-IT"},{"@type":"Person","@id":"https:\/\/www.intoscana.it\/it\/#\/schema\/person\/9223810753230f20bd670fdd322661f8","name":"Redazione","url":"https:\/\/www.intoscana.it\/it\/author\/redazione\/"}]}},"_links":{"self":[{"href":"https:\/\/www.intoscana.it\/it\/wp-json\/wp\/v2\/posts\/274055","targetHints":{"allow":["GET"]}}],"collection":[{"href":"https:\/\/www.intoscana.it\/it\/wp-json\/wp\/v2\/posts"}],"about":[{"href":"https:\/\/www.intoscana.it\/it\/wp-json\/wp\/v2\/types\/post"}],"author":[{"embeddable":true,"href":"https:\/\/www.intoscana.it\/it\/wp-json\/wp\/v2\/users\/525"}],"replies":[{"embeddable":true,"href":"https:\/\/www.intoscana.it\/it\/wp-json\/wp\/v2\/comments?post=274055"}],"version-history":[{"count":0,"href":"https:\/\/www.intoscana.it\/it\/wp-json\/wp\/v2\/posts\/274055\/revisions"}],"wp:featuredmedia":[{"embeddable":true,"href":"https:\/\/www.intoscana.it\/it\/wp-json\/wp\/v2\/media\/274057"}],"wp:attachment":[{"href":"https:\/\/www.intoscana.it\/it\/wp-json\/wp\/v2\/media?parent=274055"}],"wp:term":[{"taxonomy":"category","embeddable":true,"href":"https:\/\/www.intoscana.it\/it\/wp-json\/wp\/v2\/categories?post=274055"},{"taxonomy":"post_tag","embeddable":true,"href":"https:\/\/www.intoscana.it\/it\/wp-json\/wp\/v2\/tags?post=274055"}],"curies":[{"name":"wp","href":"https:\/\/api.w.org\/{rel}","templated":true}]}}