{"id":274372,"date":"2023-02-28T10:51:46","date_gmt":"2023-02-28T09:51:46","guid":{"rendered":"https:\/\/www.intoscana.it\/it\/?p=274372"},"modified":"2023-02-28T10:53:11","modified_gmt":"2023-02-28T09:53:11","slug":"chiede-di-rivedere-il-cane-prima-di-morire-lapo-ammesso-in-ospedale","status":"publish","type":"post","link":"https:\/\/www.intoscana.it\/it\/chiede-di-rivedere-il-cane-prima-di-morire-lapo-ammesso-in-ospedale\/","title":{"rendered":"Chiede di rivedere il cane prima di morire, Lapo ammesso in ospedale"},"content":{"rendered":"<p>Ha chiesto, e ottenuto, di poter abbracciare per l&#8217;ultima volta il suo cagnolino. Protagonisti di questa vicenda <strong>un&#8217;anziana ricoverata<\/strong> all&#8217;ospedale aretino di San Donato e <strong>il suo meticcio Lapo<\/strong>. Una storia che conferma come il legame profondo tra uomo e cane superi qualsiasi ostacolo. Anche un ricovero ospedaliero e la morte.<\/p>\n<p><strong>L&#8217;ultimo desiderio<\/strong> dell&#8217;anziana, originaria di Castiglion Fiorentino, \u00e8 stato esaudito. Il cane, un piccolo meticcio dal folto pelo, \u00e8 stato ammesso in reparto: alla terapia intensiva pneumologica del San Donato. Lapo, otto anni, \u00e8 stato fatto salire sul letto della donna, affetta da insufficienza respiratoria.<\/p>\n<h3>L&#8217;ultimo saluto al suo &#8220;cittino&#8221;<\/h3>\n<p>Struggenti le immagini, arrivate al grande pubblico attraverso un breve video diffuso da <strong>Teletruria<\/strong>, in cui si vede l&#8217;anziana stringere il suo &#8220;<em>cittino<\/em>&#8220;. Cos\u00ec la donna chiamava il cane, al punto che all&#8217;inizio i sanitari pensavano si trattasse del nipote.<\/p>\n<p>&#8220;<em>Supportati dai familiari siamo riusciti a realizzare il suo desiderio<\/em> &#8211; ha spiegato la caposala <strong>Manuela Caneschi<\/strong> &#8211; <em>Una storia che ci ha commosso e che ci ricorda ancora una volta quanto la vicinanza degli animali domestici sia preziosa nella fase in cui si devono affrontare delle cure ma anche nei trattamenti palliativi legati al fine vita<\/em>&#8220;.<\/p>\n<h3>Il San Donato, ospedale pet friendly<\/h3>\n<p>Ad Arezzo i cani di propriet\u00e0 possono entrare in ospedale a patto, precisa la direttrice dell&#8217;ospedale San Donato <strong>Barbara Innocenti<\/strong>: &#8220;<em>che siano in regola con le vaccinazioni e in buono stato di salute come da certificato veterinario<\/em>&#8220;. Gi\u00e0 due anni fa al San Donato c&#8217;era stato un precedente: <a href=\"https:\/\/www.intoscana.it\/it\/articolo\/pet-therapy-covid-ospedale-arezzo\/\">il barboncino Whiskey aveva visitato la padrona Carolina nel reparto Covid<\/a>.<\/p>\n<p>Il figlio dell&#8217;anziana, Gabriele, ha voluto ringraziare &#8220;<em>con tutto il cuore il dottor Scala e tutto il reparto per l\u2019attenzione e la delicatezza con cui mia mamma \u00e8 stata accompagnata nei sui ultimi giorni di vita. Soprattutto per aver esaudito questa sua piccola, ma importantissima richiesta<\/em>&#8220;.<\/p>\n<h3>Lapo in cerca di una nuova casa<\/h3>\n<p>Purtroppo il figlio dell&#8217;anziana e la sua famiglia non posso ora prendersi cura di Lapo, ormai rimasto solo. Hanno gi\u00e0 un cane lupo che non va d&#8217;accordo con il meticcio. Ecco quindi la decisione di metterlo in adozione per trovargli <strong>una nuova casa<\/strong>. Basta rivolgersi all&#8217;associazione <strong>Casa Mauu<\/strong> (cell. 388 358 6700).<\/p>\n<p>&#8220;<em>Ha otto anni, \u00e8 epilettico ma la patologia si cura con una semplice pasticca<\/em> &#8211; precisano i volontari di Casa Mau dove si trova ora &#8211; c<em>i auguriamo che, dopo aver donato tanto amore, possa presto tornare a riceverne<\/em>&#8220;. Il figlio dell&#8217;anziana defunta ha gi\u00e0 assicurato che \u00e8 disposto a pagare le medicine che Lapo deve prendere.<\/p>\n","protected":false},"excerpt":{"rendered":"<p>La donna era ricoverata in terapia intensiva al San Donato e ha potuto abbracciare il piccolo meticcio, ora in cerca di un&#8217;adozione<\/p>\n","protected":false},"author":554,"featured_media":274377,"comment_status":"open","ping_status":"open","sticky":false,"template":"","format":"standard","meta":{"_acf_changed":false,"footnotes":""},"categories":[4],"tags":[4478,4991],"class_list":["post-274372","post","type-post","status-publish","format-standard","has-post-thumbnail","hentry","category-storie","tag-animali","tag-ospedale-san-donato-arezzo"],"acf":[],"yoast_head":"<!-- This site is optimized with the Yoast SEO Premium plugin v24.2 (Yoast SEO v25.6) - https:\/\/yoast.com\/wordpress\/plugins\/seo\/ -->\n<title>Arezzo, cane in ospedale per l&#039;ultimo saluto all&#039;anziana padrona - intoscana<\/title>\n<meta name=\"description\" content=\"La donna era ricoverata in terapia intensiva al San Donato e ha potuto abbracciare il piccolo meticcio, ora in cerca di un&#039;adozione\" \/>\n<meta name=\"robots\" content=\"index, follow, max-snippet:-1, max-image-preview:large, max-video-preview:-1\" \/>\n<link rel=\"canonical\" href=\"https:\/\/www.intoscana.it\/it\/chiede-di-rivedere-il-cane-prima-di-morire-lapo-ammesso-in-ospedale\/\" \/>\n<meta property=\"og:locale\" content=\"it_IT\" \/>\n<meta property=\"og:type\" content=\"article\" \/>\n<meta property=\"og:title\" content=\"Chiede di rivedere il cane prima di morire, Lapo ammesso in ospedale\" \/>\n<meta property=\"og:description\" content=\"La donna era ricoverata in terapia intensiva al San Donato e ha potuto abbracciare il piccolo meticcio, ora in cerca di un&#039;adozione\" \/>\n<meta property=\"og:url\" content=\"https:\/\/www.intoscana.it\/it\/chiede-di-rivedere-il-cane-prima-di-morire-lapo-ammesso-in-ospedale\/\" \/>\n<meta property=\"og:site_name\" content=\"intoscana\" \/>\n<meta property=\"article:publisher\" content=\"https:\/\/www.facebook.com\/intoscana.it\" \/>\n<meta property=\"article:published_time\" content=\"2023-02-28T09:51:46+00:00\" \/>\n<meta property=\"article:modified_time\" content=\"2023-02-28T09:53:11+00:00\" \/>\n<meta property=\"og:image\" content=\"https:\/\/www.intoscana.it\/wp-content\/uploads\/091045213-f2d95f50-7451-4ece-8053-d901c2d8cbad-e1677573746636.jpeg\" \/>\n\t<meta property=\"og:image:width\" content=\"1140\" \/>\n\t<meta property=\"og:image:height\" content=\"618\" \/>\n\t<meta property=\"og:image:type\" content=\"image\/jpeg\" \/>\n<meta name=\"author\" content=\"Raffaella Galamini\" \/>\n<meta name=\"twitter:card\" content=\"summary_large_image\" \/>\n<meta name=\"twitter:creator\" content=\"@orio\" \/>\n<meta name=\"twitter:site\" content=\"@intoscana\" \/>\n<meta name=\"twitter:label1\" content=\"Written by\" \/>\n\t<meta name=\"twitter:data1\" content=\"Raffaella Galamini\" \/>\n\t<meta name=\"twitter:label2\" content=\"Est. reading time\" \/>\n\t<meta name=\"twitter:data2\" content=\"2 minuti\" \/>\n<script type=\"application\/ld+json\" class=\"yoast-schema-graph\">{\"@context\":\"https:\/\/schema.org\",\"@graph\":[{\"@type\":\"WebPage\",\"@id\":\"https:\/\/www.intoscana.it\/it\/chiede-di-rivedere-il-cane-prima-di-morire-lapo-ammesso-in-ospedale\/\",\"url\":\"https:\/\/www.intoscana.it\/it\/chiede-di-rivedere-il-cane-prima-di-morire-lapo-ammesso-in-ospedale\/\",\"name\":\"Arezzo, cane in ospedale per l'ultimo saluto all'anziana padrona - intoscana\",\"isPartOf\":{\"@id\":\"https:\/\/www.intoscana.it\/it\/#website\"},\"primaryImageOfPage\":{\"@id\":\"https:\/\/www.intoscana.it\/it\/chiede-di-rivedere-il-cane-prima-di-morire-lapo-ammesso-in-ospedale\/#primaryimage\"},\"image\":{\"@id\":\"https:\/\/www.intoscana.it\/it\/chiede-di-rivedere-il-cane-prima-di-morire-lapo-ammesso-in-ospedale\/#primaryimage\"},\"thumbnailUrl\":\"https:\/\/www.intoscana.it\/wp-content\/uploads\/091045213-f2d95f50-7451-4ece-8053-d901c2d8cbad-e1677573746636.jpeg\",\"datePublished\":\"2023-02-28T09:51:46+00:00\",\"dateModified\":\"2023-02-28T09:53:11+00:00\",\"author\":{\"@id\":\"https:\/\/www.intoscana.it\/it\/#\/schema\/person\/9eb9daa846a49fe51af39a73d9d1986b\"},\"description\":\"La donna era ricoverata in terapia intensiva al San Donato e ha potuto abbracciare il piccolo meticcio, ora in cerca di un'adozione\",\"breadcrumb\":{\"@id\":\"https:\/\/www.intoscana.it\/it\/chiede-di-rivedere-il-cane-prima-di-morire-lapo-ammesso-in-ospedale\/#breadcrumb\"},\"inLanguage\":\"it-IT\",\"potentialAction\":[{\"@type\":\"ReadAction\",\"target\":[\"https:\/\/www.intoscana.it\/it\/chiede-di-rivedere-il-cane-prima-di-morire-lapo-ammesso-in-ospedale\/\"]}]},{\"@type\":\"ImageObject\",\"inLanguage\":\"it-IT\",\"@id\":\"https:\/\/www.intoscana.it\/it\/chiede-di-rivedere-il-cane-prima-di-morire-lapo-ammesso-in-ospedale\/#primaryimage\",\"url\":\"https:\/\/www.intoscana.it\/wp-content\/uploads\/091045213-f2d95f50-7451-4ece-8053-d901c2d8cbad-e1677573746636.jpeg\",\"contentUrl\":\"https:\/\/www.intoscana.it\/wp-content\/uploads\/091045213-f2d95f50-7451-4ece-8053-d901c2d8cbad-e1677573746636.jpeg\",\"width\":1140,\"height\":618,\"caption\":\"Il cane Lapo che \u00e8 andato a salutare in ospedale la sua padrona morente - \u00a9 Teletruria\"},{\"@type\":\"BreadcrumbList\",\"@id\":\"https:\/\/www.intoscana.it\/it\/chiede-di-rivedere-il-cane-prima-di-morire-lapo-ammesso-in-ospedale\/#breadcrumb\",\"itemListElement\":[{\"@type\":\"ListItem\",\"position\":1,\"name\":\"Home\",\"item\":\"https:\/\/www.intoscana.it\/it\/\"},{\"@type\":\"ListItem\",\"position\":2,\"name\":\"Chiede di rivedere il cane prima di morire, Lapo ammesso in ospedale\"}]},{\"@type\":\"WebSite\",\"@id\":\"https:\/\/www.intoscana.it\/it\/#website\",\"url\":\"https:\/\/www.intoscana.it\/it\/\",\"name\":\"intoscana\",\"description\":\"\",\"potentialAction\":[{\"@type\":\"SearchAction\",\"target\":{\"@type\":\"EntryPoint\",\"urlTemplate\":\"https:\/\/www.intoscana.it\/it\/?s={search_term_string}\"},\"query-input\":{\"@type\":\"PropertyValueSpecification\",\"valueRequired\":true,\"valueName\":\"search_term_string\"}}],\"inLanguage\":\"it-IT\"},{\"@type\":\"Person\",\"@id\":\"https:\/\/www.intoscana.it\/it\/#\/schema\/person\/9eb9daa846a49fe51af39a73d9d1986b\",\"name\":\"Raffaella Galamini\",\"sameAs\":[\"https:\/\/x.com\/orio\"],\"url\":\"https:\/\/www.intoscana.it\/it\/author\/r-galamini\/\"}]}<\/script>\n<!-- \/ Yoast SEO Premium plugin. -->","yoast_head_json":{"title":"Arezzo, cane in ospedale per l'ultimo saluto all'anziana padrona - intoscana","description":"La donna era ricoverata in terapia intensiva al San Donato e ha potuto abbracciare il piccolo meticcio, ora in cerca di un'adozione","robots":{"index":"index","follow":"follow","max-snippet":"max-snippet:-1","max-image-preview":"max-image-preview:large","max-video-preview":"max-video-preview:-1"},"canonical":"https:\/\/www.intoscana.it\/it\/chiede-di-rivedere-il-cane-prima-di-morire-lapo-ammesso-in-ospedale\/","og_locale":"it_IT","og_type":"article","og_title":"Chiede di rivedere il cane prima di morire, Lapo ammesso in ospedale","og_description":"La donna era ricoverata in terapia intensiva al San Donato e ha potuto abbracciare il piccolo meticcio, ora in cerca di un'adozione","og_url":"https:\/\/www.intoscana.it\/it\/chiede-di-rivedere-il-cane-prima-di-morire-lapo-ammesso-in-ospedale\/","og_site_name":"intoscana","article_publisher":"https:\/\/www.facebook.com\/intoscana.it","article_published_time":"2023-02-28T09:51:46+00:00","article_modified_time":"2023-02-28T09:53:11+00:00","og_image":[{"width":1140,"height":618,"url":"https:\/\/www.intoscana.it\/wp-content\/uploads\/091045213-f2d95f50-7451-4ece-8053-d901c2d8cbad-e1677573746636.jpeg","type":"image\/jpeg"}],"author":"Raffaella Galamini","twitter_card":"summary_large_image","twitter_creator":"@orio","twitter_site":"@intoscana","twitter_misc":{"Written by":"Raffaella Galamini","Est. reading time":"2 minuti"},"schema":{"@context":"https:\/\/schema.org","@graph":[{"@type":"WebPage","@id":"https:\/\/www.intoscana.it\/it\/chiede-di-rivedere-il-cane-prima-di-morire-lapo-ammesso-in-ospedale\/","url":"https:\/\/www.intoscana.it\/it\/chiede-di-rivedere-il-cane-prima-di-morire-lapo-ammesso-in-ospedale\/","name":"Arezzo, cane in ospedale per l'ultimo saluto all'anziana padrona - intoscana","isPartOf":{"@id":"https:\/\/www.intoscana.it\/it\/#website"},"primaryImageOfPage":{"@id":"https:\/\/www.intoscana.it\/it\/chiede-di-rivedere-il-cane-prima-di-morire-lapo-ammesso-in-ospedale\/#primaryimage"},"image":{"@id":"https:\/\/www.intoscana.it\/it\/chiede-di-rivedere-il-cane-prima-di-morire-lapo-ammesso-in-ospedale\/#primaryimage"},"thumbnailUrl":"https:\/\/www.intoscana.it\/wp-content\/uploads\/091045213-f2d95f50-7451-4ece-8053-d901c2d8cbad-e1677573746636.jpeg","datePublished":"2023-02-28T09:51:46+00:00","dateModified":"2023-02-28T09:53:11+00:00","author":{"@id":"https:\/\/www.intoscana.it\/it\/#\/schema\/person\/9eb9daa846a49fe51af39a73d9d1986b"},"description":"La donna era ricoverata in terapia intensiva al San Donato e ha potuto abbracciare il piccolo meticcio, ora in cerca di un'adozione","breadcrumb":{"@id":"https:\/\/www.intoscana.it\/it\/chiede-di-rivedere-il-cane-prima-di-morire-lapo-ammesso-in-ospedale\/#breadcrumb"},"inLanguage":"it-IT","potentialAction":[{"@type":"ReadAction","target":["https:\/\/www.intoscana.it\/it\/chiede-di-rivedere-il-cane-prima-di-morire-lapo-ammesso-in-ospedale\/"]}]},{"@type":"ImageObject","inLanguage":"it-IT","@id":"https:\/\/www.intoscana.it\/it\/chiede-di-rivedere-il-cane-prima-di-morire-lapo-ammesso-in-ospedale\/#primaryimage","url":"https:\/\/www.intoscana.it\/wp-content\/uploads\/091045213-f2d95f50-7451-4ece-8053-d901c2d8cbad-e1677573746636.jpeg","contentUrl":"https:\/\/www.intoscana.it\/wp-content\/uploads\/091045213-f2d95f50-7451-4ece-8053-d901c2d8cbad-e1677573746636.jpeg","width":1140,"height":618,"caption":"Il cane Lapo che \u00e8 andato a salutare in ospedale la sua padrona morente - \u00a9 Teletruria"},{"@type":"BreadcrumbList","@id":"https:\/\/www.intoscana.it\/it\/chiede-di-rivedere-il-cane-prima-di-morire-lapo-ammesso-in-ospedale\/#breadcrumb","itemListElement":[{"@type":"ListItem","position":1,"name":"Home","item":"https:\/\/www.intoscana.it\/it\/"},{"@type":"ListItem","position":2,"name":"Chiede di rivedere il cane prima di morire, Lapo ammesso in ospedale"}]},{"@type":"WebSite","@id":"https:\/\/www.intoscana.it\/it\/#website","url":"https:\/\/www.intoscana.it\/it\/","name":"intoscana","description":"","potentialAction":[{"@type":"SearchAction","target":{"@type":"EntryPoint","urlTemplate":"https:\/\/www.intoscana.it\/it\/?s={search_term_string}"},"query-input":{"@type":"PropertyValueSpecification","valueRequired":true,"valueName":"search_term_string"}}],"inLanguage":"it-IT"},{"@type":"Person","@id":"https:\/\/www.intoscana.it\/it\/#\/schema\/person\/9eb9daa846a49fe51af39a73d9d1986b","name":"Raffaella Galamini","sameAs":["https:\/\/x.com\/orio"],"url":"https:\/\/www.intoscana.it\/it\/author\/r-galamini\/"}]}},"_links":{"self":[{"href":"https:\/\/www.intoscana.it\/it\/wp-json\/wp\/v2\/posts\/274372","targetHints":{"allow":["GET"]}}],"collection":[{"href":"https:\/\/www.intoscana.it\/it\/wp-json\/wp\/v2\/posts"}],"about":[{"href":"https:\/\/www.intoscana.it\/it\/wp-json\/wp\/v2\/types\/post"}],"author":[{"embeddable":true,"href":"https:\/\/www.intoscana.it\/it\/wp-json\/wp\/v2\/users\/554"}],"replies":[{"embeddable":true,"href":"https:\/\/www.intoscana.it\/it\/wp-json\/wp\/v2\/comments?post=274372"}],"version-history":[{"count":0,"href":"https:\/\/www.intoscana.it\/it\/wp-json\/wp\/v2\/posts\/274372\/revisions"}],"wp:featuredmedia":[{"embeddable":true,"href":"https:\/\/www.intoscana.it\/it\/wp-json\/wp\/v2\/media\/274377"}],"wp:attachment":[{"href":"https:\/\/www.intoscana.it\/it\/wp-json\/wp\/v2\/media?parent=274372"}],"wp:term":[{"taxonomy":"category","embeddable":true,"href":"https:\/\/www.intoscana.it\/it\/wp-json\/wp\/v2\/categories?post=274372"},{"taxonomy":"post_tag","embeddable":true,"href":"https:\/\/www.intoscana.it\/it\/wp-json\/wp\/v2\/tags?post=274372"}],"curies":[{"name":"wp","href":"https:\/\/api.w.org\/{rel}","templated":true}]}}