{"id":274516,"date":"2023-02-28T17:03:43","date_gmt":"2023-02-28T16:03:43","guid":{"rendered":"https:\/\/www.intoscana.it\/it\/?p=274516"},"modified":"2023-02-28T17:04:10","modified_gmt":"2023-02-28T16:04:10","slug":"partiti-i-lavori-per-la-passerella-ciclopedonale-sul-torrente-la-furba-colleghera-poggio-a-caiano-e-carmignano","status":"publish","type":"post","link":"https:\/\/www.intoscana.it\/it\/partiti-i-lavori-per-la-passerella-ciclopedonale-sul-torrente-la-furba-colleghera-poggio-a-caiano-e-carmignano\/","title":{"rendered":"Partiti i lavori per la passerella ciclopedonale sul torrente La Furba. Collegher\u00e0 Poggio a Caiano e Carmignano"},"content":{"rendered":"<p>Sono partiti i lavori per la realizzazione della<strong> passerella ciclopedonale sul torrente La Furba<\/strong> che unir\u00e0 le piste ciclabili dei comuni di <strong>Poggio a Caiano<\/strong> e <strong>Carmignano<\/strong>, in provincia di Prato. Quest&#8217;opera si inserisce all\u2019interno del pi\u00f9 ampio sistema di <strong>piste ciclabili del Parco della Piana<\/strong> e permetter\u00e0\u00a0completare il quadro della <strong>mobilit\u00e0 dolce<\/strong> nel territorio dei comuni medicei.<\/p>\n<p><em>&#8220;Questa \u00e8 una tappa cruciale per la mobilit\u00e0 del Parco della Piana<\/em> &#8211; commenta l&#8217;assessore alle infrastrutture e mobilit\u00e0 <strong>Stefano Baccelli<\/strong>-. <em>La Regione ha investito oltre 190 mila euro per accompagnare il lavoro dei Comuni su questo intervento, ma siamo pronti a investire anche su\u00a0 altri\u00a0 interventi. Anzi prossimamente il presidente Giani ha intenzione di valorizzare la strategia complessiva sul parco della piana, che coinvolge la mobilit\u00e0 dolce appunto, ma anche il parco agricolo. Questo per far ben comprendere come ci sia una precisa strategia legata alla mobilit\u00e0 dolce e che non siamo quindi\u00a0 a evidenziare solamente una sommatoria di opere<\/em>&#8220;.<\/p>\n<figure id=\"post-274521 media-274521\" class=\"align-center\"><img decoding=\"async\" src=\"https:\/\/www.intoscana.it\/wp-content\/uploads\/Foto-gruppo-passerella-scaled.jpg\" alt=\"\" \/><\/figure>\n<h3>Il progetto<\/h3>\n<p>Prevede la costruzione di una passerella in acciaio con luce pari a 20 metri, composta da travi reticolari parallele sostenute a loro volta da un impalcato di travi sempre in acciaio. Il piano della pista e il camminamento invece saranno costituiti da un tavolato in legno, mentre la struttura reticolare sar\u00e0 chiusa da carter in acciaio Corten che avranno la funzione di parapetto. L&#8217;intero progetto \u00e8 stato pensato in modo da <strong>minimizzare l\u2019impatto<\/strong> e le lavorazioni sull\u2019argine. Infine, verranno realizzati dei ringrossi arginali per permettere l\u2019accesso alle persone. Da sottolineare inoltre l\u2019impiego di terre o altri materiali derivanti da altri cantieri del Comune di Poggio a Caiano e Carmignano da impiegare all\u2019interno del cantiere stesso.<\/p>\n<p>&#8220;<em>Finalmente la partenza di un progetto importante<\/em> &#8211; prosegue il sindaco di Carmignano, <strong>Edoardo Prestanti<\/strong> &#8211; <em>Il parco della Piana prende sempre pi\u00f9 forma. Alle due tappe di pista ciclabile si aggiunge un ponte fondamentale per completare l\u2019anello della mobilit\u00e0 sostenibile che \u00e8 alla base di quel turismo lento tanto ricercato e praticato. Il sistema delle piste ciclopedonali, essendo integrato, ha valore quando tutti i Comuni fanno la propria parte e la passerella sar\u00e0 un ulteriore elemento che metter\u00e0 in connessione il tutto&#8221;.<\/em><\/p>\n<h3>Cronoprogramma<\/h3>\n<p>I lavori, salvo contrattempi dovuti al meteo, dovrebbero concludersi <strong>entro l&#8217;estate<\/strong>. Il progetto rientra nei finanziamenti del Por Fesr 2014-2020, di cui sono assegnatari i Comuni di Carmignano e Poggio a Caiano. La spesa complessiva \u00e8 di <strong>490 mila euro<\/strong> (contributo regionale 191 mila euro e 143 mila euro di investimento per Poggio e Carmignano).<\/p>\n<p>&#8220;<em>La mobilit\u00e0 sostenibile \u00e8 uno dei punti cardine della nostra visione di paese e con la passerella aggiungiamo un altro tassello importante per l&#8217;allargamento e il potenziamento del sistema ciclabile che vede Poggio al centro del Parco della Piana<\/em> &#8211; spiega il sindaco di Poggio a Caiano, <strong>Francesco Puggelli<\/strong> -. <em>Questa infrastruttura, inoltre, non collega solo il nostro territorio con Carmignano, ma va a completare l&#8217;idea che sta dietro anche alle altre piste ciclabili come quella di Poggetto, che diventer\u00e0 cos\u00ec u<strong>n&#8217;arteria fondamentale per la mobilit\u00e0 dolce<\/strong> che parte da Ponte Manetti e apre cos\u00ec nuovi percorsi verso la piana pistoiese. Tantissimi i poggesi stanno cambiando le proprie abitudini, usando la bici per il tempo libero e non solo. Dobbiamo accompagnare questo cambiamento continuando a investire in nuove ciclabili&#8221;.<\/em><\/p>\n","protected":false},"excerpt":{"rendered":"<p>I lavori si concluderanno entro l&#8217;estate, per una spesa complessiva di 490 mila euro, ripartita tra la Regione Toscana e i due comuni medicei<\/p>\n","protected":false},"author":525,"featured_media":274522,"comment_status":"open","ping_status":"open","sticky":false,"template":"","format":"standard","meta":{"_acf_changed":false,"footnotes":""},"categories":[494],"tags":[5857,1577,4967,4818],"class_list":["post-274516","post","type-post","status-publish","format-standard","has-post-thumbnail","hentry","category-attualita","tag-mobilita-ciclabile","tag-muoversi-in-toscana","tag-pista-ciclabile","tag-stefano-baccelli"],"acf":[],"yoast_head":"<!-- This site is optimized with the Yoast SEO Premium plugin v24.2 (Yoast SEO v25.6) - https:\/\/yoast.com\/wordpress\/plugins\/seo\/ -->\n<title>Partiti i lavori per la passerella ciclopedonale sul torrente La Furba. Collegher\u00e0 Poggio a Caiano e Carmignano - intoscana<\/title>\n<meta name=\"robots\" content=\"index, follow, max-snippet:-1, max-image-preview:large, max-video-preview:-1\" \/>\n<link rel=\"canonical\" href=\"https:\/\/www.intoscana.it\/it\/partiti-i-lavori-per-la-passerella-ciclopedonale-sul-torrente-la-furba-colleghera-poggio-a-caiano-e-carmignano\/\" \/>\n<meta property=\"og:locale\" content=\"it_IT\" \/>\n<meta property=\"og:type\" content=\"article\" \/>\n<meta property=\"og:title\" content=\"Partiti i lavori per la passerella ciclopedonale sul torrente La Furba. Collegher\u00e0 Poggio a Caiano e Carmignano\" \/>\n<meta property=\"og:description\" content=\"I lavori si concluderanno entro l&#039;estate, per una spesa complessiva di 490 mila euro, ripartita tra la Regione Toscana e i due comuni medicei\" \/>\n<meta property=\"og:url\" content=\"https:\/\/www.intoscana.it\/it\/partiti-i-lavori-per-la-passerella-ciclopedonale-sul-torrente-la-furba-colleghera-poggio-a-caiano-e-carmignano\/\" \/>\n<meta property=\"og:site_name\" content=\"intoscana\" \/>\n<meta property=\"article:publisher\" content=\"https:\/\/www.facebook.com\/intoscana.it\" \/>\n<meta property=\"article:published_time\" content=\"2023-02-28T16:03:43+00:00\" \/>\n<meta property=\"article:modified_time\" content=\"2023-02-28T16:04:10+00:00\" \/>\n<meta property=\"og:image\" content=\"https:\/\/www.intoscana.it\/wp-content\/uploads\/Foto-argine-scaled.jpg\" \/>\n\t<meta property=\"og:image:width\" content=\"2048\" \/>\n\t<meta property=\"og:image:height\" content=\"1536\" \/>\n\t<meta property=\"og:image:type\" content=\"image\/jpeg\" \/>\n<meta name=\"author\" content=\"Redazione\" \/>\n<meta name=\"twitter:card\" content=\"summary_large_image\" \/>\n<meta name=\"twitter:creator\" content=\"@intoscana\" \/>\n<meta name=\"twitter:site\" content=\"@intoscana\" \/>\n<meta name=\"twitter:label1\" content=\"Written by\" \/>\n\t<meta name=\"twitter:data1\" content=\"Redazione\" \/>\n\t<meta name=\"twitter:label2\" content=\"Est. reading time\" \/>\n\t<meta name=\"twitter:data2\" content=\"3 minuti\" \/>\n<script type=\"application\/ld+json\" class=\"yoast-schema-graph\">{\"@context\":\"https:\/\/schema.org\",\"@graph\":[{\"@type\":\"WebPage\",\"@id\":\"https:\/\/www.intoscana.it\/it\/partiti-i-lavori-per-la-passerella-ciclopedonale-sul-torrente-la-furba-colleghera-poggio-a-caiano-e-carmignano\/\",\"url\":\"https:\/\/www.intoscana.it\/it\/partiti-i-lavori-per-la-passerella-ciclopedonale-sul-torrente-la-furba-colleghera-poggio-a-caiano-e-carmignano\/\",\"name\":\"Partiti i lavori per la passerella ciclopedonale sul torrente La Furba. Collegher\u00e0 Poggio a Caiano e Carmignano - intoscana\",\"isPartOf\":{\"@id\":\"https:\/\/www.intoscana.it\/it\/#website\"},\"primaryImageOfPage\":{\"@id\":\"https:\/\/www.intoscana.it\/it\/partiti-i-lavori-per-la-passerella-ciclopedonale-sul-torrente-la-furba-colleghera-poggio-a-caiano-e-carmignano\/#primaryimage\"},\"image\":{\"@id\":\"https:\/\/www.intoscana.it\/it\/partiti-i-lavori-per-la-passerella-ciclopedonale-sul-torrente-la-furba-colleghera-poggio-a-caiano-e-carmignano\/#primaryimage\"},\"thumbnailUrl\":\"https:\/\/www.intoscana.it\/wp-content\/uploads\/Foto-argine-scaled.jpg\",\"datePublished\":\"2023-02-28T16:03:43+00:00\",\"dateModified\":\"2023-02-28T16:04:10+00:00\",\"author\":{\"@id\":\"https:\/\/www.intoscana.it\/it\/#\/schema\/person\/9223810753230f20bd670fdd322661f8\"},\"breadcrumb\":{\"@id\":\"https:\/\/www.intoscana.it\/it\/partiti-i-lavori-per-la-passerella-ciclopedonale-sul-torrente-la-furba-colleghera-poggio-a-caiano-e-carmignano\/#breadcrumb\"},\"inLanguage\":\"it-IT\",\"potentialAction\":[{\"@type\":\"ReadAction\",\"target\":[\"https:\/\/www.intoscana.it\/it\/partiti-i-lavori-per-la-passerella-ciclopedonale-sul-torrente-la-furba-colleghera-poggio-a-caiano-e-carmignano\/\"]}]},{\"@type\":\"ImageObject\",\"inLanguage\":\"it-IT\",\"@id\":\"https:\/\/www.intoscana.it\/it\/partiti-i-lavori-per-la-passerella-ciclopedonale-sul-torrente-la-furba-colleghera-poggio-a-caiano-e-carmignano\/#primaryimage\",\"url\":\"https:\/\/www.intoscana.it\/wp-content\/uploads\/Foto-argine-scaled.jpg\",\"contentUrl\":\"https:\/\/www.intoscana.it\/wp-content\/uploads\/Foto-argine-scaled.jpg\",\"width\":2048,\"height\":1536},{\"@type\":\"BreadcrumbList\",\"@id\":\"https:\/\/www.intoscana.it\/it\/partiti-i-lavori-per-la-passerella-ciclopedonale-sul-torrente-la-furba-colleghera-poggio-a-caiano-e-carmignano\/#breadcrumb\",\"itemListElement\":[{\"@type\":\"ListItem\",\"position\":1,\"name\":\"Home\",\"item\":\"https:\/\/www.intoscana.it\/it\/\"},{\"@type\":\"ListItem\",\"position\":2,\"name\":\"Partiti i lavori per la passerella ciclopedonale sul torrente La Furba. Collegher\u00e0 Poggio a Caiano e Carmignano\"}]},{\"@type\":\"WebSite\",\"@id\":\"https:\/\/www.intoscana.it\/it\/#website\",\"url\":\"https:\/\/www.intoscana.it\/it\/\",\"name\":\"intoscana\",\"description\":\"\",\"potentialAction\":[{\"@type\":\"SearchAction\",\"target\":{\"@type\":\"EntryPoint\",\"urlTemplate\":\"https:\/\/www.intoscana.it\/it\/?s={search_term_string}\"},\"query-input\":{\"@type\":\"PropertyValueSpecification\",\"valueRequired\":true,\"valueName\":\"search_term_string\"}}],\"inLanguage\":\"it-IT\"},{\"@type\":\"Person\",\"@id\":\"https:\/\/www.intoscana.it\/it\/#\/schema\/person\/9223810753230f20bd670fdd322661f8\",\"name\":\"Redazione\",\"url\":\"https:\/\/www.intoscana.it\/it\/author\/redazione\/\"}]}<\/script>\n<!-- \/ Yoast SEO Premium plugin. -->","yoast_head_json":{"title":"Partiti i lavori per la passerella ciclopedonale sul torrente La Furba. Collegher\u00e0 Poggio a Caiano e Carmignano - intoscana","robots":{"index":"index","follow":"follow","max-snippet":"max-snippet:-1","max-image-preview":"max-image-preview:large","max-video-preview":"max-video-preview:-1"},"canonical":"https:\/\/www.intoscana.it\/it\/partiti-i-lavori-per-la-passerella-ciclopedonale-sul-torrente-la-furba-colleghera-poggio-a-caiano-e-carmignano\/","og_locale":"it_IT","og_type":"article","og_title":"Partiti i lavori per la passerella ciclopedonale sul torrente La Furba. Collegher\u00e0 Poggio a Caiano e Carmignano","og_description":"I lavori si concluderanno entro l'estate, per una spesa complessiva di 490 mila euro, ripartita tra la Regione Toscana e i due comuni medicei","og_url":"https:\/\/www.intoscana.it\/it\/partiti-i-lavori-per-la-passerella-ciclopedonale-sul-torrente-la-furba-colleghera-poggio-a-caiano-e-carmignano\/","og_site_name":"intoscana","article_publisher":"https:\/\/www.facebook.com\/intoscana.it","article_published_time":"2023-02-28T16:03:43+00:00","article_modified_time":"2023-02-28T16:04:10+00:00","og_image":[{"width":2048,"height":1536,"url":"https:\/\/www.intoscana.it\/wp-content\/uploads\/Foto-argine-scaled.jpg","type":"image\/jpeg"}],"author":"Redazione","twitter_card":"summary_large_image","twitter_creator":"@intoscana","twitter_site":"@intoscana","twitter_misc":{"Written by":"Redazione","Est. reading time":"3 minuti"},"schema":{"@context":"https:\/\/schema.org","@graph":[{"@type":"WebPage","@id":"https:\/\/www.intoscana.it\/it\/partiti-i-lavori-per-la-passerella-ciclopedonale-sul-torrente-la-furba-colleghera-poggio-a-caiano-e-carmignano\/","url":"https:\/\/www.intoscana.it\/it\/partiti-i-lavori-per-la-passerella-ciclopedonale-sul-torrente-la-furba-colleghera-poggio-a-caiano-e-carmignano\/","name":"Partiti i lavori per la passerella ciclopedonale sul torrente La Furba. Collegher\u00e0 Poggio a Caiano e Carmignano - intoscana","isPartOf":{"@id":"https:\/\/www.intoscana.it\/it\/#website"},"primaryImageOfPage":{"@id":"https:\/\/www.intoscana.it\/it\/partiti-i-lavori-per-la-passerella-ciclopedonale-sul-torrente-la-furba-colleghera-poggio-a-caiano-e-carmignano\/#primaryimage"},"image":{"@id":"https:\/\/www.intoscana.it\/it\/partiti-i-lavori-per-la-passerella-ciclopedonale-sul-torrente-la-furba-colleghera-poggio-a-caiano-e-carmignano\/#primaryimage"},"thumbnailUrl":"https:\/\/www.intoscana.it\/wp-content\/uploads\/Foto-argine-scaled.jpg","datePublished":"2023-02-28T16:03:43+00:00","dateModified":"2023-02-28T16:04:10+00:00","author":{"@id":"https:\/\/www.intoscana.it\/it\/#\/schema\/person\/9223810753230f20bd670fdd322661f8"},"breadcrumb":{"@id":"https:\/\/www.intoscana.it\/it\/partiti-i-lavori-per-la-passerella-ciclopedonale-sul-torrente-la-furba-colleghera-poggio-a-caiano-e-carmignano\/#breadcrumb"},"inLanguage":"it-IT","potentialAction":[{"@type":"ReadAction","target":["https:\/\/www.intoscana.it\/it\/partiti-i-lavori-per-la-passerella-ciclopedonale-sul-torrente-la-furba-colleghera-poggio-a-caiano-e-carmignano\/"]}]},{"@type":"ImageObject","inLanguage":"it-IT","@id":"https:\/\/www.intoscana.it\/it\/partiti-i-lavori-per-la-passerella-ciclopedonale-sul-torrente-la-furba-colleghera-poggio-a-caiano-e-carmignano\/#primaryimage","url":"https:\/\/www.intoscana.it\/wp-content\/uploads\/Foto-argine-scaled.jpg","contentUrl":"https:\/\/www.intoscana.it\/wp-content\/uploads\/Foto-argine-scaled.jpg","width":2048,"height":1536},{"@type":"BreadcrumbList","@id":"https:\/\/www.intoscana.it\/it\/partiti-i-lavori-per-la-passerella-ciclopedonale-sul-torrente-la-furba-colleghera-poggio-a-caiano-e-carmignano\/#breadcrumb","itemListElement":[{"@type":"ListItem","position":1,"name":"Home","item":"https:\/\/www.intoscana.it\/it\/"},{"@type":"ListItem","position":2,"name":"Partiti i lavori per la passerella ciclopedonale sul torrente La Furba. Collegher\u00e0 Poggio a Caiano e Carmignano"}]},{"@type":"WebSite","@id":"https:\/\/www.intoscana.it\/it\/#website","url":"https:\/\/www.intoscana.it\/it\/","name":"intoscana","description":"","potentialAction":[{"@type":"SearchAction","target":{"@type":"EntryPoint","urlTemplate":"https:\/\/www.intoscana.it\/it\/?s={search_term_string}"},"query-input":{"@type":"PropertyValueSpecification","valueRequired":true,"valueName":"search_term_string"}}],"inLanguage":"it-IT"},{"@type":"Person","@id":"https:\/\/www.intoscana.it\/it\/#\/schema\/person\/9223810753230f20bd670fdd322661f8","name":"Redazione","url":"https:\/\/www.intoscana.it\/it\/author\/redazione\/"}]}},"_links":{"self":[{"href":"https:\/\/www.intoscana.it\/it\/wp-json\/wp\/v2\/posts\/274516","targetHints":{"allow":["GET"]}}],"collection":[{"href":"https:\/\/www.intoscana.it\/it\/wp-json\/wp\/v2\/posts"}],"about":[{"href":"https:\/\/www.intoscana.it\/it\/wp-json\/wp\/v2\/types\/post"}],"author":[{"embeddable":true,"href":"https:\/\/www.intoscana.it\/it\/wp-json\/wp\/v2\/users\/525"}],"replies":[{"embeddable":true,"href":"https:\/\/www.intoscana.it\/it\/wp-json\/wp\/v2\/comments?post=274516"}],"version-history":[{"count":0,"href":"https:\/\/www.intoscana.it\/it\/wp-json\/wp\/v2\/posts\/274516\/revisions"}],"wp:featuredmedia":[{"embeddable":true,"href":"https:\/\/www.intoscana.it\/it\/wp-json\/wp\/v2\/media\/274522"}],"wp:attachment":[{"href":"https:\/\/www.intoscana.it\/it\/wp-json\/wp\/v2\/media?parent=274516"}],"wp:term":[{"taxonomy":"category","embeddable":true,"href":"https:\/\/www.intoscana.it\/it\/wp-json\/wp\/v2\/categories?post=274516"},{"taxonomy":"post_tag","embeddable":true,"href":"https:\/\/www.intoscana.it\/it\/wp-json\/wp\/v2\/tags?post=274516"}],"curies":[{"name":"wp","href":"https:\/\/api.w.org\/{rel}","templated":true}]}}