{"id":274693,"date":"2023-03-01T15:38:29","date_gmt":"2023-03-01T14:38:29","guid":{"rendered":"https:\/\/www.intoscana.it\/it\/?p=274693"},"modified":"2023-03-01T15:43:25","modified_gmt":"2023-03-01T14:43:25","slug":"l-europa-in-toscana-giani-e-i-dieci-progetti-bandiera-per-un-nuovo-welfare","status":"publish","type":"post","link":"https:\/\/www.intoscana.it\/it\/l-europa-in-toscana-giani-e-i-dieci-progetti-bandiera-per-un-nuovo-welfare\/","title":{"rendered":"L&#8217;Europa in Toscana, Giani e i dieci progetti bandiera per un nuovo welfare"},"content":{"rendered":"<div class=\"rt-page__content rt-page-content--left\">\n<div class=\"rt-page__content-text\">\n<p>Un welfare toscano che poggia su dieci \u201c<em>progetti bandiera<\/em>\u201d, come li chiama il presidente della Toscana <strong>Eugenio Giani<\/strong>: dieci obiettivi e perimetri di intervento per spiegare come l\u2019Europa non sia solo un insieme di valori ma dia anche sostanza. Con i suoi fondi destinati ai servizi con cui abbiamo a che fare tutti i giorni.<\/p>\n<p>\u201c<em>I fondi europei a disposizione della Toscana sono cresciuti: siamo stati bravi<\/em> \u2013 spiega Giani a margine dall&#8217;evento di presentazione dei programmi Fse+ e Fesr 2021-2027 \u2013 <em>E questi dieci capitoli nei prossimi sette anni cambieranno anche il sentimento sulla qualit\u00e0 della vita che pu\u00f2 offrire la Toscana, gi\u00e0 una delle regioni pi\u00f9 attrattive nel mondo, e uno stimolo dunque per abitarci, per la qualit\u00e0 vita e la coesione delle nostre comunit\u00e0<\/em>\u201d.<\/p>\n<h3>Dieci progetti, tre missioni<\/h3>\n<p>Introdotto da <strong>Luca Telese<\/strong>, davanti ad una platea di 1500 persone, il presidente Giani elenca <strong>i dieci progetti bandiera<\/strong>, per titoli, in un\u2019illustrazione densa di contenuti ed indirizzi politici. <strong>Dieci progetti e tre missioni,<\/strong> citando ancora Giani: \u201c<mark>per valorizzare il talento, che deve diventare intrapresa, per sostenere il bisogno (perch\u00e9 non vogliamo lasciare indietro nessuno) e per sviluppare la coesione di comunit\u00e0, perch\u00e9 si fa tutto in squadra<\/mark>\u201d. Del resto solo se i programmi sono radicati sul territorio e non calati dell\u2019alto possono funzionare davvero.<\/p>\n<h3>I complimenti dell&#8217;Unione europea<\/h3>\n<p>In Toscana il bilancio degli ultimi anni \u00e8 positivo: \u00e8 il racconto di un modello e di una ricetta che ha funzionato, come sottolinea il conduttore Telese. Ed anche <mark>la Commissione europea fa i complimenti alla Toscana<\/mark>, attraverso la direttrice generale aggiunta per l\u2019occupazione, gli affari sociali e l\u2019inclusione <strong>Andriana Sukova Tosheva<\/strong>. Presenti anche <strong>Willibrordus Sluijters<\/strong> della Direzione politica regionale e urbana della Commissione Ue e, per il Ministero Economia e Finanze, <strong>Alessandro Mazzamati<\/strong>.<\/p>\n<p>\u201c<em>L\u2019Europa \u00e8 dentro di noi e la viviamo tutti i giorni<\/em> &#8211; dice Giani &#8211; <em>Il 40 per cento dei servizi (e il 20 per cento degli investimenti) arriva da fondi europei. Un tempo erano contributi a fondo perduto:\u00a0oggi\u00a0per resposabilizzarci ci viene chiesto di compartecipare, il 18 per cento delle risorse in campo gravano sul nostro bilancio. Ma \u00e8 giusto cos\u00ec<\/em>\u201d.<\/p>\n<h3><strong>Asili nido gratis e diritto allo studio<\/strong><\/h3>\n<p>Ed eccoli i dieci progetti bandiera, <strong>sei per il Fse+ e quattro per il Fesr<\/strong>, che riassumono i <strong>2,3 miliardi<\/strong> che saranno investiti <strong>in sette anni<\/strong> in Toscana. C\u2019\u00e8 l\u2019educazione fin da piccoli: in testa gli <strong>asili nidi gratis<\/strong> per tutte le famiglie con un Isee inferiore a 35 mila euro: 176 milioni a disposizione dei cittadini, altri 76 per i Comuni).<\/p>\n<p>C\u2019\u00e8 la cultura, <strong>il diritto allo studio e la formazione professionale<\/strong>. \u201c<em>Dobbiamo incentivare anche la formazione a distanza<\/em>\u201d sottolinea il presidente, che parla di \u2018educazione verticale\u2019 per tutta la vita. Poi lancia il <strong>bonus cultura<\/strong>: 20 milioni per 100 euro l\u2019anno a ragazzi entro 25 anni e con particolari requisiti Isee. Ricorda il progetto toscano <strong>Giovanis\u00ec<\/strong> per l\u2019autonomia delle nuove generazioni.<\/p>\n<h3>L&#8217;attenzione per il lavoro e i disoccupati<\/h3>\n<p>C\u2019\u00e8 il lavoro, naturalmente: misura rivolte anche all\u2019<strong>occupazione dei disoccupati<\/strong>, delle imprese in crisi e per rigenerare forza lavoro, <strong>incentivi alle assunzioni<\/strong>. \u201c<em>L\u2019anno scorso 1384 giovani hanno iniziato a lavorare grazie ad Arti, l\u2018agenzia regionale, e i 53 centri per l\u2019impiego sparsi per il territorio<\/em>\u201d annota il presidente.<\/p>\n<p>\u201c<em>Tra giovani e non giovani<\/em> &#8211; aggiunge &#8211; <em>se ne potranno creare 100 mila nei prossimi sette anni: 17 mila li abbiamo documenti nel solo 2022\u201d. \u201cCi saranno<\/em> \u2013 aggiunge &#8211; <em>bandi rivolti anche all\u2019occupazione nei teatri, nei musei e per le associazioni culturali<\/em>\u201d.<\/p>\n<div class=\"focuson\"><a href=\"https:\/\/www.intoscana.it\/it\/articolo\/fondi-ue-la-toscana-presenta-i-nuovi-programmi-fse-e-fesr\/\"><img decoding=\"async\" class=\"lazy\" src=\"https:\/\/www.intoscana.it\/wp-content\/uploads\/brussels-g4add2013f_1920.jpg\" style=\"\">\n                <div class=\"cat\">Fondi UE: la Toscana presenta i nuovi programmi Fse+ e Fesr<\/div>\n                <h4>Occupazione, crescita e sviluppo di una regione pi\u00f9 inclusiva, verde, innovativa e connessa<\/h4><\/a>\n              <\/div>\n<h3>La donna e la parit\u00e0 di genere<\/h3>\n<p>C\u2019\u00e8 ancora <strong>la donna e la parit\u00e0 di genere<\/strong>. \u201c<em>Abbiamo deciso di dare al progetto il nome di una donna etrusca, Ati,<\/em> &#8211; chiosa Giani &#8211; <em>perch\u00e9 in quella societ\u00e0 antica la donna aveva un ruolo pi\u00f9 forte di quanto accadesse a Roma o in Grecia\u201d<\/em>. E poi annuncia: \u201c<em>Per le donne che hanno subito violenze o mobbing, in casa o lavoro, istituiremo il reddito di libert\u00e0. Ma amplieremo anche la rete dei consultori ed altri servizi che si rivolgono all\u2019universo femminile<\/em>\u201d. Una menzione speciale il presidente la fa per il progetto \u201c<em>Toscana delle donne<\/em>\u201d, protagonista di un focus al pomeriggio con la presentazione di un sito dedicato.<\/p>\n<h3>Disabilit\u00e0 e sostegno ai soggetti fragili<\/h3>\n<p>Nei progetti bandiera non potevano mancare <strong>la disabilit\u00e0<\/strong> e il sostegno ai <strong>soggetti fragili<\/strong>: 78 milioni solo per progetti su \u201c<em>Vita indipendente<\/em>\u201d e 74 milioni per le <strong>competenze digitali<\/strong> e le famiglie svantaggiate, 14 milioni per dare vita ad un soggetto nuovo, le comunit\u00e0 della terza et\u00e0.<\/p>\n<p>Il Fesr si sintetizza in quattro punti: <mark>le imprese, l\u2019energia, la mobilit\u00e0 sostenibile e l\u2019ambiente e la Toscana diffusa<\/mark>. La Toscana viaggia a due o tre velocit\u00e0? Il presidente replica che \u201c<em>il 50 per cento delle risorse riservate ai bandi saranno destinati alle cinque province costiere ed altri fondi saranno dedicati alle aree interne, con un\u2019attenzione particolare alle piccole e medie imprese: vogliamo andare avanti tutti uniti<\/em>\u201d.<\/p>\n<h3>Efficientamento energetico e mobilit\u00e0 sostenibile<\/h3>\n<p>Ci saranno risorse per l\u2019<strong>efficientamento energetico<\/strong>, degli edifici pubblici e delle aziende, ma la Regione installer\u00e0 anche colonnine Pegaso per la <strong>ricarica delle auto elettriche<\/strong> ed aiuter\u00e0 le comunit\u00e0 energetiche. Ci saranno risorse per <strong>mobilit\u00e0 sostenibile<\/strong> &#8211; tra queste 111 milioni per prolungare <strong>la tramvia fiorentina<\/strong> fino a Sesto Fiorentino, ma anche 11 milioni per <strong>le ciclabili<\/strong>, 5 milioni per il rinnovo di bus e treni, sostegni anche all\u2019economia circolare, per le aree verdi e la biodiversit\u00e0. &#8211; fondi anche per la <strong>rigenerazione urbana<\/strong> (140 milioni) e la<strong> Toscana diffusa<\/strong>.<\/p>\n<p>Un\u2019anticipazione: \u201c<em>un contributo a fondo perduto \u2013 annuncia Giani &#8211; alle giovani coppie che compreranno casa nelle aree interne\u201d. \u201cMa i risultati<\/em> \u2013 avverte e conclude il presidente Giani \u2013 <em>si raggiungono solo con un grande lavoro di squadra: una rete di soggetti che spero possa crescere ulteriormente nei prossimi anni<\/em>\u201d.<\/p>\n<\/div>\n<\/div>\n","protected":false},"excerpt":{"rendered":"<p>Per il presidente della Regione \u201cla Ue non \u00e8 solo nei valori ma nella sostanza: tanti servizi erogati si reggono sui fondi europei&#8221;<\/p>\n","protected":false},"author":525,"featured_media":274671,"comment_status":"open","ping_status":"open","sticky":false,"template":"","format":"standard","meta":{"_acf_changed":false,"footnotes":""},"categories":[9],"tags":[158,4482,151],"class_list":["post-274693","post","type-post","status-publish","format-standard","has-post-thumbnail","hentry","category-made-in-toscana","tag-eugenio-giani","tag-fondi-europei","tag-regione-toscana"],"acf":[],"yoast_head":"<!-- This site is optimized with the Yoast SEO Premium plugin v24.2 (Yoast SEO v25.6) - https:\/\/yoast.com\/wordpress\/plugins\/seo\/ -->\n<title>L&#039;Europa in Toscana, Giani e i dieci progetti bandiera per un nuovo welfare - intoscana<\/title>\n<meta name=\"description\" content=\"Per il presidente della Regione \u201cla Ue non \u00e8 solo nei valori ma nella sostanza: tanti servizi erogati si reggono sui fondi europei&quot;\" \/>\n<meta name=\"robots\" content=\"index, follow, max-snippet:-1, max-image-preview:large, max-video-preview:-1\" \/>\n<link rel=\"canonical\" href=\"https:\/\/www.intoscana.it\/it\/l-europa-in-toscana-giani-e-i-dieci-progetti-bandiera-per-un-nuovo-welfare\/\" \/>\n<meta property=\"og:locale\" content=\"it_IT\" \/>\n<meta property=\"og:type\" content=\"article\" \/>\n<meta property=\"og:title\" content=\"L&#039;Europa in Toscana, Giani e i dieci progetti bandiera per un nuovo welfare\" \/>\n<meta property=\"og:description\" content=\"Per il presidente della Regione \u201cla Ue non \u00e8 solo nei valori ma nella sostanza: tanti servizi erogati si reggono sui fondi europei&quot;\" \/>\n<meta property=\"og:url\" content=\"https:\/\/www.intoscana.it\/it\/l-europa-in-toscana-giani-e-i-dieci-progetti-bandiera-per-un-nuovo-welfare\/\" \/>\n<meta property=\"og:site_name\" content=\"intoscana\" \/>\n<meta property=\"article:publisher\" content=\"https:\/\/www.facebook.com\/intoscana.it\" \/>\n<meta property=\"article:published_time\" content=\"2023-03-01T14:38:29+00:00\" \/>\n<meta property=\"article:modified_time\" content=\"2023-03-01T14:43:25+00:00\" \/>\n<meta property=\"og:image\" content=\"https:\/\/www.intoscana.it\/wp-content\/uploads\/Eugenio-Giani-3-e1677681345428.jpeg\" \/>\n\t<meta property=\"og:image:width\" content=\"1022\" \/>\n\t<meta property=\"og:image:height\" content=\"613\" \/>\n\t<meta property=\"og:image:type\" content=\"image\/jpeg\" \/>\n<meta name=\"author\" content=\"Redazione\" \/>\n<meta name=\"twitter:card\" content=\"summary_large_image\" \/>\n<meta name=\"twitter:creator\" content=\"@intoscana\" \/>\n<meta name=\"twitter:site\" content=\"@intoscana\" \/>\n<meta name=\"twitter:label1\" content=\"Written by\" \/>\n\t<meta name=\"twitter:data1\" content=\"Redazione\" \/>\n\t<meta name=\"twitter:label2\" content=\"Est. reading time\" \/>\n\t<meta name=\"twitter:data2\" content=\"5 minuti\" \/>\n<script type=\"application\/ld+json\" class=\"yoast-schema-graph\">{\"@context\":\"https:\/\/schema.org\",\"@graph\":[{\"@type\":\"WebPage\",\"@id\":\"https:\/\/www.intoscana.it\/it\/l-europa-in-toscana-giani-e-i-dieci-progetti-bandiera-per-un-nuovo-welfare\/\",\"url\":\"https:\/\/www.intoscana.it\/it\/l-europa-in-toscana-giani-e-i-dieci-progetti-bandiera-per-un-nuovo-welfare\/\",\"name\":\"L'Europa in Toscana, Giani e i dieci progetti bandiera per un nuovo welfare - intoscana\",\"isPartOf\":{\"@id\":\"https:\/\/www.intoscana.it\/it\/#website\"},\"primaryImageOfPage\":{\"@id\":\"https:\/\/www.intoscana.it\/it\/l-europa-in-toscana-giani-e-i-dieci-progetti-bandiera-per-un-nuovo-welfare\/#primaryimage\"},\"image\":{\"@id\":\"https:\/\/www.intoscana.it\/it\/l-europa-in-toscana-giani-e-i-dieci-progetti-bandiera-per-un-nuovo-welfare\/#primaryimage\"},\"thumbnailUrl\":\"https:\/\/www.intoscana.it\/wp-content\/uploads\/Eugenio-Giani-3-e1677681345428.jpeg\",\"datePublished\":\"2023-03-01T14:38:29+00:00\",\"dateModified\":\"2023-03-01T14:43:25+00:00\",\"author\":{\"@id\":\"https:\/\/www.intoscana.it\/it\/#\/schema\/person\/9223810753230f20bd670fdd322661f8\"},\"description\":\"Per il presidente della Regione \u201cla Ue non \u00e8 solo nei valori ma nella sostanza: tanti servizi erogati si reggono sui fondi europei\\\"\",\"breadcrumb\":{\"@id\":\"https:\/\/www.intoscana.it\/it\/l-europa-in-toscana-giani-e-i-dieci-progetti-bandiera-per-un-nuovo-welfare\/#breadcrumb\"},\"inLanguage\":\"it-IT\",\"potentialAction\":[{\"@type\":\"ReadAction\",\"target\":[\"https:\/\/www.intoscana.it\/it\/l-europa-in-toscana-giani-e-i-dieci-progetti-bandiera-per-un-nuovo-welfare\/\"]}]},{\"@type\":\"ImageObject\",\"inLanguage\":\"it-IT\",\"@id\":\"https:\/\/www.intoscana.it\/it\/l-europa-in-toscana-giani-e-i-dieci-progetti-bandiera-per-un-nuovo-welfare\/#primaryimage\",\"url\":\"https:\/\/www.intoscana.it\/wp-content\/uploads\/Eugenio-Giani-3-e1677681345428.jpeg\",\"contentUrl\":\"https:\/\/www.intoscana.it\/wp-content\/uploads\/Eugenio-Giani-3-e1677681345428.jpeg\",\"width\":1022,\"height\":613},{\"@type\":\"BreadcrumbList\",\"@id\":\"https:\/\/www.intoscana.it\/it\/l-europa-in-toscana-giani-e-i-dieci-progetti-bandiera-per-un-nuovo-welfare\/#breadcrumb\",\"itemListElement\":[{\"@type\":\"ListItem\",\"position\":1,\"name\":\"Home\",\"item\":\"https:\/\/www.intoscana.it\/it\/\"},{\"@type\":\"ListItem\",\"position\":2,\"name\":\"L&#8217;Europa in Toscana, Giani e i dieci progetti bandiera per un nuovo welfare\"}]},{\"@type\":\"WebSite\",\"@id\":\"https:\/\/www.intoscana.it\/it\/#website\",\"url\":\"https:\/\/www.intoscana.it\/it\/\",\"name\":\"intoscana\",\"description\":\"\",\"potentialAction\":[{\"@type\":\"SearchAction\",\"target\":{\"@type\":\"EntryPoint\",\"urlTemplate\":\"https:\/\/www.intoscana.it\/it\/?s={search_term_string}\"},\"query-input\":{\"@type\":\"PropertyValueSpecification\",\"valueRequired\":true,\"valueName\":\"search_term_string\"}}],\"inLanguage\":\"it-IT\"},{\"@type\":\"Person\",\"@id\":\"https:\/\/www.intoscana.it\/it\/#\/schema\/person\/9223810753230f20bd670fdd322661f8\",\"name\":\"Redazione\",\"url\":\"https:\/\/www.intoscana.it\/it\/author\/redazione\/\"}]}<\/script>\n<!-- \/ Yoast SEO Premium plugin. -->","yoast_head_json":{"title":"L'Europa in Toscana, Giani e i dieci progetti bandiera per un nuovo welfare - intoscana","description":"Per il presidente della Regione \u201cla Ue non \u00e8 solo nei valori ma nella sostanza: tanti servizi erogati si reggono sui fondi europei\"","robots":{"index":"index","follow":"follow","max-snippet":"max-snippet:-1","max-image-preview":"max-image-preview:large","max-video-preview":"max-video-preview:-1"},"canonical":"https:\/\/www.intoscana.it\/it\/l-europa-in-toscana-giani-e-i-dieci-progetti-bandiera-per-un-nuovo-welfare\/","og_locale":"it_IT","og_type":"article","og_title":"L'Europa in Toscana, Giani e i dieci progetti bandiera per un nuovo welfare","og_description":"Per il presidente della Regione \u201cla Ue non \u00e8 solo nei valori ma nella sostanza: tanti servizi erogati si reggono sui fondi europei\"","og_url":"https:\/\/www.intoscana.it\/it\/l-europa-in-toscana-giani-e-i-dieci-progetti-bandiera-per-un-nuovo-welfare\/","og_site_name":"intoscana","article_publisher":"https:\/\/www.facebook.com\/intoscana.it","article_published_time":"2023-03-01T14:38:29+00:00","article_modified_time":"2023-03-01T14:43:25+00:00","og_image":[{"width":1022,"height":613,"url":"https:\/\/www.intoscana.it\/wp-content\/uploads\/Eugenio-Giani-3-e1677681345428.jpeg","type":"image\/jpeg"}],"author":"Redazione","twitter_card":"summary_large_image","twitter_creator":"@intoscana","twitter_site":"@intoscana","twitter_misc":{"Written by":"Redazione","Est. reading time":"5 minuti"},"schema":{"@context":"https:\/\/schema.org","@graph":[{"@type":"WebPage","@id":"https:\/\/www.intoscana.it\/it\/l-europa-in-toscana-giani-e-i-dieci-progetti-bandiera-per-un-nuovo-welfare\/","url":"https:\/\/www.intoscana.it\/it\/l-europa-in-toscana-giani-e-i-dieci-progetti-bandiera-per-un-nuovo-welfare\/","name":"L'Europa in Toscana, Giani e i dieci progetti bandiera per un nuovo welfare - intoscana","isPartOf":{"@id":"https:\/\/www.intoscana.it\/it\/#website"},"primaryImageOfPage":{"@id":"https:\/\/www.intoscana.it\/it\/l-europa-in-toscana-giani-e-i-dieci-progetti-bandiera-per-un-nuovo-welfare\/#primaryimage"},"image":{"@id":"https:\/\/www.intoscana.it\/it\/l-europa-in-toscana-giani-e-i-dieci-progetti-bandiera-per-un-nuovo-welfare\/#primaryimage"},"thumbnailUrl":"https:\/\/www.intoscana.it\/wp-content\/uploads\/Eugenio-Giani-3-e1677681345428.jpeg","datePublished":"2023-03-01T14:38:29+00:00","dateModified":"2023-03-01T14:43:25+00:00","author":{"@id":"https:\/\/www.intoscana.it\/it\/#\/schema\/person\/9223810753230f20bd670fdd322661f8"},"description":"Per il presidente della Regione \u201cla Ue non \u00e8 solo nei valori ma nella sostanza: tanti servizi erogati si reggono sui fondi europei\"","breadcrumb":{"@id":"https:\/\/www.intoscana.it\/it\/l-europa-in-toscana-giani-e-i-dieci-progetti-bandiera-per-un-nuovo-welfare\/#breadcrumb"},"inLanguage":"it-IT","potentialAction":[{"@type":"ReadAction","target":["https:\/\/www.intoscana.it\/it\/l-europa-in-toscana-giani-e-i-dieci-progetti-bandiera-per-un-nuovo-welfare\/"]}]},{"@type":"ImageObject","inLanguage":"it-IT","@id":"https:\/\/www.intoscana.it\/it\/l-europa-in-toscana-giani-e-i-dieci-progetti-bandiera-per-un-nuovo-welfare\/#primaryimage","url":"https:\/\/www.intoscana.it\/wp-content\/uploads\/Eugenio-Giani-3-e1677681345428.jpeg","contentUrl":"https:\/\/www.intoscana.it\/wp-content\/uploads\/Eugenio-Giani-3-e1677681345428.jpeg","width":1022,"height":613},{"@type":"BreadcrumbList","@id":"https:\/\/www.intoscana.it\/it\/l-europa-in-toscana-giani-e-i-dieci-progetti-bandiera-per-un-nuovo-welfare\/#breadcrumb","itemListElement":[{"@type":"ListItem","position":1,"name":"Home","item":"https:\/\/www.intoscana.it\/it\/"},{"@type":"ListItem","position":2,"name":"L&#8217;Europa in Toscana, Giani e i dieci progetti bandiera per un nuovo welfare"}]},{"@type":"WebSite","@id":"https:\/\/www.intoscana.it\/it\/#website","url":"https:\/\/www.intoscana.it\/it\/","name":"intoscana","description":"","potentialAction":[{"@type":"SearchAction","target":{"@type":"EntryPoint","urlTemplate":"https:\/\/www.intoscana.it\/it\/?s={search_term_string}"},"query-input":{"@type":"PropertyValueSpecification","valueRequired":true,"valueName":"search_term_string"}}],"inLanguage":"it-IT"},{"@type":"Person","@id":"https:\/\/www.intoscana.it\/it\/#\/schema\/person\/9223810753230f20bd670fdd322661f8","name":"Redazione","url":"https:\/\/www.intoscana.it\/it\/author\/redazione\/"}]}},"_links":{"self":[{"href":"https:\/\/www.intoscana.it\/it\/wp-json\/wp\/v2\/posts\/274693","targetHints":{"allow":["GET"]}}],"collection":[{"href":"https:\/\/www.intoscana.it\/it\/wp-json\/wp\/v2\/posts"}],"about":[{"href":"https:\/\/www.intoscana.it\/it\/wp-json\/wp\/v2\/types\/post"}],"author":[{"embeddable":true,"href":"https:\/\/www.intoscana.it\/it\/wp-json\/wp\/v2\/users\/525"}],"replies":[{"embeddable":true,"href":"https:\/\/www.intoscana.it\/it\/wp-json\/wp\/v2\/comments?post=274693"}],"version-history":[{"count":0,"href":"https:\/\/www.intoscana.it\/it\/wp-json\/wp\/v2\/posts\/274693\/revisions"}],"wp:featuredmedia":[{"embeddable":true,"href":"https:\/\/www.intoscana.it\/it\/wp-json\/wp\/v2\/media\/274671"}],"wp:attachment":[{"href":"https:\/\/www.intoscana.it\/it\/wp-json\/wp\/v2\/media?parent=274693"}],"wp:term":[{"taxonomy":"category","embeddable":true,"href":"https:\/\/www.intoscana.it\/it\/wp-json\/wp\/v2\/categories?post=274693"},{"taxonomy":"post_tag","embeddable":true,"href":"https:\/\/www.intoscana.it\/it\/wp-json\/wp\/v2\/tags?post=274693"}],"curies":[{"name":"wp","href":"https:\/\/api.w.org\/{rel}","templated":true}]}}