{"id":274794,"date":"2023-03-02T09:50:41","date_gmt":"2023-03-02T08:50:41","guid":{"rendered":"https:\/\/www.intoscana.it\/it\/?p=274794"},"modified":"2023-03-02T09:57:57","modified_gmt":"2023-03-02T08:57:57","slug":"carnevale-di-viareggio-lucia-annunziata-premiata-con-londina-doro","status":"publish","type":"post","link":"https:\/\/www.intoscana.it\/it\/carnevale-di-viareggio-lucia-annunziata-premiata-con-londina-doro\/","title":{"rendered":"Carnevale di Viareggio: Lucia Annunziata premiata con l&#8217;Ondina d&#8217;Oro"},"content":{"rendered":"<p>Il <strong>Carnevale di Viareggio<\/strong> negli anni &#8217;90 ha ideato due riconoscimenti per premiare<strong> uomini e donne del mondo dello spettacolo,<\/strong> della musica, della cultura, dell&#8217;imprenditoria, dello sport, dell&#8217;arte, della scienza a e dei media.<\/p>\n<p>Per gli uomini c&#8217;\u00e8 il <strong>Burlamacco d&#8217;Oro<\/strong> assegnato in passato a personalit\u00e0 del calibro di<strong> Dario Fo, Roberto Benigni, Gigi Proietti, Carlo Verdone, Paolo Virzi<\/strong> e quest&#8217;anno a\u00a0<a href=\"https:\/\/www.intoscana.it\/it\/articolo\/carnevale-di-viareggio-consegnato-a-mattarella-il-burlamacco-d-oro\/\" target=\"_blank\" rel=\"noopener\"><strong>Sergio Mattarella. <\/strong><\/a><\/p>\n<p>Per le donne c&#8217;\u00e8 invece il premio\u00a0<strong>Ondina d&#8217;Oro<\/strong> che si rif\u00e0 alla\u00a0maschera femminile ideata da <strong>Uberto Bonetti<\/strong> che rappresenta l\u2019anima estiva e balneare della citt\u00e0, assegnata tra le altre a: <strong>Franca Rame, Stefania Sandrelli, Gina Lollobrigida, Sandra Mondaini<\/strong> e l&#8217;anno scorso a <strong>Federica Panicucci.<\/strong><\/p>\n<p>Per l&#8217;edizione dei <a href=\"https:\/\/www.intoscana.it\/it\/articolo\/carnevale-di-viareggio-lemozione-di-allegrucci-per-la-doppietta\/\" target=\"_blank\" rel=\"noopener\"><strong>150 anni del Carnevale di Viareggio<\/strong><\/a> l&#8217;Ondina d&#8217;oro \u00e8 stata assegnata alla conduttrice e giornalista televisiva <strong>Lucia Annunziata.<\/strong><\/p>\n<p>Il premio sar\u00e0 consegnato <strong>dal sindaco Giorgio Del Ghingaro<\/strong> e dal Cda della Fondazione Carnevale nel corso di una cerimonia in programma<strong> venerd\u00ec 3 marzo<\/strong> alle ore 17 presso la <strong>Galleria d&#8217; Arte Moderna e Contemporanea &#8216;Lorenzo Viani&#8217;.<\/strong><\/p>\n<p>La <strong>Galleria d&#8217;Arte Moderna e Contemporanea di Viareggio<\/strong> inoltre da venerd\u00ec si arricchir\u00e0 di un&#8217;altra opera &#8216;<em><strong>Ritratto di donna mascherata da Arlecchino<\/strong><\/em>&#8216; di un autore ignoto della met\u00e0 del Settecento proveniente dalle <a href=\"https:\/\/www.intoscana.it\/it\/articolo\/oltre-quattro-milioni-di-visitatori-agli-uffizi-nel-2022-il-museo-torna-ai-numeri-pre-pandemia\/\" target=\"_blank\" rel=\"noopener\"><strong>Gallerie degli Uffizi.<\/strong><\/a><\/p>\n<p>&nbsp;<\/p>\n","protected":false},"excerpt":{"rendered":"<p>Il premio Ondina d&#8217;Oro si rif\u00e0 alla\u00a0maschera femminile ideata da Uberto Bonetti che rappresenta l\u2019anima estiva e balneare della citt\u00e0 ed \u00e8 stato assegnato in passato a personalit\u00e0 del calibro di Franca Rame, Stefania Sandrelli, Gina Lollobrigida, Sandra Mondaini<\/p>\n","protected":false},"author":525,"featured_media":37572,"comment_status":"open","ping_status":"open","sticky":false,"template":"","format":"standard","meta":{"_acf_changed":false,"footnotes":""},"categories":[493],"tags":[1533],"class_list":["post-274794","post","type-post","status-publish","format-standard","has-post-thumbnail","hentry","category-cultura","tag-carnevale-di-viareggio"],"acf":[],"yoast_head":"<!-- This site is optimized with the Yoast SEO Premium plugin v24.2 (Yoast SEO v25.6) - https:\/\/yoast.com\/wordpress\/plugins\/seo\/ -->\n<title>Carnevale di Viareggio: Lucia Annunziata premiata con l&#039;Ondina d&#039;Oro - intoscana<\/title>\n<meta name=\"description\" content=\"Il premio Ondina d&#039;Oro si rif\u00e0 alla\u00a0maschera femminile ideata da Uberto Bonetti che rappresenta l\u2019anima estiva e balneare della citt\u00e0\" \/>\n<meta name=\"robots\" content=\"index, follow, max-snippet:-1, max-image-preview:large, max-video-preview:-1\" \/>\n<link rel=\"canonical\" href=\"https:\/\/www.intoscana.it\/it\/carnevale-di-viareggio-lucia-annunziata-premiata-con-londina-doro\/\" \/>\n<meta property=\"og:locale\" content=\"it_IT\" \/>\n<meta property=\"og:type\" content=\"article\" \/>\n<meta property=\"og:title\" content=\"Carnevale di Viareggio: Lucia Annunziata premiata con l&#039;Ondina d&#039;Oro\" \/>\n<meta property=\"og:description\" content=\"Il premio Ondina d&#039;Oro si rif\u00e0 alla\u00a0maschera femminile ideata da Uberto Bonetti che rappresenta l\u2019anima estiva e balneare della citt\u00e0\" \/>\n<meta property=\"og:url\" content=\"https:\/\/www.intoscana.it\/it\/carnevale-di-viareggio-lucia-annunziata-premiata-con-londina-doro\/\" \/>\n<meta property=\"og:site_name\" content=\"intoscana\" \/>\n<meta property=\"article:publisher\" content=\"https:\/\/www.facebook.com\/intoscana.it\" \/>\n<meta property=\"article:published_time\" content=\"2023-03-02T08:50:41+00:00\" \/>\n<meta property=\"article:modified_time\" content=\"2023-03-02T08:57:57+00:00\" \/>\n<meta property=\"og:image\" content=\"https:\/\/www.intoscana.it\/wp-content\/uploads\/Lucia_Annunziata_1.jpg\" \/>\n\t<meta property=\"og:image:width\" content=\"1000\" \/>\n\t<meta property=\"og:image:height\" content=\"750\" \/>\n\t<meta property=\"og:image:type\" content=\"image\/jpeg\" \/>\n<meta name=\"author\" content=\"Redazione\" \/>\n<meta name=\"twitter:card\" content=\"summary_large_image\" \/>\n<meta name=\"twitter:creator\" content=\"@intoscana\" \/>\n<meta name=\"twitter:site\" content=\"@intoscana\" \/>\n<meta name=\"twitter:label1\" content=\"Written by\" \/>\n\t<meta name=\"twitter:data1\" content=\"Redazione\" \/>\n\t<meta name=\"twitter:label2\" content=\"Est. reading time\" \/>\n\t<meta name=\"twitter:data2\" content=\"1 minuto\" \/>\n<script type=\"application\/ld+json\" class=\"yoast-schema-graph\">{\"@context\":\"https:\/\/schema.org\",\"@graph\":[{\"@type\":\"WebPage\",\"@id\":\"https:\/\/www.intoscana.it\/it\/carnevale-di-viareggio-lucia-annunziata-premiata-con-londina-doro\/\",\"url\":\"https:\/\/www.intoscana.it\/it\/carnevale-di-viareggio-lucia-annunziata-premiata-con-londina-doro\/\",\"name\":\"Carnevale di Viareggio: Lucia Annunziata premiata con l'Ondina d'Oro - intoscana\",\"isPartOf\":{\"@id\":\"https:\/\/www.intoscana.it\/it\/#website\"},\"primaryImageOfPage\":{\"@id\":\"https:\/\/www.intoscana.it\/it\/carnevale-di-viareggio-lucia-annunziata-premiata-con-londina-doro\/#primaryimage\"},\"image\":{\"@id\":\"https:\/\/www.intoscana.it\/it\/carnevale-di-viareggio-lucia-annunziata-premiata-con-londina-doro\/#primaryimage\"},\"thumbnailUrl\":\"https:\/\/www.intoscana.it\/wp-content\/uploads\/Lucia_Annunziata_1.jpg\",\"datePublished\":\"2023-03-02T08:50:41+00:00\",\"dateModified\":\"2023-03-02T08:57:57+00:00\",\"author\":{\"@id\":\"https:\/\/www.intoscana.it\/it\/#\/schema\/person\/9223810753230f20bd670fdd322661f8\"},\"description\":\"Il premio Ondina d'Oro si rif\u00e0 alla\u00a0maschera femminile ideata da Uberto Bonetti che rappresenta l\u2019anima estiva e balneare della citt\u00e0\",\"breadcrumb\":{\"@id\":\"https:\/\/www.intoscana.it\/it\/carnevale-di-viareggio-lucia-annunziata-premiata-con-londina-doro\/#breadcrumb\"},\"inLanguage\":\"it-IT\",\"potentialAction\":[{\"@type\":\"ReadAction\",\"target\":[\"https:\/\/www.intoscana.it\/it\/carnevale-di-viareggio-lucia-annunziata-premiata-con-londina-doro\/\"]}]},{\"@type\":\"ImageObject\",\"inLanguage\":\"it-IT\",\"@id\":\"https:\/\/www.intoscana.it\/it\/carnevale-di-viareggio-lucia-annunziata-premiata-con-londina-doro\/#primaryimage\",\"url\":\"https:\/\/www.intoscana.it\/wp-content\/uploads\/Lucia_Annunziata_1.jpg\",\"contentUrl\":\"https:\/\/www.intoscana.it\/wp-content\/uploads\/Lucia_Annunziata_1.jpg\",\"width\":1000,\"height\":750},{\"@type\":\"BreadcrumbList\",\"@id\":\"https:\/\/www.intoscana.it\/it\/carnevale-di-viareggio-lucia-annunziata-premiata-con-londina-doro\/#breadcrumb\",\"itemListElement\":[{\"@type\":\"ListItem\",\"position\":1,\"name\":\"Home\",\"item\":\"https:\/\/www.intoscana.it\/it\/\"},{\"@type\":\"ListItem\",\"position\":2,\"name\":\"Carnevale di Viareggio: Lucia Annunziata premiata con l&#8217;Ondina d&#8217;Oro\"}]},{\"@type\":\"WebSite\",\"@id\":\"https:\/\/www.intoscana.it\/it\/#website\",\"url\":\"https:\/\/www.intoscana.it\/it\/\",\"name\":\"intoscana\",\"description\":\"\",\"potentialAction\":[{\"@type\":\"SearchAction\",\"target\":{\"@type\":\"EntryPoint\",\"urlTemplate\":\"https:\/\/www.intoscana.it\/it\/?s={search_term_string}\"},\"query-input\":{\"@type\":\"PropertyValueSpecification\",\"valueRequired\":true,\"valueName\":\"search_term_string\"}}],\"inLanguage\":\"it-IT\"},{\"@type\":\"Person\",\"@id\":\"https:\/\/www.intoscana.it\/it\/#\/schema\/person\/9223810753230f20bd670fdd322661f8\",\"name\":\"Redazione\",\"url\":\"https:\/\/www.intoscana.it\/it\/author\/redazione\/\"}]}<\/script>\n<!-- \/ Yoast SEO Premium plugin. -->","yoast_head_json":{"title":"Carnevale di Viareggio: Lucia Annunziata premiata con l'Ondina d'Oro - intoscana","description":"Il premio Ondina d'Oro si rif\u00e0 alla\u00a0maschera femminile ideata da Uberto Bonetti che rappresenta l\u2019anima estiva e balneare della citt\u00e0","robots":{"index":"index","follow":"follow","max-snippet":"max-snippet:-1","max-image-preview":"max-image-preview:large","max-video-preview":"max-video-preview:-1"},"canonical":"https:\/\/www.intoscana.it\/it\/carnevale-di-viareggio-lucia-annunziata-premiata-con-londina-doro\/","og_locale":"it_IT","og_type":"article","og_title":"Carnevale di Viareggio: Lucia Annunziata premiata con l'Ondina d'Oro","og_description":"Il premio Ondina d'Oro si rif\u00e0 alla\u00a0maschera femminile ideata da Uberto Bonetti che rappresenta l\u2019anima estiva e balneare della citt\u00e0","og_url":"https:\/\/www.intoscana.it\/it\/carnevale-di-viareggio-lucia-annunziata-premiata-con-londina-doro\/","og_site_name":"intoscana","article_publisher":"https:\/\/www.facebook.com\/intoscana.it","article_published_time":"2023-03-02T08:50:41+00:00","article_modified_time":"2023-03-02T08:57:57+00:00","og_image":[{"width":1000,"height":750,"url":"https:\/\/www.intoscana.it\/wp-content\/uploads\/Lucia_Annunziata_1.jpg","type":"image\/jpeg"}],"author":"Redazione","twitter_card":"summary_large_image","twitter_creator":"@intoscana","twitter_site":"@intoscana","twitter_misc":{"Written by":"Redazione","Est. reading time":"1 minuto"},"schema":{"@context":"https:\/\/schema.org","@graph":[{"@type":"WebPage","@id":"https:\/\/www.intoscana.it\/it\/carnevale-di-viareggio-lucia-annunziata-premiata-con-londina-doro\/","url":"https:\/\/www.intoscana.it\/it\/carnevale-di-viareggio-lucia-annunziata-premiata-con-londina-doro\/","name":"Carnevale di Viareggio: Lucia Annunziata premiata con l'Ondina d'Oro - intoscana","isPartOf":{"@id":"https:\/\/www.intoscana.it\/it\/#website"},"primaryImageOfPage":{"@id":"https:\/\/www.intoscana.it\/it\/carnevale-di-viareggio-lucia-annunziata-premiata-con-londina-doro\/#primaryimage"},"image":{"@id":"https:\/\/www.intoscana.it\/it\/carnevale-di-viareggio-lucia-annunziata-premiata-con-londina-doro\/#primaryimage"},"thumbnailUrl":"https:\/\/www.intoscana.it\/wp-content\/uploads\/Lucia_Annunziata_1.jpg","datePublished":"2023-03-02T08:50:41+00:00","dateModified":"2023-03-02T08:57:57+00:00","author":{"@id":"https:\/\/www.intoscana.it\/it\/#\/schema\/person\/9223810753230f20bd670fdd322661f8"},"description":"Il premio Ondina d'Oro si rif\u00e0 alla\u00a0maschera femminile ideata da Uberto Bonetti che rappresenta l\u2019anima estiva e balneare della citt\u00e0","breadcrumb":{"@id":"https:\/\/www.intoscana.it\/it\/carnevale-di-viareggio-lucia-annunziata-premiata-con-londina-doro\/#breadcrumb"},"inLanguage":"it-IT","potentialAction":[{"@type":"ReadAction","target":["https:\/\/www.intoscana.it\/it\/carnevale-di-viareggio-lucia-annunziata-premiata-con-londina-doro\/"]}]},{"@type":"ImageObject","inLanguage":"it-IT","@id":"https:\/\/www.intoscana.it\/it\/carnevale-di-viareggio-lucia-annunziata-premiata-con-londina-doro\/#primaryimage","url":"https:\/\/www.intoscana.it\/wp-content\/uploads\/Lucia_Annunziata_1.jpg","contentUrl":"https:\/\/www.intoscana.it\/wp-content\/uploads\/Lucia_Annunziata_1.jpg","width":1000,"height":750},{"@type":"BreadcrumbList","@id":"https:\/\/www.intoscana.it\/it\/carnevale-di-viareggio-lucia-annunziata-premiata-con-londina-doro\/#breadcrumb","itemListElement":[{"@type":"ListItem","position":1,"name":"Home","item":"https:\/\/www.intoscana.it\/it\/"},{"@type":"ListItem","position":2,"name":"Carnevale di Viareggio: Lucia Annunziata premiata con l&#8217;Ondina d&#8217;Oro"}]},{"@type":"WebSite","@id":"https:\/\/www.intoscana.it\/it\/#website","url":"https:\/\/www.intoscana.it\/it\/","name":"intoscana","description":"","potentialAction":[{"@type":"SearchAction","target":{"@type":"EntryPoint","urlTemplate":"https:\/\/www.intoscana.it\/it\/?s={search_term_string}"},"query-input":{"@type":"PropertyValueSpecification","valueRequired":true,"valueName":"search_term_string"}}],"inLanguage":"it-IT"},{"@type":"Person","@id":"https:\/\/www.intoscana.it\/it\/#\/schema\/person\/9223810753230f20bd670fdd322661f8","name":"Redazione","url":"https:\/\/www.intoscana.it\/it\/author\/redazione\/"}]}},"_links":{"self":[{"href":"https:\/\/www.intoscana.it\/it\/wp-json\/wp\/v2\/posts\/274794","targetHints":{"allow":["GET"]}}],"collection":[{"href":"https:\/\/www.intoscana.it\/it\/wp-json\/wp\/v2\/posts"}],"about":[{"href":"https:\/\/www.intoscana.it\/it\/wp-json\/wp\/v2\/types\/post"}],"author":[{"embeddable":true,"href":"https:\/\/www.intoscana.it\/it\/wp-json\/wp\/v2\/users\/525"}],"replies":[{"embeddable":true,"href":"https:\/\/www.intoscana.it\/it\/wp-json\/wp\/v2\/comments?post=274794"}],"version-history":[{"count":0,"href":"https:\/\/www.intoscana.it\/it\/wp-json\/wp\/v2\/posts\/274794\/revisions"}],"wp:featuredmedia":[{"embeddable":true,"href":"https:\/\/www.intoscana.it\/it\/wp-json\/wp\/v2\/media\/37572"}],"wp:attachment":[{"href":"https:\/\/www.intoscana.it\/it\/wp-json\/wp\/v2\/media?parent=274794"}],"wp:term":[{"taxonomy":"category","embeddable":true,"href":"https:\/\/www.intoscana.it\/it\/wp-json\/wp\/v2\/categories?post=274794"},{"taxonomy":"post_tag","embeddable":true,"href":"https:\/\/www.intoscana.it\/it\/wp-json\/wp\/v2\/tags?post=274794"}],"curies":[{"name":"wp","href":"https:\/\/api.w.org\/{rel}","templated":true}]}}