{"id":275050,"date":"2023-03-03T10:55:11","date_gmt":"2023-03-03T09:55:11","guid":{"rendered":"https:\/\/www.intoscana.it\/it\/?p=275050"},"modified":"2023-03-04T13:34:09","modified_gmt":"2023-03-04T12:34:09","slug":"covid-il-bollettino-della-toscana-157-nuovi-casi-e-otto-decessi","status":"publish","type":"post","link":"https:\/\/www.intoscana.it\/it\/covid-il-bollettino-della-toscana-157-nuovi-casi-e-otto-decessi\/","title":{"rendered":"Covid, il bollettino della Toscana: 157 nuovi casi e otto decessi"},"content":{"rendered":"<p>Sono 157 i nuovi casi di<strong> Covid-19<\/strong> registrati nelle ultime ventiquattro ore in Toscana. Al momento isultano pertanto 8.482 positivi, -6% rispetto a ieri. <mark>Di questi 190 (4 in meno rispetto a ieri) sono ricoverati in ospedale: 7 (1 in meno) si trovano in terapia intensiva. Sono 8 i decessi: 6 uomini e 2 donne con un&#8217;et\u00e0 media di 89,8 anni.<\/mark><\/p>\n<p>Dall&#8217;ultimo bollettino quotidiano sono stati eseguiti 294 <strong>tamponi<\/strong> molecolari e 2.473 tamponi antigenici rapidi: di questi il 5,7% \u00e8 risultato positivo.<\/p>\n<h3><em>L&#8217;andamento per provincia<\/em><\/h3>\n<p>Con gli ultimi casi salgono a 425.570 i positivi dall&#8217;inizio dell&#8217;emergenza nei comuni della Citt\u00e0 metropolitana di Firenze (61 in pi\u00f9 rispetto a ieri), 103.606 in provincia di Prato (6 in pi\u00f9), 123.400 a Pistoia (3 in pi\u00f9), 83.406 a Massa Carrara (2 in pi\u00f9), 173.310 a Lucca (11 in pi\u00f9), 186.259 a Pisa (18 in pi\u00f9), 146.852 a Livorno (13 in pi\u00f9), 143.582 ad Arezzo (12 in pi\u00f9), 113.728 a Siena (24 in pi\u00f9) e 89.114 a Grosseto (7 in pi\u00f9). A questi vanno aggiunti 569 casi di positivit\u00e0 notificati in Toscana ma che riguardano residenti in altre regioni.<\/p>\n<p>In 8.292 sono in <strong>isolamento<\/strong> a casa, perch\u00e9 presentano sintomi lievi che non richiedono cure ospedaliere o risultano prive di sintomi (533 in meno rispetto a ieri, meno 6%).<\/p>\n<p>Sono <mark>11.582 i deceduti dall&#8217;inizio dell&#8217;epidemia:<\/mark> 3.677 nella Citt\u00e0 metropolitana di Firenze, 944 in provincia di Prato, 1.038 a Pistoia, 716 a Massa Carrara, 1.067 a Lucca, 1.290 a Pisa, 867 a Livorno, 747 ad Arezzo, 646 a Siena, 421 a Grosseto. Vanno aggiunte 169 persone decedute sul suolo toscano ma erano residenti fuori regione.<\/p>\n","protected":false},"excerpt":{"rendered":"<p>Sono 8.482 i positivi in regione, di questi 190 sono ricoverati in ospedale e 7 si trovano in terapia intensiva<\/p>\n","protected":false},"author":525,"featured_media":144060,"comment_status":"open","ping_status":"open","sticky":false,"template":"","format":"standard","meta":{"_acf_changed":false,"footnotes":""},"categories":[494],"tags":[418],"class_list":["post-275050","post","type-post","status-publish","format-standard","has-post-thumbnail","hentry","category-attualita","tag-covid-19"],"acf":[],"yoast_head":"<!-- This site is optimized with the Yoast SEO Premium plugin v24.2 (Yoast SEO v25.6) - https:\/\/yoast.com\/wordpress\/plugins\/seo\/ -->\n<title>Covid, il bollettino della Toscana: 157 nuovi casi e otto decessi - intoscana<\/title>\n<meta name=\"description\" content=\"Sono 8.482 i positivi in regione, di questi 190 sono ricoverati in ospedale e 7 si trovano in terapia intensiva\" \/>\n<meta name=\"robots\" content=\"index, follow, max-snippet:-1, max-image-preview:large, max-video-preview:-1\" \/>\n<link rel=\"canonical\" href=\"https:\/\/www.intoscana.it\/it\/covid-il-bollettino-della-toscana-157-nuovi-casi-e-otto-decessi\/\" \/>\n<meta property=\"og:locale\" content=\"it_IT\" \/>\n<meta property=\"og:type\" content=\"article\" \/>\n<meta property=\"og:title\" content=\"Covid, il bollettino della Toscana: 157 nuovi casi e otto decessi\" \/>\n<meta property=\"og:description\" content=\"Sono 8.482 i positivi in regione, di questi 190 sono ricoverati in ospedale e 7 si trovano in terapia intensiva\" \/>\n<meta property=\"og:url\" content=\"https:\/\/www.intoscana.it\/it\/covid-il-bollettino-della-toscana-157-nuovi-casi-e-otto-decessi\/\" \/>\n<meta property=\"og:site_name\" content=\"intoscana\" \/>\n<meta property=\"article:publisher\" content=\"https:\/\/www.facebook.com\/intoscana.it\" \/>\n<meta property=\"article:published_time\" content=\"2023-03-03T09:55:11+00:00\" \/>\n<meta property=\"article:modified_time\" content=\"2023-03-04T12:34:09+00:00\" \/>\n<meta property=\"og:image\" content=\"https:\/\/www.intoscana.it\/wp-content\/uploads\/covid-19-blood-test-2.jpg\" \/>\n\t<meta property=\"og:image:width\" content=\"1000\" \/>\n\t<meta property=\"og:image:height\" content=\"750\" \/>\n\t<meta property=\"og:image:type\" content=\"image\/jpeg\" \/>\n<meta name=\"author\" content=\"Redazione\" \/>\n<meta name=\"twitter:card\" content=\"summary_large_image\" \/>\n<meta name=\"twitter:creator\" content=\"@intoscana\" \/>\n<meta name=\"twitter:site\" content=\"@intoscana\" \/>\n<meta name=\"twitter:label1\" content=\"Written by\" \/>\n\t<meta name=\"twitter:data1\" content=\"Redazione\" \/>\n\t<meta name=\"twitter:label2\" content=\"Est. reading time\" \/>\n\t<meta name=\"twitter:data2\" content=\"1 minuto\" \/>\n<script type=\"application\/ld+json\" class=\"yoast-schema-graph\">{\"@context\":\"https:\/\/schema.org\",\"@graph\":[{\"@type\":\"WebPage\",\"@id\":\"https:\/\/www.intoscana.it\/it\/covid-il-bollettino-della-toscana-157-nuovi-casi-e-otto-decessi\/\",\"url\":\"https:\/\/www.intoscana.it\/it\/covid-il-bollettino-della-toscana-157-nuovi-casi-e-otto-decessi\/\",\"name\":\"Covid, il bollettino della Toscana: 157 nuovi casi e otto decessi - intoscana\",\"isPartOf\":{\"@id\":\"https:\/\/www.intoscana.it\/it\/#website\"},\"primaryImageOfPage\":{\"@id\":\"https:\/\/www.intoscana.it\/it\/covid-il-bollettino-della-toscana-157-nuovi-casi-e-otto-decessi\/#primaryimage\"},\"image\":{\"@id\":\"https:\/\/www.intoscana.it\/it\/covid-il-bollettino-della-toscana-157-nuovi-casi-e-otto-decessi\/#primaryimage\"},\"thumbnailUrl\":\"https:\/\/www.intoscana.it\/wp-content\/uploads\/covid-19-blood-test-2.jpg\",\"datePublished\":\"2023-03-03T09:55:11+00:00\",\"dateModified\":\"2023-03-04T12:34:09+00:00\",\"author\":{\"@id\":\"https:\/\/www.intoscana.it\/it\/#\/schema\/person\/9223810753230f20bd670fdd322661f8\"},\"description\":\"Sono 8.482 i positivi in regione, di questi 190 sono ricoverati in ospedale e 7 si trovano in terapia intensiva\",\"breadcrumb\":{\"@id\":\"https:\/\/www.intoscana.it\/it\/covid-il-bollettino-della-toscana-157-nuovi-casi-e-otto-decessi\/#breadcrumb\"},\"inLanguage\":\"it-IT\",\"potentialAction\":[{\"@type\":\"ReadAction\",\"target\":[\"https:\/\/www.intoscana.it\/it\/covid-il-bollettino-della-toscana-157-nuovi-casi-e-otto-decessi\/\"]}]},{\"@type\":\"ImageObject\",\"inLanguage\":\"it-IT\",\"@id\":\"https:\/\/www.intoscana.it\/it\/covid-il-bollettino-della-toscana-157-nuovi-casi-e-otto-decessi\/#primaryimage\",\"url\":\"https:\/\/www.intoscana.it\/wp-content\/uploads\/covid-19-blood-test-2.jpg\",\"contentUrl\":\"https:\/\/www.intoscana.it\/wp-content\/uploads\/covid-19-blood-test-2.jpg\",\"width\":1000,\"height\":750,\"caption\":\"Coronavirus\"},{\"@type\":\"BreadcrumbList\",\"@id\":\"https:\/\/www.intoscana.it\/it\/covid-il-bollettino-della-toscana-157-nuovi-casi-e-otto-decessi\/#breadcrumb\",\"itemListElement\":[{\"@type\":\"ListItem\",\"position\":1,\"name\":\"Home\",\"item\":\"https:\/\/www.intoscana.it\/it\/\"},{\"@type\":\"ListItem\",\"position\":2,\"name\":\"Covid, il bollettino della Toscana: 157 nuovi casi e otto decessi\"}]},{\"@type\":\"WebSite\",\"@id\":\"https:\/\/www.intoscana.it\/it\/#website\",\"url\":\"https:\/\/www.intoscana.it\/it\/\",\"name\":\"intoscana\",\"description\":\"\",\"potentialAction\":[{\"@type\":\"SearchAction\",\"target\":{\"@type\":\"EntryPoint\",\"urlTemplate\":\"https:\/\/www.intoscana.it\/it\/?s={search_term_string}\"},\"query-input\":{\"@type\":\"PropertyValueSpecification\",\"valueRequired\":true,\"valueName\":\"search_term_string\"}}],\"inLanguage\":\"it-IT\"},{\"@type\":\"Person\",\"@id\":\"https:\/\/www.intoscana.it\/it\/#\/schema\/person\/9223810753230f20bd670fdd322661f8\",\"name\":\"Redazione\",\"url\":\"https:\/\/www.intoscana.it\/it\/author\/redazione\/\"}]}<\/script>\n<!-- \/ Yoast SEO Premium plugin. -->","yoast_head_json":{"title":"Covid, il bollettino della Toscana: 157 nuovi casi e otto decessi - intoscana","description":"Sono 8.482 i positivi in regione, di questi 190 sono ricoverati in ospedale e 7 si trovano in terapia intensiva","robots":{"index":"index","follow":"follow","max-snippet":"max-snippet:-1","max-image-preview":"max-image-preview:large","max-video-preview":"max-video-preview:-1"},"canonical":"https:\/\/www.intoscana.it\/it\/covid-il-bollettino-della-toscana-157-nuovi-casi-e-otto-decessi\/","og_locale":"it_IT","og_type":"article","og_title":"Covid, il bollettino della Toscana: 157 nuovi casi e otto decessi","og_description":"Sono 8.482 i positivi in regione, di questi 190 sono ricoverati in ospedale e 7 si trovano in terapia intensiva","og_url":"https:\/\/www.intoscana.it\/it\/covid-il-bollettino-della-toscana-157-nuovi-casi-e-otto-decessi\/","og_site_name":"intoscana","article_publisher":"https:\/\/www.facebook.com\/intoscana.it","article_published_time":"2023-03-03T09:55:11+00:00","article_modified_time":"2023-03-04T12:34:09+00:00","og_image":[{"width":1000,"height":750,"url":"https:\/\/www.intoscana.it\/wp-content\/uploads\/covid-19-blood-test-2.jpg","type":"image\/jpeg"}],"author":"Redazione","twitter_card":"summary_large_image","twitter_creator":"@intoscana","twitter_site":"@intoscana","twitter_misc":{"Written by":"Redazione","Est. reading time":"1 minuto"},"schema":{"@context":"https:\/\/schema.org","@graph":[{"@type":"WebPage","@id":"https:\/\/www.intoscana.it\/it\/covid-il-bollettino-della-toscana-157-nuovi-casi-e-otto-decessi\/","url":"https:\/\/www.intoscana.it\/it\/covid-il-bollettino-della-toscana-157-nuovi-casi-e-otto-decessi\/","name":"Covid, il bollettino della Toscana: 157 nuovi casi e otto decessi - intoscana","isPartOf":{"@id":"https:\/\/www.intoscana.it\/it\/#website"},"primaryImageOfPage":{"@id":"https:\/\/www.intoscana.it\/it\/covid-il-bollettino-della-toscana-157-nuovi-casi-e-otto-decessi\/#primaryimage"},"image":{"@id":"https:\/\/www.intoscana.it\/it\/covid-il-bollettino-della-toscana-157-nuovi-casi-e-otto-decessi\/#primaryimage"},"thumbnailUrl":"https:\/\/www.intoscana.it\/wp-content\/uploads\/covid-19-blood-test-2.jpg","datePublished":"2023-03-03T09:55:11+00:00","dateModified":"2023-03-04T12:34:09+00:00","author":{"@id":"https:\/\/www.intoscana.it\/it\/#\/schema\/person\/9223810753230f20bd670fdd322661f8"},"description":"Sono 8.482 i positivi in regione, di questi 190 sono ricoverati in ospedale e 7 si trovano in terapia intensiva","breadcrumb":{"@id":"https:\/\/www.intoscana.it\/it\/covid-il-bollettino-della-toscana-157-nuovi-casi-e-otto-decessi\/#breadcrumb"},"inLanguage":"it-IT","potentialAction":[{"@type":"ReadAction","target":["https:\/\/www.intoscana.it\/it\/covid-il-bollettino-della-toscana-157-nuovi-casi-e-otto-decessi\/"]}]},{"@type":"ImageObject","inLanguage":"it-IT","@id":"https:\/\/www.intoscana.it\/it\/covid-il-bollettino-della-toscana-157-nuovi-casi-e-otto-decessi\/#primaryimage","url":"https:\/\/www.intoscana.it\/wp-content\/uploads\/covid-19-blood-test-2.jpg","contentUrl":"https:\/\/www.intoscana.it\/wp-content\/uploads\/covid-19-blood-test-2.jpg","width":1000,"height":750,"caption":"Coronavirus"},{"@type":"BreadcrumbList","@id":"https:\/\/www.intoscana.it\/it\/covid-il-bollettino-della-toscana-157-nuovi-casi-e-otto-decessi\/#breadcrumb","itemListElement":[{"@type":"ListItem","position":1,"name":"Home","item":"https:\/\/www.intoscana.it\/it\/"},{"@type":"ListItem","position":2,"name":"Covid, il bollettino della Toscana: 157 nuovi casi e otto decessi"}]},{"@type":"WebSite","@id":"https:\/\/www.intoscana.it\/it\/#website","url":"https:\/\/www.intoscana.it\/it\/","name":"intoscana","description":"","potentialAction":[{"@type":"SearchAction","target":{"@type":"EntryPoint","urlTemplate":"https:\/\/www.intoscana.it\/it\/?s={search_term_string}"},"query-input":{"@type":"PropertyValueSpecification","valueRequired":true,"valueName":"search_term_string"}}],"inLanguage":"it-IT"},{"@type":"Person","@id":"https:\/\/www.intoscana.it\/it\/#\/schema\/person\/9223810753230f20bd670fdd322661f8","name":"Redazione","url":"https:\/\/www.intoscana.it\/it\/author\/redazione\/"}]}},"_links":{"self":[{"href":"https:\/\/www.intoscana.it\/it\/wp-json\/wp\/v2\/posts\/275050","targetHints":{"allow":["GET"]}}],"collection":[{"href":"https:\/\/www.intoscana.it\/it\/wp-json\/wp\/v2\/posts"}],"about":[{"href":"https:\/\/www.intoscana.it\/it\/wp-json\/wp\/v2\/types\/post"}],"author":[{"embeddable":true,"href":"https:\/\/www.intoscana.it\/it\/wp-json\/wp\/v2\/users\/525"}],"replies":[{"embeddable":true,"href":"https:\/\/www.intoscana.it\/it\/wp-json\/wp\/v2\/comments?post=275050"}],"version-history":[{"count":0,"href":"https:\/\/www.intoscana.it\/it\/wp-json\/wp\/v2\/posts\/275050\/revisions"}],"wp:featuredmedia":[{"embeddable":true,"href":"https:\/\/www.intoscana.it\/it\/wp-json\/wp\/v2\/media\/144060"}],"wp:attachment":[{"href":"https:\/\/www.intoscana.it\/it\/wp-json\/wp\/v2\/media?parent=275050"}],"wp:term":[{"taxonomy":"category","embeddable":true,"href":"https:\/\/www.intoscana.it\/it\/wp-json\/wp\/v2\/categories?post=275050"},{"taxonomy":"post_tag","embeddable":true,"href":"https:\/\/www.intoscana.it\/it\/wp-json\/wp\/v2\/tags?post=275050"}],"curies":[{"name":"wp","href":"https:\/\/api.w.org\/{rel}","templated":true}]}}