{"id":275212,"date":"2023-03-04T13:32:39","date_gmt":"2023-03-04T12:32:39","guid":{"rendered":"https:\/\/www.intoscana.it\/it\/?p=275212"},"modified":"2023-03-04T13:33:12","modified_gmt":"2023-03-04T12:33:12","slug":"salto-nel-passato-a-torrita-di-siena-torna-lantichissimo-palio-dei-somari","status":"publish","type":"post","link":"https:\/\/www.intoscana.it\/it\/salto-nel-passato-a-torrita-di-siena-torna-lantichissimo-palio-dei-somari\/","title":{"rendered":"Salto nel passato: a Torrita di Siena torna l&#8217;antichissimo Palio dei somari"},"content":{"rendered":"<p>A <strong>Torrita di Siena<\/strong> \u00e8 tempo di <strong>bandiere, tamburi<\/strong> e di tutte quelle emozioni che solo il <strong>Palio dei Somari<\/strong> sa regalare.<\/p>\n<p><strong> Dall\u201911 al 19 marzo 2023<\/strong> si svolge la 66esima edizione della prima manifestazione nel calendario degli eventi primaverili in Toscana.<\/p>\n<p>Tante le iniziative curate dall&#8217;Associazione Sagra San Giuseppe sono in programma durante l\u2019intera settimana che precede la celebre <strong>corsa di somari prevista per domenica 19 marzo,<\/strong> data che quest\u2019anno coincide proprio con <strong>San Giuseppe,<\/strong> a cui \u00e8 dedicata la festa.<\/p>\n<p><em>\u201cIl Palio dei Somari di Torrita di Siena ritrova finalmente la sua collocazione originale nel mese di marzo, introducendo in questa edizione l\u2019apertura delle taverne anche durante il giorno, domenica 12 marzo \u2013<\/em><strong> anticipa il presidente dell\u2019Associazione Sagra San Giuseppe Yuri Cardini. <\/strong><em>Tale novit\u00e0 \u00e8 stata inserita nel programma potendo contare sull\u2019impegno delle Contrade e di tanti volontari che partecipano sempre con entusiasmo alle attivit\u00e0 legate al Palio dei Somari, rendendo questa festa sempre la pi\u00f9 sentita dalla comunit\u00e0\u201d.<\/em><\/p>\n<p>La<strong> 66esima edizione del Palio dei Somari<\/strong> si inaugura ufficialmente il pomeriggio di <strong>sabato 11 marzo,<\/strong> con il quadro di rievocazione storica in cui, alle ore 17.30, in Piazza Matteotti vengono estratti gli abbinamenti delle Contrade per la prima fase di qualificazione della Corsa.<\/p>\n<p>Alle ore 19 si aprono le Taverne, i diversi banchetti allestiti dalle Contrade nel borgo torritese, il quale intanto si anima con le<strong> esibizioni in stile medievale<\/strong> de Lo Mago Abacuc, Fabius il Giullare, la compagnia Kronos Acrobatic Theater che propone il suggestivo spettacolo intitolato \u201cRito del Fuoko\u201d. La notte si protrae in Piazza Matteotti con il DjSet di Massy Dj.<\/p>\n<p><strong>Domenica 12<\/strong>, dalle ore 9 i giardini adiacenti al centro storico per tutta la giornata diventano<em><strong> &#8220;Somarando&#8221;,<\/strong><\/em> il parco di attivit\u00e0 pensate soprattutto per permettere ai <strong>bambini di incontrare gli animali<\/strong> protagonisti della manifestazione, mentre tra le mura \u00e8 possibile assistere alle esibizioni degli <strong>Arcieri della Civetta di Cortona e dei Falconieri del Valdarno,<\/strong> e sfidarsi nei divertenti giochi medievali allestiti dal collettivo Nobilt\u00e0 e Contado.<\/p>\n<p><strong>Alle 13 aprono le Taverne,<\/strong> novit\u00e0 introdotta proprio in questa edizione del Palio dei Somari per dare la possibilit\u00e0 ai visitatori di trattenersi a Torrita di Siena per un pranzo nelle Contrade prima di immergersi nel programma degli eventi pomeridiani.<\/p>\n<p>Alle 16 \u00e8 prevista in Piazza Matteotti l\u2019XI <strong>Festa dei Giovani Sbandieratori e Tamburini,<\/strong> a cui prendono parte le promesse del Gruppo Sbandieratori e Tamburini di Torrita di Siena, dei Terzieri Porta Fiorentina e Cassero di Castiglion Fiorentino e dei<strong> Bandierai degli Uffizi. <\/strong><\/p>\n<p>Alle 18.30 gli<strong> spettacoli itineranti del Paggio dei Clerici Vagantes<\/strong> accompagna l\u2019inizio della seconda serata di Taverne, che continuano con l\u2019intrattenimento di <strong>Fabius Il Giullare<\/strong> e gli artisti di <strong>Kronos Acrobatic Theater,<\/strong> questa volta impegnati in <strong>\u201cVirt\u00f9 Kavalleresche\u201d.<\/strong><\/p>\n<figure id=\"post-275214 media-275214\" class=\"align-none\"><img decoding=\"async\" src=\"https:\/\/www.intoscana.it\/wp-content\/uploads\/KRONOS_ACROBATIC_THEATER_TAVERNE2023.jpg\" alt=\"\" \/><\/figure>\n<p><strong>Mercoled\u00ec 15<\/strong> alle 21.30 al <strong>Teatro degli Oscuri<\/strong> otto squadre in rappresentanza delle Contrade si cimentano in <em><strong>&#8220;Chiss\u00e0 se in Contrada si sa&#8221;,<\/strong> <\/em>quiz di domande su curiosit\u00e0 e storia del Palio dei Somari.<\/p>\n<p><strong>Venerd\u00ec 17 \u00e8 la data delle cene propiziatorie,<\/strong> nel corso delle quali in ogni Contrada si presenta ufficialmente il fantino.<\/p>\n<p><strong>Sabato 18<\/strong>, alle 21.30 in Piazza Matteotti arriva il momento di scoprire il<strong> drappo del 66\u00b0 Palio dei Somari, dipinto da Monica Minucci,<\/strong> artista senese che si caratterizza per uno stile eclettico che applica a differenti tecniche e materiali. Quindi viene lasciato spazio alla gara a coppie tra gli Sbandieratori e i Tamburini delle Contrade e all&#8217;esibizione dei quartetti degli antichi Castelli.<\/p>\n<p><strong>Domenica 19<\/strong> la giornata principale della manifestazione inizia con<strong> l&#8217;ingresso del corteo di ciascuna Contrada<\/strong> in piazza Matteotti e la Santa Messa che, per dei problemi strutturali ancora in fase di accertamento rinvenuti presso la Chiesa delle Sante Flora e Lucilla, viene celebrata invece nella Chiesa dei Santi Martino e Costanzo.<\/p>\n<p><strong>Le esibizioni degli Sbandieratori e dei Tamburini<\/strong> colorano Piazza Matteotti prima che il lungo corteo storico sfili per le vie del borgo, fino ad arrivare al <strong>Gioco del Pallone,<\/strong> dove \u00e8 allestito il campo di gara. L\u2019appuntamento \u00e8 dato l\u00ec alle 15.30, quando, anticipata dall\u2019ingresso del Corteo nel campo, si disputer\u00e0 la corsa del 66\u00b0 Palio dei Somari. In caso di pioggia il Palio \u00e8 rimandato a domenica 26 marzo.<\/p>\n<p>L\u2019evento si svolge con il patrocinio del Comune di Torrita di Siena e della <strong>Regione Toscana.<\/strong><\/p>\n<figure id=\"post-275219 media-275219\" class=\"align-none\"><img decoding=\"async\" src=\"https:\/\/www.intoscana.it\/wp-content\/uploads\/PALIO_DEI_SOMARI_SBANDIERATORI.jpeg\" alt=\"\" \/><\/figure>\n<div class=\"titleimg\"><\/div>\n<div class=\"titleimg\"><\/div>\n","protected":false},"excerpt":{"rendered":"<p>Domenica 19 marzo si corre la 66esima edizione della famosa gara a dorso di ciuchino, ma tantissimi sono gli eventi che prenderanno vita nel borgo toscano nella settimana precedente tra rievocazioni, spettacoli teatrali, sbandieratori e le famose taverne<\/p>\n","protected":false},"author":525,"featured_media":275216,"comment_status":"open","ping_status":"open","sticky":false,"template":"","format":"standard","meta":{"_acf_changed":false,"footnotes":""},"categories":[6],"tags":[6495,6130,164],"class_list":["post-275212","post","type-post","status-publish","format-standard","has-post-thumbnail","hentry","category-viaggi","tag-folklore","tag-rievocazioni-storiche","tag-siena"],"acf":[],"yoast_head":"<!-- This site is optimized with the Yoast SEO Premium plugin v24.2 (Yoast SEO v25.6) - https:\/\/yoast.com\/wordpress\/plugins\/seo\/ -->\n<title>Salto nel passato: a Torrita di Siena torna l&#039;antichissimo Palio dei somari - intoscana<\/title>\n<meta name=\"description\" content=\"Domenica 19 marzo si corre la 66esima edizione della famosa gara a dorso di ciuchino, ma tantissimi sono gli eventi che prenderanno vita nel borgo toscano nella settimana precedente tra rievocazioni, spettacoli teatrali, sbandieratori e le famose tavern\" \/>\n<meta name=\"robots\" content=\"index, follow, max-snippet:-1, max-image-preview:large, max-video-preview:-1\" \/>\n<link rel=\"canonical\" href=\"https:\/\/www.intoscana.it\/it\/salto-nel-passato-a-torrita-di-siena-torna-lantichissimo-palio-dei-somari\/\" \/>\n<meta property=\"og:locale\" content=\"it_IT\" \/>\n<meta property=\"og:type\" content=\"article\" \/>\n<meta property=\"og:title\" content=\"Salto nel passato: a Torrita di Siena torna l&#039;antichissimo Palio dei somari\" \/>\n<meta property=\"og:description\" content=\"Domenica 19 marzo si corre la 66esima edizione della famosa gara a dorso di ciuchino, ma tantissimi sono gli eventi che prenderanno vita nel borgo toscano nella settimana precedente tra rievocazioni, spettacoli teatrali, sbandieratori e le famose tavern\" \/>\n<meta property=\"og:url\" content=\"https:\/\/www.intoscana.it\/it\/salto-nel-passato-a-torrita-di-siena-torna-lantichissimo-palio-dei-somari\/\" \/>\n<meta property=\"og:site_name\" content=\"intoscana\" \/>\n<meta property=\"article:publisher\" content=\"https:\/\/www.facebook.com\/intoscana.it\" \/>\n<meta property=\"article:published_time\" content=\"2023-03-04T12:32:39+00:00\" \/>\n<meta property=\"article:modified_time\" content=\"2023-03-04T12:33:12+00:00\" \/>\n<meta property=\"og:image\" content=\"https:\/\/www.intoscana.it\/wp-content\/uploads\/PALIO_DEI_SOMARI_CORSA.jpeg\" \/>\n\t<meta property=\"og:image:width\" content=\"1600\" \/>\n\t<meta property=\"og:image:height\" content=\"1066\" \/>\n\t<meta property=\"og:image:type\" content=\"image\/jpeg\" \/>\n<meta name=\"author\" content=\"Redazione\" \/>\n<meta name=\"twitter:card\" content=\"summary_large_image\" \/>\n<meta name=\"twitter:creator\" content=\"@intoscana\" \/>\n<meta name=\"twitter:site\" content=\"@intoscana\" \/>\n<meta name=\"twitter:label1\" content=\"Written by\" \/>\n\t<meta name=\"twitter:data1\" content=\"Redazione\" \/>\n\t<meta name=\"twitter:label2\" content=\"Est. reading time\" \/>\n\t<meta name=\"twitter:data2\" content=\"3 minuti\" \/>\n<script type=\"application\/ld+json\" class=\"yoast-schema-graph\">{\"@context\":\"https:\/\/schema.org\",\"@graph\":[{\"@type\":\"WebPage\",\"@id\":\"https:\/\/www.intoscana.it\/it\/salto-nel-passato-a-torrita-di-siena-torna-lantichissimo-palio-dei-somari\/\",\"url\":\"https:\/\/www.intoscana.it\/it\/salto-nel-passato-a-torrita-di-siena-torna-lantichissimo-palio-dei-somari\/\",\"name\":\"Salto nel passato: a Torrita di Siena torna l'antichissimo Palio dei somari - intoscana\",\"isPartOf\":{\"@id\":\"https:\/\/www.intoscana.it\/it\/#website\"},\"primaryImageOfPage\":{\"@id\":\"https:\/\/www.intoscana.it\/it\/salto-nel-passato-a-torrita-di-siena-torna-lantichissimo-palio-dei-somari\/#primaryimage\"},\"image\":{\"@id\":\"https:\/\/www.intoscana.it\/it\/salto-nel-passato-a-torrita-di-siena-torna-lantichissimo-palio-dei-somari\/#primaryimage\"},\"thumbnailUrl\":\"https:\/\/www.intoscana.it\/wp-content\/uploads\/PALIO_DEI_SOMARI_CORSA.jpeg\",\"datePublished\":\"2023-03-04T12:32:39+00:00\",\"dateModified\":\"2023-03-04T12:33:12+00:00\",\"author\":{\"@id\":\"https:\/\/www.intoscana.it\/it\/#\/schema\/person\/9223810753230f20bd670fdd322661f8\"},\"description\":\"Domenica 19 marzo si corre la 66esima edizione della famosa gara a dorso di ciuchino, ma tantissimi sono gli eventi che prenderanno vita nel borgo toscano nella settimana precedente tra rievocazioni, spettacoli teatrali, sbandieratori e le famose tavern\",\"breadcrumb\":{\"@id\":\"https:\/\/www.intoscana.it\/it\/salto-nel-passato-a-torrita-di-siena-torna-lantichissimo-palio-dei-somari\/#breadcrumb\"},\"inLanguage\":\"it-IT\",\"potentialAction\":[{\"@type\":\"ReadAction\",\"target\":[\"https:\/\/www.intoscana.it\/it\/salto-nel-passato-a-torrita-di-siena-torna-lantichissimo-palio-dei-somari\/\"]}]},{\"@type\":\"ImageObject\",\"inLanguage\":\"it-IT\",\"@id\":\"https:\/\/www.intoscana.it\/it\/salto-nel-passato-a-torrita-di-siena-torna-lantichissimo-palio-dei-somari\/#primaryimage\",\"url\":\"https:\/\/www.intoscana.it\/wp-content\/uploads\/PALIO_DEI_SOMARI_CORSA.jpeg\",\"contentUrl\":\"https:\/\/www.intoscana.it\/wp-content\/uploads\/PALIO_DEI_SOMARI_CORSA.jpeg\",\"width\":1600,\"height\":1066},{\"@type\":\"BreadcrumbList\",\"@id\":\"https:\/\/www.intoscana.it\/it\/salto-nel-passato-a-torrita-di-siena-torna-lantichissimo-palio-dei-somari\/#breadcrumb\",\"itemListElement\":[{\"@type\":\"ListItem\",\"position\":1,\"name\":\"Home\",\"item\":\"https:\/\/www.intoscana.it\/it\/\"},{\"@type\":\"ListItem\",\"position\":2,\"name\":\"Salto nel passato: a Torrita di Siena torna l&#8217;antichissimo Palio dei somari\"}]},{\"@type\":\"WebSite\",\"@id\":\"https:\/\/www.intoscana.it\/it\/#website\",\"url\":\"https:\/\/www.intoscana.it\/it\/\",\"name\":\"intoscana\",\"description\":\"\",\"potentialAction\":[{\"@type\":\"SearchAction\",\"target\":{\"@type\":\"EntryPoint\",\"urlTemplate\":\"https:\/\/www.intoscana.it\/it\/?s={search_term_string}\"},\"query-input\":{\"@type\":\"PropertyValueSpecification\",\"valueRequired\":true,\"valueName\":\"search_term_string\"}}],\"inLanguage\":\"it-IT\"},{\"@type\":\"Person\",\"@id\":\"https:\/\/www.intoscana.it\/it\/#\/schema\/person\/9223810753230f20bd670fdd322661f8\",\"name\":\"Redazione\",\"url\":\"https:\/\/www.intoscana.it\/it\/author\/redazione\/\"}]}<\/script>\n<!-- \/ Yoast SEO Premium plugin. -->","yoast_head_json":{"title":"Salto nel passato: a Torrita di Siena torna l'antichissimo Palio dei somari - intoscana","description":"Domenica 19 marzo si corre la 66esima edizione della famosa gara a dorso di ciuchino, ma tantissimi sono gli eventi che prenderanno vita nel borgo toscano nella settimana precedente tra rievocazioni, spettacoli teatrali, sbandieratori e le famose tavern","robots":{"index":"index","follow":"follow","max-snippet":"max-snippet:-1","max-image-preview":"max-image-preview:large","max-video-preview":"max-video-preview:-1"},"canonical":"https:\/\/www.intoscana.it\/it\/salto-nel-passato-a-torrita-di-siena-torna-lantichissimo-palio-dei-somari\/","og_locale":"it_IT","og_type":"article","og_title":"Salto nel passato: a Torrita di Siena torna l'antichissimo Palio dei somari","og_description":"Domenica 19 marzo si corre la 66esima edizione della famosa gara a dorso di ciuchino, ma tantissimi sono gli eventi che prenderanno vita nel borgo toscano nella settimana precedente tra rievocazioni, spettacoli teatrali, sbandieratori e le famose tavern","og_url":"https:\/\/www.intoscana.it\/it\/salto-nel-passato-a-torrita-di-siena-torna-lantichissimo-palio-dei-somari\/","og_site_name":"intoscana","article_publisher":"https:\/\/www.facebook.com\/intoscana.it","article_published_time":"2023-03-04T12:32:39+00:00","article_modified_time":"2023-03-04T12:33:12+00:00","og_image":[{"width":1600,"height":1066,"url":"https:\/\/www.intoscana.it\/wp-content\/uploads\/PALIO_DEI_SOMARI_CORSA.jpeg","type":"image\/jpeg"}],"author":"Redazione","twitter_card":"summary_large_image","twitter_creator":"@intoscana","twitter_site":"@intoscana","twitter_misc":{"Written by":"Redazione","Est. reading time":"3 minuti"},"schema":{"@context":"https:\/\/schema.org","@graph":[{"@type":"WebPage","@id":"https:\/\/www.intoscana.it\/it\/salto-nel-passato-a-torrita-di-siena-torna-lantichissimo-palio-dei-somari\/","url":"https:\/\/www.intoscana.it\/it\/salto-nel-passato-a-torrita-di-siena-torna-lantichissimo-palio-dei-somari\/","name":"Salto nel passato: a Torrita di Siena torna l'antichissimo Palio dei somari - intoscana","isPartOf":{"@id":"https:\/\/www.intoscana.it\/it\/#website"},"primaryImageOfPage":{"@id":"https:\/\/www.intoscana.it\/it\/salto-nel-passato-a-torrita-di-siena-torna-lantichissimo-palio-dei-somari\/#primaryimage"},"image":{"@id":"https:\/\/www.intoscana.it\/it\/salto-nel-passato-a-torrita-di-siena-torna-lantichissimo-palio-dei-somari\/#primaryimage"},"thumbnailUrl":"https:\/\/www.intoscana.it\/wp-content\/uploads\/PALIO_DEI_SOMARI_CORSA.jpeg","datePublished":"2023-03-04T12:32:39+00:00","dateModified":"2023-03-04T12:33:12+00:00","author":{"@id":"https:\/\/www.intoscana.it\/it\/#\/schema\/person\/9223810753230f20bd670fdd322661f8"},"description":"Domenica 19 marzo si corre la 66esima edizione della famosa gara a dorso di ciuchino, ma tantissimi sono gli eventi che prenderanno vita nel borgo toscano nella settimana precedente tra rievocazioni, spettacoli teatrali, sbandieratori e le famose tavern","breadcrumb":{"@id":"https:\/\/www.intoscana.it\/it\/salto-nel-passato-a-torrita-di-siena-torna-lantichissimo-palio-dei-somari\/#breadcrumb"},"inLanguage":"it-IT","potentialAction":[{"@type":"ReadAction","target":["https:\/\/www.intoscana.it\/it\/salto-nel-passato-a-torrita-di-siena-torna-lantichissimo-palio-dei-somari\/"]}]},{"@type":"ImageObject","inLanguage":"it-IT","@id":"https:\/\/www.intoscana.it\/it\/salto-nel-passato-a-torrita-di-siena-torna-lantichissimo-palio-dei-somari\/#primaryimage","url":"https:\/\/www.intoscana.it\/wp-content\/uploads\/PALIO_DEI_SOMARI_CORSA.jpeg","contentUrl":"https:\/\/www.intoscana.it\/wp-content\/uploads\/PALIO_DEI_SOMARI_CORSA.jpeg","width":1600,"height":1066},{"@type":"BreadcrumbList","@id":"https:\/\/www.intoscana.it\/it\/salto-nel-passato-a-torrita-di-siena-torna-lantichissimo-palio-dei-somari\/#breadcrumb","itemListElement":[{"@type":"ListItem","position":1,"name":"Home","item":"https:\/\/www.intoscana.it\/it\/"},{"@type":"ListItem","position":2,"name":"Salto nel passato: a Torrita di Siena torna l&#8217;antichissimo Palio dei somari"}]},{"@type":"WebSite","@id":"https:\/\/www.intoscana.it\/it\/#website","url":"https:\/\/www.intoscana.it\/it\/","name":"intoscana","description":"","potentialAction":[{"@type":"SearchAction","target":{"@type":"EntryPoint","urlTemplate":"https:\/\/www.intoscana.it\/it\/?s={search_term_string}"},"query-input":{"@type":"PropertyValueSpecification","valueRequired":true,"valueName":"search_term_string"}}],"inLanguage":"it-IT"},{"@type":"Person","@id":"https:\/\/www.intoscana.it\/it\/#\/schema\/person\/9223810753230f20bd670fdd322661f8","name":"Redazione","url":"https:\/\/www.intoscana.it\/it\/author\/redazione\/"}]}},"_links":{"self":[{"href":"https:\/\/www.intoscana.it\/it\/wp-json\/wp\/v2\/posts\/275212","targetHints":{"allow":["GET"]}}],"collection":[{"href":"https:\/\/www.intoscana.it\/it\/wp-json\/wp\/v2\/posts"}],"about":[{"href":"https:\/\/www.intoscana.it\/it\/wp-json\/wp\/v2\/types\/post"}],"author":[{"embeddable":true,"href":"https:\/\/www.intoscana.it\/it\/wp-json\/wp\/v2\/users\/525"}],"replies":[{"embeddable":true,"href":"https:\/\/www.intoscana.it\/it\/wp-json\/wp\/v2\/comments?post=275212"}],"version-history":[{"count":0,"href":"https:\/\/www.intoscana.it\/it\/wp-json\/wp\/v2\/posts\/275212\/revisions"}],"wp:featuredmedia":[{"embeddable":true,"href":"https:\/\/www.intoscana.it\/it\/wp-json\/wp\/v2\/media\/275216"}],"wp:attachment":[{"href":"https:\/\/www.intoscana.it\/it\/wp-json\/wp\/v2\/media?parent=275212"}],"wp:term":[{"taxonomy":"category","embeddable":true,"href":"https:\/\/www.intoscana.it\/it\/wp-json\/wp\/v2\/categories?post=275212"},{"taxonomy":"post_tag","embeddable":true,"href":"https:\/\/www.intoscana.it\/it\/wp-json\/wp\/v2\/tags?post=275212"}],"curies":[{"name":"wp","href":"https:\/\/api.w.org\/{rel}","templated":true}]}}