{"id":275481,"date":"2023-03-06T16:28:57","date_gmt":"2023-03-06T15:28:57","guid":{"rendered":"https:\/\/www.intoscana.it\/it\/?p=275481"},"modified":"2023-03-06T17:11:56","modified_gmt":"2023-03-06T16:11:56","slug":"prato-disegna-il-suo-futuro-con-i-fondi-pnrr-quasi-200milioni-di-euro-per-76-progetti","status":"publish","type":"post","link":"https:\/\/www.intoscana.it\/it\/prato-disegna-il-suo-futuro-con-i-fondi-pnrr-quasi-200milioni-di-euro-per-76-progetti\/","title":{"rendered":"Prato disegna il suo futuro con i fondi Pnrr: quasi 200milioni di euro per 76 progetti"},"content":{"rendered":"<p>Un finanziamento da pi\u00f9 di 198milioni di euro, di cui quasi 128 provenienti da fondi <strong>Pnrr<\/strong>, per un totale di 76 progetti. La strategia di sviluppo <strong>Next Generation Prato<\/strong> lanciata a met\u00e0 2021 prosegue spedita. <mark>Alcuni progetti sono gi\u00e0 in corso, altri in fase di progettazione, e\u00a0 l&#8217;obiettivo \u00e8 la transizione ecologica, digitale e circolare della citt\u00e0.<\/mark> Il punto \u00e8 stato fatto alla Camera di Commercio di Prato, con il sindaco Matteo Biffoni e le categorie economiche e sociali.<\/p>\n<p>Dopo un anno e mezzo la maggior parte degli interventi \u00e8 in fase di progettazione esecutiva e le relative gare d&#8217;appalto saranno bandite il prossimo giugno, per arrivare in tempo all&#8217;obbligo di ultimazione lavori e rendicontazione entro il 2026, come prevedono le rigide regole dei finanziamenti Pnrr. In altri casi i cantieri sono gi\u00e0 partiti, come nel caso della <mark>forestazione della Declassata e del Centro Pecci, o al complesso di Santa Caterina, dove \u00e8 gi\u00e0 partito il restauro della corte esterna, del teatro, delle antiche mura e dell&#8217;ex archivio storico dell&#8217;Anagrafe.<\/mark><\/p>\n<p>&#8220;Alle future generazioni lasceremo un patrimonio importante di interventi &#8211; ha detto il sindaco Biffoni &#8211; ma gi\u00e0 da ora si vedono i primi <strong>cantieri<\/strong> e la citt\u00e0 trasformata dal punto di vista della mobilit\u00e0, della rigenerazione urbana, della scuola, dei mezzi del trasporto pubblico, dell\u2019impiantistica sportiva&#8221;.<\/p>\n<figure id=\"post-275494 media-275494\" class=\"align-none\"><img decoding=\"async\" src=\"https:\/\/www.intoscana.it\/wp-content\/uploads\/PHOTO-2023-03-06-15-03-59-1.jpg\" alt=\"\" \/><\/figure>\n<h3>Il dettaglio degli interventi<\/h3>\n<p>Per la <strong>digitalizzazione<\/strong> della pubblica amministrazione, l&#8217;innovazione e la <strong>cultura<\/strong>, il finanziamento \u00e8 di 26.452.842 euro, di cui 1.996.030 di fondi PNRR, per 14 progetti destinati a:<\/p>\n<ul>\n<li>PA digitalizzata, per una Pubblica Amministrazione pi\u00f9 smart e vicina a cittadini e imprese;<\/li>\n<li>CTE Prisma, Prato Industrial Smart Accelerator, l\u2019innovazione al servizio del distretto tessile per la crescita e la competitivit\u00e0 delle imprese pratesi;<\/li>\n<li>Distretto tessile, con la dotazione straordinaria del MISE e del MEF;<\/li>\n<li>Prato Digital Twin Ambientale, con l\u2019installazione di 45 centraline AIRQino per monitorare lo stato dell\u2019ambiente e la qualit\u00e0 dell\u2019aria;<\/li>\n<li>Prato Phygital, fisico e digitale insieme per valorizzare il patrimonio culturale della tradizione tessile pratese;<\/li>\n<li>Museo Palazzo Pretorio, con interventi per l\u2019abbattimento delle barriere fisiche, sensoriali e cognitive, favorendo la partecipazione di tutti alla vita culturale;<\/li>\n<li>Centro per l\u2019Arte contemporanea Luigi Pecci, con interventi per favorire la partecipazione di tutti alla vita culturale, in particolare delle persone con disabilit\u00e0;<\/li>\n<li>Fabbricone, polo teatrale e della drammaturgia, come luogo di cultura, tradizione e innovazione teatrale.<\/li>\n<\/ul>\n<p>Per la <strong>transizione ecologica<\/strong>, 83.870.914 euro di finanziamenti, di cui 61.512.000 di fondi PNRR, per 19 progetti destinati a:<\/p>\n<ul>\n<li>Prato Hub europeo del riciclo tessile, con i \u201cprogetti faro\u201d di economia circolare, per la realizzazione di nuovi impianti di riciclo delle frazioni tessili in ottica sistemica;<\/li>\n<li>Prato Forest City, per promuovere sani stili di vita riqualificando il verde scolastico per lo svolgimento di attivit\u00e0 open air e realizzando un modello innovativo di governance delle politiche di forestazione;<\/li>\n<li>Piano di forestazione urbana, tramite la riqualificazione di piazza delle Mura dell\u2019ex Campolmi;<\/li>\n<li>Infrastrutture per la terapia naturale, con la forestazione all\u2019ingresso dell\u2019Ospedale Santo Stefano;<\/li>\n<li>Giardini terapeutici di prossimit\u00e0 del quartiere Soccorso;<\/li>\n<li>Nuovi parchi ed aree verdi nelle aree dense della citt\u00e0, in particolare Toscana Carbon Neutral, Urban Places e il parco Giocagi\u00f2 2 di via Turchia;<\/li>\n<li>Villa del Palco, con la valorizzazione del parco dei giardini storici della villa;<\/li>\n<li>Prato Urban Jungle, giungle urbane come soluzione innovativa per affrontare i problemi di uso sostenibile del territorio all\u2019interno della citt\u00e0;<\/li>\n<li>Efficientamento energetico edifici pubblici come il Politeama, la riqualificazione della scuola dell\u2019infanzia Corridoni e della scuola primaria Antonio<\/li>\n<li>Rifacimento dell\u2019impianto di climatizzazione e upgrade del sistema di telegestione a servizio della Biblioteca Lazzerini e del Museo del Tessuto;<\/li>\n<li>Interventi di idraulica, con la riduzione delle perdite idriche nei sistemi acquedottistici dell\u2019area metropolitana di Firenze, Prato e Pistoia e risagomatura di alcuni fossi di raccolta delle acque di drenaggio per la riduzione del rischio di esondazione;<\/li>\n<li>Gualchiera di Coiano, da restaurare e ristrutturare.<\/li>\n<\/ul>\n<p>Per le infrastrutture e la <strong>mobilit\u00e0 sostenibile<\/strong>, 11.947.000 euro di finanziamenti, di cui 11.875.000 di fondi PNRR, destinati a:<\/p>\n<ul>\n<li>Interporto Toscana centrale, col progetto City Gate per l\u2019analisi dei costi logistici della movimentazione delle materie prime della filiera tessile pratese e la quantificazione del costo ambientale;<\/li>\n<li>Mobilit\u00e0 sostenibile, con l\u2019acquisto di flotte di bus elettrici, interventi di ricucitura delle piste ciclabili e la realizzazione della ciclovia Prato-Firenze.<\/li>\n<\/ul>\n<p>All&#8217;<strong>istruzione e ricerca<\/strong> vanno\u00a0 7.337.000 euro di finanziamenti, provenienti interamente dai fondi PNRR, per 3 progetti destinati a:<\/p>\n<ul>\n<li>Interventi di adeguamento, riqualificazione funzionale e messa in sicurezza dell\u2019asilo e della scuola dell\u2019infanzia Abatoni;<\/li>\n<li>Interventi sulle scuole Pier Cironi, con il potenziamento dell\u2019offerta dei servizi di istruzione;<\/li>\n<li>Interventi infanzia e primaria Mascagni, con la riqualificazione della mensa scolastica e l\u2019estensione del tempo pieno e delle mense.<\/li>\n<\/ul>\n<p>All&#8217;<strong>inclusione<\/strong> sono assegnati 20.957.539 euro di finanziamenti, provenienti interamente dai fondi PNRR, per progetti destinati a:<\/p>\n<ul>\n<li>Officina Giovani, per il restauro delle facciate e degli infissi della palazzina, il recupero di ex stalle, il rifacimento del piazzale e delle reti fognarie e di servizio, la ristrutturazione dell\u2019ex magazzino Consiag, il recupero dell\u2019ex palazzina e del deposito Consiag, il completamento e il recupero delle ex celle frigo Foyer d\u2019ingresso e il recupero del capannone artigianale di fronte a piazza Macelli;<\/li>\n<li>Centro Pecci, per la manutenzione straordinaria della corte interna al teatro e delle sedute dell\u2019anfiteatro, la riapertura del CID, la sistemazione degli archivi e la ristrutturazione dell\u2019ex sede di Radio Toscana;<\/li>\n<li>Manutenzione straordinaria con risanamento e riqualificazione delle sedi stradali, del sistema di smaltimento delle acque meteoriche, messa in sicurezza delle strade e realizzazione della segnaletica;<\/li>\n<li>Interventi di risanamento delle strutture del Ponte Petrino e del Ponte alla Vittoria;<\/li>\n<li>Complesso ex Santa Caterina, con il restauro dei locali dell\u2019ex archivio storico dell\u2019anagrafe, il restauro della corte, del teatro e delle antiche mura e dell\u2019edificio diroccato della corte e la riqualificazione delle facciate con gli infissi;<\/li>\n<li>Impianti sportivi, per la riqualificazione del campo di calcio di Paperino, di vari campi sportivi di calcio e rugby, della piscina comunale Galilei, della palestra di via Roma e della piscina olimpionica di Iolo\/Stadio dell\u2019acqua.<\/li>\n<\/ul>\n<p>Alla <strong>sanit\u00e0<\/strong> e al <strong>sociale<\/strong> 38.002.971 euro di finanziamenti, di cui 13.949.508 di fondi PNRR, per progetti destinati a:<\/p>\n<ul>\n<li>Efficientamento energetico e miglioramento sismico degli alloggi di edilizia residenziale pubblica del primo blocco di via Zipoli e del secondo blocco di via Rubieri;<\/li>\n<li>Housing sociale via di Gello, con un intervento che amplia l\u2019offerta di alloggi da destinare all\u2019affitto a canone calmierato;<\/li>\n<li>Recupero alloggi via Fonderia, con la riqualificazione di un immobile storico da destinare ad alloggi di edilizia residenziale pubblica<\/li>\n<li>Centrali operative territoriali, per la casa come primo luogo di cura e di telemedicina;<\/li>\n<li>Case di comunit\u00e0 come modello di intervento multidisciplinare e presa in carico della persona<\/li>\n<li>Ospedali di comunit\u00e0, con il rafforzamento dell\u2019assistenza sanitaria intermedia e delle strutture;<\/li>\n<li>Sostegno alle capacit\u00e0 genitoriali, con la realizzazione di un programma di interventi per bambini e famiglie in situazione di vulnerabilit\u00e0;<\/li>\n<li>Rafforzamento dei servizi sociali a favore della domiciliarit\u00e0, con la presa in carico di pazienti per non appesantire la presenza ospedaliera;<\/li>\n<li>Percorsi di autonomia per persone con disabilit\u00e0 1, con interventi a supporto delle persone con disabilit\u00e0 per favorire l\u2019autonomia;<\/li>\n<li>Percorsi di autonomia per persone con disabilit\u00e0 2, con interventi a supporto delle persone con disabilit\u00e0 per favorire l\u2019autonomia;<\/li>\n<li>Housing first, con l\u2019ampliamento del sistema di accoglienza e dell\u2019offerta;<\/li>\n<li>Centro servizi (stazioni di posta), con la ristrutturazione dell\u2019immobile EX IPAB e l\u2019apertura di un centro servizi\/stazione di posta (HUB)<\/li>\n<li>Ex casa di riposo via Roma 101, riqualificazione energetica.<\/li>\n<\/ul>\n<p>&nbsp;<\/p>\n","protected":false},"excerpt":{"rendered":"<p>Transizione ecologica e digitale, poi cultura e mobilit\u00e0 sostenibile: nei prossimi mesi la citt\u00e0 sar\u00e0 interessata da importanti interventi. Il punto dei lavori<\/p>\n","protected":false},"author":525,"featured_media":105019,"comment_status":"open","ping_status":"open","sticky":false,"template":"","format":"standard","meta":{"_acf_changed":false,"footnotes":""},"categories":[475],"tags":[6296,259],"class_list":["post-275481","post","type-post","status-publish","format-standard","has-post-thumbnail","hentry","category-innovazione","tag-pnrr","tag-prato"],"acf":[],"yoast_head":"<!-- This site is optimized with the Yoast SEO Premium plugin v24.2 (Yoast SEO v25.6) - https:\/\/yoast.com\/wordpress\/plugins\/seo\/ -->\n<title>Prato disegna il suo futuro con i fondi Pnrr: quasi 200milioni di euro per 76 progetti - intoscana<\/title>\n<meta name=\"description\" content=\"Transizione ecologica e digitale, poi cultura e mobilit\u00e0 sostenibile: nei prossimi mesi la citt\u00e0 sar\u00e0 interessata da importanti interventi. Il punto dei lavori\" \/>\n<meta name=\"robots\" content=\"index, follow, max-snippet:-1, max-image-preview:large, max-video-preview:-1\" \/>\n<link rel=\"canonical\" href=\"https:\/\/www.intoscana.it\/it\/prato-disegna-il-suo-futuro-con-i-fondi-pnrr-quasi-200milioni-di-euro-per-76-progetti\/\" \/>\n<meta property=\"og:locale\" content=\"it_IT\" \/>\n<meta property=\"og:type\" content=\"article\" \/>\n<meta property=\"og:title\" content=\"Prato disegna il suo futuro con i fondi Pnrr: quasi 200milioni di euro per 76 progetti\" \/>\n<meta property=\"og:description\" content=\"Transizione ecologica e digitale, poi cultura e mobilit\u00e0 sostenibile: nei prossimi mesi la citt\u00e0 sar\u00e0 interessata da importanti interventi. Il punto dei lavori\" \/>\n<meta property=\"og:url\" content=\"https:\/\/www.intoscana.it\/it\/prato-disegna-il-suo-futuro-con-i-fondi-pnrr-quasi-200milioni-di-euro-per-76-progetti\/\" \/>\n<meta property=\"og:site_name\" content=\"intoscana\" \/>\n<meta property=\"article:publisher\" content=\"https:\/\/www.facebook.com\/intoscana.it\" \/>\n<meta property=\"article:published_time\" content=\"2023-03-06T15:28:57+00:00\" \/>\n<meta property=\"article:modified_time\" content=\"2023-03-06T16:11:56+00:00\" \/>\n<meta property=\"og:image\" content=\"https:\/\/www.intoscana.it\/wp-content\/uploads\/desserts-prato-prato-duomo_wp5_16216.jpg\" \/>\n\t<meta property=\"og:image:width\" content=\"1000\" \/>\n\t<meta property=\"og:image:height\" content=\"667\" \/>\n\t<meta property=\"og:image:type\" content=\"image\/jpeg\" \/>\n<meta name=\"author\" content=\"Redazione\" \/>\n<meta name=\"twitter:card\" content=\"summary_large_image\" \/>\n<meta name=\"twitter:creator\" content=\"@intoscana\" \/>\n<meta name=\"twitter:site\" content=\"@intoscana\" \/>\n<meta name=\"twitter:label1\" content=\"Written by\" \/>\n\t<meta name=\"twitter:data1\" content=\"Redazione\" \/>\n\t<meta name=\"twitter:label2\" content=\"Est. reading time\" \/>\n\t<meta name=\"twitter:data2\" content=\"6 minuti\" \/>\n<script type=\"application\/ld+json\" class=\"yoast-schema-graph\">{\"@context\":\"https:\/\/schema.org\",\"@graph\":[{\"@type\":\"WebPage\",\"@id\":\"https:\/\/www.intoscana.it\/it\/prato-disegna-il-suo-futuro-con-i-fondi-pnrr-quasi-200milioni-di-euro-per-76-progetti\/\",\"url\":\"https:\/\/www.intoscana.it\/it\/prato-disegna-il-suo-futuro-con-i-fondi-pnrr-quasi-200milioni-di-euro-per-76-progetti\/\",\"name\":\"Prato disegna il suo futuro con i fondi Pnrr: quasi 200milioni di euro per 76 progetti - intoscana\",\"isPartOf\":{\"@id\":\"https:\/\/www.intoscana.it\/it\/#website\"},\"primaryImageOfPage\":{\"@id\":\"https:\/\/www.intoscana.it\/it\/prato-disegna-il-suo-futuro-con-i-fondi-pnrr-quasi-200milioni-di-euro-per-76-progetti\/#primaryimage\"},\"image\":{\"@id\":\"https:\/\/www.intoscana.it\/it\/prato-disegna-il-suo-futuro-con-i-fondi-pnrr-quasi-200milioni-di-euro-per-76-progetti\/#primaryimage\"},\"thumbnailUrl\":\"https:\/\/www.intoscana.it\/wp-content\/uploads\/desserts-prato-prato-duomo_wp5_16216.jpg\",\"datePublished\":\"2023-03-06T15:28:57+00:00\",\"dateModified\":\"2023-03-06T16:11:56+00:00\",\"author\":{\"@id\":\"https:\/\/www.intoscana.it\/it\/#\/schema\/person\/9223810753230f20bd670fdd322661f8\"},\"description\":\"Transizione ecologica e digitale, poi cultura e mobilit\u00e0 sostenibile: nei prossimi mesi la citt\u00e0 sar\u00e0 interessata da importanti interventi. Il punto dei lavori\",\"breadcrumb\":{\"@id\":\"https:\/\/www.intoscana.it\/it\/prato-disegna-il-suo-futuro-con-i-fondi-pnrr-quasi-200milioni-di-euro-per-76-progetti\/#breadcrumb\"},\"inLanguage\":\"it-IT\",\"potentialAction\":[{\"@type\":\"ReadAction\",\"target\":[\"https:\/\/www.intoscana.it\/it\/prato-disegna-il-suo-futuro-con-i-fondi-pnrr-quasi-200milioni-di-euro-per-76-progetti\/\"]}]},{\"@type\":\"ImageObject\",\"inLanguage\":\"it-IT\",\"@id\":\"https:\/\/www.intoscana.it\/it\/prato-disegna-il-suo-futuro-con-i-fondi-pnrr-quasi-200milioni-di-euro-per-76-progetti\/#primaryimage\",\"url\":\"https:\/\/www.intoscana.it\/wp-content\/uploads\/desserts-prato-prato-duomo_wp5_16216.jpg\",\"contentUrl\":\"https:\/\/www.intoscana.it\/wp-content\/uploads\/desserts-prato-prato-duomo_wp5_16216.jpg\",\"width\":1000,\"height\":667,\"caption\":\"I colori del viaggio, il punto a Prato sul tour di Officine d'identit\u00e0 promosso da Regione e Anci.\"},{\"@type\":\"BreadcrumbList\",\"@id\":\"https:\/\/www.intoscana.it\/it\/prato-disegna-il-suo-futuro-con-i-fondi-pnrr-quasi-200milioni-di-euro-per-76-progetti\/#breadcrumb\",\"itemListElement\":[{\"@type\":\"ListItem\",\"position\":1,\"name\":\"Home\",\"item\":\"https:\/\/www.intoscana.it\/it\/\"},{\"@type\":\"ListItem\",\"position\":2,\"name\":\"Prato disegna il suo futuro con i fondi Pnrr: quasi 200milioni di euro per 76 progetti\"}]},{\"@type\":\"WebSite\",\"@id\":\"https:\/\/www.intoscana.it\/it\/#website\",\"url\":\"https:\/\/www.intoscana.it\/it\/\",\"name\":\"intoscana\",\"description\":\"\",\"potentialAction\":[{\"@type\":\"SearchAction\",\"target\":{\"@type\":\"EntryPoint\",\"urlTemplate\":\"https:\/\/www.intoscana.it\/it\/?s={search_term_string}\"},\"query-input\":{\"@type\":\"PropertyValueSpecification\",\"valueRequired\":true,\"valueName\":\"search_term_string\"}}],\"inLanguage\":\"it-IT\"},{\"@type\":\"Person\",\"@id\":\"https:\/\/www.intoscana.it\/it\/#\/schema\/person\/9223810753230f20bd670fdd322661f8\",\"name\":\"Redazione\",\"url\":\"https:\/\/www.intoscana.it\/it\/author\/redazione\/\"}]}<\/script>\n<!-- \/ Yoast SEO Premium plugin. -->","yoast_head_json":{"title":"Prato disegna il suo futuro con i fondi Pnrr: quasi 200milioni di euro per 76 progetti - intoscana","description":"Transizione ecologica e digitale, poi cultura e mobilit\u00e0 sostenibile: nei prossimi mesi la citt\u00e0 sar\u00e0 interessata da importanti interventi. Il punto dei lavori","robots":{"index":"index","follow":"follow","max-snippet":"max-snippet:-1","max-image-preview":"max-image-preview:large","max-video-preview":"max-video-preview:-1"},"canonical":"https:\/\/www.intoscana.it\/it\/prato-disegna-il-suo-futuro-con-i-fondi-pnrr-quasi-200milioni-di-euro-per-76-progetti\/","og_locale":"it_IT","og_type":"article","og_title":"Prato disegna il suo futuro con i fondi Pnrr: quasi 200milioni di euro per 76 progetti","og_description":"Transizione ecologica e digitale, poi cultura e mobilit\u00e0 sostenibile: nei prossimi mesi la citt\u00e0 sar\u00e0 interessata da importanti interventi. Il punto dei lavori","og_url":"https:\/\/www.intoscana.it\/it\/prato-disegna-il-suo-futuro-con-i-fondi-pnrr-quasi-200milioni-di-euro-per-76-progetti\/","og_site_name":"intoscana","article_publisher":"https:\/\/www.facebook.com\/intoscana.it","article_published_time":"2023-03-06T15:28:57+00:00","article_modified_time":"2023-03-06T16:11:56+00:00","og_image":[{"width":1000,"height":667,"url":"https:\/\/www.intoscana.it\/wp-content\/uploads\/desserts-prato-prato-duomo_wp5_16216.jpg","type":"image\/jpeg"}],"author":"Redazione","twitter_card":"summary_large_image","twitter_creator":"@intoscana","twitter_site":"@intoscana","twitter_misc":{"Written by":"Redazione","Est. reading time":"6 minuti"},"schema":{"@context":"https:\/\/schema.org","@graph":[{"@type":"WebPage","@id":"https:\/\/www.intoscana.it\/it\/prato-disegna-il-suo-futuro-con-i-fondi-pnrr-quasi-200milioni-di-euro-per-76-progetti\/","url":"https:\/\/www.intoscana.it\/it\/prato-disegna-il-suo-futuro-con-i-fondi-pnrr-quasi-200milioni-di-euro-per-76-progetti\/","name":"Prato disegna il suo futuro con i fondi Pnrr: quasi 200milioni di euro per 76 progetti - intoscana","isPartOf":{"@id":"https:\/\/www.intoscana.it\/it\/#website"},"primaryImageOfPage":{"@id":"https:\/\/www.intoscana.it\/it\/prato-disegna-il-suo-futuro-con-i-fondi-pnrr-quasi-200milioni-di-euro-per-76-progetti\/#primaryimage"},"image":{"@id":"https:\/\/www.intoscana.it\/it\/prato-disegna-il-suo-futuro-con-i-fondi-pnrr-quasi-200milioni-di-euro-per-76-progetti\/#primaryimage"},"thumbnailUrl":"https:\/\/www.intoscana.it\/wp-content\/uploads\/desserts-prato-prato-duomo_wp5_16216.jpg","datePublished":"2023-03-06T15:28:57+00:00","dateModified":"2023-03-06T16:11:56+00:00","author":{"@id":"https:\/\/www.intoscana.it\/it\/#\/schema\/person\/9223810753230f20bd670fdd322661f8"},"description":"Transizione ecologica e digitale, poi cultura e mobilit\u00e0 sostenibile: nei prossimi mesi la citt\u00e0 sar\u00e0 interessata da importanti interventi. Il punto dei lavori","breadcrumb":{"@id":"https:\/\/www.intoscana.it\/it\/prato-disegna-il-suo-futuro-con-i-fondi-pnrr-quasi-200milioni-di-euro-per-76-progetti\/#breadcrumb"},"inLanguage":"it-IT","potentialAction":[{"@type":"ReadAction","target":["https:\/\/www.intoscana.it\/it\/prato-disegna-il-suo-futuro-con-i-fondi-pnrr-quasi-200milioni-di-euro-per-76-progetti\/"]}]},{"@type":"ImageObject","inLanguage":"it-IT","@id":"https:\/\/www.intoscana.it\/it\/prato-disegna-il-suo-futuro-con-i-fondi-pnrr-quasi-200milioni-di-euro-per-76-progetti\/#primaryimage","url":"https:\/\/www.intoscana.it\/wp-content\/uploads\/desserts-prato-prato-duomo_wp5_16216.jpg","contentUrl":"https:\/\/www.intoscana.it\/wp-content\/uploads\/desserts-prato-prato-duomo_wp5_16216.jpg","width":1000,"height":667,"caption":"I colori del viaggio, il punto a Prato sul tour di Officine d'identit\u00e0 promosso da Regione e Anci."},{"@type":"BreadcrumbList","@id":"https:\/\/www.intoscana.it\/it\/prato-disegna-il-suo-futuro-con-i-fondi-pnrr-quasi-200milioni-di-euro-per-76-progetti\/#breadcrumb","itemListElement":[{"@type":"ListItem","position":1,"name":"Home","item":"https:\/\/www.intoscana.it\/it\/"},{"@type":"ListItem","position":2,"name":"Prato disegna il suo futuro con i fondi Pnrr: quasi 200milioni di euro per 76 progetti"}]},{"@type":"WebSite","@id":"https:\/\/www.intoscana.it\/it\/#website","url":"https:\/\/www.intoscana.it\/it\/","name":"intoscana","description":"","potentialAction":[{"@type":"SearchAction","target":{"@type":"EntryPoint","urlTemplate":"https:\/\/www.intoscana.it\/it\/?s={search_term_string}"},"query-input":{"@type":"PropertyValueSpecification","valueRequired":true,"valueName":"search_term_string"}}],"inLanguage":"it-IT"},{"@type":"Person","@id":"https:\/\/www.intoscana.it\/it\/#\/schema\/person\/9223810753230f20bd670fdd322661f8","name":"Redazione","url":"https:\/\/www.intoscana.it\/it\/author\/redazione\/"}]}},"_links":{"self":[{"href":"https:\/\/www.intoscana.it\/it\/wp-json\/wp\/v2\/posts\/275481","targetHints":{"allow":["GET"]}}],"collection":[{"href":"https:\/\/www.intoscana.it\/it\/wp-json\/wp\/v2\/posts"}],"about":[{"href":"https:\/\/www.intoscana.it\/it\/wp-json\/wp\/v2\/types\/post"}],"author":[{"embeddable":true,"href":"https:\/\/www.intoscana.it\/it\/wp-json\/wp\/v2\/users\/525"}],"replies":[{"embeddable":true,"href":"https:\/\/www.intoscana.it\/it\/wp-json\/wp\/v2\/comments?post=275481"}],"version-history":[{"count":0,"href":"https:\/\/www.intoscana.it\/it\/wp-json\/wp\/v2\/posts\/275481\/revisions"}],"wp:featuredmedia":[{"embeddable":true,"href":"https:\/\/www.intoscana.it\/it\/wp-json\/wp\/v2\/media\/105019"}],"wp:attachment":[{"href":"https:\/\/www.intoscana.it\/it\/wp-json\/wp\/v2\/media?parent=275481"}],"wp:term":[{"taxonomy":"category","embeddable":true,"href":"https:\/\/www.intoscana.it\/it\/wp-json\/wp\/v2\/categories?post=275481"},{"taxonomy":"post_tag","embeddable":true,"href":"https:\/\/www.intoscana.it\/it\/wp-json\/wp\/v2\/tags?post=275481"}],"curies":[{"name":"wp","href":"https:\/\/api.w.org\/{rel}","templated":true}]}}