{"id":275573,"date":"2023-03-07T09:58:19","date_gmt":"2023-03-07T08:58:19","guid":{"rendered":"https:\/\/www.intoscana.it\/it\/?p=275573"},"modified":"2023-03-08T10:34:02","modified_gmt":"2023-03-08T09:34:02","slug":"covid-19-326-nuovi-casi","status":"publish","type":"post","link":"https:\/\/www.intoscana.it\/it\/covid-19-326-nuovi-casi\/","title":{"rendered":"Covid-19: 326 nuovi casi e otto decessi in Toscana"},"content":{"rendered":"<p>Sono 326 i <strong>nuovi casi<\/strong> di Covid-19 registrati nelle ultime ventiquattro ore in Toscana: 65 sono stati confermati con tampone molecolare e gli altri 261 con test rapido. Il numero dei contagiati rilevati nella regione dall&#8217;inizio della pandemia sale dunque a 1.590.869. I nuovi casi sono lo 0,02% in pi\u00f9 rispetto al totale del giorno precedente. I guariti crescono dello 0,02% (255 persone) e raggiungono quota 1.571.156 (98,8% dei casi totali).<\/p>\n<p>La lista dei decessi si aggiorna con <strong>8 nuovi decessi<\/strong>: 6 uomini e 2 donne con un&#8217;et\u00e0 media di 82,5 anni.<\/p>\n<p>Al momento in Toscana risultano pertanto<strong> 8.121 positivi<\/strong>, +0,8% rispetto a ieri. Di questi 178 (15 in pi\u00f9 rispetto a ieri) sono ricoverati in ospedale: 10 (1 in pi\u00f9) si trovano in terapia intensiva. Dall&#8217;ultimo bollettino quotidiano sono stati eseguiti 460 tamponi molecolari e 3.818<strong> tamponi<\/strong> antigenici rapidi: di questi il 7,6% \u00e8 risultato positivo. Sono invece 579 i soggetti testati, escludendo i tamponi di controllo: il 56,3% di questi \u00e8 risultato positivo.<\/p>\n<p>I dati, relativi all&#8217;andamento della pandemia, sono quelli accertati oggi sulla base delle richieste della Protezione civile nazionale.<\/p>\n<h3>L&#8217;andamento dei casi per provincia<\/h3>\n<p>Con gli ultimi casi salgono a <strong>425.772 i positivi<\/strong> dall&#8217;inizio dell&#8217;emergenza nei comuni della Citt\u00e0 metropolitana di Firenze (100 in pi\u00f9 rispetto a ieri), 103.648 in provincia di Prato (21 in pi\u00f9), 123.427 a Pistoia (11 in pi\u00f9), 83.437 a Massa Carrara (12 in pi\u00f9), 173.404 a Lucca (44 in pi\u00f9), 186.342 a Pisa (33 in pi\u00f9), 146.911 a Livorno (19 in pi\u00f9), 143.645 ad Arezzo (19 in pi\u00f9), 113.809 a Siena (40 in pi\u00f9) e 89.175 a Grosseto (27 in pi\u00f9). A questi vanno aggiunti 569 casi di positivit\u00e0 notificati in Toscana ma che riguardano residenti in altre regioni.<\/p>\n<p>La Toscana ha circa 43.429 casi complessivi ogni 100.000 abitanti dall&#8217;inizio della pandemia (tra residenti e non residenti). Al momento la provincia di notifica con il tasso pi\u00f9 alto \u00e9 Lucca (con 45.339 casi ogni 100 mila abitanti), seguita da Livorno (44.891) e Pisa (44.682). La pi\u00f9 bassa concentrazione si riscontra a Prato (con un tasso di 40.154).<\/p>\n<p>In 7.943 sono in<strong> isolamento a casa<\/strong>, perch\u00e9 presentano sintomi lievi che non richiedono cure ospedaliere o risultano prive di sintomi (48 in pi\u00f9 rispetto a ieri, pi\u00f9 0,6%).<\/p>\n<p>I 1.571.156 guariti registrati a oggi lo sono a tutti gli effetti, da un punto di vista virale, certificati con tampone negativo.<\/p>\n<h3>Otto nuovi decessi: et\u00e0 media 82,5 anni<\/h3>\n<p>La lista dei decessi si aggiorna con 8 nuovi decessi: 6 uomini e 2 donne con un&#8217;et\u00e0 media di <strong>82,5 anni.<\/strong> Relativamente alla provincia di residenza, le persone decedute sono: 1 a Firenze, 3 a Livorno, 1 a Arezzo, 1 a Siena, 2 a Grosseto.<\/p>\n<p>Sono <strong>11.592 i deceduti<\/strong> dall&#8217;inizio dell&#8217;epidemia: 3.678 nella Citt\u00e0 metropolitana di Firenze, 944 in provincia di Prato, 1.038 a Pistoia, 716 a Massa Carrara, 1.067 a Lucca, 1.290 a Pisa, 870 a Livorno, 748 ad Arezzo, 649 a Siena, 423 a Grosseto. Vanno aggiunte 169 persone decedute sul suolo toscano ma erano residenti fuori regione.<\/p>\n<p>Il tasso grezzo di mortalit\u00e0 per Covid-19 (numero di deceduti\/popolazione residente) \u00e8 al momento 316,4 ogni 100 mila residenti. Per quanto riguarda le province, il tasso di mortalit\u00e0 pi\u00f9 alto si riscontra a Massa Carrara (379,9 ogni 100 mila abitanti), seguita da Firenze (372,5 x100.000) e Prato (365,7 x100.000), mentre il pi\u00f9 basso \u00e8 a Grosseto (194,9 x100.000).<\/p>\n<p>&nbsp;<\/p>\n<p>&nbsp;<\/p>\n","protected":false},"excerpt":{"rendered":"<p>Sono 178 (15 in pi\u00f9 rispetto a ieri) le persone ricoverate in ospedale, mentre in 7.943 sono in isolamento a casa con sintomi lievi o asintomatici<\/p>\n","protected":false},"author":525,"featured_media":260000,"comment_status":"open","ping_status":"open","sticky":false,"template":"","format":"standard","meta":{"_acf_changed":false,"footnotes":""},"categories":[494],"tags":[4868,418],"class_list":["post-275573","post","type-post","status-publish","format-standard","has-post-thumbnail","hentry","category-attualita","tag-bollettino-covid-toscana","tag-covid-19"],"acf":[],"yoast_head":"<!-- This site is optimized with the Yoast SEO Premium plugin v24.2 (Yoast SEO v25.6) - https:\/\/yoast.com\/wordpress\/plugins\/seo\/ -->\n<title>Covid-19: 326 nuovi casi e otto decessi in Toscana - intoscana<\/title>\n<meta name=\"description\" content=\"Sono 326 i nuovi casi di Covid-19 oggi in Toscana, si registrano anche otto nuovi decessi con et\u00e0 media 82,5 anni.\" \/>\n<meta name=\"robots\" content=\"index, follow, max-snippet:-1, max-image-preview:large, max-video-preview:-1\" \/>\n<link rel=\"canonical\" href=\"https:\/\/www.intoscana.it\/it\/covid-19-326-nuovi-casi\/\" \/>\n<meta property=\"og:locale\" content=\"it_IT\" \/>\n<meta property=\"og:type\" content=\"article\" \/>\n<meta property=\"og:title\" content=\"Covid-19: 326 nuovi casi e otto decessi in Toscana\" \/>\n<meta property=\"og:description\" content=\"Sono 326 i nuovi casi di Covid-19 oggi in Toscana, si registrano anche otto nuovi decessi con et\u00e0 media 82,5 anni.\" \/>\n<meta property=\"og:url\" content=\"https:\/\/www.intoscana.it\/it\/covid-19-326-nuovi-casi\/\" \/>\n<meta property=\"og:site_name\" content=\"intoscana\" \/>\n<meta property=\"article:publisher\" content=\"https:\/\/www.facebook.com\/intoscana.it\" \/>\n<meta property=\"article:published_time\" content=\"2023-03-07T08:58:19+00:00\" \/>\n<meta property=\"article:modified_time\" content=\"2023-03-08T09:34:02+00:00\" \/>\n<meta property=\"og:image\" content=\"https:\/\/www.intoscana.it\/wp-content\/uploads\/antigen-6939138_1920.jpg\" \/>\n\t<meta property=\"og:image:width\" content=\"1920\" \/>\n\t<meta property=\"og:image:height\" content=\"1081\" \/>\n\t<meta property=\"og:image:type\" content=\"image\/jpeg\" \/>\n<meta name=\"author\" content=\"Redazione\" \/>\n<meta name=\"twitter:card\" content=\"summary_large_image\" \/>\n<meta name=\"twitter:creator\" content=\"@intoscana\" \/>\n<meta name=\"twitter:site\" content=\"@intoscana\" \/>\n<meta name=\"twitter:label1\" content=\"Written by\" \/>\n\t<meta name=\"twitter:data1\" content=\"Redazione\" \/>\n\t<meta name=\"twitter:label2\" content=\"Est. reading time\" \/>\n\t<meta name=\"twitter:data2\" content=\"2 minuti\" \/>\n<script type=\"application\/ld+json\" class=\"yoast-schema-graph\">{\"@context\":\"https:\/\/schema.org\",\"@graph\":[{\"@type\":\"WebPage\",\"@id\":\"https:\/\/www.intoscana.it\/it\/covid-19-326-nuovi-casi\/\",\"url\":\"https:\/\/www.intoscana.it\/it\/covid-19-326-nuovi-casi\/\",\"name\":\"Covid-19: 326 nuovi casi e otto decessi in Toscana - intoscana\",\"isPartOf\":{\"@id\":\"https:\/\/www.intoscana.it\/it\/#website\"},\"primaryImageOfPage\":{\"@id\":\"https:\/\/www.intoscana.it\/it\/covid-19-326-nuovi-casi\/#primaryimage\"},\"image\":{\"@id\":\"https:\/\/www.intoscana.it\/it\/covid-19-326-nuovi-casi\/#primaryimage\"},\"thumbnailUrl\":\"https:\/\/www.intoscana.it\/wp-content\/uploads\/antigen-6939138_1920.jpg\",\"datePublished\":\"2023-03-07T08:58:19+00:00\",\"dateModified\":\"2023-03-08T09:34:02+00:00\",\"author\":{\"@id\":\"https:\/\/www.intoscana.it\/it\/#\/schema\/person\/9223810753230f20bd670fdd322661f8\"},\"description\":\"Sono 326 i nuovi casi di Covid-19 oggi in Toscana, si registrano anche otto nuovi decessi con et\u00e0 media 82,5 anni.\",\"breadcrumb\":{\"@id\":\"https:\/\/www.intoscana.it\/it\/covid-19-326-nuovi-casi\/#breadcrumb\"},\"inLanguage\":\"it-IT\",\"potentialAction\":[{\"@type\":\"ReadAction\",\"target\":[\"https:\/\/www.intoscana.it\/it\/covid-19-326-nuovi-casi\/\"]}]},{\"@type\":\"ImageObject\",\"inLanguage\":\"it-IT\",\"@id\":\"https:\/\/www.intoscana.it\/it\/covid-19-326-nuovi-casi\/#primaryimage\",\"url\":\"https:\/\/www.intoscana.it\/wp-content\/uploads\/antigen-6939138_1920.jpg\",\"contentUrl\":\"https:\/\/www.intoscana.it\/wp-content\/uploads\/antigen-6939138_1920.jpg\",\"width\":1920,\"height\":1081,\"caption\":\"Un test rapido per il Covid-19\"},{\"@type\":\"BreadcrumbList\",\"@id\":\"https:\/\/www.intoscana.it\/it\/covid-19-326-nuovi-casi\/#breadcrumb\",\"itemListElement\":[{\"@type\":\"ListItem\",\"position\":1,\"name\":\"Home\",\"item\":\"https:\/\/www.intoscana.it\/it\/\"},{\"@type\":\"ListItem\",\"position\":2,\"name\":\"Covid-19: 326 nuovi casi e otto decessi in Toscana\"}]},{\"@type\":\"WebSite\",\"@id\":\"https:\/\/www.intoscana.it\/it\/#website\",\"url\":\"https:\/\/www.intoscana.it\/it\/\",\"name\":\"intoscana\",\"description\":\"\",\"potentialAction\":[{\"@type\":\"SearchAction\",\"target\":{\"@type\":\"EntryPoint\",\"urlTemplate\":\"https:\/\/www.intoscana.it\/it\/?s={search_term_string}\"},\"query-input\":{\"@type\":\"PropertyValueSpecification\",\"valueRequired\":true,\"valueName\":\"search_term_string\"}}],\"inLanguage\":\"it-IT\"},{\"@type\":\"Person\",\"@id\":\"https:\/\/www.intoscana.it\/it\/#\/schema\/person\/9223810753230f20bd670fdd322661f8\",\"name\":\"Redazione\",\"url\":\"https:\/\/www.intoscana.it\/it\/author\/redazione\/\"}]}<\/script>\n<!-- \/ Yoast SEO Premium plugin. -->","yoast_head_json":{"title":"Covid-19: 326 nuovi casi e otto decessi in Toscana - intoscana","description":"Sono 326 i nuovi casi di Covid-19 oggi in Toscana, si registrano anche otto nuovi decessi con et\u00e0 media 82,5 anni.","robots":{"index":"index","follow":"follow","max-snippet":"max-snippet:-1","max-image-preview":"max-image-preview:large","max-video-preview":"max-video-preview:-1"},"canonical":"https:\/\/www.intoscana.it\/it\/covid-19-326-nuovi-casi\/","og_locale":"it_IT","og_type":"article","og_title":"Covid-19: 326 nuovi casi e otto decessi in Toscana","og_description":"Sono 326 i nuovi casi di Covid-19 oggi in Toscana, si registrano anche otto nuovi decessi con et\u00e0 media 82,5 anni.","og_url":"https:\/\/www.intoscana.it\/it\/covid-19-326-nuovi-casi\/","og_site_name":"intoscana","article_publisher":"https:\/\/www.facebook.com\/intoscana.it","article_published_time":"2023-03-07T08:58:19+00:00","article_modified_time":"2023-03-08T09:34:02+00:00","og_image":[{"width":1920,"height":1081,"url":"https:\/\/www.intoscana.it\/wp-content\/uploads\/antigen-6939138_1920.jpg","type":"image\/jpeg"}],"author":"Redazione","twitter_card":"summary_large_image","twitter_creator":"@intoscana","twitter_site":"@intoscana","twitter_misc":{"Written by":"Redazione","Est. reading time":"2 minuti"},"schema":{"@context":"https:\/\/schema.org","@graph":[{"@type":"WebPage","@id":"https:\/\/www.intoscana.it\/it\/covid-19-326-nuovi-casi\/","url":"https:\/\/www.intoscana.it\/it\/covid-19-326-nuovi-casi\/","name":"Covid-19: 326 nuovi casi e otto decessi in Toscana - intoscana","isPartOf":{"@id":"https:\/\/www.intoscana.it\/it\/#website"},"primaryImageOfPage":{"@id":"https:\/\/www.intoscana.it\/it\/covid-19-326-nuovi-casi\/#primaryimage"},"image":{"@id":"https:\/\/www.intoscana.it\/it\/covid-19-326-nuovi-casi\/#primaryimage"},"thumbnailUrl":"https:\/\/www.intoscana.it\/wp-content\/uploads\/antigen-6939138_1920.jpg","datePublished":"2023-03-07T08:58:19+00:00","dateModified":"2023-03-08T09:34:02+00:00","author":{"@id":"https:\/\/www.intoscana.it\/it\/#\/schema\/person\/9223810753230f20bd670fdd322661f8"},"description":"Sono 326 i nuovi casi di Covid-19 oggi in Toscana, si registrano anche otto nuovi decessi con et\u00e0 media 82,5 anni.","breadcrumb":{"@id":"https:\/\/www.intoscana.it\/it\/covid-19-326-nuovi-casi\/#breadcrumb"},"inLanguage":"it-IT","potentialAction":[{"@type":"ReadAction","target":["https:\/\/www.intoscana.it\/it\/covid-19-326-nuovi-casi\/"]}]},{"@type":"ImageObject","inLanguage":"it-IT","@id":"https:\/\/www.intoscana.it\/it\/covid-19-326-nuovi-casi\/#primaryimage","url":"https:\/\/www.intoscana.it\/wp-content\/uploads\/antigen-6939138_1920.jpg","contentUrl":"https:\/\/www.intoscana.it\/wp-content\/uploads\/antigen-6939138_1920.jpg","width":1920,"height":1081,"caption":"Un test rapido per il Covid-19"},{"@type":"BreadcrumbList","@id":"https:\/\/www.intoscana.it\/it\/covid-19-326-nuovi-casi\/#breadcrumb","itemListElement":[{"@type":"ListItem","position":1,"name":"Home","item":"https:\/\/www.intoscana.it\/it\/"},{"@type":"ListItem","position":2,"name":"Covid-19: 326 nuovi casi e otto decessi in Toscana"}]},{"@type":"WebSite","@id":"https:\/\/www.intoscana.it\/it\/#website","url":"https:\/\/www.intoscana.it\/it\/","name":"intoscana","description":"","potentialAction":[{"@type":"SearchAction","target":{"@type":"EntryPoint","urlTemplate":"https:\/\/www.intoscana.it\/it\/?s={search_term_string}"},"query-input":{"@type":"PropertyValueSpecification","valueRequired":true,"valueName":"search_term_string"}}],"inLanguage":"it-IT"},{"@type":"Person","@id":"https:\/\/www.intoscana.it\/it\/#\/schema\/person\/9223810753230f20bd670fdd322661f8","name":"Redazione","url":"https:\/\/www.intoscana.it\/it\/author\/redazione\/"}]}},"_links":{"self":[{"href":"https:\/\/www.intoscana.it\/it\/wp-json\/wp\/v2\/posts\/275573","targetHints":{"allow":["GET"]}}],"collection":[{"href":"https:\/\/www.intoscana.it\/it\/wp-json\/wp\/v2\/posts"}],"about":[{"href":"https:\/\/www.intoscana.it\/it\/wp-json\/wp\/v2\/types\/post"}],"author":[{"embeddable":true,"href":"https:\/\/www.intoscana.it\/it\/wp-json\/wp\/v2\/users\/525"}],"replies":[{"embeddable":true,"href":"https:\/\/www.intoscana.it\/it\/wp-json\/wp\/v2\/comments?post=275573"}],"version-history":[{"count":0,"href":"https:\/\/www.intoscana.it\/it\/wp-json\/wp\/v2\/posts\/275573\/revisions"}],"wp:featuredmedia":[{"embeddable":true,"href":"https:\/\/www.intoscana.it\/it\/wp-json\/wp\/v2\/media\/260000"}],"wp:attachment":[{"href":"https:\/\/www.intoscana.it\/it\/wp-json\/wp\/v2\/media?parent=275573"}],"wp:term":[{"taxonomy":"category","embeddable":true,"href":"https:\/\/www.intoscana.it\/it\/wp-json\/wp\/v2\/categories?post=275573"},{"taxonomy":"post_tag","embeddable":true,"href":"https:\/\/www.intoscana.it\/it\/wp-json\/wp\/v2\/tags?post=275573"}],"curies":[{"name":"wp","href":"https:\/\/api.w.org\/{rel}","templated":true}]}}