{"id":275598,"date":"2023-03-07T11:13:53","date_gmt":"2023-03-07T10:13:53","guid":{"rendered":"https:\/\/www.intoscana.it\/it\/?p=275598"},"modified":"2023-03-07T11:15:34","modified_gmt":"2023-03-07T10:15:34","slug":"davanti-le-quinte-la-street-art-al-femminile-in-mostra-a-barberino-di-mugello","status":"publish","type":"post","link":"https:\/\/www.intoscana.it\/it\/davanti-le-quinte-la-street-art-al-femminile-in-mostra-a-barberino-di-mugello\/","title":{"rendered":"&#8220;Davanti le quinte&#8221; la street art al femminile in mostra a Barberino di Mugello"},"content":{"rendered":"<p>Intrecci di donne, intrecci di visioni sul mondo, intrecci di stili e di messaggi. Nel foyer del <strong>Teatro Corsini a Barberino di Mugello alle porte di Firenze<\/strong> una mostra ci racconta <strong>le donne e le loro visioni.<\/strong><\/p>\n<p><strong>Tredici donne di varie et\u00e0, di varie citt\u00e0, con vissuti diversi,<\/strong> alcune artiste emergenti, altre utilizzano tecniche pi\u00f9 tradizionali, altre ancora sono diventate famose per i loro messaggi che hanno lasciato sui muri.<\/p>\n<p>Tutte attraverso la loro arte si fanno carico dei<strong> diritti al femminile,<\/strong> sottolineando l\u2019attenzione che talvolta viene meno su questo universo.<\/p>\n<p><strong>Mercoled\u00ec 8 marzo<\/strong>, nella <a href=\"https:\/\/www.intoscana.it\/it\/articolo\/giornata-internazionale-dei-diritti-della-donna-mostre-incontri-libri-spettacoli-teatrali\/\" target=\"_blank\" rel=\"noopener\"><strong>Giornata internazionale per i diritti delle donne,<\/strong><\/a>\u00a0 si inaugura la mostra collettiva<em><strong> \u201cDavanti le quinte. L\u2019arte e la street art al femminile in TEATRO\u201d,<\/strong> <\/em>ore 18 (ingresso libero).<\/p>\n<figure id=\"post-275377 media-275377\" class=\"align-none\"><img decoding=\"async\" src=\"https:\/\/www.intoscana.it\/wp-content\/uploads\/MarionettSKA_sono_solo_mia-dettaglio.jpeg\" alt=\"\" \/><\/figure>\n<h3>Le artiste in mostra<\/h3>\n<p>In mostra\u00a0<strong><a href=\"https:\/\/www.intoscana.it\/it\/articolo\/le-superdonne-di-lediesis-ecco-la-mappa-per-trovarle-tutte\/\" target=\"_blank\" rel=\"noopener\">LeDiesis<\/a>,<\/strong> la coppia artistica che ha scelto di rendere omaggio alle <strong>Superwomen<\/strong> del nostro tempo,\u00a0<strong>Laika la street artist romana<\/strong> definita la \u201c<strong>Banksy italiana\u201d,<\/strong> protagonista del documentario <em><strong>\u201cLife is (not) a game\u201d<\/strong><\/em> di Antonio Valerio Spera, Nastro d\u2019Argento 2023, che porter\u00e0 in mostra la sua opera <em><strong>Es Ley!<\/strong> <\/em>(2020) realizzata per celebrare la legalizzazione dell&#8217;aborto in Argentina.<\/p>\n<p><strong>Miss Quark<\/strong>, nota per i paste up che raffigurano le scarpette rosse, simbolo della lotta contro la violenza sulle donne, <strong>ZeldaBomba<\/strong>, pittrice e disegnatrice francese, che nei suoi lavori esplora temi relativi all&#8217;identit\u00e0 e all&#8217;espressione in stile pop art, ispirato alle controculture, alla pittura rinascimentale e alla fotografia di moda.<\/p>\n<p>E ancora:<strong> C_ska<\/strong>, l\u2019artista fiorentina dove il cuore ha un ruolo centrale nelle sue opere, filtro attraverso cui vedere il mondo e porre l\u2019attenzione sul ruolo che hanno da sempre rivestito le donne: madri, rivoluzionarie, resilienti, sorelle, protettrici.<\/p>\n<p>La fiorentina<strong> JD Blackcap<\/strong> con i suoi nuovi lavori, dove il disegno si fonde a parole simboliche quali<em><strong> \u201csorellanza\u201d, \u201clibert\u00e0\u201d, \u201cbella ciao\u201d.<\/strong><\/em> Le grafiche digitali di<strong> Daria Derakhshan<\/strong> sulle icone del teatro e del cinema, la croata <strong>Elastichna, in arte \u017d.F.L.,<\/strong> e i collage della romana <strong>Streetartee.<\/strong><\/p>\n<p>I lavori delle <strong>artiste mugellane<\/strong>: le giovanissime <strong>Mila Biagioni,<\/strong> con i suoi contrasti di colore che disegnano figure e corpi di donne,\u00a0<strong>Giulia Cerbai,<\/strong> con le sue immagini e dipinti simbolici, <strong>Lia<\/strong> con i suoi personaggi fumettistici che ricordano le grafiche anni \u201950 e <strong>Roberta Bertini<\/strong> con i suoi tenui acquarelli per declinare la femminilit\u00e0 in tutte le sue sfumature.<\/p>\n<p>La mostra rimarr\u00e0 visitabile fino al 20 marzo nei seguenti orari: luned\u00ec 16-20, gioved\u00ec 16-19, sabato 10-13 e 20-23, domenica 16-22 (ingresso libero)<\/p>\n<figure id=\"post-275380 media-275380\" class=\"align-none\"><img decoding=\"async\" src=\"https:\/\/www.intoscana.it\/wp-content\/uploads\/ZeldaBomba.jpeg\" alt=\"\" \/><\/figure>\n<div class=\"titleimg\"><\/div>\n<p>&nbsp;<\/p>\n","protected":false},"excerpt":{"rendered":"<p>Dall&#8217;8 al 20 marzo al Teatro Corsini la mostra collettiva delle artiste C_ska, Daria Derakhshan, JD Blackcap, LeDiesis, Laika, Miss Quark, Streetartee, ZeldaBomba, \u017d.F.L., Mila Biagioni, Roberta Bertini, Giulia Cerbai, Lia<\/p>\n","protected":false},"author":525,"featured_media":275304,"comment_status":"open","ping_status":"open","sticky":false,"template":"","format":"standard","meta":{"_acf_changed":false,"footnotes":""},"categories":[493],"tags":[385,411,5676,222],"class_list":["post-275598","post","type-post","status-publish","format-standard","has-post-thumbnail","hentry","category-cultura","tag-8-marzo","tag-donne","tag-giornata-internazionale-della-donna","tag-mostre"],"acf":[],"yoast_head":"<!-- This site is optimized with the Yoast SEO Premium plugin v24.2 (Yoast SEO v25.6) - https:\/\/yoast.com\/wordpress\/plugins\/seo\/ -->\n<title>&quot;Davanti le quinte&quot; la street art al femminile in mostra a Barberino di Mugello - intoscana<\/title>\n<meta name=\"description\" content=\"Dall&#039;8 al 20 marzo al Teatro Corsini la mostra collettiva delle artiste C_ska, Daria Derakhshan, JD Blackcap, LeDiesis, Laika, Miss Quark\" \/>\n<meta name=\"robots\" content=\"index, follow, max-snippet:-1, max-image-preview:large, max-video-preview:-1\" \/>\n<link rel=\"canonical\" href=\"https:\/\/www.intoscana.it\/it\/davanti-le-quinte-la-street-art-al-femminile-in-mostra-a-barberino-di-mugello\/\" \/>\n<meta property=\"og:locale\" content=\"it_IT\" \/>\n<meta property=\"og:type\" content=\"article\" \/>\n<meta property=\"og:title\" content=\"&quot;Davanti le quinte&quot; la street art al femminile in mostra a Barberino di Mugello\" \/>\n<meta property=\"og:description\" content=\"Dall&#039;8 al 20 marzo al Teatro Corsini la mostra collettiva delle artiste C_ska, Daria Derakhshan, JD Blackcap, LeDiesis, Laika, Miss Quark\" \/>\n<meta property=\"og:url\" content=\"https:\/\/www.intoscana.it\/it\/davanti-le-quinte-la-street-art-al-femminile-in-mostra-a-barberino-di-mugello\/\" \/>\n<meta property=\"og:site_name\" content=\"intoscana\" \/>\n<meta property=\"article:publisher\" content=\"https:\/\/www.facebook.com\/intoscana.it\" \/>\n<meta property=\"article:published_time\" content=\"2023-03-07T10:13:53+00:00\" \/>\n<meta property=\"article:modified_time\" content=\"2023-03-07T10:15:34+00:00\" \/>\n<meta property=\"og:image\" content=\"https:\/\/www.intoscana.it\/wp-content\/uploads\/callas_LeDiesis.jpg\" \/>\n\t<meta property=\"og:image:width\" content=\"1125\" \/>\n\t<meta property=\"og:image:height\" content=\"1076\" \/>\n\t<meta property=\"og:image:type\" content=\"image\/jpeg\" \/>\n<meta name=\"author\" content=\"Redazione\" \/>\n<meta name=\"twitter:card\" content=\"summary_large_image\" \/>\n<meta name=\"twitter:creator\" content=\"@intoscana\" \/>\n<meta name=\"twitter:site\" content=\"@intoscana\" \/>\n<meta name=\"twitter:label1\" content=\"Written by\" \/>\n\t<meta name=\"twitter:data1\" content=\"Redazione\" \/>\n\t<meta name=\"twitter:label2\" content=\"Est. reading time\" \/>\n\t<meta name=\"twitter:data2\" content=\"2 minuti\" \/>\n<script type=\"application\/ld+json\" class=\"yoast-schema-graph\">{\"@context\":\"https:\/\/schema.org\",\"@graph\":[{\"@type\":\"WebPage\",\"@id\":\"https:\/\/www.intoscana.it\/it\/davanti-le-quinte-la-street-art-al-femminile-in-mostra-a-barberino-di-mugello\/\",\"url\":\"https:\/\/www.intoscana.it\/it\/davanti-le-quinte-la-street-art-al-femminile-in-mostra-a-barberino-di-mugello\/\",\"name\":\"\\\"Davanti le quinte\\\" la street art al femminile in mostra a Barberino di Mugello - intoscana\",\"isPartOf\":{\"@id\":\"https:\/\/www.intoscana.it\/it\/#website\"},\"primaryImageOfPage\":{\"@id\":\"https:\/\/www.intoscana.it\/it\/davanti-le-quinte-la-street-art-al-femminile-in-mostra-a-barberino-di-mugello\/#primaryimage\"},\"image\":{\"@id\":\"https:\/\/www.intoscana.it\/it\/davanti-le-quinte-la-street-art-al-femminile-in-mostra-a-barberino-di-mugello\/#primaryimage\"},\"thumbnailUrl\":\"https:\/\/www.intoscana.it\/wp-content\/uploads\/callas_LeDiesis.jpg\",\"datePublished\":\"2023-03-07T10:13:53+00:00\",\"dateModified\":\"2023-03-07T10:15:34+00:00\",\"author\":{\"@id\":\"https:\/\/www.intoscana.it\/it\/#\/schema\/person\/9223810753230f20bd670fdd322661f8\"},\"description\":\"Dall'8 al 20 marzo al Teatro Corsini la mostra collettiva delle artiste C_ska, Daria Derakhshan, JD Blackcap, LeDiesis, Laika, Miss Quark\",\"breadcrumb\":{\"@id\":\"https:\/\/www.intoscana.it\/it\/davanti-le-quinte-la-street-art-al-femminile-in-mostra-a-barberino-di-mugello\/#breadcrumb\"},\"inLanguage\":\"it-IT\",\"potentialAction\":[{\"@type\":\"ReadAction\",\"target\":[\"https:\/\/www.intoscana.it\/it\/davanti-le-quinte-la-street-art-al-femminile-in-mostra-a-barberino-di-mugello\/\"]}]},{\"@type\":\"ImageObject\",\"inLanguage\":\"it-IT\",\"@id\":\"https:\/\/www.intoscana.it\/it\/davanti-le-quinte-la-street-art-al-femminile-in-mostra-a-barberino-di-mugello\/#primaryimage\",\"url\":\"https:\/\/www.intoscana.it\/wp-content\/uploads\/callas_LeDiesis.jpg\",\"contentUrl\":\"https:\/\/www.intoscana.it\/wp-content\/uploads\/callas_LeDiesis.jpg\",\"width\":1125,\"height\":1076},{\"@type\":\"BreadcrumbList\",\"@id\":\"https:\/\/www.intoscana.it\/it\/davanti-le-quinte-la-street-art-al-femminile-in-mostra-a-barberino-di-mugello\/#breadcrumb\",\"itemListElement\":[{\"@type\":\"ListItem\",\"position\":1,\"name\":\"Home\",\"item\":\"https:\/\/www.intoscana.it\/it\/\"},{\"@type\":\"ListItem\",\"position\":2,\"name\":\"&#8220;Davanti le quinte&#8221; la street art al femminile in mostra a Barberino di Mugello\"}]},{\"@type\":\"WebSite\",\"@id\":\"https:\/\/www.intoscana.it\/it\/#website\",\"url\":\"https:\/\/www.intoscana.it\/it\/\",\"name\":\"intoscana\",\"description\":\"\",\"potentialAction\":[{\"@type\":\"SearchAction\",\"target\":{\"@type\":\"EntryPoint\",\"urlTemplate\":\"https:\/\/www.intoscana.it\/it\/?s={search_term_string}\"},\"query-input\":{\"@type\":\"PropertyValueSpecification\",\"valueRequired\":true,\"valueName\":\"search_term_string\"}}],\"inLanguage\":\"it-IT\"},{\"@type\":\"Person\",\"@id\":\"https:\/\/www.intoscana.it\/it\/#\/schema\/person\/9223810753230f20bd670fdd322661f8\",\"name\":\"Redazione\",\"url\":\"https:\/\/www.intoscana.it\/it\/author\/redazione\/\"}]}<\/script>\n<!-- \/ Yoast SEO Premium plugin. -->","yoast_head_json":{"title":"\"Davanti le quinte\" la street art al femminile in mostra a Barberino di Mugello - intoscana","description":"Dall'8 al 20 marzo al Teatro Corsini la mostra collettiva delle artiste C_ska, Daria Derakhshan, JD Blackcap, LeDiesis, Laika, Miss Quark","robots":{"index":"index","follow":"follow","max-snippet":"max-snippet:-1","max-image-preview":"max-image-preview:large","max-video-preview":"max-video-preview:-1"},"canonical":"https:\/\/www.intoscana.it\/it\/davanti-le-quinte-la-street-art-al-femminile-in-mostra-a-barberino-di-mugello\/","og_locale":"it_IT","og_type":"article","og_title":"\"Davanti le quinte\" la street art al femminile in mostra a Barberino di Mugello","og_description":"Dall'8 al 20 marzo al Teatro Corsini la mostra collettiva delle artiste C_ska, Daria Derakhshan, JD Blackcap, LeDiesis, Laika, Miss Quark","og_url":"https:\/\/www.intoscana.it\/it\/davanti-le-quinte-la-street-art-al-femminile-in-mostra-a-barberino-di-mugello\/","og_site_name":"intoscana","article_publisher":"https:\/\/www.facebook.com\/intoscana.it","article_published_time":"2023-03-07T10:13:53+00:00","article_modified_time":"2023-03-07T10:15:34+00:00","og_image":[{"width":1125,"height":1076,"url":"https:\/\/www.intoscana.it\/wp-content\/uploads\/callas_LeDiesis.jpg","type":"image\/jpeg"}],"author":"Redazione","twitter_card":"summary_large_image","twitter_creator":"@intoscana","twitter_site":"@intoscana","twitter_misc":{"Written by":"Redazione","Est. reading time":"2 minuti"},"schema":{"@context":"https:\/\/schema.org","@graph":[{"@type":"WebPage","@id":"https:\/\/www.intoscana.it\/it\/davanti-le-quinte-la-street-art-al-femminile-in-mostra-a-barberino-di-mugello\/","url":"https:\/\/www.intoscana.it\/it\/davanti-le-quinte-la-street-art-al-femminile-in-mostra-a-barberino-di-mugello\/","name":"\"Davanti le quinte\" la street art al femminile in mostra a Barberino di Mugello - intoscana","isPartOf":{"@id":"https:\/\/www.intoscana.it\/it\/#website"},"primaryImageOfPage":{"@id":"https:\/\/www.intoscana.it\/it\/davanti-le-quinte-la-street-art-al-femminile-in-mostra-a-barberino-di-mugello\/#primaryimage"},"image":{"@id":"https:\/\/www.intoscana.it\/it\/davanti-le-quinte-la-street-art-al-femminile-in-mostra-a-barberino-di-mugello\/#primaryimage"},"thumbnailUrl":"https:\/\/www.intoscana.it\/wp-content\/uploads\/callas_LeDiesis.jpg","datePublished":"2023-03-07T10:13:53+00:00","dateModified":"2023-03-07T10:15:34+00:00","author":{"@id":"https:\/\/www.intoscana.it\/it\/#\/schema\/person\/9223810753230f20bd670fdd322661f8"},"description":"Dall'8 al 20 marzo al Teatro Corsini la mostra collettiva delle artiste C_ska, Daria Derakhshan, JD Blackcap, LeDiesis, Laika, Miss Quark","breadcrumb":{"@id":"https:\/\/www.intoscana.it\/it\/davanti-le-quinte-la-street-art-al-femminile-in-mostra-a-barberino-di-mugello\/#breadcrumb"},"inLanguage":"it-IT","potentialAction":[{"@type":"ReadAction","target":["https:\/\/www.intoscana.it\/it\/davanti-le-quinte-la-street-art-al-femminile-in-mostra-a-barberino-di-mugello\/"]}]},{"@type":"ImageObject","inLanguage":"it-IT","@id":"https:\/\/www.intoscana.it\/it\/davanti-le-quinte-la-street-art-al-femminile-in-mostra-a-barberino-di-mugello\/#primaryimage","url":"https:\/\/www.intoscana.it\/wp-content\/uploads\/callas_LeDiesis.jpg","contentUrl":"https:\/\/www.intoscana.it\/wp-content\/uploads\/callas_LeDiesis.jpg","width":1125,"height":1076},{"@type":"BreadcrumbList","@id":"https:\/\/www.intoscana.it\/it\/davanti-le-quinte-la-street-art-al-femminile-in-mostra-a-barberino-di-mugello\/#breadcrumb","itemListElement":[{"@type":"ListItem","position":1,"name":"Home","item":"https:\/\/www.intoscana.it\/it\/"},{"@type":"ListItem","position":2,"name":"&#8220;Davanti le quinte&#8221; la street art al femminile in mostra a Barberino di Mugello"}]},{"@type":"WebSite","@id":"https:\/\/www.intoscana.it\/it\/#website","url":"https:\/\/www.intoscana.it\/it\/","name":"intoscana","description":"","potentialAction":[{"@type":"SearchAction","target":{"@type":"EntryPoint","urlTemplate":"https:\/\/www.intoscana.it\/it\/?s={search_term_string}"},"query-input":{"@type":"PropertyValueSpecification","valueRequired":true,"valueName":"search_term_string"}}],"inLanguage":"it-IT"},{"@type":"Person","@id":"https:\/\/www.intoscana.it\/it\/#\/schema\/person\/9223810753230f20bd670fdd322661f8","name":"Redazione","url":"https:\/\/www.intoscana.it\/it\/author\/redazione\/"}]}},"_links":{"self":[{"href":"https:\/\/www.intoscana.it\/it\/wp-json\/wp\/v2\/posts\/275598","targetHints":{"allow":["GET"]}}],"collection":[{"href":"https:\/\/www.intoscana.it\/it\/wp-json\/wp\/v2\/posts"}],"about":[{"href":"https:\/\/www.intoscana.it\/it\/wp-json\/wp\/v2\/types\/post"}],"author":[{"embeddable":true,"href":"https:\/\/www.intoscana.it\/it\/wp-json\/wp\/v2\/users\/525"}],"replies":[{"embeddable":true,"href":"https:\/\/www.intoscana.it\/it\/wp-json\/wp\/v2\/comments?post=275598"}],"version-history":[{"count":0,"href":"https:\/\/www.intoscana.it\/it\/wp-json\/wp\/v2\/posts\/275598\/revisions"}],"wp:featuredmedia":[{"embeddable":true,"href":"https:\/\/www.intoscana.it\/it\/wp-json\/wp\/v2\/media\/275304"}],"wp:attachment":[{"href":"https:\/\/www.intoscana.it\/it\/wp-json\/wp\/v2\/media?parent=275598"}],"wp:term":[{"taxonomy":"category","embeddable":true,"href":"https:\/\/www.intoscana.it\/it\/wp-json\/wp\/v2\/categories?post=275598"},{"taxonomy":"post_tag","embeddable":true,"href":"https:\/\/www.intoscana.it\/it\/wp-json\/wp\/v2\/tags?post=275598"}],"curies":[{"name":"wp","href":"https:\/\/api.w.org\/{rel}","templated":true}]}}