{"id":276245,"date":"2023-03-10T12:39:47","date_gmt":"2023-03-10T11:39:47","guid":{"rendered":"https:\/\/www.intoscana.it\/it\/?p=276245"},"modified":"2023-03-10T17:28:14","modified_gmt":"2023-03-10T16:28:14","slug":"cinque-milioni-di-dollari-dalla-mecenate-americana-per-il-restauro-dellanfiteatro-del-giardino-di-boboli","status":"publish","type":"post","link":"https:\/\/www.intoscana.it\/it\/cinque-milioni-di-dollari-dalla-mecenate-americana-per-il-restauro-dellanfiteatro-del-giardino-di-boboli\/","title":{"rendered":"Cinque milioni di dollari dalla mecenate americana per il restauro dell&#8217;Anfiteatro del Giardino di Boboli"},"content":{"rendered":"<p>\u00c8 la pi\u00f9 grande donazione da un privato a favore di un museo fiorentino: quasi cinque milioni di dollari (quattro milioni e mezzo di euro) per il restauro dell&#8217;<strong>Anfiteatro del Giardino di Boboli <\/strong>di Firenze. L&#8217;artefice \u00e8 la mecenate statunitense <strong>Veronika Atkins<\/strong>.<\/p>\n<p>La Atkins \u00e8 tra i pi\u00f9 noti sponsor e mecenati al mondo nel campo della musica, ma non solo, e negli ultimi anni la sua attivit\u00e0 di sostegno verso le <strong>Gallerie degli Uffizi<\/strong> \u00e8 andata in crescendo. Attraverso i Friends of the Uffizi Galleries, <mark>ha finanziato il restauro del Terrazzo delle carte geografiche agli Uffizi, della serie degli arazzi Valois del museo fiorentino e della Sala di Bona a Palazzo Pitti. Nell\u2019ottobre scorso, ha regalato uno dei migliori pianoforti al mondo per i concerti nella Sala Bianca dell\u2019ex reggia medicea. In quell\u2019occasione fu insignita dalle Chiavi della citt\u00e0 di Firenze.<\/mark><\/p>\n<figure id=\"post-276257 media-276257\" class=\"align-none\"><img decoding=\"async\" src=\"https:\/\/www.intoscana.it\/wp-content\/uploads\/Eike-Schmidt-e-Veronika-Atkins.jpg\" alt=\"\" \/><\/figure>\n<div class=\"titleimg\">Eike Schmidt e Veronika Atkins<\/div>\n<h3><em>Il rilancio del verde mediceo<\/em><\/h3>\n<p>L\u2019ingente somma donata verr\u00e0 impiegata per restaurare integralmente l\u2019Anfiteatro del Giardino di Boboli, nell\u2019ambito dell\u2019ampio programma di rilancio del verde mediceo <strong>&#8220;Boboli 2030&#8221;<\/strong>. Le operazioni prenderanno il via nei prossimi mesi, e dureranno tra i due e i tre anni. L&#8217;obiettivo \u00e8 di riportare alle migliori condizioni le tante e varie componenti architettoniche, scultoree e vegetali dello spazio. Allo stesso tempo lo scopo il recupero della sua originaria vocazione ad accogliere spettacoli e in particolare la <strong>musica lirica<\/strong>.<\/p>\n<p>L\u2019anfiteatro fu originariamente concepito in forme puramente vegetali da Eleonora da Toledo, che incaric\u00f2 della sua realizzazione lo scultore, architetto e scenografo Niccol\u00f2 Tribolo. Dal 1621 al 1634 furono man mano aggiunti elementi architettonici, mentre il primo utilizzo teatrale fu in occasione della festa di matrimonio di Margherita de\u2019 Medici con Odoardo Farnese nel 1628. Nei secoli successivi, l\u2019anfiteatro divenne la sede per eccellenza delle feste granducali \u2013 fino all\u2019ultima, voluta da Leopoldo II nel 1839 (due decenni prima della fine del granducato).<\/p>\n<p>Un primo recupero dell\u2019Anfiteatro avvenne negli anni Trenta del Novecento, quando esso fu utilizzato anche per farvi rivivere l\u2019opera lirica. Proprio in questo spazio, infatti, nel giugno 1937 venne messa in scena &#8211; per la prima volta nei tempi moderni &#8211; L\u2019incoronazione di Poppea di Claudio Monteverdi, con la scenografia firmata da Giovanni Michelucci: l\u2019architetto della Stazione di Santa Maria Novella, ma anche colui che nel secondo dopoguerra (insieme a Carlo Scarpa e Ignazio Gardella) ha disegnato e allestito la Sala del Trecento agli Uffizi. Nel 1960 e ancora nel luglio 1965, Franco Zeffirelli scelse l\u2019Anfiteatro di Boboli per allestire l\u2019Euridice di Jacopo Peri. All\u2019epoca, il New York Times lod\u00f2 tra l\u2019altro in particolare l\u2019acustica perfetta di questo spazio.<\/p>\n<figure id=\"post-276254 media-276254\" class=\"align-none\"><img decoding=\"async\" src=\"https:\/\/www.intoscana.it\/wp-content\/uploads\/Anfiteatro-Boboli-3-scaled.jpg\" alt=\"\" \/><\/figure>\n<div class=\"titleimg\">Anfiteatro Boboli<\/div>\n<p>E cos\u00ec, dopo questo importante intervento, <mark>l&#8217;Anfiteatro potr\u00e0 recuperare la sua originaria vocazione &#8220;di teatro all\u2019aperto<\/mark> &#8211; commenta il direttore delle Gallerie<strong> Eike Schmidt<\/strong> &#8211;\u00a0 proprio nella citt\u00e0 dove nacquero il melodramma e la lirica stessa. Presto vedremo di nuovo i migliori cantanti esibirsi nella vasta conca circondata dal verde, davanti al grandioso sfondo dell\u2019Imperiale e Reale Palazzo Pitti, a raccogliere gli applausi non di pochi eletti, ma di tutto il numeroso pubblico che si unir\u00e0 in platea e sulle scalinate per un\u2019esperienza unica e irrepetibile\u201d. <mark>&#8220;Non vedo l\u2019ora di assistere alla prima dell\u2019opera lirica che in questo luogo magico e unico al mondo risuoner\u00e0 alla fine dei restauri\u201d, conclude la \u00a0filantropa Veronica Atkins.<\/mark><\/p>\n","protected":false},"excerpt":{"rendered":"<p>L&#8217;intervento durer\u00e0 tre anni e alla fine lo spazio mediceo ritrover\u00e0 la sua originaria vocazione: teatro all&#8217;aperto, in particolare opere liriche<\/p>\n","protected":false},"author":525,"featured_media":276252,"comment_status":"open","ping_status":"open","sticky":false,"template":"","format":"standard","meta":{"_acf_changed":false,"footnotes":""},"categories":[493],"tags":[3928],"class_list":["post-276245","post","type-post","status-publish","format-standard","has-post-thumbnail","hentry","category-cultura","tag-giardino-di-boboli"],"acf":[],"yoast_head":"<!-- This site is optimized with the Yoast SEO Premium plugin v24.2 (Yoast SEO v25.6) - https:\/\/yoast.com\/wordpress\/plugins\/seo\/ -->\n<title>Cinque milioni di dollari dalla mecenate americana per il restauro dell&#039;Anfiteatro del Giardino di Boboli - intoscana<\/title>\n<meta name=\"description\" content=\"L&#039;intervento durer\u00e0 tre anni e alla fine lo spazio mediceo ritrover\u00e0 la sua originaria vocazione: teatro all&#039;aperto, in particolare opere liriche\" \/>\n<meta name=\"robots\" content=\"index, follow, max-snippet:-1, max-image-preview:large, max-video-preview:-1\" \/>\n<link rel=\"canonical\" href=\"https:\/\/www.intoscana.it\/it\/cinque-milioni-di-dollari-dalla-mecenate-americana-per-il-restauro-dellanfiteatro-del-giardino-di-boboli\/\" \/>\n<meta property=\"og:locale\" content=\"it_IT\" \/>\n<meta property=\"og:type\" content=\"article\" \/>\n<meta property=\"og:title\" content=\"Cinque milioni di dollari dalla mecenate americana per il restauro dell&#039;Anfiteatro del Giardino di Boboli\" \/>\n<meta property=\"og:description\" content=\"L&#039;intervento durer\u00e0 tre anni e alla fine lo spazio mediceo ritrover\u00e0 la sua originaria vocazione: teatro all&#039;aperto, in particolare opere liriche\" \/>\n<meta property=\"og:url\" content=\"https:\/\/www.intoscana.it\/it\/cinque-milioni-di-dollari-dalla-mecenate-americana-per-il-restauro-dellanfiteatro-del-giardino-di-boboli\/\" \/>\n<meta property=\"og:site_name\" content=\"intoscana\" \/>\n<meta property=\"article:publisher\" content=\"https:\/\/www.facebook.com\/intoscana.it\" \/>\n<meta property=\"article:published_time\" content=\"2023-03-10T11:39:47+00:00\" \/>\n<meta property=\"article:modified_time\" content=\"2023-03-10T16:28:14+00:00\" \/>\n<meta property=\"og:image\" content=\"https:\/\/www.intoscana.it\/wp-content\/uploads\/Anfiteatro-Boboli-1-1-scaled.jpg\" \/>\n\t<meta property=\"og:image:width\" content=\"2048\" \/>\n\t<meta property=\"og:image:height\" content=\"1365\" \/>\n\t<meta property=\"og:image:type\" content=\"image\/jpeg\" \/>\n<meta name=\"author\" content=\"Redazione\" \/>\n<meta name=\"twitter:card\" content=\"summary_large_image\" \/>\n<meta name=\"twitter:creator\" content=\"@intoscana\" \/>\n<meta name=\"twitter:site\" content=\"@intoscana\" \/>\n<meta name=\"twitter:label1\" content=\"Written by\" \/>\n\t<meta name=\"twitter:data1\" content=\"Redazione\" \/>\n\t<meta name=\"twitter:label2\" content=\"Est. reading time\" \/>\n\t<meta name=\"twitter:data2\" content=\"3 minuti\" \/>\n<script type=\"application\/ld+json\" class=\"yoast-schema-graph\">{\"@context\":\"https:\/\/schema.org\",\"@graph\":[{\"@type\":\"WebPage\",\"@id\":\"https:\/\/www.intoscana.it\/it\/cinque-milioni-di-dollari-dalla-mecenate-americana-per-il-restauro-dellanfiteatro-del-giardino-di-boboli\/\",\"url\":\"https:\/\/www.intoscana.it\/it\/cinque-milioni-di-dollari-dalla-mecenate-americana-per-il-restauro-dellanfiteatro-del-giardino-di-boboli\/\",\"name\":\"Cinque milioni di dollari dalla mecenate americana per il restauro dell'Anfiteatro del Giardino di Boboli - intoscana\",\"isPartOf\":{\"@id\":\"https:\/\/www.intoscana.it\/it\/#website\"},\"primaryImageOfPage\":{\"@id\":\"https:\/\/www.intoscana.it\/it\/cinque-milioni-di-dollari-dalla-mecenate-americana-per-il-restauro-dellanfiteatro-del-giardino-di-boboli\/#primaryimage\"},\"image\":{\"@id\":\"https:\/\/www.intoscana.it\/it\/cinque-milioni-di-dollari-dalla-mecenate-americana-per-il-restauro-dellanfiteatro-del-giardino-di-boboli\/#primaryimage\"},\"thumbnailUrl\":\"https:\/\/www.intoscana.it\/wp-content\/uploads\/Anfiteatro-Boboli-1-1-scaled.jpg\",\"datePublished\":\"2023-03-10T11:39:47+00:00\",\"dateModified\":\"2023-03-10T16:28:14+00:00\",\"author\":{\"@id\":\"https:\/\/www.intoscana.it\/it\/#\/schema\/person\/9223810753230f20bd670fdd322661f8\"},\"description\":\"L'intervento durer\u00e0 tre anni e alla fine lo spazio mediceo ritrover\u00e0 la sua originaria vocazione: teatro all'aperto, in particolare opere liriche\",\"breadcrumb\":{\"@id\":\"https:\/\/www.intoscana.it\/it\/cinque-milioni-di-dollari-dalla-mecenate-americana-per-il-restauro-dellanfiteatro-del-giardino-di-boboli\/#breadcrumb\"},\"inLanguage\":\"it-IT\",\"potentialAction\":[{\"@type\":\"ReadAction\",\"target\":[\"https:\/\/www.intoscana.it\/it\/cinque-milioni-di-dollari-dalla-mecenate-americana-per-il-restauro-dellanfiteatro-del-giardino-di-boboli\/\"]}]},{\"@type\":\"ImageObject\",\"inLanguage\":\"it-IT\",\"@id\":\"https:\/\/www.intoscana.it\/it\/cinque-milioni-di-dollari-dalla-mecenate-americana-per-il-restauro-dellanfiteatro-del-giardino-di-boboli\/#primaryimage\",\"url\":\"https:\/\/www.intoscana.it\/wp-content\/uploads\/Anfiteatro-Boboli-1-1-scaled.jpg\",\"contentUrl\":\"https:\/\/www.intoscana.it\/wp-content\/uploads\/Anfiteatro-Boboli-1-1-scaled.jpg\",\"width\":2048,\"height\":1365,\"caption\":\"Anfiteatro Boboli\"},{\"@type\":\"BreadcrumbList\",\"@id\":\"https:\/\/www.intoscana.it\/it\/cinque-milioni-di-dollari-dalla-mecenate-americana-per-il-restauro-dellanfiteatro-del-giardino-di-boboli\/#breadcrumb\",\"itemListElement\":[{\"@type\":\"ListItem\",\"position\":1,\"name\":\"Home\",\"item\":\"https:\/\/www.intoscana.it\/it\/\"},{\"@type\":\"ListItem\",\"position\":2,\"name\":\"Cinque milioni di dollari dalla mecenate americana per il restauro dell&#8217;Anfiteatro del Giardino di Boboli\"}]},{\"@type\":\"WebSite\",\"@id\":\"https:\/\/www.intoscana.it\/it\/#website\",\"url\":\"https:\/\/www.intoscana.it\/it\/\",\"name\":\"intoscana\",\"description\":\"\",\"potentialAction\":[{\"@type\":\"SearchAction\",\"target\":{\"@type\":\"EntryPoint\",\"urlTemplate\":\"https:\/\/www.intoscana.it\/it\/?s={search_term_string}\"},\"query-input\":{\"@type\":\"PropertyValueSpecification\",\"valueRequired\":true,\"valueName\":\"search_term_string\"}}],\"inLanguage\":\"it-IT\"},{\"@type\":\"Person\",\"@id\":\"https:\/\/www.intoscana.it\/it\/#\/schema\/person\/9223810753230f20bd670fdd322661f8\",\"name\":\"Redazione\",\"url\":\"https:\/\/www.intoscana.it\/it\/author\/redazione\/\"}]}<\/script>\n<!-- \/ Yoast SEO Premium plugin. -->","yoast_head_json":{"title":"Cinque milioni di dollari dalla mecenate americana per il restauro dell'Anfiteatro del Giardino di Boboli - intoscana","description":"L'intervento durer\u00e0 tre anni e alla fine lo spazio mediceo ritrover\u00e0 la sua originaria vocazione: teatro all'aperto, in particolare opere liriche","robots":{"index":"index","follow":"follow","max-snippet":"max-snippet:-1","max-image-preview":"max-image-preview:large","max-video-preview":"max-video-preview:-1"},"canonical":"https:\/\/www.intoscana.it\/it\/cinque-milioni-di-dollari-dalla-mecenate-americana-per-il-restauro-dellanfiteatro-del-giardino-di-boboli\/","og_locale":"it_IT","og_type":"article","og_title":"Cinque milioni di dollari dalla mecenate americana per il restauro dell'Anfiteatro del Giardino di Boboli","og_description":"L'intervento durer\u00e0 tre anni e alla fine lo spazio mediceo ritrover\u00e0 la sua originaria vocazione: teatro all'aperto, in particolare opere liriche","og_url":"https:\/\/www.intoscana.it\/it\/cinque-milioni-di-dollari-dalla-mecenate-americana-per-il-restauro-dellanfiteatro-del-giardino-di-boboli\/","og_site_name":"intoscana","article_publisher":"https:\/\/www.facebook.com\/intoscana.it","article_published_time":"2023-03-10T11:39:47+00:00","article_modified_time":"2023-03-10T16:28:14+00:00","og_image":[{"width":2048,"height":1365,"url":"https:\/\/www.intoscana.it\/wp-content\/uploads\/Anfiteatro-Boboli-1-1-scaled.jpg","type":"image\/jpeg"}],"author":"Redazione","twitter_card":"summary_large_image","twitter_creator":"@intoscana","twitter_site":"@intoscana","twitter_misc":{"Written by":"Redazione","Est. reading time":"3 minuti"},"schema":{"@context":"https:\/\/schema.org","@graph":[{"@type":"WebPage","@id":"https:\/\/www.intoscana.it\/it\/cinque-milioni-di-dollari-dalla-mecenate-americana-per-il-restauro-dellanfiteatro-del-giardino-di-boboli\/","url":"https:\/\/www.intoscana.it\/it\/cinque-milioni-di-dollari-dalla-mecenate-americana-per-il-restauro-dellanfiteatro-del-giardino-di-boboli\/","name":"Cinque milioni di dollari dalla mecenate americana per il restauro dell'Anfiteatro del Giardino di Boboli - intoscana","isPartOf":{"@id":"https:\/\/www.intoscana.it\/it\/#website"},"primaryImageOfPage":{"@id":"https:\/\/www.intoscana.it\/it\/cinque-milioni-di-dollari-dalla-mecenate-americana-per-il-restauro-dellanfiteatro-del-giardino-di-boboli\/#primaryimage"},"image":{"@id":"https:\/\/www.intoscana.it\/it\/cinque-milioni-di-dollari-dalla-mecenate-americana-per-il-restauro-dellanfiteatro-del-giardino-di-boboli\/#primaryimage"},"thumbnailUrl":"https:\/\/www.intoscana.it\/wp-content\/uploads\/Anfiteatro-Boboli-1-1-scaled.jpg","datePublished":"2023-03-10T11:39:47+00:00","dateModified":"2023-03-10T16:28:14+00:00","author":{"@id":"https:\/\/www.intoscana.it\/it\/#\/schema\/person\/9223810753230f20bd670fdd322661f8"},"description":"L'intervento durer\u00e0 tre anni e alla fine lo spazio mediceo ritrover\u00e0 la sua originaria vocazione: teatro all'aperto, in particolare opere liriche","breadcrumb":{"@id":"https:\/\/www.intoscana.it\/it\/cinque-milioni-di-dollari-dalla-mecenate-americana-per-il-restauro-dellanfiteatro-del-giardino-di-boboli\/#breadcrumb"},"inLanguage":"it-IT","potentialAction":[{"@type":"ReadAction","target":["https:\/\/www.intoscana.it\/it\/cinque-milioni-di-dollari-dalla-mecenate-americana-per-il-restauro-dellanfiteatro-del-giardino-di-boboli\/"]}]},{"@type":"ImageObject","inLanguage":"it-IT","@id":"https:\/\/www.intoscana.it\/it\/cinque-milioni-di-dollari-dalla-mecenate-americana-per-il-restauro-dellanfiteatro-del-giardino-di-boboli\/#primaryimage","url":"https:\/\/www.intoscana.it\/wp-content\/uploads\/Anfiteatro-Boboli-1-1-scaled.jpg","contentUrl":"https:\/\/www.intoscana.it\/wp-content\/uploads\/Anfiteatro-Boboli-1-1-scaled.jpg","width":2048,"height":1365,"caption":"Anfiteatro Boboli"},{"@type":"BreadcrumbList","@id":"https:\/\/www.intoscana.it\/it\/cinque-milioni-di-dollari-dalla-mecenate-americana-per-il-restauro-dellanfiteatro-del-giardino-di-boboli\/#breadcrumb","itemListElement":[{"@type":"ListItem","position":1,"name":"Home","item":"https:\/\/www.intoscana.it\/it\/"},{"@type":"ListItem","position":2,"name":"Cinque milioni di dollari dalla mecenate americana per il restauro dell&#8217;Anfiteatro del Giardino di Boboli"}]},{"@type":"WebSite","@id":"https:\/\/www.intoscana.it\/it\/#website","url":"https:\/\/www.intoscana.it\/it\/","name":"intoscana","description":"","potentialAction":[{"@type":"SearchAction","target":{"@type":"EntryPoint","urlTemplate":"https:\/\/www.intoscana.it\/it\/?s={search_term_string}"},"query-input":{"@type":"PropertyValueSpecification","valueRequired":true,"valueName":"search_term_string"}}],"inLanguage":"it-IT"},{"@type":"Person","@id":"https:\/\/www.intoscana.it\/it\/#\/schema\/person\/9223810753230f20bd670fdd322661f8","name":"Redazione","url":"https:\/\/www.intoscana.it\/it\/author\/redazione\/"}]}},"_links":{"self":[{"href":"https:\/\/www.intoscana.it\/it\/wp-json\/wp\/v2\/posts\/276245","targetHints":{"allow":["GET"]}}],"collection":[{"href":"https:\/\/www.intoscana.it\/it\/wp-json\/wp\/v2\/posts"}],"about":[{"href":"https:\/\/www.intoscana.it\/it\/wp-json\/wp\/v2\/types\/post"}],"author":[{"embeddable":true,"href":"https:\/\/www.intoscana.it\/it\/wp-json\/wp\/v2\/users\/525"}],"replies":[{"embeddable":true,"href":"https:\/\/www.intoscana.it\/it\/wp-json\/wp\/v2\/comments?post=276245"}],"version-history":[{"count":0,"href":"https:\/\/www.intoscana.it\/it\/wp-json\/wp\/v2\/posts\/276245\/revisions"}],"wp:featuredmedia":[{"embeddable":true,"href":"https:\/\/www.intoscana.it\/it\/wp-json\/wp\/v2\/media\/276252"}],"wp:attachment":[{"href":"https:\/\/www.intoscana.it\/it\/wp-json\/wp\/v2\/media?parent=276245"}],"wp:term":[{"taxonomy":"category","embeddable":true,"href":"https:\/\/www.intoscana.it\/it\/wp-json\/wp\/v2\/categories?post=276245"},{"taxonomy":"post_tag","embeddable":true,"href":"https:\/\/www.intoscana.it\/it\/wp-json\/wp\/v2\/tags?post=276245"}],"curies":[{"name":"wp","href":"https:\/\/api.w.org\/{rel}","templated":true}]}}