{"id":276500,"date":"2023-03-13T14:57:49","date_gmt":"2023-03-13T13:57:49","guid":{"rendered":"https:\/\/www.intoscana.it\/it\/?p=276500"},"modified":"2023-03-13T14:58:39","modified_gmt":"2023-03-13T13:58:39","slug":"dati-2022-vitellone-bianco-appennino-centrale-igp","status":"publish","type":"post","link":"https:\/\/www.intoscana.it\/it\/dati-2022-vitellone-bianco-appennino-centrale-igp\/","title":{"rendered":"Agroalimentare, numeri in crescita per il Vitellone Bianco dell\u2019Appennino Centrale IGP"},"content":{"rendered":"<p>Cresce il numero degli allevamenti, la Chianina rimane una delle razze pi\u00f9 apprezzate e aumentano le aziende di prodotti trasformati. Sono questi alcuni dati del 2022 della filiera del <strong>Vitellone Bianco dell\u2019Appennino Centrale<\/strong>, la prima IGP europea della carne fresca che quest\u2019anno compie 25 anni.<\/p>\n<p>L\u2019analisi dimostra che siamo di fronte a una certificazione in salute, con grandi margini di miglioramento per il futuro. Una delle cifre pi\u00f9 significative \u00e8 quella legata al numero di capi certificati che, con <strong>18.311 bovini<\/strong>, \u00e8 il pi\u00f9 alto degli ultimi sei anni e segna un sensibile balzo in avanti rispetto ai 17.980 del 2021.<\/p>\n<h3>Gli allevamenti<\/h3>\n<p>Gli allevamenti passano da 3.204 a 3.218, a cui si uniscono <strong>997 macellerie, 77 mattatoi e 123 laboratori<\/strong> di sezionamento che compongono la filiera.<\/p>\n<p>Il maggior numero di allevamenti si trova in <strong>Umbria<\/strong> (con 600 strutture); a seguire in <strong>Lazio<\/strong> (544), <strong>Toscana<\/strong> (503), <strong>Marche<\/strong> (494), <strong>Campania<\/strong> (385), <strong>Abruzzo<\/strong> (364), <strong>Emilia Romagna<\/strong> (257) e <strong>Molise<\/strong> (71). L\u2019andamento delle adesioni dei punti vendita ai controlli subisce una lieve flessione rispetto al 2021, ma si mantiene a livelli importanti con 997 macellerie aderenti.<\/p>\n<figure id=\"post-276503 media-276503\" class=\"align-none\"><img decoding=\"async\" src=\"https:\/\/www.intoscana.it\/wp-content\/uploads\/Chianina-scaled.jpeg\" alt=\"\" \/><\/figure>\n<div class=\"titleimg\">Chianina &#8211; \u00a9 Consorzio di Tutela Vitellone Bianco<\/div>\n<h3>Le razze in cifre<\/h3>\n<p>Nel computo generale delle certificazioni dei capi, crescono Marchigiana e Romagnola mentre cala leggermente il \u201cpeso\u201d della Chianina. Questa, in estrema sintesi, la valutazione sulla base della razza, anche se l\u2019elemento pi\u00f9 significativo \u00e8 la stabilit\u00e0 che la filiera sembra aver raggiunto anche da questo punto di vista. Nel dettaglio, la <strong>Marchigiana<\/strong> fa un salto in avanti, passando dai 6.527 capi del 2021 ai 6.866 del 2022; la <strong>Chianina<\/strong> mantiene la leadership generale come numero di capi certificati, anche se scende leggermente da 9.377 a 9.351, mentre la <strong>Romagnola<\/strong> mantiene il trend di crescita degli ultimi tre anni, passando dai 2.076 bovini del 2021 ai 2.094 del 2022.<\/p>\n<h3>Il prodotto trasformato piace sempre di pi\u00f9<\/h3>\n<p>Questo trend positivo del prodotto si traduce, dal punto di vista dei <strong>canali di vendita<\/strong>, in un consolidamento della quota destinata ai prodotti trasformati. <a href=\"https:\/\/www.intoscana.it\/it\/articolo\/alimentare-un-2020-positivo-per-il-vitellone-bianco-igp\/\" target=\"_blank\" rel=\"noopener\">In linea con il 2021<\/a>, si conferma un costante aumento delle aziende di prodotti trasformati che prevedono, tra gli ingredienti, carne certificata di Vitellone Bianco dell\u2019Appennino Centrale IGP (<strong>hamburger, rag\u00f9, bresaola, tartare, pasta ripiena<\/strong>) e che, pertanto, necessitano dell\u2019autorizzazione del Consorzio di Tutela per l\u2019utilizzo della denominazione protetta e del marchio.<\/p>\n<p>Dal 2010, sono state oltre <strong>600 le autorizzazioni<\/strong> rilasciate dal Consorzio per l\u2019utilizzo della denominazione protetta e del logo \u2018Vitellone Bianco dell\u2019Appennino Centrale IGP\u2019 nei prodotti trasformati.<\/p>\n<figure id=\"post-276505 media-276505\" class=\"align-none\"><img decoding=\"async\" src=\"https:\/\/www.intoscana.it\/wp-content\/uploads\/marchio-Vitellone-Bianco-Appennino-Centrale-IGP.jpg\" alt=\"\" \/><\/figure>\n<div class=\"titleimg\">Il marchio del Vitellone Bianco Appennino Centrale IGP &#8211; \u00a9 Consorzio di Tutela Vitellone Bianco<\/div>\n<h3>Le sfide della filiera<\/h3>\n<p>\u201c<em>Se il trend generale si conferma positivo e in ripresa dopo le difficolt\u00e0 legate anche al contesto pandemico<\/em> &#8211; ha dichiarato <strong>Andrea Petrini<\/strong>, direttore del <a href=\"https:\/\/www.vitellonebianco.it\/\" target=\"_blank\" rel=\"noopener\">Consorzio<\/a>\u00a0 &#8211; <em>va anche sottolineato che non mancano i problemi, soprattutto esterni alla filiera. <\/em><mark><em>Se da un lato il mercato sembra dare chiari segnali di apprezzamento per le produzioni tipiche e di qualit\u00e0, dall\u2019altro questi stessi prodotti, come la carne di Vitellone Bianco dell\u2019Appennino Centrale IGP, subiscono maggiormente l\u2019aumento dei costi di produzione e dei servizi<\/em><\/mark><em>. <\/em><\/p>\n<p><em>Il nodo per il futuro \u00e8 legato in maniera indissolubile a questi aspetti esterni alla filiera, che condizionano in maniera significativa la redditivit\u00e0 delle aziende e la competitivit\u00e0 commerciale di tali produzioni. In questo contesto,<\/em> <mark><em>\u00e8<\/em> <em>giusto sottolineare l\u2019impegno di tutti gli attori della filiera, che stanno facendo del <a href=\"https:\/\/www.intoscana.it\/it\/articolo\/vitellone-bianco-un-concorso-fotografico-racconta-la-filiera\/\" target=\"_blank\" rel=\"noopener\">Vitellone Bianco dell\u2019Appennino Centrale una delle IGP<\/a> pi\u00f9 importanti nel quadro delle certificazioni italiane<\/em><\/mark><em>. Per sostenere questo trend positivo, dovremo continuare a far conoscere e promuovere la nostra carne e la nostra filiera, combattendo la mala informazione e le mode del momento<\/em>\u201d.<\/p>\n<p><iframe loading=\"lazy\" title=\"YouTube video player\" src=\"https:\/\/www.youtube.com\/embed\/Zm0lOoyT4RY\" width=\"800\" height=\"450\" frameborder=\"0\" allowfullscreen=\"allowfullscreen\"><span data-mce-type=\"bookmark\" style=\"display: inline-block; width: 0px; overflow: hidden; line-height: 0;\" class=\"mce_SELRES_start\">\ufeff<\/span><\/iframe><\/p>\n","protected":false},"excerpt":{"rendered":"<p>Il Consorzio di tutela presenta l&#8217;analisi dei dati 2022 della filiera: il trend generale si conferma positivo ma non mancano alcune ombre legate all\u2019aumento dei costi di produzione e dei servizi<\/p>\n","protected":false},"author":483,"featured_media":276502,"comment_status":"open","ping_status":"open","sticky":false,"template":"","format":"standard","meta":{"_acf_changed":false,"footnotes":""},"categories":[8],"tags":[282,436],"class_list":["post-276500","post","type-post","status-publish","format-standard","has-post-thumbnail","hentry","category-enogastronomia","tag-agroalimentare","tag-prodotti-tipici"],"acf":[],"yoast_head":"<!-- This site is optimized with the Yoast SEO Premium plugin v24.2 (Yoast SEO v25.6) - https:\/\/yoast.com\/wordpress\/plugins\/seo\/ -->\n<title>Agroalimentare, un 2022 positivo per il Vitellone Bianco - intoscana<\/title>\n<meta name=\"description\" content=\"Positivi i dati 2022 del Vitellone Bianco dell\u2019Appennino Centrale, la prima IGP europea della carne fresca che quest\u2019anno compie 25 anni.\" \/>\n<meta name=\"robots\" content=\"index, follow, max-snippet:-1, max-image-preview:large, max-video-preview:-1\" \/>\n<link rel=\"canonical\" href=\"https:\/\/www.intoscana.it\/it\/dati-2022-vitellone-bianco-appennino-centrale-igp\/\" \/>\n<meta property=\"og:locale\" content=\"it_IT\" \/>\n<meta property=\"og:type\" content=\"article\" \/>\n<meta property=\"og:title\" content=\"Agroalimentare, numeri in crescita per il Vitellone Bianco dell\u2019Appennino Centrale IGP\" \/>\n<meta property=\"og:description\" content=\"Positivi i dati 2022 del Vitellone Bianco dell\u2019Appennino Centrale, la prima IGP europea della carne fresca che quest\u2019anno compie 25 anni.\" \/>\n<meta property=\"og:url\" content=\"https:\/\/www.intoscana.it\/it\/dati-2022-vitellone-bianco-appennino-centrale-igp\/\" \/>\n<meta property=\"og:site_name\" content=\"intoscana\" \/>\n<meta property=\"article:publisher\" content=\"https:\/\/www.facebook.com\/intoscana.it\" \/>\n<meta property=\"article:published_time\" content=\"2023-03-13T13:57:49+00:00\" \/>\n<meta property=\"article:modified_time\" content=\"2023-03-13T13:58:39+00:00\" \/>\n<meta property=\"og:image\" content=\"https:\/\/www.intoscana.it\/wp-content\/uploads\/Romagnola.jpg\" \/>\n\t<meta property=\"og:image:width\" content=\"2000\" \/>\n\t<meta property=\"og:image:height\" content=\"1333\" \/>\n\t<meta property=\"og:image:type\" content=\"image\/jpeg\" \/>\n<meta name=\"author\" content=\"Marta Mancini\" \/>\n<meta name=\"twitter:card\" content=\"summary_large_image\" \/>\n<meta name=\"twitter:creator\" content=\"@intoscana\" \/>\n<meta name=\"twitter:site\" content=\"@intoscana\" \/>\n<meta name=\"twitter:label1\" content=\"Written by\" \/>\n\t<meta name=\"twitter:data1\" content=\"Marta Mancini\" \/>\n\t<meta name=\"twitter:label2\" content=\"Est. reading time\" \/>\n\t<meta name=\"twitter:data2\" content=\"3 minuti\" \/>\n<script type=\"application\/ld+json\" class=\"yoast-schema-graph\">{\"@context\":\"https:\/\/schema.org\",\"@graph\":[{\"@type\":\"WebPage\",\"@id\":\"https:\/\/www.intoscana.it\/it\/dati-2022-vitellone-bianco-appennino-centrale-igp\/\",\"url\":\"https:\/\/www.intoscana.it\/it\/dati-2022-vitellone-bianco-appennino-centrale-igp\/\",\"name\":\"Agroalimentare, un 2022 positivo per il Vitellone Bianco - intoscana\",\"isPartOf\":{\"@id\":\"https:\/\/www.intoscana.it\/it\/#website\"},\"primaryImageOfPage\":{\"@id\":\"https:\/\/www.intoscana.it\/it\/dati-2022-vitellone-bianco-appennino-centrale-igp\/#primaryimage\"},\"image\":{\"@id\":\"https:\/\/www.intoscana.it\/it\/dati-2022-vitellone-bianco-appennino-centrale-igp\/#primaryimage\"},\"thumbnailUrl\":\"https:\/\/www.intoscana.it\/wp-content\/uploads\/Romagnola.jpg\",\"datePublished\":\"2023-03-13T13:57:49+00:00\",\"dateModified\":\"2023-03-13T13:58:39+00:00\",\"author\":{\"@id\":\"https:\/\/www.intoscana.it\/it\/#\/schema\/person\/ba955c49c389f39a8208f182b0652479\"},\"description\":\"Positivi i dati 2022 del Vitellone Bianco dell\u2019Appennino Centrale, la prima IGP europea della carne fresca che quest\u2019anno compie 25 anni.\",\"breadcrumb\":{\"@id\":\"https:\/\/www.intoscana.it\/it\/dati-2022-vitellone-bianco-appennino-centrale-igp\/#breadcrumb\"},\"inLanguage\":\"it-IT\",\"potentialAction\":[{\"@type\":\"ReadAction\",\"target\":[\"https:\/\/www.intoscana.it\/it\/dati-2022-vitellone-bianco-appennino-centrale-igp\/\"]}]},{\"@type\":\"ImageObject\",\"inLanguage\":\"it-IT\",\"@id\":\"https:\/\/www.intoscana.it\/it\/dati-2022-vitellone-bianco-appennino-centrale-igp\/#primaryimage\",\"url\":\"https:\/\/www.intoscana.it\/wp-content\/uploads\/Romagnola.jpg\",\"contentUrl\":\"https:\/\/www.intoscana.it\/wp-content\/uploads\/Romagnola.jpg\",\"width\":2000,\"height\":1333,\"caption\":\"Consorzio di Tutela Vitellone Bianco\"},{\"@type\":\"BreadcrumbList\",\"@id\":\"https:\/\/www.intoscana.it\/it\/dati-2022-vitellone-bianco-appennino-centrale-igp\/#breadcrumb\",\"itemListElement\":[{\"@type\":\"ListItem\",\"position\":1,\"name\":\"Home\",\"item\":\"https:\/\/www.intoscana.it\/it\/\"},{\"@type\":\"ListItem\",\"position\":2,\"name\":\"Agroalimentare, numeri in crescita per il Vitellone Bianco dell\u2019Appennino Centrale IGP\"}]},{\"@type\":\"WebSite\",\"@id\":\"https:\/\/www.intoscana.it\/it\/#website\",\"url\":\"https:\/\/www.intoscana.it\/it\/\",\"name\":\"intoscana\",\"description\":\"\",\"potentialAction\":[{\"@type\":\"SearchAction\",\"target\":{\"@type\":\"EntryPoint\",\"urlTemplate\":\"https:\/\/www.intoscana.it\/it\/?s={search_term_string}\"},\"query-input\":{\"@type\":\"PropertyValueSpecification\",\"valueRequired\":true,\"valueName\":\"search_term_string\"}}],\"inLanguage\":\"it-IT\"},{\"@type\":\"Person\",\"@id\":\"https:\/\/www.intoscana.it\/it\/#\/schema\/person\/ba955c49c389f39a8208f182b0652479\",\"name\":\"Marta Mancini\",\"url\":\"https:\/\/www.intoscana.it\/it\/author\/marta-mancini\/\"}]}<\/script>\n<!-- \/ Yoast SEO Premium plugin. -->","yoast_head_json":{"title":"Agroalimentare, un 2022 positivo per il Vitellone Bianco - intoscana","description":"Positivi i dati 2022 del Vitellone Bianco dell\u2019Appennino Centrale, la prima IGP europea della carne fresca che quest\u2019anno compie 25 anni.","robots":{"index":"index","follow":"follow","max-snippet":"max-snippet:-1","max-image-preview":"max-image-preview:large","max-video-preview":"max-video-preview:-1"},"canonical":"https:\/\/www.intoscana.it\/it\/dati-2022-vitellone-bianco-appennino-centrale-igp\/","og_locale":"it_IT","og_type":"article","og_title":"Agroalimentare, numeri in crescita per il Vitellone Bianco dell\u2019Appennino Centrale IGP","og_description":"Positivi i dati 2022 del Vitellone Bianco dell\u2019Appennino Centrale, la prima IGP europea della carne fresca che quest\u2019anno compie 25 anni.","og_url":"https:\/\/www.intoscana.it\/it\/dati-2022-vitellone-bianco-appennino-centrale-igp\/","og_site_name":"intoscana","article_publisher":"https:\/\/www.facebook.com\/intoscana.it","article_published_time":"2023-03-13T13:57:49+00:00","article_modified_time":"2023-03-13T13:58:39+00:00","og_image":[{"width":2000,"height":1333,"url":"https:\/\/www.intoscana.it\/wp-content\/uploads\/Romagnola.jpg","type":"image\/jpeg"}],"author":"Marta Mancini","twitter_card":"summary_large_image","twitter_creator":"@intoscana","twitter_site":"@intoscana","twitter_misc":{"Written by":"Marta Mancini","Est. reading time":"3 minuti"},"schema":{"@context":"https:\/\/schema.org","@graph":[{"@type":"WebPage","@id":"https:\/\/www.intoscana.it\/it\/dati-2022-vitellone-bianco-appennino-centrale-igp\/","url":"https:\/\/www.intoscana.it\/it\/dati-2022-vitellone-bianco-appennino-centrale-igp\/","name":"Agroalimentare, un 2022 positivo per il Vitellone Bianco - intoscana","isPartOf":{"@id":"https:\/\/www.intoscana.it\/it\/#website"},"primaryImageOfPage":{"@id":"https:\/\/www.intoscana.it\/it\/dati-2022-vitellone-bianco-appennino-centrale-igp\/#primaryimage"},"image":{"@id":"https:\/\/www.intoscana.it\/it\/dati-2022-vitellone-bianco-appennino-centrale-igp\/#primaryimage"},"thumbnailUrl":"https:\/\/www.intoscana.it\/wp-content\/uploads\/Romagnola.jpg","datePublished":"2023-03-13T13:57:49+00:00","dateModified":"2023-03-13T13:58:39+00:00","author":{"@id":"https:\/\/www.intoscana.it\/it\/#\/schema\/person\/ba955c49c389f39a8208f182b0652479"},"description":"Positivi i dati 2022 del Vitellone Bianco dell\u2019Appennino Centrale, la prima IGP europea della carne fresca che quest\u2019anno compie 25 anni.","breadcrumb":{"@id":"https:\/\/www.intoscana.it\/it\/dati-2022-vitellone-bianco-appennino-centrale-igp\/#breadcrumb"},"inLanguage":"it-IT","potentialAction":[{"@type":"ReadAction","target":["https:\/\/www.intoscana.it\/it\/dati-2022-vitellone-bianco-appennino-centrale-igp\/"]}]},{"@type":"ImageObject","inLanguage":"it-IT","@id":"https:\/\/www.intoscana.it\/it\/dati-2022-vitellone-bianco-appennino-centrale-igp\/#primaryimage","url":"https:\/\/www.intoscana.it\/wp-content\/uploads\/Romagnola.jpg","contentUrl":"https:\/\/www.intoscana.it\/wp-content\/uploads\/Romagnola.jpg","width":2000,"height":1333,"caption":"Consorzio di Tutela Vitellone Bianco"},{"@type":"BreadcrumbList","@id":"https:\/\/www.intoscana.it\/it\/dati-2022-vitellone-bianco-appennino-centrale-igp\/#breadcrumb","itemListElement":[{"@type":"ListItem","position":1,"name":"Home","item":"https:\/\/www.intoscana.it\/it\/"},{"@type":"ListItem","position":2,"name":"Agroalimentare, numeri in crescita per il Vitellone Bianco dell\u2019Appennino Centrale IGP"}]},{"@type":"WebSite","@id":"https:\/\/www.intoscana.it\/it\/#website","url":"https:\/\/www.intoscana.it\/it\/","name":"intoscana","description":"","potentialAction":[{"@type":"SearchAction","target":{"@type":"EntryPoint","urlTemplate":"https:\/\/www.intoscana.it\/it\/?s={search_term_string}"},"query-input":{"@type":"PropertyValueSpecification","valueRequired":true,"valueName":"search_term_string"}}],"inLanguage":"it-IT"},{"@type":"Person","@id":"https:\/\/www.intoscana.it\/it\/#\/schema\/person\/ba955c49c389f39a8208f182b0652479","name":"Marta Mancini","url":"https:\/\/www.intoscana.it\/it\/author\/marta-mancini\/"}]}},"_links":{"self":[{"href":"https:\/\/www.intoscana.it\/it\/wp-json\/wp\/v2\/posts\/276500","targetHints":{"allow":["GET"]}}],"collection":[{"href":"https:\/\/www.intoscana.it\/it\/wp-json\/wp\/v2\/posts"}],"about":[{"href":"https:\/\/www.intoscana.it\/it\/wp-json\/wp\/v2\/types\/post"}],"author":[{"embeddable":true,"href":"https:\/\/www.intoscana.it\/it\/wp-json\/wp\/v2\/users\/483"}],"replies":[{"embeddable":true,"href":"https:\/\/www.intoscana.it\/it\/wp-json\/wp\/v2\/comments?post=276500"}],"version-history":[{"count":0,"href":"https:\/\/www.intoscana.it\/it\/wp-json\/wp\/v2\/posts\/276500\/revisions"}],"wp:featuredmedia":[{"embeddable":true,"href":"https:\/\/www.intoscana.it\/it\/wp-json\/wp\/v2\/media\/276502"}],"wp:attachment":[{"href":"https:\/\/www.intoscana.it\/it\/wp-json\/wp\/v2\/media?parent=276500"}],"wp:term":[{"taxonomy":"category","embeddable":true,"href":"https:\/\/www.intoscana.it\/it\/wp-json\/wp\/v2\/categories?post=276500"},{"taxonomy":"post_tag","embeddable":true,"href":"https:\/\/www.intoscana.it\/it\/wp-json\/wp\/v2\/tags?post=276500"}],"curies":[{"name":"wp","href":"https:\/\/api.w.org\/{rel}","templated":true}]}}