{"id":276520,"date":"2023-03-13T16:00:21","date_gmt":"2023-03-13T15:00:21","guid":{"rendered":"https:\/\/www.intoscana.it\/it\/?p=276520"},"modified":"2023-03-13T16:05:27","modified_gmt":"2023-03-13T15:05:27","slug":"palio-costa-etrusca-bibbona-2023","status":"publish","type":"post","link":"https:\/\/www.intoscana.it\/it\/palio-costa-etrusca-bibbona-2023\/","title":{"rendered":"Domenica 23 aprile a Bibbona si torna a correre il Palio della Costa Etrusca"},"content":{"rendered":"<p><strong>Bibbona<\/strong> \u00e8 pronta a vivere un&#8217;emozione antica: il <strong>Palio della Costa Etrusca<\/strong>\u00a0che da 15 anni offre ogni aprile uno <strong>spettacolo unico in riva al mare.\u00a0<\/strong><\/p>\n<p>La spiaggia \u00e8 stata calcata dai <strong>pi\u00f9 forti fantini del circuito paliesco<\/strong>, come <strong>Aceto, Il Pesse, Bastiano e Cianchino.<\/strong><\/p>\n<p><strong>La pista \u00e8 un circuito di circa 750 metri,<\/strong> con partenza all\u2019altezza del <strong>Forte di Marina di Bibbona<\/strong>: a sfidarsi saranno otto Comuni, rappresentati da <strong>32 cavalli tra i migliori mezzosangue<\/strong>, montati da fantini tra i pi\u00f9 premiati.<\/p>\n<p>Dopo tre anni di stop la tradizione del <strong><a href=\"https:\/\/www.paliodellacostaetrusca.com\" target=\"_blank\" rel=\"noopener\">Palio della Costa Etrusca<\/a> si ripeter\u00e0 domenica 23 aprile<\/strong> per la XIV edizione.<\/p>\n<p>Ad ogni batteria parteciperanno otto<strong>\u00a0cavalli di razza mezzosangue montati a pelo<\/strong> e i primi due classificati accederanno alla Finale abbinati per estrazione a otto Comuni:<strong> Suvereto, Campiglia, Castagneto Carducci, Bibbona, Cecina e Rosignano Marittimo, Livorno e Sassetta.<\/strong><\/p>\n<p>La corsa si svolger\u00e0 a partire dalle 14.30: alle batterie seguiranno la corsa dei pony e quella delle amazzoni.\u00a0<strong>Alle 18 la finalissima.<\/strong><\/p>\n<p><em>\u201cE&#8217; un evento a cui tengo moltissimo \u2013<\/em> ha detto <strong>il presidente della Regione Toscana Eugenio Giani \u2013<\/strong> <em>un evento della tradizione, giunto alla quattordicesima edizione ma che quest\u2019anno si corre a Bibbona con un lavoro egregio fatto dall\u2019amministrazione comunale, organizzatori d\u2019eccezione che con il Palio della Costa Etrusca portano a confrontarsi nella Toscana dei palii, i migliori fantini e i migliori cavalli. Sappiamo quanto la Toscana abbia una serie di manifestazioni che creano un popolo dei palii, da Fucecchio, a Castel del Piano, da Bientina a Buti ma potrei citare molti altri di esempi. Una sorta di circuito che si viene a creare con tipologie diverse ma che celebra la storia la cultura, il territorio. Sono convinto che questa manifestazione a Bibbona avr\u00e0 un grande successo e sar\u00e0 un una festa non solo per Bibbona ma per tutta la Toscana\u201d.<\/em><\/p>\n<figure id=\"post-276527 media-276527\" class=\"align-none\"><img decoding=\"async\" src=\"https:\/\/www.intoscana.it\/wp-content\/uploads\/DSC_6063.jpg\" alt=\"\" \/><\/figure>\n<div class=\"titleimg\">Palio Costa Etrusca<\/div>\n<h3>Palio della Costa Etrusca: una settimana di eventi<\/h3>\n<p>Il <strong>Palio della Costa Etrusca<\/strong> non si esaurir\u00e0 nella giornata di domenica.<\/p>\n<p>Sono in programma tutta una serie di<strong> eventi collaterali a partire dal 20 aprile<\/strong> con la proiezione del film <em><strong>&#8220;The Palio&#8221;<\/strong><\/em>.<\/p>\n<p>Il 21 aprile ci sar\u00e0 talk-show <em><strong>&#8220;The Legends&#8221; and one &#8220;STAR&#8221;<\/strong><\/em>, storie di Palio e di campioni con la partecipazione di <strong>Andrea Degortes detto Aceto<\/strong> (Re del Palio), <strong>Silvano Vigni detto Bastiano<\/strong> (Plurivincitore del Palio), G.P. Minnucci ( Driver di Varenne ) e la presentazione del &#8220;Cencio&#8221; dipinto da Sara Cafarelli.<\/p>\n<p>Una personale dell\u2019artista autrice del Palio sar\u00e0 visitabile al Forte dal 21 al 25 aprile. Il giorno che precede la spettacolare corsa, sul medesimo circuito, Quintana a coppie miste.<\/p>\n<p>Tutti gli eventi, ad eccezione del Palio della Costa Etrusca, sono ad <strong>ingresso libero.<\/strong><\/p>\n<p><em>&#8220;Tutto \u00e8 pronto &#8211;<\/em> ha detto <strong>Roberto Saggini, patron del Palio Costa Etrusca<\/strong>&#8211; <em>per questa edizione che vedr\u00e0 protagonisti i pi\u00f9 forti e premiati fantini del Palio di Siena sfidarsi in uno scenario incredibilmente suggestivo. Si tratta di un evento sportivo ma anche turistico, con eventi che renderanno ancora pi\u00f9 spettacolare questa manifestazione: avremo la quintana che per la prima volta vedr\u00e0 donne e uomini partecipare insieme e la novit\u00e0 della corsa dei pony con i bambini protagonisti sulla dirittura del circuito del Palio. Novit\u00e0 anche tra i comuni perch\u00e9 quest&#8217;anno parteciper\u00e0 Livorno. Grazie a un sindaco coraggioso e a tutti coloro che collaborano alla riuscita dell&#8217;evento&#8221;.<\/em><\/p>\n<figure id=\"post-276528 media-276528\" class=\"align-none\"><img decoding=\"async\" src=\"https:\/\/www.intoscana.it\/wp-content\/uploads\/mappa-satellite.jpg\" alt=\"\" \/><\/figure>\n<div class=\"titleimg\"><\/div>\n","protected":false},"excerpt":{"rendered":"<p>Dopo tre anni di stop torna in Toscana una manifestazione unica nel suo genere: \u00e8 l\u2019unica corsa a pelo in Italia che si corre in riva al mare<\/p>\n","protected":false},"author":518,"featured_media":276526,"comment_status":"open","ping_status":"open","sticky":false,"template":"","format":"standard","meta":{"_acf_changed":false,"footnotes":""},"categories":[6],"tags":[5217,6495,1999],"class_list":["post-276520","post","type-post","status-publish","format-standard","has-post-thumbnail","hentry","category-viaggi","tag-bibbona","tag-folklore","tag-tradizioni"],"acf":[],"yoast_head":"<!-- This site is optimized with the Yoast SEO Premium plugin v24.2 (Yoast SEO v25.6) - https:\/\/yoast.com\/wordpress\/plugins\/seo\/ -->\n<title>Domenica 23 aprile a Bibbona si torna a correre il Palio della Costa Etrusca - intoscana<\/title>\n<meta name=\"description\" content=\"Dopo tre anni di stop torna in Toscana una manifestazione unica nel suo genere: \u00e8 l\u2019unica corsa a pelo in Italia che si corre in riva al mare\" \/>\n<meta name=\"robots\" content=\"index, follow, max-snippet:-1, max-image-preview:large, max-video-preview:-1\" \/>\n<link rel=\"canonical\" href=\"https:\/\/www.intoscana.it\/it\/palio-costa-etrusca-bibbona-2023\/\" \/>\n<meta property=\"og:locale\" content=\"it_IT\" \/>\n<meta property=\"og:type\" content=\"article\" \/>\n<meta property=\"og:title\" content=\"Domenica 23 aprile a Bibbona si torna a correre il Palio della Costa Etrusca\" \/>\n<meta property=\"og:description\" content=\"Dopo tre anni di stop torna in Toscana una manifestazione unica nel suo genere: \u00e8 l\u2019unica corsa a pelo in Italia che si corre in riva al mare\" \/>\n<meta property=\"og:url\" content=\"https:\/\/www.intoscana.it\/it\/palio-costa-etrusca-bibbona-2023\/\" \/>\n<meta property=\"og:site_name\" content=\"intoscana\" \/>\n<meta property=\"article:publisher\" content=\"https:\/\/www.facebook.com\/intoscana.it\" \/>\n<meta property=\"article:published_time\" content=\"2023-03-13T15:00:21+00:00\" \/>\n<meta property=\"article:modified_time\" content=\"2023-03-13T15:05:27+00:00\" \/>\n<meta property=\"og:image\" content=\"https:\/\/www.intoscana.it\/wp-content\/uploads\/DSC_0570.jpg\" \/>\n\t<meta property=\"og:image:width\" content=\"2000\" \/>\n\t<meta property=\"og:image:height\" content=\"1335\" \/>\n\t<meta property=\"og:image:type\" content=\"image\/jpeg\" \/>\n<meta name=\"author\" content=\"Costanza Baldini\" \/>\n<meta name=\"twitter:card\" content=\"summary_large_image\" \/>\n<meta name=\"twitter:creator\" content=\"@intoscana\" \/>\n<meta name=\"twitter:site\" content=\"@intoscana\" \/>\n<meta name=\"twitter:label1\" content=\"Written by\" \/>\n\t<meta name=\"twitter:data1\" content=\"Costanza Baldini\" \/>\n\t<meta name=\"twitter:label2\" content=\"Est. reading time\" \/>\n\t<meta name=\"twitter:data2\" content=\"3 minuti\" \/>\n<script type=\"application\/ld+json\" class=\"yoast-schema-graph\">{\"@context\":\"https:\/\/schema.org\",\"@graph\":[{\"@type\":\"WebPage\",\"@id\":\"https:\/\/www.intoscana.it\/it\/palio-costa-etrusca-bibbona-2023\/\",\"url\":\"https:\/\/www.intoscana.it\/it\/palio-costa-etrusca-bibbona-2023\/\",\"name\":\"Domenica 23 aprile a Bibbona si torna a correre il Palio della Costa Etrusca - intoscana\",\"isPartOf\":{\"@id\":\"https:\/\/www.intoscana.it\/it\/#website\"},\"primaryImageOfPage\":{\"@id\":\"https:\/\/www.intoscana.it\/it\/palio-costa-etrusca-bibbona-2023\/#primaryimage\"},\"image\":{\"@id\":\"https:\/\/www.intoscana.it\/it\/palio-costa-etrusca-bibbona-2023\/#primaryimage\"},\"thumbnailUrl\":\"https:\/\/www.intoscana.it\/wp-content\/uploads\/DSC_0570.jpg\",\"datePublished\":\"2023-03-13T15:00:21+00:00\",\"dateModified\":\"2023-03-13T15:05:27+00:00\",\"author\":{\"@id\":\"https:\/\/www.intoscana.it\/it\/#\/schema\/person\/d469f35f09739bdf00bf5dd3f0647a82\"},\"description\":\"Dopo tre anni di stop torna in Toscana una manifestazione unica nel suo genere: \u00e8 l\u2019unica corsa a pelo in Italia che si corre in riva al mare\",\"breadcrumb\":{\"@id\":\"https:\/\/www.intoscana.it\/it\/palio-costa-etrusca-bibbona-2023\/#breadcrumb\"},\"inLanguage\":\"it-IT\",\"potentialAction\":[{\"@type\":\"ReadAction\",\"target\":[\"https:\/\/www.intoscana.it\/it\/palio-costa-etrusca-bibbona-2023\/\"]}]},{\"@type\":\"ImageObject\",\"inLanguage\":\"it-IT\",\"@id\":\"https:\/\/www.intoscana.it\/it\/palio-costa-etrusca-bibbona-2023\/#primaryimage\",\"url\":\"https:\/\/www.intoscana.it\/wp-content\/uploads\/DSC_0570.jpg\",\"contentUrl\":\"https:\/\/www.intoscana.it\/wp-content\/uploads\/DSC_0570.jpg\",\"width\":2000,\"height\":1335},{\"@type\":\"BreadcrumbList\",\"@id\":\"https:\/\/www.intoscana.it\/it\/palio-costa-etrusca-bibbona-2023\/#breadcrumb\",\"itemListElement\":[{\"@type\":\"ListItem\",\"position\":1,\"name\":\"Home\",\"item\":\"https:\/\/www.intoscana.it\/it\/\"},{\"@type\":\"ListItem\",\"position\":2,\"name\":\"Domenica 23 aprile a Bibbona si torna a correre il Palio della Costa Etrusca\"}]},{\"@type\":\"WebSite\",\"@id\":\"https:\/\/www.intoscana.it\/it\/#website\",\"url\":\"https:\/\/www.intoscana.it\/it\/\",\"name\":\"intoscana\",\"description\":\"\",\"potentialAction\":[{\"@type\":\"SearchAction\",\"target\":{\"@type\":\"EntryPoint\",\"urlTemplate\":\"https:\/\/www.intoscana.it\/it\/?s={search_term_string}\"},\"query-input\":{\"@type\":\"PropertyValueSpecification\",\"valueRequired\":true,\"valueName\":\"search_term_string\"}}],\"inLanguage\":\"it-IT\"},{\"@type\":\"Person\",\"@id\":\"https:\/\/www.intoscana.it\/it\/#\/schema\/person\/d469f35f09739bdf00bf5dd3f0647a82\",\"name\":\"Costanza Baldini\",\"url\":\"https:\/\/www.intoscana.it\/it\/author\/costanza-baldini\/\"}]}<\/script>\n<!-- \/ Yoast SEO Premium plugin. -->","yoast_head_json":{"title":"Domenica 23 aprile a Bibbona si torna a correre il Palio della Costa Etrusca - intoscana","description":"Dopo tre anni di stop torna in Toscana una manifestazione unica nel suo genere: \u00e8 l\u2019unica corsa a pelo in Italia che si corre in riva al mare","robots":{"index":"index","follow":"follow","max-snippet":"max-snippet:-1","max-image-preview":"max-image-preview:large","max-video-preview":"max-video-preview:-1"},"canonical":"https:\/\/www.intoscana.it\/it\/palio-costa-etrusca-bibbona-2023\/","og_locale":"it_IT","og_type":"article","og_title":"Domenica 23 aprile a Bibbona si torna a correre il Palio della Costa Etrusca","og_description":"Dopo tre anni di stop torna in Toscana una manifestazione unica nel suo genere: \u00e8 l\u2019unica corsa a pelo in Italia che si corre in riva al mare","og_url":"https:\/\/www.intoscana.it\/it\/palio-costa-etrusca-bibbona-2023\/","og_site_name":"intoscana","article_publisher":"https:\/\/www.facebook.com\/intoscana.it","article_published_time":"2023-03-13T15:00:21+00:00","article_modified_time":"2023-03-13T15:05:27+00:00","og_image":[{"width":2000,"height":1335,"url":"https:\/\/www.intoscana.it\/wp-content\/uploads\/DSC_0570.jpg","type":"image\/jpeg"}],"author":"Costanza Baldini","twitter_card":"summary_large_image","twitter_creator":"@intoscana","twitter_site":"@intoscana","twitter_misc":{"Written by":"Costanza Baldini","Est. reading time":"3 minuti"},"schema":{"@context":"https:\/\/schema.org","@graph":[{"@type":"WebPage","@id":"https:\/\/www.intoscana.it\/it\/palio-costa-etrusca-bibbona-2023\/","url":"https:\/\/www.intoscana.it\/it\/palio-costa-etrusca-bibbona-2023\/","name":"Domenica 23 aprile a Bibbona si torna a correre il Palio della Costa Etrusca - intoscana","isPartOf":{"@id":"https:\/\/www.intoscana.it\/it\/#website"},"primaryImageOfPage":{"@id":"https:\/\/www.intoscana.it\/it\/palio-costa-etrusca-bibbona-2023\/#primaryimage"},"image":{"@id":"https:\/\/www.intoscana.it\/it\/palio-costa-etrusca-bibbona-2023\/#primaryimage"},"thumbnailUrl":"https:\/\/www.intoscana.it\/wp-content\/uploads\/DSC_0570.jpg","datePublished":"2023-03-13T15:00:21+00:00","dateModified":"2023-03-13T15:05:27+00:00","author":{"@id":"https:\/\/www.intoscana.it\/it\/#\/schema\/person\/d469f35f09739bdf00bf5dd3f0647a82"},"description":"Dopo tre anni di stop torna in Toscana una manifestazione unica nel suo genere: \u00e8 l\u2019unica corsa a pelo in Italia che si corre in riva al mare","breadcrumb":{"@id":"https:\/\/www.intoscana.it\/it\/palio-costa-etrusca-bibbona-2023\/#breadcrumb"},"inLanguage":"it-IT","potentialAction":[{"@type":"ReadAction","target":["https:\/\/www.intoscana.it\/it\/palio-costa-etrusca-bibbona-2023\/"]}]},{"@type":"ImageObject","inLanguage":"it-IT","@id":"https:\/\/www.intoscana.it\/it\/palio-costa-etrusca-bibbona-2023\/#primaryimage","url":"https:\/\/www.intoscana.it\/wp-content\/uploads\/DSC_0570.jpg","contentUrl":"https:\/\/www.intoscana.it\/wp-content\/uploads\/DSC_0570.jpg","width":2000,"height":1335},{"@type":"BreadcrumbList","@id":"https:\/\/www.intoscana.it\/it\/palio-costa-etrusca-bibbona-2023\/#breadcrumb","itemListElement":[{"@type":"ListItem","position":1,"name":"Home","item":"https:\/\/www.intoscana.it\/it\/"},{"@type":"ListItem","position":2,"name":"Domenica 23 aprile a Bibbona si torna a correre il Palio della Costa Etrusca"}]},{"@type":"WebSite","@id":"https:\/\/www.intoscana.it\/it\/#website","url":"https:\/\/www.intoscana.it\/it\/","name":"intoscana","description":"","potentialAction":[{"@type":"SearchAction","target":{"@type":"EntryPoint","urlTemplate":"https:\/\/www.intoscana.it\/it\/?s={search_term_string}"},"query-input":{"@type":"PropertyValueSpecification","valueRequired":true,"valueName":"search_term_string"}}],"inLanguage":"it-IT"},{"@type":"Person","@id":"https:\/\/www.intoscana.it\/it\/#\/schema\/person\/d469f35f09739bdf00bf5dd3f0647a82","name":"Costanza Baldini","url":"https:\/\/www.intoscana.it\/it\/author\/costanza-baldini\/"}]}},"_links":{"self":[{"href":"https:\/\/www.intoscana.it\/it\/wp-json\/wp\/v2\/posts\/276520","targetHints":{"allow":["GET"]}}],"collection":[{"href":"https:\/\/www.intoscana.it\/it\/wp-json\/wp\/v2\/posts"}],"about":[{"href":"https:\/\/www.intoscana.it\/it\/wp-json\/wp\/v2\/types\/post"}],"author":[{"embeddable":true,"href":"https:\/\/www.intoscana.it\/it\/wp-json\/wp\/v2\/users\/518"}],"replies":[{"embeddable":true,"href":"https:\/\/www.intoscana.it\/it\/wp-json\/wp\/v2\/comments?post=276520"}],"version-history":[{"count":0,"href":"https:\/\/www.intoscana.it\/it\/wp-json\/wp\/v2\/posts\/276520\/revisions"}],"wp:featuredmedia":[{"embeddable":true,"href":"https:\/\/www.intoscana.it\/it\/wp-json\/wp\/v2\/media\/276526"}],"wp:attachment":[{"href":"https:\/\/www.intoscana.it\/it\/wp-json\/wp\/v2\/media?parent=276520"}],"wp:term":[{"taxonomy":"category","embeddable":true,"href":"https:\/\/www.intoscana.it\/it\/wp-json\/wp\/v2\/categories?post=276520"},{"taxonomy":"post_tag","embeddable":true,"href":"https:\/\/www.intoscana.it\/it\/wp-json\/wp\/v2\/tags?post=276520"}],"curies":[{"name":"wp","href":"https:\/\/api.w.org\/{rel}","templated":true}]}}