{"id":276621,"date":"2023-03-13T17:44:37","date_gmt":"2023-03-13T16:44:37","guid":{"rendered":"https:\/\/www.intoscana.it\/it\/?p=276621"},"modified":"2023-03-13T17:44:37","modified_gmt":"2023-03-13T16:44:37","slug":"libri-al-via-il-premio-internazionale-orbetello-book-prize","status":"publish","type":"post","link":"https:\/\/www.intoscana.it\/it\/libri-al-via-il-premio-internazionale-orbetello-book-prize\/","title":{"rendered":"Libri, al via il &#8220;Premio internazionale Orbetello book prize&#8221;"},"content":{"rendered":"<p>Al via i lavori per la nuova edizione del premio letterario internazionale &#8216;<em>Obp &#8211; Orbetello book prize Maremma Tuscany Coast<\/em>&#8216; dedicato alla narrativa. Sono gi\u00e0 state aperte le iscrizioni mentre la fase finale si terr\u00e0 <strong>dal 29 giugno all&#8217;1 luglio<\/strong> nei Giardini Chiusi di Orbetello.<\/p>\n<p>Il bando, pubblicato anche sui siti della manifestazione e del Comune di Orbetello, contiene tutte le indicazioni necessarie alle case editrici per candidare i loro autori. Confermato presidente della giuria <strong>Paolo Di Paolo<\/strong>, che \u00e8 composta anche quest&#8217;anno dal gruppo di selezione di cui fanno parte, oltre al presidente Di Paolo, <mark>Annalena Benini, Roberta Colombo, Eugenio Murrali e Teresa Ciabatti<\/mark>, e dal gruppo dei <strong>Lettori Forti<\/strong> (operatori culturali residenti a Orbetello) che sono <mark>Silva Gentilini, Lorena Manini, Giorgio Razzoli, Mauro Vichi<\/mark>.<\/p>\n<p>Ai due gruppi si aggiungono, da quest&#8217;anno, <strong>50 lettrici e lettori<\/strong> appassionati che potranno candidarsi compilando l&#8217;apposito form sul sito del premio e, una volta selezionati, andranno a costituire il Gruppo &#8216;<strong>Amici del Parco della Lettura&#8217;<\/strong>, che sar\u00e0 coinvolto nella scelta finale del vincitore.<\/p>\n<p>Resta appannaggio, invece, del Gruppo di Selezione e del Gruppo dei Lettori Forti il compito di scegliere <strong>le tre opere finaliste<\/strong>, tra le sei proposte formulate dallo stesso Gruppo di Selezione; su queste tre opere si esprimer\u00e0 <strong>la giuria al completo<\/strong> (i tre gruppi) nominando vincitore un autore italiano di narrativa che abbia almeno gi\u00e0 un suo libro tradotto e pubblicato all&#8217;estero (o anche in corso di traduzione e pubblicazione) e che partecipa con un&#8217;opera pubblicata in Italia nella stagione 2022\/23. Previsto anche il premio &#8216;<strong>Tributo alla carriera<\/strong>&#8216; a un autore straniero di narrativa che l&#8217;anno scorso \u00e8 andato a <strong>David Leavitt<\/strong>.<\/p>\n<p>&#8220;<em>Con orgoglio e grande entusiasmo<\/em> &#8211; dichiara <strong>Maddalena Ottali<\/strong>, assessore alla Cultura di Orbetello &#8211; <em>annuncio l&#8217;avvio dei lavori della seconda edizione di Orbetello Book Prize. Con le novit\u00e0 apportate al bando questo premio potr\u00e0 consolidare ancora di pi\u00f9 il suo spazio nel panorama delle iniziative culturali. Sono, inoltre, particolarmente felice per l&#8217;ingresso tra i giurati del Gruppo di Selezione di Teresa Ciabatti, una scrittrice e sceneggiatrice, orbetellana<\/em>&#8220;.<\/p>\n","protected":false},"excerpt":{"rendered":"<p>La manifestazione si terr\u00e0 dal 29 giugno all&#8217;1 luglio nei Giardini Chiusi del centro maremmano: attese le candidature delle case editrici<\/p>\n","protected":false},"author":525,"featured_media":276625,"comment_status":"open","ping_status":"open","sticky":false,"template":"","format":"standard","meta":{"_acf_changed":false,"footnotes":""},"categories":[493],"tags":[210,4814],"class_list":["post-276621","post","type-post","status-publish","format-standard","has-post-thumbnail","hentry","category-cultura","tag-libri","tag-orbetello"],"acf":[],"yoast_head":"<!-- This site is optimized with the Yoast SEO Premium plugin v24.2 (Yoast SEO v25.6) - https:\/\/yoast.com\/wordpress\/plugins\/seo\/ -->\n<title>Libri, al via il &quot;Premio internazionale Orbetello book prize&quot; - intoscana<\/title>\n<meta name=\"description\" content=\"La manifestazione si terr\u00e0 dal 29 giugno all&#039;1 luglio nei Giardini Chiusi del centro maremmano: attese le candidature delle case editrici\" \/>\n<meta name=\"robots\" content=\"index, follow, max-snippet:-1, max-image-preview:large, max-video-preview:-1\" \/>\n<link rel=\"canonical\" href=\"https:\/\/www.intoscana.it\/it\/libri-al-via-il-premio-internazionale-orbetello-book-prize\/\" \/>\n<meta property=\"og:locale\" content=\"it_IT\" \/>\n<meta property=\"og:type\" content=\"article\" \/>\n<meta property=\"og:title\" content=\"Libri, al via il &quot;Premio internazionale Orbetello book prize&quot;\" \/>\n<meta property=\"og:description\" content=\"La manifestazione si terr\u00e0 dal 29 giugno all&#039;1 luglio nei Giardini Chiusi del centro maremmano: attese le candidature delle case editrici\" \/>\n<meta property=\"og:url\" content=\"https:\/\/www.intoscana.it\/it\/libri-al-via-il-premio-internazionale-orbetello-book-prize\/\" \/>\n<meta property=\"og:site_name\" content=\"intoscana\" \/>\n<meta property=\"article:publisher\" content=\"https:\/\/www.facebook.com\/intoscana.it\" \/>\n<meta property=\"article:published_time\" content=\"2023-03-13T16:44:37+00:00\" \/>\n<meta property=\"og:image\" content=\"https:\/\/www.intoscana.it\/wp-content\/uploads\/OBP-Leavitt-53-1-scaled.jpg\" \/>\n\t<meta property=\"og:image:width\" content=\"2048\" \/>\n\t<meta property=\"og:image:height\" content=\"1366\" \/>\n\t<meta property=\"og:image:type\" content=\"image\/jpeg\" \/>\n<meta name=\"author\" content=\"Redazione\" \/>\n<meta name=\"twitter:card\" content=\"summary_large_image\" \/>\n<meta name=\"twitter:creator\" content=\"@intoscana\" \/>\n<meta name=\"twitter:site\" content=\"@intoscana\" \/>\n<meta name=\"twitter:label1\" content=\"Written by\" \/>\n\t<meta name=\"twitter:data1\" content=\"Redazione\" \/>\n\t<meta name=\"twitter:label2\" content=\"Est. reading time\" \/>\n\t<meta name=\"twitter:data2\" content=\"2 minuti\" \/>\n<script type=\"application\/ld+json\" class=\"yoast-schema-graph\">{\"@context\":\"https:\/\/schema.org\",\"@graph\":[{\"@type\":\"WebPage\",\"@id\":\"https:\/\/www.intoscana.it\/it\/libri-al-via-il-premio-internazionale-orbetello-book-prize\/\",\"url\":\"https:\/\/www.intoscana.it\/it\/libri-al-via-il-premio-internazionale-orbetello-book-prize\/\",\"name\":\"Libri, al via il \\\"Premio internazionale Orbetello book prize\\\" - intoscana\",\"isPartOf\":{\"@id\":\"https:\/\/www.intoscana.it\/it\/#website\"},\"primaryImageOfPage\":{\"@id\":\"https:\/\/www.intoscana.it\/it\/libri-al-via-il-premio-internazionale-orbetello-book-prize\/#primaryimage\"},\"image\":{\"@id\":\"https:\/\/www.intoscana.it\/it\/libri-al-via-il-premio-internazionale-orbetello-book-prize\/#primaryimage\"},\"thumbnailUrl\":\"https:\/\/www.intoscana.it\/wp-content\/uploads\/OBP-Leavitt-53-1-scaled.jpg\",\"datePublished\":\"2023-03-13T16:44:37+00:00\",\"author\":{\"@id\":\"https:\/\/www.intoscana.it\/it\/#\/schema\/person\/9223810753230f20bd670fdd322661f8\"},\"description\":\"La manifestazione si terr\u00e0 dal 29 giugno all'1 luglio nei Giardini Chiusi del centro maremmano: attese le candidature delle case editrici\",\"breadcrumb\":{\"@id\":\"https:\/\/www.intoscana.it\/it\/libri-al-via-il-premio-internazionale-orbetello-book-prize\/#breadcrumb\"},\"inLanguage\":\"it-IT\",\"potentialAction\":[{\"@type\":\"ReadAction\",\"target\":[\"https:\/\/www.intoscana.it\/it\/libri-al-via-il-premio-internazionale-orbetello-book-prize\/\"]}]},{\"@type\":\"ImageObject\",\"inLanguage\":\"it-IT\",\"@id\":\"https:\/\/www.intoscana.it\/it\/libri-al-via-il-premio-internazionale-orbetello-book-prize\/#primaryimage\",\"url\":\"https:\/\/www.intoscana.it\/wp-content\/uploads\/OBP-Leavitt-53-1-scaled.jpg\",\"contentUrl\":\"https:\/\/www.intoscana.it\/wp-content\/uploads\/OBP-Leavitt-53-1-scaled.jpg\",\"width\":2048,\"height\":1366,\"caption\":\"Orbetello Book Prize: a Daniel Leavitt il Premio \u2018Tributo alla carriera\u2019 2022\"},{\"@type\":\"BreadcrumbList\",\"@id\":\"https:\/\/www.intoscana.it\/it\/libri-al-via-il-premio-internazionale-orbetello-book-prize\/#breadcrumb\",\"itemListElement\":[{\"@type\":\"ListItem\",\"position\":1,\"name\":\"Home\",\"item\":\"https:\/\/www.intoscana.it\/it\/\"},{\"@type\":\"ListItem\",\"position\":2,\"name\":\"Libri, al via il &#8220;Premio internazionale Orbetello book prize&#8221;\"}]},{\"@type\":\"WebSite\",\"@id\":\"https:\/\/www.intoscana.it\/it\/#website\",\"url\":\"https:\/\/www.intoscana.it\/it\/\",\"name\":\"intoscana\",\"description\":\"\",\"potentialAction\":[{\"@type\":\"SearchAction\",\"target\":{\"@type\":\"EntryPoint\",\"urlTemplate\":\"https:\/\/www.intoscana.it\/it\/?s={search_term_string}\"},\"query-input\":{\"@type\":\"PropertyValueSpecification\",\"valueRequired\":true,\"valueName\":\"search_term_string\"}}],\"inLanguage\":\"it-IT\"},{\"@type\":\"Person\",\"@id\":\"https:\/\/www.intoscana.it\/it\/#\/schema\/person\/9223810753230f20bd670fdd322661f8\",\"name\":\"Redazione\",\"url\":\"https:\/\/www.intoscana.it\/it\/author\/redazione\/\"}]}<\/script>\n<!-- \/ Yoast SEO Premium plugin. -->","yoast_head_json":{"title":"Libri, al via il \"Premio internazionale Orbetello book prize\" - intoscana","description":"La manifestazione si terr\u00e0 dal 29 giugno all'1 luglio nei Giardini Chiusi del centro maremmano: attese le candidature delle case editrici","robots":{"index":"index","follow":"follow","max-snippet":"max-snippet:-1","max-image-preview":"max-image-preview:large","max-video-preview":"max-video-preview:-1"},"canonical":"https:\/\/www.intoscana.it\/it\/libri-al-via-il-premio-internazionale-orbetello-book-prize\/","og_locale":"it_IT","og_type":"article","og_title":"Libri, al via il \"Premio internazionale Orbetello book prize\"","og_description":"La manifestazione si terr\u00e0 dal 29 giugno all'1 luglio nei Giardini Chiusi del centro maremmano: attese le candidature delle case editrici","og_url":"https:\/\/www.intoscana.it\/it\/libri-al-via-il-premio-internazionale-orbetello-book-prize\/","og_site_name":"intoscana","article_publisher":"https:\/\/www.facebook.com\/intoscana.it","article_published_time":"2023-03-13T16:44:37+00:00","og_image":[{"width":2048,"height":1366,"url":"https:\/\/www.intoscana.it\/wp-content\/uploads\/OBP-Leavitt-53-1-scaled.jpg","type":"image\/jpeg"}],"author":"Redazione","twitter_card":"summary_large_image","twitter_creator":"@intoscana","twitter_site":"@intoscana","twitter_misc":{"Written by":"Redazione","Est. reading time":"2 minuti"},"schema":{"@context":"https:\/\/schema.org","@graph":[{"@type":"WebPage","@id":"https:\/\/www.intoscana.it\/it\/libri-al-via-il-premio-internazionale-orbetello-book-prize\/","url":"https:\/\/www.intoscana.it\/it\/libri-al-via-il-premio-internazionale-orbetello-book-prize\/","name":"Libri, al via il \"Premio internazionale Orbetello book prize\" - intoscana","isPartOf":{"@id":"https:\/\/www.intoscana.it\/it\/#website"},"primaryImageOfPage":{"@id":"https:\/\/www.intoscana.it\/it\/libri-al-via-il-premio-internazionale-orbetello-book-prize\/#primaryimage"},"image":{"@id":"https:\/\/www.intoscana.it\/it\/libri-al-via-il-premio-internazionale-orbetello-book-prize\/#primaryimage"},"thumbnailUrl":"https:\/\/www.intoscana.it\/wp-content\/uploads\/OBP-Leavitt-53-1-scaled.jpg","datePublished":"2023-03-13T16:44:37+00:00","author":{"@id":"https:\/\/www.intoscana.it\/it\/#\/schema\/person\/9223810753230f20bd670fdd322661f8"},"description":"La manifestazione si terr\u00e0 dal 29 giugno all'1 luglio nei Giardini Chiusi del centro maremmano: attese le candidature delle case editrici","breadcrumb":{"@id":"https:\/\/www.intoscana.it\/it\/libri-al-via-il-premio-internazionale-orbetello-book-prize\/#breadcrumb"},"inLanguage":"it-IT","potentialAction":[{"@type":"ReadAction","target":["https:\/\/www.intoscana.it\/it\/libri-al-via-il-premio-internazionale-orbetello-book-prize\/"]}]},{"@type":"ImageObject","inLanguage":"it-IT","@id":"https:\/\/www.intoscana.it\/it\/libri-al-via-il-premio-internazionale-orbetello-book-prize\/#primaryimage","url":"https:\/\/www.intoscana.it\/wp-content\/uploads\/OBP-Leavitt-53-1-scaled.jpg","contentUrl":"https:\/\/www.intoscana.it\/wp-content\/uploads\/OBP-Leavitt-53-1-scaled.jpg","width":2048,"height":1366,"caption":"Orbetello Book Prize: a Daniel Leavitt il Premio \u2018Tributo alla carriera\u2019 2022"},{"@type":"BreadcrumbList","@id":"https:\/\/www.intoscana.it\/it\/libri-al-via-il-premio-internazionale-orbetello-book-prize\/#breadcrumb","itemListElement":[{"@type":"ListItem","position":1,"name":"Home","item":"https:\/\/www.intoscana.it\/it\/"},{"@type":"ListItem","position":2,"name":"Libri, al via il &#8220;Premio internazionale Orbetello book prize&#8221;"}]},{"@type":"WebSite","@id":"https:\/\/www.intoscana.it\/it\/#website","url":"https:\/\/www.intoscana.it\/it\/","name":"intoscana","description":"","potentialAction":[{"@type":"SearchAction","target":{"@type":"EntryPoint","urlTemplate":"https:\/\/www.intoscana.it\/it\/?s={search_term_string}"},"query-input":{"@type":"PropertyValueSpecification","valueRequired":true,"valueName":"search_term_string"}}],"inLanguage":"it-IT"},{"@type":"Person","@id":"https:\/\/www.intoscana.it\/it\/#\/schema\/person\/9223810753230f20bd670fdd322661f8","name":"Redazione","url":"https:\/\/www.intoscana.it\/it\/author\/redazione\/"}]}},"_links":{"self":[{"href":"https:\/\/www.intoscana.it\/it\/wp-json\/wp\/v2\/posts\/276621","targetHints":{"allow":["GET"]}}],"collection":[{"href":"https:\/\/www.intoscana.it\/it\/wp-json\/wp\/v2\/posts"}],"about":[{"href":"https:\/\/www.intoscana.it\/it\/wp-json\/wp\/v2\/types\/post"}],"author":[{"embeddable":true,"href":"https:\/\/www.intoscana.it\/it\/wp-json\/wp\/v2\/users\/525"}],"replies":[{"embeddable":true,"href":"https:\/\/www.intoscana.it\/it\/wp-json\/wp\/v2\/comments?post=276621"}],"version-history":[{"count":0,"href":"https:\/\/www.intoscana.it\/it\/wp-json\/wp\/v2\/posts\/276621\/revisions"}],"wp:featuredmedia":[{"embeddable":true,"href":"https:\/\/www.intoscana.it\/it\/wp-json\/wp\/v2\/media\/276625"}],"wp:attachment":[{"href":"https:\/\/www.intoscana.it\/it\/wp-json\/wp\/v2\/media?parent=276621"}],"wp:term":[{"taxonomy":"category","embeddable":true,"href":"https:\/\/www.intoscana.it\/it\/wp-json\/wp\/v2\/categories?post=276621"},{"taxonomy":"post_tag","embeddable":true,"href":"https:\/\/www.intoscana.it\/it\/wp-json\/wp\/v2\/tags?post=276621"}],"curies":[{"name":"wp","href":"https:\/\/api.w.org\/{rel}","templated":true}]}}