{"id":276793,"date":"2023-03-14T15:36:07","date_gmt":"2023-03-14T14:36:07","guid":{"rendered":"https:\/\/www.intoscana.it\/it\/?p=276793"},"modified":"2023-03-14T15:36:07","modified_gmt":"2023-03-14T14:36:07","slug":"nuoto-la-nazionale-azzurra-ospite-donore-del-trofeo-citta-di-firenze","status":"publish","type":"post","link":"https:\/\/www.intoscana.it\/it\/nuoto-la-nazionale-azzurra-ospite-donore-del-trofeo-citta-di-firenze\/","title":{"rendered":"Nuoto, la nazionale azzurra ospite d&#8217;onore del trofeo Citt\u00e0 di Firenze"},"content":{"rendered":"<p>Le stelle del nuoto azzurro saranno a Firenze per due giorni di gare alla <strong>piscina Nannini di Bellariva<\/strong>. La nazionale italiana sar\u00e0, infatti, ospite d\u2019onore del trofeo nazionale &#8220;<strong>Citt\u00e0 di Firenze<\/strong>&#8221; che si svolger\u00e0 <strong>venerd\u00ec 17 e sabato 18 marzo<\/strong>. A circa trent\u2019anni dall\u2019ultimo appuntamento nazionale (i Campionati italiani assoluti primaverili del 1995) l\u2019\u00e9lite del nuoto mondiale torna nella vasca olimpica del capoluogo fiorentino, dove gi\u00e0 si allenano quotidianamente colonne della squadra azzurra come Lorenzo Zazzeri e Leonardo Deplano. La citt\u00e0 di Firenze si prepara cos\u00ec ad accogliere i grandi campioni di questo sport e celebrare medaglie e risultati conquistati tra Europei e Mondiali nell&#8217;anno record del 2022.<\/p>\n<p>\u201c<em>Come citt\u00e0<\/em> \u2013 spiega l\u2019assessore allo sport del Comune di Firenze<strong> Cosimo Guccione<\/strong> \u2013 <em>siamo orgogliosi di poter ospitare un appuntamento di nuoto nazionale. Stiamo lavorando molto sui <strong>grandi eventi<\/strong>. Firenze ha una grande base con atleti di alto livello nel nuoto ma anche capace di attrarre grandi eventi sportivi. Questo appuntamento nasce anche dal tanto lavoro promosso in questi anni. E mi auguro che tante <strong>bambine e tanti bambini possano avvicinarsi al nuoto grazie a questa iniziativa<\/strong>. Continueremo su questa bella onda. Negli anni, come amministrazione abbiamo fatto investimenti sulle piscine ed investimenti straordinari per aiutare le societ\u00e0<\/em>\u201d.<\/p>\n<p>Un appuntamento importante per testare la preparazione in vista delle qualificazioni per i mondiali di <strong>Fukuoka<\/strong> di quest\u2019estate, in vasca, oltre ai <strong>32 atleti della nazionale<\/strong> italiana ci saranno oltre<strong> 300 nuotatori<\/strong> provenienti da oltre <strong>50 societ\u00e0 italiane<\/strong>. A questi si aggiunge una selezione di <strong>atleti paralimpici<\/strong> capitanata dal plurimedagliato <strong>Simone Barlaam<\/strong>.<\/p>\n<p>\u201c<em>\u00c8 un piacere per noi tornare in una citt\u00e0 come Firenze che ci ha ospitato nell\u2019altro secolo, in occasione dei campionati italiani. Dopo trent\u2019anni<\/em> \u2013 aggiunge il commissario tecnico della Nazionale <strong>Cesare Butini<\/strong> \u2013 <em>la squadra, quasi al completo, torna per questo meeting. Sar\u00e0 un test importante a quattro settimane dai campionati assoluti che saranno il nostro banco di prova per la selezione de nuotatori che poi gareggeranno agli eventi internazionali. Firenze rappresenta, per noi, un <strong>importante polo natatorio<\/strong>. Non c\u2019\u00e8 solo Zazzeri ma anche altri atleti di livello. Questo meeting sar\u00e0 abbastanza snello, senza batterie, ma a serie. Ogni nuotatore avr\u00e0 una sola chance in ogni gara. Tutta la squadra sar\u00e0 presente. Uniche assenze: Gregorio Paltrinieri perch\u00e9 impegnato in una gara di open water in Israele, Margherita Panziera perch\u00e9 non in grandi condizioni ed il giovane Lorenzo Galossi. Tutti stanno iniziando a prepararsi per i mondiali che si terranno a Fukuoka in Giappone<\/em>\u201d.<\/p>\n<h3>Programma delle gare<\/h3>\n<p>Il programma gare del trofeo Citt\u00e0 di Firenze prevede <strong>venerd\u00ec 17 marzo<\/strong> inizio alle 16.00 (riscaldamento alle 15) con 200 stile libero, 200 farfalla, 200 dorso, 200 rana, 800 stile libero donne e 1500 uomini; <strong>sabato 18 marzo<\/strong> doppio turno: mattino dalle 9.30 (riscaldamento 8.30) con 50 farfalla,100 dorso, 50 rana, 100 stile libero e 400 misti e pomeriggio ripresa alle 16.00 (riscaldamento alle 15) con 400 stile libero, 100 farfalla, 50 dorso,100 rana, 50 stile libero e 200 misti.<\/p>\n<figure id=\"post-276808 media-276808\" class=\"align-none\"><img decoding=\"async\" src=\"https:\/\/www.intoscana.it\/wp-content\/uploads\/trofeo-citta\u0300-firenze-nuoto.jpeg\" alt=\"\" \/><\/figure>\n<h3>Atleti<\/h3>\n<p>Gli atleti azzurri convocati sono Federico Burdisso (Esercito\/Aurelia Nuoto), Giacomo Carini (Fiamme Gialle\/Can Vittorino da Feltre), <strong>Thomas Ceccon<\/strong> (Fiamme Oro\/Leosport), Simone Cerasuolo (Fiamme Oro\/Imolanuoto), Matteo Ciampi (Esercito\/Livorno Aquatics), Paolo Conte Bonin (Team Veneto), Marco De Tullio (CC Aniene), <strong>Leonardo Deplano<\/strong> (Carabinieri\/Aniene), <strong>Gabriele Detti<\/strong> (Esercito\/In Sport), Stefano Di Cola (Marina Militare\/Aniene), Manuel Frigo (Fiamme Oro\/Team Veneto), Lorenzo Galossi (CC Aniene), Nicol\u00f2 Martinenghi (CC Aniene), Pier Andrea Matteazzi (Esercito\/In Sport), Alessandro Miressi (Fiamme Oro\/CN Torino), Lorenzo Mora (Fiamme Rosse\/Amici del Nuoto VVFF Modena), Luca Pizzini (Carabinieri\/Bentegodi), Federico Poggio (Fiamme Azzurre\/Imolanuoto), Alberto Razzetti (Fiamme Gialle\/Genova Nuoto My Sport), <strong>Lorenzo Zazzeri<\/strong> (Esercito\/RN Florentia), <strong>Lisa Angiolini<\/strong> (Carabinieri\/Virtus Buonconvento), Martina Carraro (Fiamme Azzurre), Arianna Castiglioni (Fiamme Gialle\/Team Insubrika), Costanza Cocconcelli (Fiamme Gialle\/Azzurra 91), Sara Curtis (Team Dimensione Nuoto), Ilaria Cusinato (Fiamme Oro\/Team Veneto), Silvia Di Pietro (Carabinieri\/Aniene), <strong>Sara Franceschi<\/strong> (Fiamme Gialle\/Livorno Aquatics), Francesca Fangio (In Sport\/Esercito), Benedetta Pilato (Fiamme Oro\/Aniene), Simona Quadarella (CC Aniene), Silvia Scalia (Fiamme Gialle\/Aniene) e Chiara Tarantino (Fiamme Gialle\/In Sport).<br \/>\nNello staff, insieme al direttore tecnico della Nazionale Cesare Butini, arriveranno a Firenze i tecnici Marco Menchinelli, Claudio Rossetto, Stefano Franceschi, Matteo Giunta, Alberto Burlina e Marco Pedoja, il medico federale Lorenzo Marugo e per la video analisi il tecnico Ivo Ferretti.<\/p>\n<p>\u201c<em>Sono molto contento perch\u00e9 <strong>ritorno in Nazionale<\/strong>. \u00c8 un onore nuotare in casa \u2013 <\/em>spiega il nuotatore, <strong>Lorenzo Zazzeri<\/strong><em> \u2013 e per me \u00e8 un primo passo per la ripresa <strong>dopo uno stop di 5 mesi<\/strong>. Non vedo l\u2019ora di tornare in acqua con tutti i miei compagni. \u00c8 uno stimolo in pi\u00f9 gareggiare con i colori della Nazionale alla piscina di Bellariva. Il mio primo mese di allenamenti \u00e8 stato molto difficile. Adesso sto riprendendo il ritmo e sto riprendendo la mia nuotata. A Bellariva far\u00f2 i 100 stile libero sabato mattina ed i 50 stile libero sabato pomeriggio<\/em>\u201d.<\/p>\n<p>Le gare del trofeo saranno trasmesse in <strong>diretta Rai<\/strong>: venerd\u00ec dalle 17.30 alle 19.00 su Rai Sport + HD e sabato dalle 10.30 alle 12.00 su Rai Play e dalle 16.15 alle 17.55 su Rai Sport + HD. Ingresso per assistere alle gare: 10 euro mezza giornata, 15 euro ingresso unico mattina-pomeriggio, per maggiori informazioni: <a href=\"mailto:biglietti@rarinantesflorentia.it\">biglietti@rarinantesflorentia.it<\/a><\/p>\n<p>&nbsp;<\/p>\n","protected":false},"excerpt":{"rendered":"<p>Venerd\u00ec 17 e sabato 18 marzo alla piscina Nannini di Bellariva si terr\u00e0 il trofeo nazionale Citt\u00e0 di Firenze organizzato dalla Rari Nantes Florentia. In vasca oltre ai 32 atleti della nazionale italiana ci saranno\u00a0300 nuotatori provenienti da oltre 50 societ\u00e0 italiane e selezione di atleti paralimpici<\/p>\n","protected":false},"author":507,"featured_media":242392,"comment_status":"open","ping_status":"open","sticky":false,"template":"","format":"standard","meta":{"_acf_changed":false,"footnotes":""},"categories":[494],"tags":[202,6110,6505,159],"class_list":["post-276793","post","type-post","status-publish","format-standard","has-post-thumbnail","hentry","category-attualita","tag-firenze","tag-lorenzo-zazzeri","tag-nuoto","tag-sport"],"acf":[],"yoast_head":"<!-- This site is optimized with the Yoast SEO Premium plugin v24.2 (Yoast SEO v25.6) - https:\/\/yoast.com\/wordpress\/plugins\/seo\/ -->\n<title>Nuoto, la nazionale azzurra ospite d&#039;onore del trofeo Citt\u00e0 di Firenze - intoscana<\/title>\n<meta name=\"robots\" content=\"index, follow, max-snippet:-1, max-image-preview:large, max-video-preview:-1\" \/>\n<link rel=\"canonical\" href=\"https:\/\/www.intoscana.it\/it\/nuoto-la-nazionale-azzurra-ospite-donore-del-trofeo-citta-di-firenze\/\" \/>\n<meta property=\"og:locale\" content=\"it_IT\" \/>\n<meta property=\"og:type\" content=\"article\" \/>\n<meta property=\"og:title\" content=\"Nuoto, la nazionale azzurra ospite d&#039;onore del trofeo Citt\u00e0 di Firenze\" \/>\n<meta property=\"og:description\" content=\"Venerd\u00ec 17 e sabato 18 marzo alla piscina Nannini di Bellariva si terr\u00e0 il trofeo nazionale Citt\u00e0 di Firenze organizzato dalla Rari Nantes Florentia. In vasca oltre ai 32 atleti della nazionale italiana ci saranno\u00a0300 nuotatori provenienti da oltre 50 societ\u00e0 italiane e selezione di atleti paralimpici\" \/>\n<meta property=\"og:url\" content=\"https:\/\/www.intoscana.it\/it\/nuoto-la-nazionale-azzurra-ospite-donore-del-trofeo-citta-di-firenze\/\" \/>\n<meta property=\"og:site_name\" content=\"intoscana\" \/>\n<meta property=\"article:publisher\" content=\"https:\/\/www.facebook.com\/intoscana.it\" \/>\n<meta property=\"article:published_time\" content=\"2023-03-14T14:36:07+00:00\" \/>\n<meta property=\"og:image\" content=\"https:\/\/www.intoscana.it\/wp-content\/uploads\/zazzeri-e1660635976173.jpeg\" \/>\n\t<meta property=\"og:image:width\" content=\"676\" \/>\n\t<meta property=\"og:image:height\" content=\"282\" \/>\n\t<meta property=\"og:image:type\" content=\"image\/jpeg\" \/>\n<meta name=\"author\" content=\"Chiara Bianchini\" \/>\n<meta name=\"twitter:card\" content=\"summary_large_image\" \/>\n<meta name=\"twitter:creator\" content=\"@intoscana\" \/>\n<meta name=\"twitter:site\" content=\"@intoscana\" \/>\n<meta name=\"twitter:label1\" content=\"Written by\" \/>\n\t<meta name=\"twitter:data1\" content=\"Chiara Bianchini\" \/>\n\t<meta name=\"twitter:label2\" content=\"Est. reading time\" \/>\n\t<meta name=\"twitter:data2\" content=\"4 minuti\" \/>\n<script type=\"application\/ld+json\" class=\"yoast-schema-graph\">{\"@context\":\"https:\/\/schema.org\",\"@graph\":[{\"@type\":\"WebPage\",\"@id\":\"https:\/\/www.intoscana.it\/it\/nuoto-la-nazionale-azzurra-ospite-donore-del-trofeo-citta-di-firenze\/\",\"url\":\"https:\/\/www.intoscana.it\/it\/nuoto-la-nazionale-azzurra-ospite-donore-del-trofeo-citta-di-firenze\/\",\"name\":\"Nuoto, la nazionale azzurra ospite d'onore del trofeo Citt\u00e0 di Firenze - intoscana\",\"isPartOf\":{\"@id\":\"https:\/\/www.intoscana.it\/it\/#website\"},\"primaryImageOfPage\":{\"@id\":\"https:\/\/www.intoscana.it\/it\/nuoto-la-nazionale-azzurra-ospite-donore-del-trofeo-citta-di-firenze\/#primaryimage\"},\"image\":{\"@id\":\"https:\/\/www.intoscana.it\/it\/nuoto-la-nazionale-azzurra-ospite-donore-del-trofeo-citta-di-firenze\/#primaryimage\"},\"thumbnailUrl\":\"https:\/\/www.intoscana.it\/wp-content\/uploads\/zazzeri-e1660635976173.jpeg\",\"datePublished\":\"2023-03-14T14:36:07+00:00\",\"author\":{\"@id\":\"https:\/\/www.intoscana.it\/it\/#\/schema\/person\/010af92117f50561886339ad5b873a41\"},\"breadcrumb\":{\"@id\":\"https:\/\/www.intoscana.it\/it\/nuoto-la-nazionale-azzurra-ospite-donore-del-trofeo-citta-di-firenze\/#breadcrumb\"},\"inLanguage\":\"it-IT\",\"potentialAction\":[{\"@type\":\"ReadAction\",\"target\":[\"https:\/\/www.intoscana.it\/it\/nuoto-la-nazionale-azzurra-ospite-donore-del-trofeo-citta-di-firenze\/\"]}]},{\"@type\":\"ImageObject\",\"inLanguage\":\"it-IT\",\"@id\":\"https:\/\/www.intoscana.it\/it\/nuoto-la-nazionale-azzurra-ospite-donore-del-trofeo-citta-di-firenze\/#primaryimage\",\"url\":\"https:\/\/www.intoscana.it\/wp-content\/uploads\/zazzeri-e1660635976173.jpeg\",\"contentUrl\":\"https:\/\/www.intoscana.it\/wp-content\/uploads\/zazzeri-e1660635976173.jpeg\",\"width\":676,\"height\":282,\"caption\":\"Lorenzo Zazzeri (primo a sinistra), medaglia d'oro staffetta 4x100 Europei nuoto Roma 2022\"},{\"@type\":\"BreadcrumbList\",\"@id\":\"https:\/\/www.intoscana.it\/it\/nuoto-la-nazionale-azzurra-ospite-donore-del-trofeo-citta-di-firenze\/#breadcrumb\",\"itemListElement\":[{\"@type\":\"ListItem\",\"position\":1,\"name\":\"Home\",\"item\":\"https:\/\/www.intoscana.it\/it\/\"},{\"@type\":\"ListItem\",\"position\":2,\"name\":\"Nuoto, la nazionale azzurra ospite d&#8217;onore del trofeo Citt\u00e0 di Firenze\"}]},{\"@type\":\"WebSite\",\"@id\":\"https:\/\/www.intoscana.it\/it\/#website\",\"url\":\"https:\/\/www.intoscana.it\/it\/\",\"name\":\"intoscana\",\"description\":\"\",\"potentialAction\":[{\"@type\":\"SearchAction\",\"target\":{\"@type\":\"EntryPoint\",\"urlTemplate\":\"https:\/\/www.intoscana.it\/it\/?s={search_term_string}\"},\"query-input\":{\"@type\":\"PropertyValueSpecification\",\"valueRequired\":true,\"valueName\":\"search_term_string\"}}],\"inLanguage\":\"it-IT\"},{\"@type\":\"Person\",\"@id\":\"https:\/\/www.intoscana.it\/it\/#\/schema\/person\/010af92117f50561886339ad5b873a41\",\"name\":\"Chiara Bianchini\",\"sameAs\":[\"c.bianchini@fst.it\"],\"url\":\"https:\/\/www.intoscana.it\/it\/author\/chiara-bianchini\/\"}]}<\/script>\n<!-- \/ Yoast SEO Premium plugin. -->","yoast_head_json":{"title":"Nuoto, la nazionale azzurra ospite d'onore del trofeo Citt\u00e0 di Firenze - intoscana","robots":{"index":"index","follow":"follow","max-snippet":"max-snippet:-1","max-image-preview":"max-image-preview:large","max-video-preview":"max-video-preview:-1"},"canonical":"https:\/\/www.intoscana.it\/it\/nuoto-la-nazionale-azzurra-ospite-donore-del-trofeo-citta-di-firenze\/","og_locale":"it_IT","og_type":"article","og_title":"Nuoto, la nazionale azzurra ospite d'onore del trofeo Citt\u00e0 di Firenze","og_description":"Venerd\u00ec 17 e sabato 18 marzo alla piscina Nannini di Bellariva si terr\u00e0 il trofeo nazionale Citt\u00e0 di Firenze organizzato dalla Rari Nantes Florentia. In vasca oltre ai 32 atleti della nazionale italiana ci saranno\u00a0300 nuotatori provenienti da oltre 50 societ\u00e0 italiane e selezione di atleti paralimpici","og_url":"https:\/\/www.intoscana.it\/it\/nuoto-la-nazionale-azzurra-ospite-donore-del-trofeo-citta-di-firenze\/","og_site_name":"intoscana","article_publisher":"https:\/\/www.facebook.com\/intoscana.it","article_published_time":"2023-03-14T14:36:07+00:00","og_image":[{"width":676,"height":282,"url":"https:\/\/www.intoscana.it\/wp-content\/uploads\/zazzeri-e1660635976173.jpeg","type":"image\/jpeg"}],"author":"Chiara Bianchini","twitter_card":"summary_large_image","twitter_creator":"@intoscana","twitter_site":"@intoscana","twitter_misc":{"Written by":"Chiara Bianchini","Est. reading time":"4 minuti"},"schema":{"@context":"https:\/\/schema.org","@graph":[{"@type":"WebPage","@id":"https:\/\/www.intoscana.it\/it\/nuoto-la-nazionale-azzurra-ospite-donore-del-trofeo-citta-di-firenze\/","url":"https:\/\/www.intoscana.it\/it\/nuoto-la-nazionale-azzurra-ospite-donore-del-trofeo-citta-di-firenze\/","name":"Nuoto, la nazionale azzurra ospite d'onore del trofeo Citt\u00e0 di Firenze - intoscana","isPartOf":{"@id":"https:\/\/www.intoscana.it\/it\/#website"},"primaryImageOfPage":{"@id":"https:\/\/www.intoscana.it\/it\/nuoto-la-nazionale-azzurra-ospite-donore-del-trofeo-citta-di-firenze\/#primaryimage"},"image":{"@id":"https:\/\/www.intoscana.it\/it\/nuoto-la-nazionale-azzurra-ospite-donore-del-trofeo-citta-di-firenze\/#primaryimage"},"thumbnailUrl":"https:\/\/www.intoscana.it\/wp-content\/uploads\/zazzeri-e1660635976173.jpeg","datePublished":"2023-03-14T14:36:07+00:00","author":{"@id":"https:\/\/www.intoscana.it\/it\/#\/schema\/person\/010af92117f50561886339ad5b873a41"},"breadcrumb":{"@id":"https:\/\/www.intoscana.it\/it\/nuoto-la-nazionale-azzurra-ospite-donore-del-trofeo-citta-di-firenze\/#breadcrumb"},"inLanguage":"it-IT","potentialAction":[{"@type":"ReadAction","target":["https:\/\/www.intoscana.it\/it\/nuoto-la-nazionale-azzurra-ospite-donore-del-trofeo-citta-di-firenze\/"]}]},{"@type":"ImageObject","inLanguage":"it-IT","@id":"https:\/\/www.intoscana.it\/it\/nuoto-la-nazionale-azzurra-ospite-donore-del-trofeo-citta-di-firenze\/#primaryimage","url":"https:\/\/www.intoscana.it\/wp-content\/uploads\/zazzeri-e1660635976173.jpeg","contentUrl":"https:\/\/www.intoscana.it\/wp-content\/uploads\/zazzeri-e1660635976173.jpeg","width":676,"height":282,"caption":"Lorenzo Zazzeri (primo a sinistra), medaglia d'oro staffetta 4x100 Europei nuoto Roma 2022"},{"@type":"BreadcrumbList","@id":"https:\/\/www.intoscana.it\/it\/nuoto-la-nazionale-azzurra-ospite-donore-del-trofeo-citta-di-firenze\/#breadcrumb","itemListElement":[{"@type":"ListItem","position":1,"name":"Home","item":"https:\/\/www.intoscana.it\/it\/"},{"@type":"ListItem","position":2,"name":"Nuoto, la nazionale azzurra ospite d&#8217;onore del trofeo Citt\u00e0 di Firenze"}]},{"@type":"WebSite","@id":"https:\/\/www.intoscana.it\/it\/#website","url":"https:\/\/www.intoscana.it\/it\/","name":"intoscana","description":"","potentialAction":[{"@type":"SearchAction","target":{"@type":"EntryPoint","urlTemplate":"https:\/\/www.intoscana.it\/it\/?s={search_term_string}"},"query-input":{"@type":"PropertyValueSpecification","valueRequired":true,"valueName":"search_term_string"}}],"inLanguage":"it-IT"},{"@type":"Person","@id":"https:\/\/www.intoscana.it\/it\/#\/schema\/person\/010af92117f50561886339ad5b873a41","name":"Chiara Bianchini","sameAs":["c.bianchini@fst.it"],"url":"https:\/\/www.intoscana.it\/it\/author\/chiara-bianchini\/"}]}},"_links":{"self":[{"href":"https:\/\/www.intoscana.it\/it\/wp-json\/wp\/v2\/posts\/276793","targetHints":{"allow":["GET"]}}],"collection":[{"href":"https:\/\/www.intoscana.it\/it\/wp-json\/wp\/v2\/posts"}],"about":[{"href":"https:\/\/www.intoscana.it\/it\/wp-json\/wp\/v2\/types\/post"}],"author":[{"embeddable":true,"href":"https:\/\/www.intoscana.it\/it\/wp-json\/wp\/v2\/users\/507"}],"replies":[{"embeddable":true,"href":"https:\/\/www.intoscana.it\/it\/wp-json\/wp\/v2\/comments?post=276793"}],"version-history":[{"count":0,"href":"https:\/\/www.intoscana.it\/it\/wp-json\/wp\/v2\/posts\/276793\/revisions"}],"wp:featuredmedia":[{"embeddable":true,"href":"https:\/\/www.intoscana.it\/it\/wp-json\/wp\/v2\/media\/242392"}],"wp:attachment":[{"href":"https:\/\/www.intoscana.it\/it\/wp-json\/wp\/v2\/media?parent=276793"}],"wp:term":[{"taxonomy":"category","embeddable":true,"href":"https:\/\/www.intoscana.it\/it\/wp-json\/wp\/v2\/categories?post=276793"},{"taxonomy":"post_tag","embeddable":true,"href":"https:\/\/www.intoscana.it\/it\/wp-json\/wp\/v2\/tags?post=276793"}],"curies":[{"name":"wp","href":"https:\/\/api.w.org\/{rel}","templated":true}]}}