{"id":276919,"date":"2023-03-15T11:35:28","date_gmt":"2023-03-15T10:35:28","guid":{"rendered":"https:\/\/www.intoscana.it\/it\/?p=276919"},"modified":"2023-03-16T11:32:59","modified_gmt":"2023-03-16T10:32:59","slug":"covid-227-nuovi-casi","status":"publish","type":"post","link":"https:\/\/www.intoscana.it\/it\/covid-227-nuovi-casi\/","title":{"rendered":"Covid, 227 nuovi casi. Oggi non si registrano decessi"},"content":{"rendered":"<p><mark> Sono 227 i nuovi casi di Covid-19 registrati nelle ultime ventiquattro ore in Toscana <\/mark>: <strong>60<\/strong> sono stati confermati con tampone molecolare e gli altri <strong>167<\/strong> con test rapido.<\/p>\n<h3>Il dettaglio in Toscana<\/h3>\n<p>Il numero dei contagiati rilevati nella regione dall&#8217;inizio della pandemia sale dunque a <strong>1.592.510<\/strong>. I nuovi casi sono lo 0,01% in pi\u00f9 rispetto al totale del giorno precedente. I guariti crescono dello 0,02% (305 persone) e raggiungono quota 1.573.652 (98,8% dei casi totali).<\/p>\n<p>Al momento in Toscana risultano pertanto <strong>7.250 positivi,<\/strong> -1,1% rispetto a ieri. Di questi <mark>150 (2 in meno rispetto a ieri) sono ricoverati in ospedale: 6 (1 in pi\u00f9) si trovano in terapia intensiva <\/mark>.<\/p>\n<p>Dall&#8217;ultimo bollettino quotidiano sono stati eseguiti 325 tamponi molecolari e 2.599 tamponi antigenici rapidi: di questi il 7,8% \u00e8 risultato positivo. Sono invece 419 i soggetti testati, escludendo i tamponi di controllo: il 54,2% di questi \u00e8 risultato positivo.<\/p>\n<h3>L&#8217;andamento per provincia<\/h3>\n<p>Con gli ultimi casi salgono a <strong>426.199<\/strong> i positivi dall&#8217;inizio dell&#8217;emergenza nei comuni della Citt\u00e0 metropolitana di Firenze (62 in pi\u00f9 rispetto a ieri), 103.727 in provincia di Prato (17 in pi\u00f9), 123.505 a Pistoia (14 in pi\u00f9), 83.478 a Massa Carrara (6 in pi\u00f9), 173.596 a Lucca (22 in pi\u00f9), 186.529 a Pisa (19 in pi\u00f9), 147.017 a Livorno (10 in pi\u00f9), 143.822 ad Arezzo (29 in pi\u00f9), 114.028 a Siena (33 in pi\u00f9) e 89.304 a Grosseto (15 in pi\u00f9). A questi vanno aggiunti 569 casi di positivit\u00e0 notificati in Toscana ma che riguardano residenti in altre regioni.<\/p>\n<p>La Toscana ha circa 43.473 casi complessivi ogni 100.000 abitanti dall&#8217;inizio della pandemia (tra residenti e non residenti). Al momento la provincia di notifica con il tasso pi\u00f9 alto \u00e9 Lucca (con 45.389 casi ogni 100 mila abitanti), seguita da Livorno (44.923) e Pisa (44.727). La pi\u00f9 bassa concentrazione si riscontra a Prato (con un tasso di 40.185).<\/p>\n<p>In 7.100 sono in isolamento a casa, perch\u00e9 presentano sintomi lievi che non richiedono cure ospedaliere o risultano prive di sintomi (76 in meno rispetto a ieri, meno 1,1%).<\/p>\n<p>I 1.573.652 guariti registrati a oggi lo sono a tutti gli effetti, da un punto di vista virale, certificati con tampone negativo.<\/p>\n<h3>I decessi<\/h3>\n<p><mark>Oggi fortunatamente non si registrano nuovi decessi.<\/mark> Restano quindi 11.608 i deceduti dall&#8217;inizio dell&#8217;epidemia: 3.682 nella Citt\u00e0 metropolitana di Firenze, 945 in provincia di Prato, 1.038 a Pistoia, 716 a Massa Carrara, 1.068 a Lucca, 1.291 a Pisa, 872 a Livorno, 749 ad Arezzo, 652 a Siena, 424 a Grosseto. Vanno aggiunte 171 persone decedute sul suolo toscano ma erano residenti fuori regione.<\/p>\n<p>Il tasso grezzo di mortalit\u00e0 per Covid-19 (numero di deceduti\/popolazione residente) \u00e8 al momento 316,9 ogni 100 mila residenti. Per quanto riguarda le province, il tasso di mortalit\u00e0 pi\u00f9 alto si riscontra a Massa Carrara (379,9 ogni 100 mila abitanti), seguita da Firenze (373,0 x100.000) e Prato (366,1 x100.000), mentre il pi\u00f9 basso \u00e8 a Grosseto (195,4 x100.000).<\/p>\n","protected":false},"excerpt":{"rendered":"<p>Il numero dei contagiati rilevati nella regione dall&#8217;inizio della pandemia sale a 1.592.510. Stabili in sostanza i ricoveri. La buona notizia \u00e8 che oggi non si registrano decessi<\/p>\n","protected":false},"author":525,"featured_media":235724,"comment_status":"open","ping_status":"open","sticky":false,"template":"","format":"standard","meta":{"_acf_changed":false,"footnotes":""},"categories":[494],"tags":[4868,4809,5149,349],"class_list":["post-276919","post","type-post","status-publish","format-standard","has-post-thumbnail","hentry","category-attualita","tag-bollettino-covid-toscana","tag-covid","tag-pandemia","tag-sanita"],"acf":[],"yoast_head":"<!-- This site is optimized with the Yoast SEO Premium plugin v24.2 (Yoast SEO v25.6) - https:\/\/yoast.com\/wordpress\/plugins\/seo\/ -->\n<title>Covid, 227 nuovi casi. Oggi non si registrano decessi<\/title>\n<meta name=\"description\" content=\"Il numero dei contagiati rilevati nella regione dall&#039;inizio della pandemia sale a 1.592.510. Stabili in sostanza i ricoveri\" \/>\n<meta name=\"robots\" content=\"index, follow, max-snippet:-1, max-image-preview:large, max-video-preview:-1\" \/>\n<link rel=\"canonical\" href=\"https:\/\/www.intoscana.it\/it\/covid-227-nuovi-casi\/\" \/>\n<meta property=\"og:locale\" content=\"it_IT\" \/>\n<meta property=\"og:type\" content=\"article\" \/>\n<meta property=\"og:title\" content=\"Covid, 227 nuovi casi. Oggi non si registrano decessi\" \/>\n<meta property=\"og:description\" content=\"Il numero dei contagiati rilevati nella regione dall&#039;inizio della pandemia sale a 1.592.510. Stabili in sostanza i ricoveri\" \/>\n<meta property=\"og:url\" content=\"https:\/\/www.intoscana.it\/it\/covid-227-nuovi-casi\/\" \/>\n<meta property=\"og:site_name\" content=\"intoscana\" \/>\n<meta property=\"article:publisher\" content=\"https:\/\/www.facebook.com\/intoscana.it\" \/>\n<meta property=\"article:published_time\" content=\"2023-03-15T10:35:28+00:00\" \/>\n<meta property=\"article:modified_time\" content=\"2023-03-16T10:32:59+00:00\" \/>\n<meta property=\"og:image\" content=\"https:\/\/www.intoscana.it\/wp-content\/uploads\/infermiera-ospedale-sanita\u0300-covid-Cryptographer.jpg\" \/>\n\t<meta property=\"og:image:width\" content=\"2000\" \/>\n\t<meta property=\"og:image:height\" content=\"1333\" \/>\n\t<meta property=\"og:image:type\" content=\"image\/jpeg\" \/>\n<meta name=\"author\" content=\"Redazione\" \/>\n<meta name=\"twitter:card\" content=\"summary_large_image\" \/>\n<meta name=\"twitter:creator\" content=\"@intoscana\" \/>\n<meta name=\"twitter:site\" content=\"@intoscana\" \/>\n<meta name=\"twitter:label1\" content=\"Written by\" \/>\n\t<meta name=\"twitter:data1\" content=\"Redazione\" \/>\n\t<meta name=\"twitter:label2\" content=\"Est. reading time\" \/>\n\t<meta name=\"twitter:data2\" content=\"2 minuti\" \/>\n<script type=\"application\/ld+json\" class=\"yoast-schema-graph\">{\"@context\":\"https:\/\/schema.org\",\"@graph\":[{\"@type\":\"WebPage\",\"@id\":\"https:\/\/www.intoscana.it\/it\/covid-227-nuovi-casi\/\",\"url\":\"https:\/\/www.intoscana.it\/it\/covid-227-nuovi-casi\/\",\"name\":\"Covid, 227 nuovi casi. Oggi non si registrano decessi\",\"isPartOf\":{\"@id\":\"https:\/\/www.intoscana.it\/it\/#website\"},\"primaryImageOfPage\":{\"@id\":\"https:\/\/www.intoscana.it\/it\/covid-227-nuovi-casi\/#primaryimage\"},\"image\":{\"@id\":\"https:\/\/www.intoscana.it\/it\/covid-227-nuovi-casi\/#primaryimage\"},\"thumbnailUrl\":\"https:\/\/www.intoscana.it\/wp-content\/uploads\/infermiera-ospedale-sanita\u0300-covid-Cryptographer.jpg\",\"datePublished\":\"2023-03-15T10:35:28+00:00\",\"dateModified\":\"2023-03-16T10:32:59+00:00\",\"author\":{\"@id\":\"https:\/\/www.intoscana.it\/it\/#\/schema\/person\/9223810753230f20bd670fdd322661f8\"},\"description\":\"Il numero dei contagiati rilevati nella regione dall'inizio della pandemia sale a 1.592.510. Stabili in sostanza i ricoveri\",\"breadcrumb\":{\"@id\":\"https:\/\/www.intoscana.it\/it\/covid-227-nuovi-casi\/#breadcrumb\"},\"inLanguage\":\"it-IT\",\"potentialAction\":[{\"@type\":\"ReadAction\",\"target\":[\"https:\/\/www.intoscana.it\/it\/covid-227-nuovi-casi\/\"]}]},{\"@type\":\"ImageObject\",\"inLanguage\":\"it-IT\",\"@id\":\"https:\/\/www.intoscana.it\/it\/covid-227-nuovi-casi\/#primaryimage\",\"url\":\"https:\/\/www.intoscana.it\/wp-content\/uploads\/infermiera-ospedale-sanita\u0300-covid-Cryptographer.jpg\",\"contentUrl\":\"https:\/\/www.intoscana.it\/wp-content\/uploads\/infermiera-ospedale-sanita\u0300-covid-Cryptographer.jpg\",\"width\":2000,\"height\":1333,\"caption\":\"Dottoressa, infermiera, Covid19, sanit\u00e0, salute, ospedale, coronavirus\"},{\"@type\":\"BreadcrumbList\",\"@id\":\"https:\/\/www.intoscana.it\/it\/covid-227-nuovi-casi\/#breadcrumb\",\"itemListElement\":[{\"@type\":\"ListItem\",\"position\":1,\"name\":\"Home\",\"item\":\"https:\/\/www.intoscana.it\/it\/\"},{\"@type\":\"ListItem\",\"position\":2,\"name\":\"Covid, 227 nuovi casi. Oggi non si registrano decessi\"}]},{\"@type\":\"WebSite\",\"@id\":\"https:\/\/www.intoscana.it\/it\/#website\",\"url\":\"https:\/\/www.intoscana.it\/it\/\",\"name\":\"intoscana\",\"description\":\"\",\"potentialAction\":[{\"@type\":\"SearchAction\",\"target\":{\"@type\":\"EntryPoint\",\"urlTemplate\":\"https:\/\/www.intoscana.it\/it\/?s={search_term_string}\"},\"query-input\":{\"@type\":\"PropertyValueSpecification\",\"valueRequired\":true,\"valueName\":\"search_term_string\"}}],\"inLanguage\":\"it-IT\"},{\"@type\":\"Person\",\"@id\":\"https:\/\/www.intoscana.it\/it\/#\/schema\/person\/9223810753230f20bd670fdd322661f8\",\"name\":\"Redazione\",\"url\":\"https:\/\/www.intoscana.it\/it\/author\/redazione\/\"}]}<\/script>\n<!-- \/ Yoast SEO Premium plugin. -->","yoast_head_json":{"title":"Covid, 227 nuovi casi. Oggi non si registrano decessi","description":"Il numero dei contagiati rilevati nella regione dall'inizio della pandemia sale a 1.592.510. Stabili in sostanza i ricoveri","robots":{"index":"index","follow":"follow","max-snippet":"max-snippet:-1","max-image-preview":"max-image-preview:large","max-video-preview":"max-video-preview:-1"},"canonical":"https:\/\/www.intoscana.it\/it\/covid-227-nuovi-casi\/","og_locale":"it_IT","og_type":"article","og_title":"Covid, 227 nuovi casi. Oggi non si registrano decessi","og_description":"Il numero dei contagiati rilevati nella regione dall'inizio della pandemia sale a 1.592.510. Stabili in sostanza i ricoveri","og_url":"https:\/\/www.intoscana.it\/it\/covid-227-nuovi-casi\/","og_site_name":"intoscana","article_publisher":"https:\/\/www.facebook.com\/intoscana.it","article_published_time":"2023-03-15T10:35:28+00:00","article_modified_time":"2023-03-16T10:32:59+00:00","og_image":[{"width":2000,"height":1333,"url":"https:\/\/www.intoscana.it\/wp-content\/uploads\/infermiera-ospedale-sanita\u0300-covid-Cryptographer.jpg","type":"image\/jpeg"}],"author":"Redazione","twitter_card":"summary_large_image","twitter_creator":"@intoscana","twitter_site":"@intoscana","twitter_misc":{"Written by":"Redazione","Est. reading time":"2 minuti"},"schema":{"@context":"https:\/\/schema.org","@graph":[{"@type":"WebPage","@id":"https:\/\/www.intoscana.it\/it\/covid-227-nuovi-casi\/","url":"https:\/\/www.intoscana.it\/it\/covid-227-nuovi-casi\/","name":"Covid, 227 nuovi casi. Oggi non si registrano decessi","isPartOf":{"@id":"https:\/\/www.intoscana.it\/it\/#website"},"primaryImageOfPage":{"@id":"https:\/\/www.intoscana.it\/it\/covid-227-nuovi-casi\/#primaryimage"},"image":{"@id":"https:\/\/www.intoscana.it\/it\/covid-227-nuovi-casi\/#primaryimage"},"thumbnailUrl":"https:\/\/www.intoscana.it\/wp-content\/uploads\/infermiera-ospedale-sanita\u0300-covid-Cryptographer.jpg","datePublished":"2023-03-15T10:35:28+00:00","dateModified":"2023-03-16T10:32:59+00:00","author":{"@id":"https:\/\/www.intoscana.it\/it\/#\/schema\/person\/9223810753230f20bd670fdd322661f8"},"description":"Il numero dei contagiati rilevati nella regione dall'inizio della pandemia sale a 1.592.510. Stabili in sostanza i ricoveri","breadcrumb":{"@id":"https:\/\/www.intoscana.it\/it\/covid-227-nuovi-casi\/#breadcrumb"},"inLanguage":"it-IT","potentialAction":[{"@type":"ReadAction","target":["https:\/\/www.intoscana.it\/it\/covid-227-nuovi-casi\/"]}]},{"@type":"ImageObject","inLanguage":"it-IT","@id":"https:\/\/www.intoscana.it\/it\/covid-227-nuovi-casi\/#primaryimage","url":"https:\/\/www.intoscana.it\/wp-content\/uploads\/infermiera-ospedale-sanita\u0300-covid-Cryptographer.jpg","contentUrl":"https:\/\/www.intoscana.it\/wp-content\/uploads\/infermiera-ospedale-sanita\u0300-covid-Cryptographer.jpg","width":2000,"height":1333,"caption":"Dottoressa, infermiera, Covid19, sanit\u00e0, salute, ospedale, coronavirus"},{"@type":"BreadcrumbList","@id":"https:\/\/www.intoscana.it\/it\/covid-227-nuovi-casi\/#breadcrumb","itemListElement":[{"@type":"ListItem","position":1,"name":"Home","item":"https:\/\/www.intoscana.it\/it\/"},{"@type":"ListItem","position":2,"name":"Covid, 227 nuovi casi. Oggi non si registrano decessi"}]},{"@type":"WebSite","@id":"https:\/\/www.intoscana.it\/it\/#website","url":"https:\/\/www.intoscana.it\/it\/","name":"intoscana","description":"","potentialAction":[{"@type":"SearchAction","target":{"@type":"EntryPoint","urlTemplate":"https:\/\/www.intoscana.it\/it\/?s={search_term_string}"},"query-input":{"@type":"PropertyValueSpecification","valueRequired":true,"valueName":"search_term_string"}}],"inLanguage":"it-IT"},{"@type":"Person","@id":"https:\/\/www.intoscana.it\/it\/#\/schema\/person\/9223810753230f20bd670fdd322661f8","name":"Redazione","url":"https:\/\/www.intoscana.it\/it\/author\/redazione\/"}]}},"_links":{"self":[{"href":"https:\/\/www.intoscana.it\/it\/wp-json\/wp\/v2\/posts\/276919","targetHints":{"allow":["GET"]}}],"collection":[{"href":"https:\/\/www.intoscana.it\/it\/wp-json\/wp\/v2\/posts"}],"about":[{"href":"https:\/\/www.intoscana.it\/it\/wp-json\/wp\/v2\/types\/post"}],"author":[{"embeddable":true,"href":"https:\/\/www.intoscana.it\/it\/wp-json\/wp\/v2\/users\/525"}],"replies":[{"embeddable":true,"href":"https:\/\/www.intoscana.it\/it\/wp-json\/wp\/v2\/comments?post=276919"}],"version-history":[{"count":0,"href":"https:\/\/www.intoscana.it\/it\/wp-json\/wp\/v2\/posts\/276919\/revisions"}],"wp:featuredmedia":[{"embeddable":true,"href":"https:\/\/www.intoscana.it\/it\/wp-json\/wp\/v2\/media\/235724"}],"wp:attachment":[{"href":"https:\/\/www.intoscana.it\/it\/wp-json\/wp\/v2\/media?parent=276919"}],"wp:term":[{"taxonomy":"category","embeddable":true,"href":"https:\/\/www.intoscana.it\/it\/wp-json\/wp\/v2\/categories?post=276919"},{"taxonomy":"post_tag","embeddable":true,"href":"https:\/\/www.intoscana.it\/it\/wp-json\/wp\/v2\/tags?post=276919"}],"curies":[{"name":"wp","href":"https:\/\/api.w.org\/{rel}","templated":true}]}}