{"id":277260,"date":"2023-03-16T14:40:22","date_gmt":"2023-03-16T13:40:22","guid":{"rendered":"https:\/\/www.intoscana.it\/it\/?p=277260"},"modified":"2023-03-16T15:27:00","modified_gmt":"2023-03-16T14:27:00","slug":"turismo-outdoor-la-toscana-presenta-terme-e-territori-al-salon-destinations-nature","status":"publish","type":"post","link":"https:\/\/www.intoscana.it\/it\/turismo-outdoor-la-toscana-presenta-terme-e-territori-al-salon-destinations-nature\/","title":{"rendered":"Turismo outdoor, la Toscana presenta terme e territori al Salon destinations nature"},"content":{"rendered":"<p>L\u2019offerta toscana in tema di <strong>turismo all\u2019aria aperta<\/strong> sar\u00e0 tra i protagonisti dell\u2019edizione numero 38 del \u2018<em>Salon Destinations Nature<\/em>\u2019, in corso fino a domenica 19 marzo, <strong>all\u2019Expo di Parigi<\/strong>-Porte de Versailles. Si tratta di uno degli appuntamenti pi\u00f9 importanti a livello internazionale dedicato al <strong>mondo dell\u2019escursionismo<\/strong>, inteso in tutte le sue declinazioni e rappresentato in tutti i suoi ambiti.<\/p>\n<p><strong>Toscana Promozione Turistica<\/strong> porter\u00e0 in Francia le proposte toscane nel proprio stand di 60mq (presso il padiglione 4 \u2013 E 106), interamente concepito per rappresentare e promuovere i segmenti d\u2019offerta inerenti al turismo outdoor: <mark>natura e sport, turismo slow e scoperta del territorio attraverso escursioni, cicloturismo e cammini, turismo sostenibile e accessibile<\/mark>.<\/p>\n<h3>Passerella per terme e ambiti toscani<\/h3>\n<p>Prima dell\u2019apertura ufficiale del Salon, si \u00e8 tenuto un evento speciale presso il Salon Op\u00e9ra, al quarto piano de Les Galeries Lafayette, durante il quale \u00e8 stata presentata alla stampa francese <strong>la destinazione Toscana<\/strong>. I giornalisti hanno incontrato <strong>gli otto ambiti toscani<\/strong> presenti al Salon (<mark>Maremma Nord, Mugello, Pistoia e Montagna Pistoiese, Lunigiana, Arezzo, Chianti, Casentino<\/mark>), nel corso di un workshop organizzato per promuovere i territori e <mark>le terme toscane di Chianciano, Saturnia, Gambassi e Cascina<\/mark>. Nel corso dell\u2019evento \u00e8 stato offerto un assaggio di <strong>prodotti e piatti toscani<\/strong> ed \u00e8 stato possibile provare <strong>i trattamenti termali<\/strong> pi\u00f9 innovativi offerti dalle terme toscane.<\/p>\n<figure id=\"post-267944 media-267944\" class=\"align-none\"><img decoding=\"async\" src=\"https:\/\/www.intoscana.it\/wp-content\/uploads\/DJI_0303-Modifica-scaled.jpeg\" alt=\"\" \/><\/figure>\n<div class=\"titleimg\">Terme di Saturnia<\/div>\n<h3>L&#8217;intesa con la Valle della Loira<\/h3>\n<p>Inoltre \u00e8 stata siglata una collaborazione tra Toscana Promozione Turistica ed il <strong>Comit\u00e9 R\u00e9gional de Tourisme Centre-Val de Loire<\/strong> (CRT), per la promozione congiunta delle due destinazioni turistiche. Alla firma sono intervenuti l\u2019assessore all\u2019economia e al turismo <strong>Leonardo Marras<\/strong>, il presidente della Region Val de Loire <strong>Ms Bonneau<\/strong>, il direttore di Toscana Promozione Turistica <strong>Francesco Tapinassi<\/strong> ed il presidente di CRT <strong>Pierre Alain Roiron<\/strong>.<\/p>\n<h3>Non solo arte e cultura<\/h3>\n<p>\u201c<em>Il segmento dell\u2019outdoor<\/em> \u2013 ha commentato<strong> l\u2019assessore Marras<\/strong> \u2013 <em>sta rivestendo un\u2019importanza sempre maggiore, anche dal punto di vista economico. E la Toscana ha deciso di puntarci in modo deciso. E\u2019 vero, siamo la regione dell\u2019arte e della cultura, siamo famosi per il Rinascimento e per tutti i tesori che abbiamo ricevuto in eredit\u00e0, sparsi un po&#8217; dappertutto. Ma siamo anche una meta rinomata per il mare e la campagna, le colline, le montagne, per le tantissime occasioni di contatto diretto con la natura che questa regione \u00e8 in grado di regalare al visitatore. Sci, trekking, cicloturismo e una rete di cammini in continua evoluzione e ampliamento. Sempre con un\u2019attenzione alla sostenibilit\u00e0 e alla tutela di tutti questi spazi, ma anche alla rivitalizzazione di quelle aree meno visitate ma in grado di far vivere esperienze e stimolare motivazioni di viaggio<\/em>\u201d.<\/p>\n","protected":false},"excerpt":{"rendered":"<p>L\u2019assessore Marras: &#8220;Sci, trekking, cicloturismo e una rete di cammini in continua evoluzione e ampliamento per promuovere il territorio\u201d<\/p>\n","protected":false},"author":525,"featured_media":277262,"comment_status":"open","ping_status":"open","sticky":false,"template":"","format":"standard","meta":{"_acf_changed":false,"footnotes":""},"categories":[6],"tags":[5008,4706,143],"class_list":["post-277260","post","type-post","status-publish","format-standard","has-post-thumbnail","hentry","category-viaggi","tag-leonardo-marras","tag-toscana-promozione-turistica","tag-turismo"],"acf":[],"yoast_head":"<!-- This site is optimized with the Yoast SEO Premium plugin v24.2 (Yoast SEO v25.6) - https:\/\/yoast.com\/wordpress\/plugins\/seo\/ -->\n<title>Turismo outdoor, la Toscana presenta terme e territori a Parigi - intoscana<\/title>\n<meta name=\"description\" content=\"L\u2019assessore Marras: &quot;Sci, trekking, cicloturismo e una rete di cammini in continua evoluzione per promuovere il territorio\u201d\" \/>\n<meta name=\"robots\" content=\"index, follow, max-snippet:-1, max-image-preview:large, max-video-preview:-1\" \/>\n<link rel=\"canonical\" href=\"https:\/\/www.intoscana.it\/it\/turismo-outdoor-la-toscana-presenta-terme-e-territori-al-salon-destinations-nature\/\" \/>\n<meta property=\"og:locale\" content=\"it_IT\" \/>\n<meta property=\"og:type\" content=\"article\" \/>\n<meta property=\"og:title\" content=\"Turismo outdoor, la Toscana presenta terme e territori al Salon destinations nature\" \/>\n<meta property=\"og:description\" content=\"L\u2019assessore Marras: &quot;Sci, trekking, cicloturismo e una rete di cammini in continua evoluzione per promuovere il territorio\u201d\" \/>\n<meta property=\"og:url\" content=\"https:\/\/www.intoscana.it\/it\/turismo-outdoor-la-toscana-presenta-terme-e-territori-al-salon-destinations-nature\/\" \/>\n<meta property=\"og:site_name\" content=\"intoscana\" \/>\n<meta property=\"article:publisher\" content=\"https:\/\/www.facebook.com\/intoscana.it\" \/>\n<meta property=\"article:published_time\" content=\"2023-03-16T13:40:22+00:00\" \/>\n<meta property=\"article:modified_time\" content=\"2023-03-16T14:27:00+00:00\" \/>\n<meta property=\"og:image\" content=\"https:\/\/www.intoscana.it\/wp-content\/uploads\/salon-destinations-nature-e1678972517851.jpg\" \/>\n\t<meta property=\"og:image:width\" content=\"768\" \/>\n\t<meta property=\"og:image:height\" content=\"675\" \/>\n\t<meta property=\"og:image:type\" content=\"image\/jpeg\" \/>\n<meta name=\"author\" content=\"Redazione\" \/>\n<meta name=\"twitter:card\" content=\"summary_large_image\" \/>\n<meta name=\"twitter:creator\" content=\"@intoscana\" \/>\n<meta name=\"twitter:site\" content=\"@intoscana\" \/>\n<meta name=\"twitter:label1\" content=\"Written by\" \/>\n\t<meta name=\"twitter:data1\" content=\"Redazione\" \/>\n\t<meta name=\"twitter:label2\" content=\"Est. reading time\" \/>\n\t<meta name=\"twitter:data2\" content=\"2 minuti\" \/>\n<script type=\"application\/ld+json\" class=\"yoast-schema-graph\">{\"@context\":\"https:\/\/schema.org\",\"@graph\":[{\"@type\":\"WebPage\",\"@id\":\"https:\/\/www.intoscana.it\/it\/turismo-outdoor-la-toscana-presenta-terme-e-territori-al-salon-destinations-nature\/\",\"url\":\"https:\/\/www.intoscana.it\/it\/turismo-outdoor-la-toscana-presenta-terme-e-territori-al-salon-destinations-nature\/\",\"name\":\"Turismo outdoor, la Toscana presenta terme e territori a Parigi - intoscana\",\"isPartOf\":{\"@id\":\"https:\/\/www.intoscana.it\/it\/#website\"},\"primaryImageOfPage\":{\"@id\":\"https:\/\/www.intoscana.it\/it\/turismo-outdoor-la-toscana-presenta-terme-e-territori-al-salon-destinations-nature\/#primaryimage\"},\"image\":{\"@id\":\"https:\/\/www.intoscana.it\/it\/turismo-outdoor-la-toscana-presenta-terme-e-territori-al-salon-destinations-nature\/#primaryimage\"},\"thumbnailUrl\":\"https:\/\/www.intoscana.it\/wp-content\/uploads\/salon-destinations-nature-e1678972517851.jpg\",\"datePublished\":\"2023-03-16T13:40:22+00:00\",\"dateModified\":\"2023-03-16T14:27:00+00:00\",\"author\":{\"@id\":\"https:\/\/www.intoscana.it\/it\/#\/schema\/person\/9223810753230f20bd670fdd322661f8\"},\"description\":\"L\u2019assessore Marras: \\\"Sci, trekking, cicloturismo e una rete di cammini in continua evoluzione per promuovere il territorio\u201d\",\"breadcrumb\":{\"@id\":\"https:\/\/www.intoscana.it\/it\/turismo-outdoor-la-toscana-presenta-terme-e-territori-al-salon-destinations-nature\/#breadcrumb\"},\"inLanguage\":\"it-IT\",\"potentialAction\":[{\"@type\":\"ReadAction\",\"target\":[\"https:\/\/www.intoscana.it\/it\/turismo-outdoor-la-toscana-presenta-terme-e-territori-al-salon-destinations-nature\/\"]}]},{\"@type\":\"ImageObject\",\"inLanguage\":\"it-IT\",\"@id\":\"https:\/\/www.intoscana.it\/it\/turismo-outdoor-la-toscana-presenta-terme-e-territori-al-salon-destinations-nature\/#primaryimage\",\"url\":\"https:\/\/www.intoscana.it\/wp-content\/uploads\/salon-destinations-nature-e1678972517851.jpg\",\"contentUrl\":\"https:\/\/www.intoscana.it\/wp-content\/uploads\/salon-destinations-nature-e1678972517851.jpg\",\"width\":768,\"height\":675,\"caption\":\"Salon destinations nature a Parigi\"},{\"@type\":\"BreadcrumbList\",\"@id\":\"https:\/\/www.intoscana.it\/it\/turismo-outdoor-la-toscana-presenta-terme-e-territori-al-salon-destinations-nature\/#breadcrumb\",\"itemListElement\":[{\"@type\":\"ListItem\",\"position\":1,\"name\":\"Home\",\"item\":\"https:\/\/www.intoscana.it\/it\/\"},{\"@type\":\"ListItem\",\"position\":2,\"name\":\"Turismo outdoor, la Toscana presenta terme e territori al Salon destinations nature\"}]},{\"@type\":\"WebSite\",\"@id\":\"https:\/\/www.intoscana.it\/it\/#website\",\"url\":\"https:\/\/www.intoscana.it\/it\/\",\"name\":\"intoscana\",\"description\":\"\",\"potentialAction\":[{\"@type\":\"SearchAction\",\"target\":{\"@type\":\"EntryPoint\",\"urlTemplate\":\"https:\/\/www.intoscana.it\/it\/?s={search_term_string}\"},\"query-input\":{\"@type\":\"PropertyValueSpecification\",\"valueRequired\":true,\"valueName\":\"search_term_string\"}}],\"inLanguage\":\"it-IT\"},{\"@type\":\"Person\",\"@id\":\"https:\/\/www.intoscana.it\/it\/#\/schema\/person\/9223810753230f20bd670fdd322661f8\",\"name\":\"Redazione\",\"url\":\"https:\/\/www.intoscana.it\/it\/author\/redazione\/\"}]}<\/script>\n<!-- \/ Yoast SEO Premium plugin. -->","yoast_head_json":{"title":"Turismo outdoor, la Toscana presenta terme e territori a Parigi - intoscana","description":"L\u2019assessore Marras: \"Sci, trekking, cicloturismo e una rete di cammini in continua evoluzione per promuovere il territorio\u201d","robots":{"index":"index","follow":"follow","max-snippet":"max-snippet:-1","max-image-preview":"max-image-preview:large","max-video-preview":"max-video-preview:-1"},"canonical":"https:\/\/www.intoscana.it\/it\/turismo-outdoor-la-toscana-presenta-terme-e-territori-al-salon-destinations-nature\/","og_locale":"it_IT","og_type":"article","og_title":"Turismo outdoor, la Toscana presenta terme e territori al Salon destinations nature","og_description":"L\u2019assessore Marras: \"Sci, trekking, cicloturismo e una rete di cammini in continua evoluzione per promuovere il territorio\u201d","og_url":"https:\/\/www.intoscana.it\/it\/turismo-outdoor-la-toscana-presenta-terme-e-territori-al-salon-destinations-nature\/","og_site_name":"intoscana","article_publisher":"https:\/\/www.facebook.com\/intoscana.it","article_published_time":"2023-03-16T13:40:22+00:00","article_modified_time":"2023-03-16T14:27:00+00:00","og_image":[{"width":768,"height":675,"url":"https:\/\/www.intoscana.it\/wp-content\/uploads\/salon-destinations-nature-e1678972517851.jpg","type":"image\/jpeg"}],"author":"Redazione","twitter_card":"summary_large_image","twitter_creator":"@intoscana","twitter_site":"@intoscana","twitter_misc":{"Written by":"Redazione","Est. reading time":"2 minuti"},"schema":{"@context":"https:\/\/schema.org","@graph":[{"@type":"WebPage","@id":"https:\/\/www.intoscana.it\/it\/turismo-outdoor-la-toscana-presenta-terme-e-territori-al-salon-destinations-nature\/","url":"https:\/\/www.intoscana.it\/it\/turismo-outdoor-la-toscana-presenta-terme-e-territori-al-salon-destinations-nature\/","name":"Turismo outdoor, la Toscana presenta terme e territori a Parigi - intoscana","isPartOf":{"@id":"https:\/\/www.intoscana.it\/it\/#website"},"primaryImageOfPage":{"@id":"https:\/\/www.intoscana.it\/it\/turismo-outdoor-la-toscana-presenta-terme-e-territori-al-salon-destinations-nature\/#primaryimage"},"image":{"@id":"https:\/\/www.intoscana.it\/it\/turismo-outdoor-la-toscana-presenta-terme-e-territori-al-salon-destinations-nature\/#primaryimage"},"thumbnailUrl":"https:\/\/www.intoscana.it\/wp-content\/uploads\/salon-destinations-nature-e1678972517851.jpg","datePublished":"2023-03-16T13:40:22+00:00","dateModified":"2023-03-16T14:27:00+00:00","author":{"@id":"https:\/\/www.intoscana.it\/it\/#\/schema\/person\/9223810753230f20bd670fdd322661f8"},"description":"L\u2019assessore Marras: \"Sci, trekking, cicloturismo e una rete di cammini in continua evoluzione per promuovere il territorio\u201d","breadcrumb":{"@id":"https:\/\/www.intoscana.it\/it\/turismo-outdoor-la-toscana-presenta-terme-e-territori-al-salon-destinations-nature\/#breadcrumb"},"inLanguage":"it-IT","potentialAction":[{"@type":"ReadAction","target":["https:\/\/www.intoscana.it\/it\/turismo-outdoor-la-toscana-presenta-terme-e-territori-al-salon-destinations-nature\/"]}]},{"@type":"ImageObject","inLanguage":"it-IT","@id":"https:\/\/www.intoscana.it\/it\/turismo-outdoor-la-toscana-presenta-terme-e-territori-al-salon-destinations-nature\/#primaryimage","url":"https:\/\/www.intoscana.it\/wp-content\/uploads\/salon-destinations-nature-e1678972517851.jpg","contentUrl":"https:\/\/www.intoscana.it\/wp-content\/uploads\/salon-destinations-nature-e1678972517851.jpg","width":768,"height":675,"caption":"Salon destinations nature a Parigi"},{"@type":"BreadcrumbList","@id":"https:\/\/www.intoscana.it\/it\/turismo-outdoor-la-toscana-presenta-terme-e-territori-al-salon-destinations-nature\/#breadcrumb","itemListElement":[{"@type":"ListItem","position":1,"name":"Home","item":"https:\/\/www.intoscana.it\/it\/"},{"@type":"ListItem","position":2,"name":"Turismo outdoor, la Toscana presenta terme e territori al Salon destinations nature"}]},{"@type":"WebSite","@id":"https:\/\/www.intoscana.it\/it\/#website","url":"https:\/\/www.intoscana.it\/it\/","name":"intoscana","description":"","potentialAction":[{"@type":"SearchAction","target":{"@type":"EntryPoint","urlTemplate":"https:\/\/www.intoscana.it\/it\/?s={search_term_string}"},"query-input":{"@type":"PropertyValueSpecification","valueRequired":true,"valueName":"search_term_string"}}],"inLanguage":"it-IT"},{"@type":"Person","@id":"https:\/\/www.intoscana.it\/it\/#\/schema\/person\/9223810753230f20bd670fdd322661f8","name":"Redazione","url":"https:\/\/www.intoscana.it\/it\/author\/redazione\/"}]}},"_links":{"self":[{"href":"https:\/\/www.intoscana.it\/it\/wp-json\/wp\/v2\/posts\/277260","targetHints":{"allow":["GET"]}}],"collection":[{"href":"https:\/\/www.intoscana.it\/it\/wp-json\/wp\/v2\/posts"}],"about":[{"href":"https:\/\/www.intoscana.it\/it\/wp-json\/wp\/v2\/types\/post"}],"author":[{"embeddable":true,"href":"https:\/\/www.intoscana.it\/it\/wp-json\/wp\/v2\/users\/525"}],"replies":[{"embeddable":true,"href":"https:\/\/www.intoscana.it\/it\/wp-json\/wp\/v2\/comments?post=277260"}],"version-history":[{"count":0,"href":"https:\/\/www.intoscana.it\/it\/wp-json\/wp\/v2\/posts\/277260\/revisions"}],"wp:featuredmedia":[{"embeddable":true,"href":"https:\/\/www.intoscana.it\/it\/wp-json\/wp\/v2\/media\/277262"}],"wp:attachment":[{"href":"https:\/\/www.intoscana.it\/it\/wp-json\/wp\/v2\/media?parent=277260"}],"wp:term":[{"taxonomy":"category","embeddable":true,"href":"https:\/\/www.intoscana.it\/it\/wp-json\/wp\/v2\/categories?post=277260"},{"taxonomy":"post_tag","embeddable":true,"href":"https:\/\/www.intoscana.it\/it\/wp-json\/wp\/v2\/tags?post=277260"}],"curies":[{"name":"wp","href":"https:\/\/api.w.org\/{rel}","templated":true}]}}