{"id":277268,"date":"2023-03-16T15:00:50","date_gmt":"2023-03-16T14:00:50","guid":{"rendered":"https:\/\/www.intoscana.it\/it\/?p=277268"},"modified":"2023-03-16T15:00:50","modified_gmt":"2023-03-16T14:00:50","slug":"pitti-uomo-fendi-ospite-speciale-la-nuova-collezione-presentata-nella-factory-di-bagno-a-ripoli","status":"publish","type":"post","link":"https:\/\/www.intoscana.it\/it\/pitti-uomo-fendi-ospite-speciale-la-nuova-collezione-presentata-nella-factory-di-bagno-a-ripoli\/","title":{"rendered":"Pitti Uomo, Fendi ospite speciale: la nuova collezione presentata nella Factory di Bagno a Ripoli"},"content":{"rendered":"<p><strong>Pitti Immagine Uomo<\/strong> lancia la nuova edizione, la numero 104 (dal 13 al 16 giugno), con un super ospite: <strong>Fendi<\/strong>, che presenter\u00e0 la sua nuova collezione Primavera-Estate 2024 con una sfilata in programma nel tardo pomeriggio del 15 giugno. Il luogo \u00e8 di quelli speciali, la sua nuova <strong>Fendi Factory<\/strong>,\u00a0 <mark>il polo d\u2019eccellenza della maison aperto di recente nel cuore della campagna toscana a Capannuccia, nel territorio di Bagno a Ripoli, nel fiorentino.<\/mark><\/p>\n<p>&#8220;Siamo orgogliosi di aprire la Fendi Factory ai nostri clienti e alla stampa&#8221;, afferma <strong>Serge Brunschwig<\/strong>, chairman and ceo della casa di moda.\u00a0 &#8220;\u00c8 un luogo speciale per i nostri artigiani e per la comunit\u00e0 locale, perch\u00e9 rappresenta il patrimonio e la creativit\u00e0 di Fendi, coltivando le preziose capacit\u00e0 degli artigiani e preservando il made in Italy&#8221;. &#8220;Sar\u00e0 un&#8217;occasione unica per vedere i nostri prodotti prendere vita proprio nel luogo in cui i nostri artigiani li realizzano, ponendoli per quel giorno al centro della scena&#8221;,\u00a0 aggiunge <strong>Silvia Venturini Fendi<\/strong>, direttrice artistica.<\/p>\n<div class=\"focuson\"><a href=\"https:\/\/www.intoscana.it\/it\/articolo\/fendi-factory-inaugurato-il-nuovo-polo-della-moda-a-bagno-a-ripoli\/\"><img decoding=\"async\" class=\"lazy\" src=\"https:\/\/www.intoscana.it\/wp-content\/uploads\/06_FENDI-Factory-for-leathergoods_CapannucciaTuscanyA\u00a9-Andrea-Ferrari-scaled-1-scaled.jpeg\" style=\"\">\n                <div class=\"cat\">Ecco il nuovo polo della moda<\/div>\n                <h4><\/h4><\/a>\n              <\/div>\n<p>Fendi Factory sorge nei luoghi dove una volta si trovata <strong>la storica Fornace Brunelleschi<\/strong>, demolita nel 2019. Un edificio <strong>da 30.000 metri quadrati<\/strong>\u00a0per un polo dedicato alla <strong>produzione della pelletteria <\/strong>e attento alla sostenibilit\u00e0: 3.500 metri quadrati sono ricoperti da <strong>pannelli solari<\/strong>. Intorno alle aree del parco si snoda <strong>un uliveto da 700 piante<\/strong> con una produzione annua di 900 litri.<\/p>\n<p>Un&#8217;edizione che vedr\u00e0 anche l&#8217;esordio del nuovo presidente di Pitti Immagine, <strong>Antonio De Matteis<\/strong>. &#8220;Questa presentazione &#8211; ha detto &#8211;\u00a0 \u00e8 un\u2019ulteriore conferma dello standing internazionale del salone e del livello qualitativo dei suoi eventi speciali. <mark>Sottolineo poi l\u2019importanza della rinnovata unione di intenti con Camera Nazionale della Moda, con la quale condividiamo l\u2019obiettivo di promuovere e valorizzare la migliore moda italiana in contesti di rilevanza mondiale&#8221;.<\/mark><\/p>\n<p>&nbsp;<\/p>\n","protected":false},"excerpt":{"rendered":"<p>Nell&#8217;edizione numero 104, dal 13 al 16 giugno, presente uno dei marchi pi\u00f9 famosi della moda: sfilata il prossimo 15 giugno nel nuovo polo dedicato alla pelletteria tra le colline fiorentine<\/p>\n","protected":false},"author":525,"featured_media":277288,"comment_status":"open","ping_status":"open","sticky":false,"template":"","format":"standard","meta":{"_acf_changed":false,"footnotes":""},"categories":[9],"tags":[189,403,364],"class_list":["post-277268","post","type-post","status-publish","format-standard","has-post-thumbnail","hentry","category-made-in-toscana","tag-moda","tag-pitti-immagine","tag-pitti-uomo"],"acf":[],"yoast_head":"<!-- This site is optimized with the Yoast SEO Premium plugin v24.2 (Yoast SEO v25.6) - https:\/\/yoast.com\/wordpress\/plugins\/seo\/ -->\n<title>Pitti Uomo, Fendi ospite speciale: la nuova collezione presentata nella Factory di Bagno a Ripoli - intoscana<\/title>\n<meta name=\"description\" content=\"Nell&#039;edizione numero 104, dal 13 al 16 giugno, presente uno dei marchi pi\u00f9 famosi della moda: sfilata il prossimo 15 giugno nel nuovo polo dedicato alla pelletteria tra le colline fiorentine\" \/>\n<meta name=\"robots\" content=\"index, follow, max-snippet:-1, max-image-preview:large, max-video-preview:-1\" \/>\n<link rel=\"canonical\" href=\"https:\/\/www.intoscana.it\/it\/pitti-uomo-fendi-ospite-speciale-la-nuova-collezione-presentata-nella-factory-di-bagno-a-ripoli\/\" \/>\n<meta property=\"og:locale\" content=\"it_IT\" \/>\n<meta property=\"og:type\" content=\"article\" \/>\n<meta property=\"og:title\" content=\"Pitti Uomo, Fendi ospite speciale: la nuova collezione presentata nella Factory di Bagno a Ripoli\" \/>\n<meta property=\"og:description\" content=\"Nell&#039;edizione numero 104, dal 13 al 16 giugno, presente uno dei marchi pi\u00f9 famosi della moda: sfilata il prossimo 15 giugno nel nuovo polo dedicato alla pelletteria tra le colline fiorentine\" \/>\n<meta property=\"og:url\" content=\"https:\/\/www.intoscana.it\/it\/pitti-uomo-fendi-ospite-speciale-la-nuova-collezione-presentata-nella-factory-di-bagno-a-ripoli\/\" \/>\n<meta property=\"og:site_name\" content=\"intoscana\" \/>\n<meta property=\"article:publisher\" content=\"https:\/\/www.facebook.com\/intoscana.it\" \/>\n<meta property=\"article:published_time\" content=\"2023-03-16T14:00:50+00:00\" \/>\n<meta property=\"og:image\" content=\"https:\/\/www.intoscana.it\/wp-content\/uploads\/FENDI-Factory-for-leathergoods-and-FENDI-Artisans_CapannucciaTuscany\u00a9-Andrea-Ferrari-scaled.jpg\" \/>\n\t<meta property=\"og:image:width\" content=\"2048\" \/>\n\t<meta property=\"og:image:height\" content=\"1366\" \/>\n\t<meta property=\"og:image:type\" content=\"image\/jpeg\" \/>\n<meta name=\"author\" content=\"Redazione\" \/>\n<meta name=\"twitter:card\" content=\"summary_large_image\" \/>\n<meta name=\"twitter:creator\" content=\"@intoscana\" \/>\n<meta name=\"twitter:site\" content=\"@intoscana\" \/>\n<meta name=\"twitter:label1\" content=\"Written by\" \/>\n\t<meta name=\"twitter:data1\" content=\"Redazione\" \/>\n\t<meta name=\"twitter:label2\" content=\"Est. reading time\" \/>\n\t<meta name=\"twitter:data2\" content=\"1 minuto\" \/>\n<script type=\"application\/ld+json\" class=\"yoast-schema-graph\">{\"@context\":\"https:\/\/schema.org\",\"@graph\":[{\"@type\":\"WebPage\",\"@id\":\"https:\/\/www.intoscana.it\/it\/pitti-uomo-fendi-ospite-speciale-la-nuova-collezione-presentata-nella-factory-di-bagno-a-ripoli\/\",\"url\":\"https:\/\/www.intoscana.it\/it\/pitti-uomo-fendi-ospite-speciale-la-nuova-collezione-presentata-nella-factory-di-bagno-a-ripoli\/\",\"name\":\"Pitti Uomo, Fendi ospite speciale: la nuova collezione presentata nella Factory di Bagno a Ripoli - intoscana\",\"isPartOf\":{\"@id\":\"https:\/\/www.intoscana.it\/it\/#website\"},\"primaryImageOfPage\":{\"@id\":\"https:\/\/www.intoscana.it\/it\/pitti-uomo-fendi-ospite-speciale-la-nuova-collezione-presentata-nella-factory-di-bagno-a-ripoli\/#primaryimage\"},\"image\":{\"@id\":\"https:\/\/www.intoscana.it\/it\/pitti-uomo-fendi-ospite-speciale-la-nuova-collezione-presentata-nella-factory-di-bagno-a-ripoli\/#primaryimage\"},\"thumbnailUrl\":\"https:\/\/www.intoscana.it\/wp-content\/uploads\/FENDI-Factory-for-leathergoods-and-FENDI-Artisans_CapannucciaTuscany\u00a9-Andrea-Ferrari-scaled.jpg\",\"datePublished\":\"2023-03-16T14:00:50+00:00\",\"author\":{\"@id\":\"https:\/\/www.intoscana.it\/it\/#\/schema\/person\/9223810753230f20bd670fdd322661f8\"},\"description\":\"Nell'edizione numero 104, dal 13 al 16 giugno, presente uno dei marchi pi\u00f9 famosi della moda: sfilata il prossimo 15 giugno nel nuovo polo dedicato alla pelletteria tra le colline fiorentine\",\"breadcrumb\":{\"@id\":\"https:\/\/www.intoscana.it\/it\/pitti-uomo-fendi-ospite-speciale-la-nuova-collezione-presentata-nella-factory-di-bagno-a-ripoli\/#breadcrumb\"},\"inLanguage\":\"it-IT\",\"potentialAction\":[{\"@type\":\"ReadAction\",\"target\":[\"https:\/\/www.intoscana.it\/it\/pitti-uomo-fendi-ospite-speciale-la-nuova-collezione-presentata-nella-factory-di-bagno-a-ripoli\/\"]}]},{\"@type\":\"ImageObject\",\"inLanguage\":\"it-IT\",\"@id\":\"https:\/\/www.intoscana.it\/it\/pitti-uomo-fendi-ospite-speciale-la-nuova-collezione-presentata-nella-factory-di-bagno-a-ripoli\/#primaryimage\",\"url\":\"https:\/\/www.intoscana.it\/wp-content\/uploads\/FENDI-Factory-for-leathergoods-and-FENDI-Artisans_CapannucciaTuscany\u00a9-Andrea-Ferrari-scaled.jpg\",\"contentUrl\":\"https:\/\/www.intoscana.it\/wp-content\/uploads\/FENDI-Factory-for-leathergoods-and-FENDI-Artisans_CapannucciaTuscany\u00a9-Andrea-Ferrari-scaled.jpg\",\"width\":2048,\"height\":1366},{\"@type\":\"BreadcrumbList\",\"@id\":\"https:\/\/www.intoscana.it\/it\/pitti-uomo-fendi-ospite-speciale-la-nuova-collezione-presentata-nella-factory-di-bagno-a-ripoli\/#breadcrumb\",\"itemListElement\":[{\"@type\":\"ListItem\",\"position\":1,\"name\":\"Home\",\"item\":\"https:\/\/www.intoscana.it\/it\/\"},{\"@type\":\"ListItem\",\"position\":2,\"name\":\"Pitti Uomo, Fendi ospite speciale: la nuova collezione presentata nella Factory di Bagno a Ripoli\"}]},{\"@type\":\"WebSite\",\"@id\":\"https:\/\/www.intoscana.it\/it\/#website\",\"url\":\"https:\/\/www.intoscana.it\/it\/\",\"name\":\"intoscana\",\"description\":\"\",\"potentialAction\":[{\"@type\":\"SearchAction\",\"target\":{\"@type\":\"EntryPoint\",\"urlTemplate\":\"https:\/\/www.intoscana.it\/it\/?s={search_term_string}\"},\"query-input\":{\"@type\":\"PropertyValueSpecification\",\"valueRequired\":true,\"valueName\":\"search_term_string\"}}],\"inLanguage\":\"it-IT\"},{\"@type\":\"Person\",\"@id\":\"https:\/\/www.intoscana.it\/it\/#\/schema\/person\/9223810753230f20bd670fdd322661f8\",\"name\":\"Redazione\",\"url\":\"https:\/\/www.intoscana.it\/it\/author\/redazione\/\"}]}<\/script>\n<!-- \/ Yoast SEO Premium plugin. -->","yoast_head_json":{"title":"Pitti Uomo, Fendi ospite speciale: la nuova collezione presentata nella Factory di Bagno a Ripoli - intoscana","description":"Nell'edizione numero 104, dal 13 al 16 giugno, presente uno dei marchi pi\u00f9 famosi della moda: sfilata il prossimo 15 giugno nel nuovo polo dedicato alla pelletteria tra le colline fiorentine","robots":{"index":"index","follow":"follow","max-snippet":"max-snippet:-1","max-image-preview":"max-image-preview:large","max-video-preview":"max-video-preview:-1"},"canonical":"https:\/\/www.intoscana.it\/it\/pitti-uomo-fendi-ospite-speciale-la-nuova-collezione-presentata-nella-factory-di-bagno-a-ripoli\/","og_locale":"it_IT","og_type":"article","og_title":"Pitti Uomo, Fendi ospite speciale: la nuova collezione presentata nella Factory di Bagno a Ripoli","og_description":"Nell'edizione numero 104, dal 13 al 16 giugno, presente uno dei marchi pi\u00f9 famosi della moda: sfilata il prossimo 15 giugno nel nuovo polo dedicato alla pelletteria tra le colline fiorentine","og_url":"https:\/\/www.intoscana.it\/it\/pitti-uomo-fendi-ospite-speciale-la-nuova-collezione-presentata-nella-factory-di-bagno-a-ripoli\/","og_site_name":"intoscana","article_publisher":"https:\/\/www.facebook.com\/intoscana.it","article_published_time":"2023-03-16T14:00:50+00:00","og_image":[{"width":2048,"height":1366,"url":"https:\/\/www.intoscana.it\/wp-content\/uploads\/FENDI-Factory-for-leathergoods-and-FENDI-Artisans_CapannucciaTuscany\u00a9-Andrea-Ferrari-scaled.jpg","type":"image\/jpeg"}],"author":"Redazione","twitter_card":"summary_large_image","twitter_creator":"@intoscana","twitter_site":"@intoscana","twitter_misc":{"Written by":"Redazione","Est. reading time":"1 minuto"},"schema":{"@context":"https:\/\/schema.org","@graph":[{"@type":"WebPage","@id":"https:\/\/www.intoscana.it\/it\/pitti-uomo-fendi-ospite-speciale-la-nuova-collezione-presentata-nella-factory-di-bagno-a-ripoli\/","url":"https:\/\/www.intoscana.it\/it\/pitti-uomo-fendi-ospite-speciale-la-nuova-collezione-presentata-nella-factory-di-bagno-a-ripoli\/","name":"Pitti Uomo, Fendi ospite speciale: la nuova collezione presentata nella Factory di Bagno a Ripoli - intoscana","isPartOf":{"@id":"https:\/\/www.intoscana.it\/it\/#website"},"primaryImageOfPage":{"@id":"https:\/\/www.intoscana.it\/it\/pitti-uomo-fendi-ospite-speciale-la-nuova-collezione-presentata-nella-factory-di-bagno-a-ripoli\/#primaryimage"},"image":{"@id":"https:\/\/www.intoscana.it\/it\/pitti-uomo-fendi-ospite-speciale-la-nuova-collezione-presentata-nella-factory-di-bagno-a-ripoli\/#primaryimage"},"thumbnailUrl":"https:\/\/www.intoscana.it\/wp-content\/uploads\/FENDI-Factory-for-leathergoods-and-FENDI-Artisans_CapannucciaTuscany\u00a9-Andrea-Ferrari-scaled.jpg","datePublished":"2023-03-16T14:00:50+00:00","author":{"@id":"https:\/\/www.intoscana.it\/it\/#\/schema\/person\/9223810753230f20bd670fdd322661f8"},"description":"Nell'edizione numero 104, dal 13 al 16 giugno, presente uno dei marchi pi\u00f9 famosi della moda: sfilata il prossimo 15 giugno nel nuovo polo dedicato alla pelletteria tra le colline fiorentine","breadcrumb":{"@id":"https:\/\/www.intoscana.it\/it\/pitti-uomo-fendi-ospite-speciale-la-nuova-collezione-presentata-nella-factory-di-bagno-a-ripoli\/#breadcrumb"},"inLanguage":"it-IT","potentialAction":[{"@type":"ReadAction","target":["https:\/\/www.intoscana.it\/it\/pitti-uomo-fendi-ospite-speciale-la-nuova-collezione-presentata-nella-factory-di-bagno-a-ripoli\/"]}]},{"@type":"ImageObject","inLanguage":"it-IT","@id":"https:\/\/www.intoscana.it\/it\/pitti-uomo-fendi-ospite-speciale-la-nuova-collezione-presentata-nella-factory-di-bagno-a-ripoli\/#primaryimage","url":"https:\/\/www.intoscana.it\/wp-content\/uploads\/FENDI-Factory-for-leathergoods-and-FENDI-Artisans_CapannucciaTuscany\u00a9-Andrea-Ferrari-scaled.jpg","contentUrl":"https:\/\/www.intoscana.it\/wp-content\/uploads\/FENDI-Factory-for-leathergoods-and-FENDI-Artisans_CapannucciaTuscany\u00a9-Andrea-Ferrari-scaled.jpg","width":2048,"height":1366},{"@type":"BreadcrumbList","@id":"https:\/\/www.intoscana.it\/it\/pitti-uomo-fendi-ospite-speciale-la-nuova-collezione-presentata-nella-factory-di-bagno-a-ripoli\/#breadcrumb","itemListElement":[{"@type":"ListItem","position":1,"name":"Home","item":"https:\/\/www.intoscana.it\/it\/"},{"@type":"ListItem","position":2,"name":"Pitti Uomo, Fendi ospite speciale: la nuova collezione presentata nella Factory di Bagno a Ripoli"}]},{"@type":"WebSite","@id":"https:\/\/www.intoscana.it\/it\/#website","url":"https:\/\/www.intoscana.it\/it\/","name":"intoscana","description":"","potentialAction":[{"@type":"SearchAction","target":{"@type":"EntryPoint","urlTemplate":"https:\/\/www.intoscana.it\/it\/?s={search_term_string}"},"query-input":{"@type":"PropertyValueSpecification","valueRequired":true,"valueName":"search_term_string"}}],"inLanguage":"it-IT"},{"@type":"Person","@id":"https:\/\/www.intoscana.it\/it\/#\/schema\/person\/9223810753230f20bd670fdd322661f8","name":"Redazione","url":"https:\/\/www.intoscana.it\/it\/author\/redazione\/"}]}},"_links":{"self":[{"href":"https:\/\/www.intoscana.it\/it\/wp-json\/wp\/v2\/posts\/277268","targetHints":{"allow":["GET"]}}],"collection":[{"href":"https:\/\/www.intoscana.it\/it\/wp-json\/wp\/v2\/posts"}],"about":[{"href":"https:\/\/www.intoscana.it\/it\/wp-json\/wp\/v2\/types\/post"}],"author":[{"embeddable":true,"href":"https:\/\/www.intoscana.it\/it\/wp-json\/wp\/v2\/users\/525"}],"replies":[{"embeddable":true,"href":"https:\/\/www.intoscana.it\/it\/wp-json\/wp\/v2\/comments?post=277268"}],"version-history":[{"count":0,"href":"https:\/\/www.intoscana.it\/it\/wp-json\/wp\/v2\/posts\/277268\/revisions"}],"wp:featuredmedia":[{"embeddable":true,"href":"https:\/\/www.intoscana.it\/it\/wp-json\/wp\/v2\/media\/277288"}],"wp:attachment":[{"href":"https:\/\/www.intoscana.it\/it\/wp-json\/wp\/v2\/media?parent=277268"}],"wp:term":[{"taxonomy":"category","embeddable":true,"href":"https:\/\/www.intoscana.it\/it\/wp-json\/wp\/v2\/categories?post=277268"},{"taxonomy":"post_tag","embeddable":true,"href":"https:\/\/www.intoscana.it\/it\/wp-json\/wp\/v2\/tags?post=277268"}],"curies":[{"name":"wp","href":"https:\/\/api.w.org\/{rel}","templated":true}]}}