{"id":277279,"date":"2023-03-16T15:02:39","date_gmt":"2023-03-16T14:02:39","guid":{"rendered":"https:\/\/www.intoscana.it\/it\/?p=277279"},"modified":"2023-03-17T16:34:57","modified_gmt":"2023-03-17T15:34:57","slug":"economia-circolare-un-piano-regionale-tra-gestione-integrata-e-sostenibilita","status":"publish","type":"post","link":"https:\/\/www.intoscana.it\/it\/economia-circolare-un-piano-regionale-tra-gestione-integrata-e-sostenibilita\/","title":{"rendered":"Economia circolare, un piano regionale tra gestione integrata e sostenibilit\u00e0"},"content":{"rendered":"<p>Aumento quali-quantitativo delle <strong>raccolte differenziate dei rifiuti<\/strong> per raggiungere l&#8217;80-85% al 2035, incremento del <strong>riciclo effettivo<\/strong> di materia grazie agli impianti proposti in sede di Avviso pubblico regionale con l&#8217;obiettivo di superare, gi\u00e0 nel 2028, il target posto dall&#8217;Ue del 65% al 20, e drastica riduzione del <strong>ricorso alle discariche<\/strong>.<\/p>\n<p>Sono alcuni dei cardini del <strong>Piano regionale dell&#8217;economia circolare e delle bonifiche<\/strong> (Prec) che ha ricevuto il via libera dalla Giunta toscana e che ora passa all&#8217;esame all&#8217;esame del Consiglio toscano. Un documento che analizza lo stato della <strong>gestione integrata dei rifiuti<\/strong> in Toscana e traccia le politiche regionali che consentiranno di raggiungere ambiziosi obiettivi di sostenibilit\u00e0.<\/p>\n<figure id=\"post-262138 media-262138\" class=\"align-none\"><img decoding=\"async\" src=\"https:\/\/www.intoscana.it\/wp-content\/uploads\/Eugenio_Giani-e1675766949537.jpg\" alt=\"\" \/><\/figure>\n<div class=\"titleimg\">Eugenio Giani<\/div>\n<h3>Giani: &#8220;Nuova prospettiva di innovazione&#8221;<\/h3>\n<p>&#8220;<em>Il nuovo Piano dell\u2019Economia Circolare<\/em> &#8211; ha commentato il presidente della Regione Toscana <strong>Eugenio Giani<\/strong> &#8211; <em>apre una prospettiva di modernizzazione e innovazione nel processo di trasformazione e assorbimento dei rifiuti, con nuovi possibili impianti, che consentiranno una sempre maggiore autosufficienza nello smaltimento e nella conversione dei rifiuti in materiali recuperati ed energia, e che garantiranno compatibilit\u00e0 ambientale, sicurezza per la salute ed un corretto inserimento nel nostro tessuto urbano. Considero il Prec una sfida riuscita<\/em>&#8220;.<\/p>\n<h3>Passo avanti verso la conversione ecologica<\/h3>\n<p>\u201c<em>Nessun processo di trasformazione cos\u00ec profondo come la conversione ecologica<\/em> \u2013 ha dichiarato l\u2019assessora regionale all&#8217;ambiente <strong>Monia Monni<\/strong> &#8211; <em>pu\u00f2 essere immaginato senza che affondi le proprie radici nelle nostre comunit\u00e0. L\u2019economia circolare non si discosta da questo principio. Il primo passo su questa strada \u00e8 quello che compiono le cittadine e i cittadini quando acquistano in modo consapevole prodotti a basso impatto ambientale e poi selezionano i propri rifiuti. \u00c8 quella la genesi di tutta un\u2019articolata filiera che deve essere implementata per potenziare la sua capacit\u00e0 di esprimere valore. \u00c8 dall\u2019impegno di ogni singola cittadina e di ogni singolo cittadino che nasce un percorso che necessita di lavoro, organizzazione, tecnologia, investimenti e ricerca per diventare efficac<\/em>e\u201d.<\/p>\n<h3>Monni: &#8220;Cittadini e territori protagonisti&#8221;<\/h3>\n<p>Il nuovo <strong>Piano dell\u2019Economia Circolare<\/strong>, sottolinea Monni, contiene un accurato lavoro di analisi di flussi e fabbisogni, valutazioni di scenari e puntuali indicazioni operative. &#8220;<em>Insomma \u00e8 un punto di partenza. E\u2019 una strategia complessiva e una visione della Toscana del futuro che pu\u00f2 sostanziarsi unicamente attraverso il protagonismo dei territori. \u00c8 una chiamata, se volete. Perch\u00e9 se intendiamo davvero percorrere compiutamente la strada verso l\u2019economia circolare, possiamo farlo solo assieme&#8221;.<\/em><\/p>\n<figure id=\"post-201564 media-201564\" class=\"align-none\"><img decoding=\"async\" src=\"https:\/\/www.intoscana.it\/wp-content\/uploads\/Lassessora-Monia-Monni.jpeg\" alt=\"\" \/><\/figure>\n<div class=\"titleimg\">L\u2019assessora Monia Monni<\/div>\n<p>Per Monni<em> &#8220;questo Piano vuol essere, insomma, un sentiero da percorre insieme, come comunit\u00e0 consapevole e partecipe delle proprie trasformazioni, ciascuno per la sua parte e per le sue competenze, ma sapendo che la direzione \u00e8 un futuro pi\u00f9 sostenibile e che \u00e8 a portata di mano\u201d<\/em>.<\/p>\n<p>Nel frattempo l&#8217;assessorato all&#8217;ambiente ed economia circolare ha attivato il monitoraggio sugli esiti dell&#8217;Avviso pubblico. Ad oggi delle 39 manifestazioni di interesse valutate coerenti <strong>7 risultano finanziate con i bandi PNRR<\/strong> legati all\u2019economia circolare, 6 ammesse in graduatoria ma non finanziate, 2 sono impianti gi\u00e0 esistenti e 14 hanno avviato le rispetto procedure amministrative legate al rilascio delle autorizzazioni.<\/p>\n","protected":false},"excerpt":{"rendered":"<p>Il presidente Giani dopo l&#8217;approvazione del documento: &#8220;Sfida vinta&#8221;. Monni: &#8220;Necessario che cittadini e territori siano protagonisti&#8221;<\/p>\n","protected":false},"author":525,"featured_media":97033,"comment_status":"open","ping_status":"open","sticky":false,"template":"","format":"standard","meta":{"_acf_changed":false,"footnotes":""},"categories":[19],"tags":[4877,5119,392],"class_list":["post-277279","post","type-post","status-publish","format-standard","has-post-thumbnail","hentry","category-ambiente","tag-economia-circolare","tag-raccolta-differenziata","tag-rifiuti"],"acf":[],"yoast_head":"<!-- This site is optimized with the Yoast SEO Premium plugin v24.2 (Yoast SEO v25.6) - https:\/\/yoast.com\/wordpress\/plugins\/seo\/ -->\n<title>Economia circolare, piano tra gestione integrata e sostenibilit\u00e0 - intoscana<\/title>\n<meta name=\"description\" content=\"Il presidente Giani dopo l&#039;approvazione del documento: &quot;Sfida vinta&quot;. Monni: &quot;Necessario che cittadini e territori siano protagonisti&quot;\" \/>\n<meta name=\"robots\" content=\"index, follow, max-snippet:-1, max-image-preview:large, max-video-preview:-1\" \/>\n<link rel=\"canonical\" href=\"https:\/\/www.intoscana.it\/it\/economia-circolare-un-piano-regionale-tra-gestione-integrata-e-sostenibilita\/\" \/>\n<meta property=\"og:locale\" content=\"it_IT\" \/>\n<meta property=\"og:type\" content=\"article\" \/>\n<meta property=\"og:title\" content=\"Economia circolare, un piano regionale tra gestione integrata e sostenibilit\u00e0\" \/>\n<meta property=\"og:description\" content=\"Il presidente Giani dopo l&#039;approvazione del documento: &quot;Sfida vinta&quot;. Monni: &quot;Necessario che cittadini e territori siano protagonisti&quot;\" \/>\n<meta property=\"og:url\" content=\"https:\/\/www.intoscana.it\/it\/economia-circolare-un-piano-regionale-tra-gestione-integrata-e-sostenibilita\/\" \/>\n<meta property=\"og:site_name\" content=\"intoscana\" \/>\n<meta property=\"article:publisher\" content=\"https:\/\/www.facebook.com\/intoscana.it\" \/>\n<meta property=\"article:published_time\" content=\"2023-03-16T14:02:39+00:00\" \/>\n<meta property=\"article:modified_time\" content=\"2023-03-17T15:34:57+00:00\" \/>\n<meta property=\"og:image\" content=\"https:\/\/www.intoscana.it\/wp-content\/uploads\/economia-circolare-toscana.jpg\" \/>\n\t<meta property=\"og:image:width\" content=\"1000\" \/>\n\t<meta property=\"og:image:height\" content=\"667\" \/>\n\t<meta property=\"og:image:type\" content=\"image\/jpeg\" \/>\n<meta name=\"author\" content=\"Redazione\" \/>\n<meta name=\"twitter:card\" content=\"summary_large_image\" \/>\n<meta name=\"twitter:creator\" content=\"@intoscana\" \/>\n<meta name=\"twitter:site\" content=\"@intoscana\" \/>\n<meta name=\"twitter:label1\" content=\"Written by\" \/>\n\t<meta name=\"twitter:data1\" content=\"Redazione\" \/>\n\t<meta name=\"twitter:label2\" content=\"Est. reading time\" \/>\n\t<meta name=\"twitter:data2\" content=\"2 minuti\" \/>\n<script type=\"application\/ld+json\" class=\"yoast-schema-graph\">{\"@context\":\"https:\/\/schema.org\",\"@graph\":[{\"@type\":\"WebPage\",\"@id\":\"https:\/\/www.intoscana.it\/it\/economia-circolare-un-piano-regionale-tra-gestione-integrata-e-sostenibilita\/\",\"url\":\"https:\/\/www.intoscana.it\/it\/economia-circolare-un-piano-regionale-tra-gestione-integrata-e-sostenibilita\/\",\"name\":\"Economia circolare, piano tra gestione integrata e sostenibilit\u00e0 - intoscana\",\"isPartOf\":{\"@id\":\"https:\/\/www.intoscana.it\/it\/#website\"},\"primaryImageOfPage\":{\"@id\":\"https:\/\/www.intoscana.it\/it\/economia-circolare-un-piano-regionale-tra-gestione-integrata-e-sostenibilita\/#primaryimage\"},\"image\":{\"@id\":\"https:\/\/www.intoscana.it\/it\/economia-circolare-un-piano-regionale-tra-gestione-integrata-e-sostenibilita\/#primaryimage\"},\"thumbnailUrl\":\"https:\/\/www.intoscana.it\/wp-content\/uploads\/economia-circolare-toscana.jpg\",\"datePublished\":\"2023-03-16T14:02:39+00:00\",\"dateModified\":\"2023-03-17T15:34:57+00:00\",\"author\":{\"@id\":\"https:\/\/www.intoscana.it\/it\/#\/schema\/person\/9223810753230f20bd670fdd322661f8\"},\"description\":\"Il presidente Giani dopo l'approvazione del documento: \\\"Sfida vinta\\\". Monni: \\\"Necessario che cittadini e territori siano protagonisti\\\"\",\"breadcrumb\":{\"@id\":\"https:\/\/www.intoscana.it\/it\/economia-circolare-un-piano-regionale-tra-gestione-integrata-e-sostenibilita\/#breadcrumb\"},\"inLanguage\":\"it-IT\",\"potentialAction\":[{\"@type\":\"ReadAction\",\"target\":[\"https:\/\/www.intoscana.it\/it\/economia-circolare-un-piano-regionale-tra-gestione-integrata-e-sostenibilita\/\"]}]},{\"@type\":\"ImageObject\",\"inLanguage\":\"it-IT\",\"@id\":\"https:\/\/www.intoscana.it\/it\/economia-circolare-un-piano-regionale-tra-gestione-integrata-e-sostenibilita\/#primaryimage\",\"url\":\"https:\/\/www.intoscana.it\/wp-content\/uploads\/economia-circolare-toscana.jpg\",\"contentUrl\":\"https:\/\/www.intoscana.it\/wp-content\/uploads\/economia-circolare-toscana.jpg\",\"width\":1000,\"height\":667,\"caption\":\"Economia circolare\"},{\"@type\":\"BreadcrumbList\",\"@id\":\"https:\/\/www.intoscana.it\/it\/economia-circolare-un-piano-regionale-tra-gestione-integrata-e-sostenibilita\/#breadcrumb\",\"itemListElement\":[{\"@type\":\"ListItem\",\"position\":1,\"name\":\"Home\",\"item\":\"https:\/\/www.intoscana.it\/it\/\"},{\"@type\":\"ListItem\",\"position\":2,\"name\":\"Economia circolare, un piano regionale tra gestione integrata e sostenibilit\u00e0\"}]},{\"@type\":\"WebSite\",\"@id\":\"https:\/\/www.intoscana.it\/it\/#website\",\"url\":\"https:\/\/www.intoscana.it\/it\/\",\"name\":\"intoscana\",\"description\":\"\",\"potentialAction\":[{\"@type\":\"SearchAction\",\"target\":{\"@type\":\"EntryPoint\",\"urlTemplate\":\"https:\/\/www.intoscana.it\/it\/?s={search_term_string}\"},\"query-input\":{\"@type\":\"PropertyValueSpecification\",\"valueRequired\":true,\"valueName\":\"search_term_string\"}}],\"inLanguage\":\"it-IT\"},{\"@type\":\"Person\",\"@id\":\"https:\/\/www.intoscana.it\/it\/#\/schema\/person\/9223810753230f20bd670fdd322661f8\",\"name\":\"Redazione\",\"url\":\"https:\/\/www.intoscana.it\/it\/author\/redazione\/\"}]}<\/script>\n<!-- \/ Yoast SEO Premium plugin. -->","yoast_head_json":{"title":"Economia circolare, piano tra gestione integrata e sostenibilit\u00e0 - intoscana","description":"Il presidente Giani dopo l'approvazione del documento: \"Sfida vinta\". Monni: \"Necessario che cittadini e territori siano protagonisti\"","robots":{"index":"index","follow":"follow","max-snippet":"max-snippet:-1","max-image-preview":"max-image-preview:large","max-video-preview":"max-video-preview:-1"},"canonical":"https:\/\/www.intoscana.it\/it\/economia-circolare-un-piano-regionale-tra-gestione-integrata-e-sostenibilita\/","og_locale":"it_IT","og_type":"article","og_title":"Economia circolare, un piano regionale tra gestione integrata e sostenibilit\u00e0","og_description":"Il presidente Giani dopo l'approvazione del documento: \"Sfida vinta\". Monni: \"Necessario che cittadini e territori siano protagonisti\"","og_url":"https:\/\/www.intoscana.it\/it\/economia-circolare-un-piano-regionale-tra-gestione-integrata-e-sostenibilita\/","og_site_name":"intoscana","article_publisher":"https:\/\/www.facebook.com\/intoscana.it","article_published_time":"2023-03-16T14:02:39+00:00","article_modified_time":"2023-03-17T15:34:57+00:00","og_image":[{"width":1000,"height":667,"url":"https:\/\/www.intoscana.it\/wp-content\/uploads\/economia-circolare-toscana.jpg","type":"image\/jpeg"}],"author":"Redazione","twitter_card":"summary_large_image","twitter_creator":"@intoscana","twitter_site":"@intoscana","twitter_misc":{"Written by":"Redazione","Est. reading time":"2 minuti"},"schema":{"@context":"https:\/\/schema.org","@graph":[{"@type":"WebPage","@id":"https:\/\/www.intoscana.it\/it\/economia-circolare-un-piano-regionale-tra-gestione-integrata-e-sostenibilita\/","url":"https:\/\/www.intoscana.it\/it\/economia-circolare-un-piano-regionale-tra-gestione-integrata-e-sostenibilita\/","name":"Economia circolare, piano tra gestione integrata e sostenibilit\u00e0 - intoscana","isPartOf":{"@id":"https:\/\/www.intoscana.it\/it\/#website"},"primaryImageOfPage":{"@id":"https:\/\/www.intoscana.it\/it\/economia-circolare-un-piano-regionale-tra-gestione-integrata-e-sostenibilita\/#primaryimage"},"image":{"@id":"https:\/\/www.intoscana.it\/it\/economia-circolare-un-piano-regionale-tra-gestione-integrata-e-sostenibilita\/#primaryimage"},"thumbnailUrl":"https:\/\/www.intoscana.it\/wp-content\/uploads\/economia-circolare-toscana.jpg","datePublished":"2023-03-16T14:02:39+00:00","dateModified":"2023-03-17T15:34:57+00:00","author":{"@id":"https:\/\/www.intoscana.it\/it\/#\/schema\/person\/9223810753230f20bd670fdd322661f8"},"description":"Il presidente Giani dopo l'approvazione del documento: \"Sfida vinta\". Monni: \"Necessario che cittadini e territori siano protagonisti\"","breadcrumb":{"@id":"https:\/\/www.intoscana.it\/it\/economia-circolare-un-piano-regionale-tra-gestione-integrata-e-sostenibilita\/#breadcrumb"},"inLanguage":"it-IT","potentialAction":[{"@type":"ReadAction","target":["https:\/\/www.intoscana.it\/it\/economia-circolare-un-piano-regionale-tra-gestione-integrata-e-sostenibilita\/"]}]},{"@type":"ImageObject","inLanguage":"it-IT","@id":"https:\/\/www.intoscana.it\/it\/economia-circolare-un-piano-regionale-tra-gestione-integrata-e-sostenibilita\/#primaryimage","url":"https:\/\/www.intoscana.it\/wp-content\/uploads\/economia-circolare-toscana.jpg","contentUrl":"https:\/\/www.intoscana.it\/wp-content\/uploads\/economia-circolare-toscana.jpg","width":1000,"height":667,"caption":"Economia circolare"},{"@type":"BreadcrumbList","@id":"https:\/\/www.intoscana.it\/it\/economia-circolare-un-piano-regionale-tra-gestione-integrata-e-sostenibilita\/#breadcrumb","itemListElement":[{"@type":"ListItem","position":1,"name":"Home","item":"https:\/\/www.intoscana.it\/it\/"},{"@type":"ListItem","position":2,"name":"Economia circolare, un piano regionale tra gestione integrata e sostenibilit\u00e0"}]},{"@type":"WebSite","@id":"https:\/\/www.intoscana.it\/it\/#website","url":"https:\/\/www.intoscana.it\/it\/","name":"intoscana","description":"","potentialAction":[{"@type":"SearchAction","target":{"@type":"EntryPoint","urlTemplate":"https:\/\/www.intoscana.it\/it\/?s={search_term_string}"},"query-input":{"@type":"PropertyValueSpecification","valueRequired":true,"valueName":"search_term_string"}}],"inLanguage":"it-IT"},{"@type":"Person","@id":"https:\/\/www.intoscana.it\/it\/#\/schema\/person\/9223810753230f20bd670fdd322661f8","name":"Redazione","url":"https:\/\/www.intoscana.it\/it\/author\/redazione\/"}]}},"_links":{"self":[{"href":"https:\/\/www.intoscana.it\/it\/wp-json\/wp\/v2\/posts\/277279","targetHints":{"allow":["GET"]}}],"collection":[{"href":"https:\/\/www.intoscana.it\/it\/wp-json\/wp\/v2\/posts"}],"about":[{"href":"https:\/\/www.intoscana.it\/it\/wp-json\/wp\/v2\/types\/post"}],"author":[{"embeddable":true,"href":"https:\/\/www.intoscana.it\/it\/wp-json\/wp\/v2\/users\/525"}],"replies":[{"embeddable":true,"href":"https:\/\/www.intoscana.it\/it\/wp-json\/wp\/v2\/comments?post=277279"}],"version-history":[{"count":0,"href":"https:\/\/www.intoscana.it\/it\/wp-json\/wp\/v2\/posts\/277279\/revisions"}],"wp:featuredmedia":[{"embeddable":true,"href":"https:\/\/www.intoscana.it\/it\/wp-json\/wp\/v2\/media\/97033"}],"wp:attachment":[{"href":"https:\/\/www.intoscana.it\/it\/wp-json\/wp\/v2\/media?parent=277279"}],"wp:term":[{"taxonomy":"category","embeddable":true,"href":"https:\/\/www.intoscana.it\/it\/wp-json\/wp\/v2\/categories?post=277279"},{"taxonomy":"post_tag","embeddable":true,"href":"https:\/\/www.intoscana.it\/it\/wp-json\/wp\/v2\/tags?post=277279"}],"curies":[{"name":"wp","href":"https:\/\/api.w.org\/{rel}","templated":true}]}}