{"id":277944,"date":"2023-03-20T17:32:19","date_gmt":"2023-03-20T16:32:19","guid":{"rendered":"https:\/\/www.intoscana.it\/it\/?p=277944"},"modified":"2023-03-20T17:35:02","modified_gmt":"2023-03-20T16:35:02","slug":"giornata-delle-foreste-si-va-verso-linventario-forestale-italiano","status":"publish","type":"post","link":"https:\/\/www.intoscana.it\/it\/giornata-delle-foreste-si-va-verso-linventario-forestale-italiano\/","title":{"rendered":"Giornata delle Foreste, si va verso il nuovo Inventario italiano"},"content":{"rendered":"<p>Verso il nuovo <strong>Inventario Forestale italiano<\/strong> 2025, strumento di monitoraggio della qualit\u00e0 e quantit\u00e0, ma anche dello stato di vitalit\u00e0 e di salute degli ecosistemi forestali del Paese, utile al conseguimento degli obiettivi strategici del &#8216;Green Deal&#8217; (zero emissioni entro il 2050).<\/p>\n<p><mark>La presentazione della proposta \u00e8 organizzata per il 21 marzo a Firenze all&#8217;Accademia Italiana di Scienze Forestali in occasione della Giornata internazionale delle Foreste<\/mark>.<\/p>\n<p>Rispetto alle precedenti edizioni, realizzate su cadenza decennale, <strong>il nuovo inventario<\/strong> sar\u00e0 <strong>su base annuale<\/strong>, in modo da poter rispondere, con dati e informazioni, in maniera tempestiva alla sempre maggiore velocit\u00e0 dei cambiamenti globali. Inoltre, sar\u00e0 data una particolare attenzione al <strong>monitoraggio della biodiversit\u00e0<\/strong> e delle utilit\u00e0 ecosistemiche e alla componente del telerilevamento e quella di rilievo a terra e statistica.<\/p>\n<p>L&#8217;iniziativa \u00e8 dell&#8217;<strong>Arma dei Carabinieri<\/strong>, tramite il Comando Unit\u00e0 Forestali Ambientali e Agroalimentari, con il supporto scientifico del Consiglio per la ricerca in agricoltura e l&#8217;analisi dell&#8217;economia agraria (Crea).<\/p>\n<p>&#8220;<em>L&#8217;inventario forestale nazionale<\/em> &#8211; commenta <strong>Piermaria Corona<\/strong>, direttore del Crea Foreste e Legno &#8211; <em>\u00e8 uno strumento conoscitivo di fondamentale importanza, che restituisce un patrimonio di conoscenze a tuttotondo, indispensabile per la definizione delle politiche di settore. Ogni edizione, infatti, consolida sempre pi\u00f9 la valenza strategica delle foreste per il rispetto degli impegni ambientali assunti dall&#8217;Italia a livello internazionale&#8221;. <\/em><\/p>\n<p>Secondo gli ultimi dati del precedente inventario, la superficie boschiva nazionale \u00e8 aumentata in 10 anni di circa 587.000 ettari per complessivi 11 milioni di ettari, la biomassa forestale del 18,4% . &#8220;<em>Questo consente di assorbire 290 milioni di tonnellate di Co2 in pi\u00f9. Per quanto riguarda il contributo del Crea, il Centro di ricerca Foreste e Legno fornisce da circa 40 anni il supporto scientifico, in termini sia progettuali e formativi sia statistici e tecnologici, degli inventari realizzati nel nostro Paese nel 1985, 2005 e 2015 dal Corpo Forestale dello Stato (i primi due) e dall&#8217;Arma dei Carabinieri&#8221; <\/em>conclude Corona<em>.<\/em><\/p>\n","protected":false},"excerpt":{"rendered":"<p>Il monitoraggio di vitalit\u00e0 e salute degli ecosistemi del Paese si presenta a Firenze all&#8217;Accademia Italiana di Scienze Forestali<\/p>\n","protected":false},"author":525,"featured_media":177658,"comment_status":"open","ping_status":"open","sticky":false,"template":"","format":"standard","meta":{"_acf_changed":false,"footnotes":""},"categories":[19],"tags":[5929],"class_list":["post-277944","post","type-post","status-publish","format-standard","has-post-thumbnail","hentry","category-ambiente","tag-foreste"],"acf":[],"yoast_head":"<!-- This site is optimized with the Yoast SEO Premium plugin v24.2 (Yoast SEO v25.6) - https:\/\/yoast.com\/wordpress\/plugins\/seo\/ -->\n<title>Giornata delle Foreste, si va verso il nuovo Inventario italiano<\/title>\n<meta name=\"description\" content=\"Il monitoraggio di vitalit\u00e0 e salute degli ecosistemi del Paese si presenta a Firenze all&#039;Accademia Italiana di Scienze Forestali\" \/>\n<meta name=\"robots\" content=\"index, follow, max-snippet:-1, max-image-preview:large, max-video-preview:-1\" \/>\n<link rel=\"canonical\" href=\"https:\/\/www.intoscana.it\/it\/giornata-delle-foreste-si-va-verso-linventario-forestale-italiano\/\" \/>\n<meta property=\"og:locale\" content=\"it_IT\" \/>\n<meta property=\"og:type\" content=\"article\" \/>\n<meta property=\"og:title\" content=\"Giornata delle Foreste, si va verso il nuovo Inventario italiano\" \/>\n<meta property=\"og:description\" content=\"Il monitoraggio di vitalit\u00e0 e salute degli ecosistemi del Paese si presenta a Firenze all&#039;Accademia Italiana di Scienze Forestali\" \/>\n<meta property=\"og:url\" content=\"https:\/\/www.intoscana.it\/it\/giornata-delle-foreste-si-va-verso-linventario-forestale-italiano\/\" \/>\n<meta property=\"og:site_name\" content=\"intoscana\" \/>\n<meta property=\"article:publisher\" content=\"https:\/\/www.facebook.com\/intoscana.it\" \/>\n<meta property=\"article:published_time\" content=\"2023-03-20T16:32:19+00:00\" \/>\n<meta property=\"article:modified_time\" content=\"2023-03-20T16:35:02+00:00\" \/>\n<meta property=\"og:image\" content=\"https:\/\/www.intoscana.it\/wp-content\/uploads\/Giro-dItalia-Foreste-Casentinesi.jpg\" \/>\n\t<meta property=\"og:image:width\" content=\"2048\" \/>\n\t<meta property=\"og:image:height\" content=\"1153\" \/>\n\t<meta property=\"og:image:type\" content=\"image\/jpeg\" \/>\n<meta name=\"author\" content=\"Redazione\" \/>\n<meta name=\"twitter:card\" content=\"summary_large_image\" \/>\n<meta name=\"twitter:creator\" content=\"@intoscana\" \/>\n<meta name=\"twitter:site\" content=\"@intoscana\" \/>\n<meta name=\"twitter:label1\" content=\"Written by\" \/>\n\t<meta name=\"twitter:data1\" content=\"Redazione\" \/>\n\t<meta name=\"twitter:label2\" content=\"Est. reading time\" \/>\n\t<meta name=\"twitter:data2\" content=\"2 minuti\" \/>\n<script type=\"application\/ld+json\" class=\"yoast-schema-graph\">{\"@context\":\"https:\/\/schema.org\",\"@graph\":[{\"@type\":\"WebPage\",\"@id\":\"https:\/\/www.intoscana.it\/it\/giornata-delle-foreste-si-va-verso-linventario-forestale-italiano\/\",\"url\":\"https:\/\/www.intoscana.it\/it\/giornata-delle-foreste-si-va-verso-linventario-forestale-italiano\/\",\"name\":\"Giornata delle Foreste, si va verso il nuovo Inventario italiano\",\"isPartOf\":{\"@id\":\"https:\/\/www.intoscana.it\/it\/#website\"},\"primaryImageOfPage\":{\"@id\":\"https:\/\/www.intoscana.it\/it\/giornata-delle-foreste-si-va-verso-linventario-forestale-italiano\/#primaryimage\"},\"image\":{\"@id\":\"https:\/\/www.intoscana.it\/it\/giornata-delle-foreste-si-va-verso-linventario-forestale-italiano\/#primaryimage\"},\"thumbnailUrl\":\"https:\/\/www.intoscana.it\/wp-content\/uploads\/Giro-dItalia-Foreste-Casentinesi.jpg\",\"datePublished\":\"2023-03-20T16:32:19+00:00\",\"dateModified\":\"2023-03-20T16:35:02+00:00\",\"author\":{\"@id\":\"https:\/\/www.intoscana.it\/it\/#\/schema\/person\/9223810753230f20bd670fdd322661f8\"},\"description\":\"Il monitoraggio di vitalit\u00e0 e salute degli ecosistemi del Paese si presenta a Firenze all'Accademia Italiana di Scienze Forestali\",\"breadcrumb\":{\"@id\":\"https:\/\/www.intoscana.it\/it\/giornata-delle-foreste-si-va-verso-linventario-forestale-italiano\/#breadcrumb\"},\"inLanguage\":\"it-IT\",\"potentialAction\":[{\"@type\":\"ReadAction\",\"target\":[\"https:\/\/www.intoscana.it\/it\/giornata-delle-foreste-si-va-verso-linventario-forestale-italiano\/\"]}]},{\"@type\":\"ImageObject\",\"inLanguage\":\"it-IT\",\"@id\":\"https:\/\/www.intoscana.it\/it\/giornata-delle-foreste-si-va-verso-linventario-forestale-italiano\/#primaryimage\",\"url\":\"https:\/\/www.intoscana.it\/wp-content\/uploads\/Giro-dItalia-Foreste-Casentinesi.jpg\",\"contentUrl\":\"https:\/\/www.intoscana.it\/wp-content\/uploads\/Giro-dItalia-Foreste-Casentinesi.jpg\",\"width\":2048,\"height\":1153},{\"@type\":\"BreadcrumbList\",\"@id\":\"https:\/\/www.intoscana.it\/it\/giornata-delle-foreste-si-va-verso-linventario-forestale-italiano\/#breadcrumb\",\"itemListElement\":[{\"@type\":\"ListItem\",\"position\":1,\"name\":\"Home\",\"item\":\"https:\/\/www.intoscana.it\/it\/\"},{\"@type\":\"ListItem\",\"position\":2,\"name\":\"Giornata delle Foreste, si va verso il nuovo Inventario italiano\"}]},{\"@type\":\"WebSite\",\"@id\":\"https:\/\/www.intoscana.it\/it\/#website\",\"url\":\"https:\/\/www.intoscana.it\/it\/\",\"name\":\"intoscana\",\"description\":\"\",\"potentialAction\":[{\"@type\":\"SearchAction\",\"target\":{\"@type\":\"EntryPoint\",\"urlTemplate\":\"https:\/\/www.intoscana.it\/it\/?s={search_term_string}\"},\"query-input\":{\"@type\":\"PropertyValueSpecification\",\"valueRequired\":true,\"valueName\":\"search_term_string\"}}],\"inLanguage\":\"it-IT\"},{\"@type\":\"Person\",\"@id\":\"https:\/\/www.intoscana.it\/it\/#\/schema\/person\/9223810753230f20bd670fdd322661f8\",\"name\":\"Redazione\",\"url\":\"https:\/\/www.intoscana.it\/it\/author\/redazione\/\"}]}<\/script>\n<!-- \/ Yoast SEO Premium plugin. -->","yoast_head_json":{"title":"Giornata delle Foreste, si va verso il nuovo Inventario italiano","description":"Il monitoraggio di vitalit\u00e0 e salute degli ecosistemi del Paese si presenta a Firenze all'Accademia Italiana di Scienze Forestali","robots":{"index":"index","follow":"follow","max-snippet":"max-snippet:-1","max-image-preview":"max-image-preview:large","max-video-preview":"max-video-preview:-1"},"canonical":"https:\/\/www.intoscana.it\/it\/giornata-delle-foreste-si-va-verso-linventario-forestale-italiano\/","og_locale":"it_IT","og_type":"article","og_title":"Giornata delle Foreste, si va verso il nuovo Inventario italiano","og_description":"Il monitoraggio di vitalit\u00e0 e salute degli ecosistemi del Paese si presenta a Firenze all'Accademia Italiana di Scienze Forestali","og_url":"https:\/\/www.intoscana.it\/it\/giornata-delle-foreste-si-va-verso-linventario-forestale-italiano\/","og_site_name":"intoscana","article_publisher":"https:\/\/www.facebook.com\/intoscana.it","article_published_time":"2023-03-20T16:32:19+00:00","article_modified_time":"2023-03-20T16:35:02+00:00","og_image":[{"width":2048,"height":1153,"url":"https:\/\/www.intoscana.it\/wp-content\/uploads\/Giro-dItalia-Foreste-Casentinesi.jpg","type":"image\/jpeg"}],"author":"Redazione","twitter_card":"summary_large_image","twitter_creator":"@intoscana","twitter_site":"@intoscana","twitter_misc":{"Written by":"Redazione","Est. reading time":"2 minuti"},"schema":{"@context":"https:\/\/schema.org","@graph":[{"@type":"WebPage","@id":"https:\/\/www.intoscana.it\/it\/giornata-delle-foreste-si-va-verso-linventario-forestale-italiano\/","url":"https:\/\/www.intoscana.it\/it\/giornata-delle-foreste-si-va-verso-linventario-forestale-italiano\/","name":"Giornata delle Foreste, si va verso il nuovo Inventario italiano","isPartOf":{"@id":"https:\/\/www.intoscana.it\/it\/#website"},"primaryImageOfPage":{"@id":"https:\/\/www.intoscana.it\/it\/giornata-delle-foreste-si-va-verso-linventario-forestale-italiano\/#primaryimage"},"image":{"@id":"https:\/\/www.intoscana.it\/it\/giornata-delle-foreste-si-va-verso-linventario-forestale-italiano\/#primaryimage"},"thumbnailUrl":"https:\/\/www.intoscana.it\/wp-content\/uploads\/Giro-dItalia-Foreste-Casentinesi.jpg","datePublished":"2023-03-20T16:32:19+00:00","dateModified":"2023-03-20T16:35:02+00:00","author":{"@id":"https:\/\/www.intoscana.it\/it\/#\/schema\/person\/9223810753230f20bd670fdd322661f8"},"description":"Il monitoraggio di vitalit\u00e0 e salute degli ecosistemi del Paese si presenta a Firenze all'Accademia Italiana di Scienze Forestali","breadcrumb":{"@id":"https:\/\/www.intoscana.it\/it\/giornata-delle-foreste-si-va-verso-linventario-forestale-italiano\/#breadcrumb"},"inLanguage":"it-IT","potentialAction":[{"@type":"ReadAction","target":["https:\/\/www.intoscana.it\/it\/giornata-delle-foreste-si-va-verso-linventario-forestale-italiano\/"]}]},{"@type":"ImageObject","inLanguage":"it-IT","@id":"https:\/\/www.intoscana.it\/it\/giornata-delle-foreste-si-va-verso-linventario-forestale-italiano\/#primaryimage","url":"https:\/\/www.intoscana.it\/wp-content\/uploads\/Giro-dItalia-Foreste-Casentinesi.jpg","contentUrl":"https:\/\/www.intoscana.it\/wp-content\/uploads\/Giro-dItalia-Foreste-Casentinesi.jpg","width":2048,"height":1153},{"@type":"BreadcrumbList","@id":"https:\/\/www.intoscana.it\/it\/giornata-delle-foreste-si-va-verso-linventario-forestale-italiano\/#breadcrumb","itemListElement":[{"@type":"ListItem","position":1,"name":"Home","item":"https:\/\/www.intoscana.it\/it\/"},{"@type":"ListItem","position":2,"name":"Giornata delle Foreste, si va verso il nuovo Inventario italiano"}]},{"@type":"WebSite","@id":"https:\/\/www.intoscana.it\/it\/#website","url":"https:\/\/www.intoscana.it\/it\/","name":"intoscana","description":"","potentialAction":[{"@type":"SearchAction","target":{"@type":"EntryPoint","urlTemplate":"https:\/\/www.intoscana.it\/it\/?s={search_term_string}"},"query-input":{"@type":"PropertyValueSpecification","valueRequired":true,"valueName":"search_term_string"}}],"inLanguage":"it-IT"},{"@type":"Person","@id":"https:\/\/www.intoscana.it\/it\/#\/schema\/person\/9223810753230f20bd670fdd322661f8","name":"Redazione","url":"https:\/\/www.intoscana.it\/it\/author\/redazione\/"}]}},"_links":{"self":[{"href":"https:\/\/www.intoscana.it\/it\/wp-json\/wp\/v2\/posts\/277944","targetHints":{"allow":["GET"]}}],"collection":[{"href":"https:\/\/www.intoscana.it\/it\/wp-json\/wp\/v2\/posts"}],"about":[{"href":"https:\/\/www.intoscana.it\/it\/wp-json\/wp\/v2\/types\/post"}],"author":[{"embeddable":true,"href":"https:\/\/www.intoscana.it\/it\/wp-json\/wp\/v2\/users\/525"}],"replies":[{"embeddable":true,"href":"https:\/\/www.intoscana.it\/it\/wp-json\/wp\/v2\/comments?post=277944"}],"version-history":[{"count":0,"href":"https:\/\/www.intoscana.it\/it\/wp-json\/wp\/v2\/posts\/277944\/revisions"}],"wp:featuredmedia":[{"embeddable":true,"href":"https:\/\/www.intoscana.it\/it\/wp-json\/wp\/v2\/media\/177658"}],"wp:attachment":[{"href":"https:\/\/www.intoscana.it\/it\/wp-json\/wp\/v2\/media?parent=277944"}],"wp:term":[{"taxonomy":"category","embeddable":true,"href":"https:\/\/www.intoscana.it\/it\/wp-json\/wp\/v2\/categories?post=277944"},{"taxonomy":"post_tag","embeddable":true,"href":"https:\/\/www.intoscana.it\/it\/wp-json\/wp\/v2\/tags?post=277944"}],"curies":[{"name":"wp","href":"https:\/\/api.w.org\/{rel}","templated":true}]}}