{"id":278029,"date":"2023-03-21T11:51:13","date_gmt":"2023-03-21T10:51:13","guid":{"rendered":"https:\/\/www.intoscana.it\/it\/?p=278029"},"modified":"2023-03-21T11:51:13","modified_gmt":"2023-03-21T10:51:13","slug":"tananai-concerto-firenze-10-maggio-2023","status":"publish","type":"post","link":"https:\/\/www.intoscana.it\/it\/tananai-concerto-firenze-10-maggio-2023\/","title":{"rendered":"Da Sanremo a Firenze Tananai in concerto al Mandela Forum il 10 maggio"},"content":{"rendered":"<p>Durante il<strong> Festival di <a href=\"https:\/\/www.intoscana.it\/it\/articolo\/festival-di-sanremo-2023-prima-serata\/\" target=\"_blank\" rel=\"noopener\">Sanremo<\/a> 2022<\/strong> aveva colpito la sua simpatia, il suo prendere con una risata la conquista dell<strong>&#8216;ultima posizione in classifica<\/strong> con la canzone <em><strong>&#8220;Sesso occasionale&#8221; .<\/strong><\/em><\/p>\n<p>L&#8217;anno dopo il trionfo: <strong>Tananai <\/strong>(al secolo Alberto Cotta Ramusino) <strong>\u00e8 maturato<\/strong>, e la riprova \u00e8 <em><strong>&#8220;Tango&#8221;<\/strong><\/em> un pezzo che ha fatto commuovere tutti gli spettatori, grazie ancora a un video che racconta una<strong> storia d&#8217;amore<\/strong> al tempo della <strong>guerra in <a href=\"https:\/\/www.intoscana.it\/it\/articolo\/ucraina-un-anno-di-guerra-catena-umana-intorno-agli-uffizi\/\" target=\"_blank\" rel=\"noopener\">Ucraina.\u00a0<\/a><\/strong><\/p>\n<p>Sull\u2019onda del successo dell&#8217;ultimo tour che ha registrato il sold out in tutte le date,<strong> Tananai torner\u00e0 a suonare live<\/strong> con cinque appuntamenti italiani tra cui il <strong>concerto a Firenze al Mandela Forum mercoled\u00ec 10 maggio.<\/strong><\/p>\n<p><em>&#8220;Ho fatto tante cose di cui sono soddisfatto e tante di cui non lo sono. Oggi sono soddisfatto del mio disco<\/em>\u00a0&#8211; ha dichiarato <strong>Tananai in un&#8217;intervista a Vanity Fair<\/strong> &#8211; <em>Forse sarebbe stato meglio farlo uscire prima, ma non era il momento: non avevo dei pezzi che sentivo che sarebbero dovuti esserci. Di contro, sono insoddisfatto per altre cose. Vorrei subito fare un altro album, tornare in tour. Vorrei sempre stare in giro a suonare tutti i giorni, infatti, nel periodo del tour, quando riuscivo a fare anche dei brani, provavo un&#8217;estrema felicit\u00e0. Penso sempre che potrei fare meglio. Tra le mille cose che mi sono messo a fare, l&#8217;unica che non ho smesso \u00e8 la musica: il tempo passava e io non mi annoiavo. L\u00ec ho capito che avrei dovuto fare quello nella vita, anche se non \u00e8 sempre stato divertente.&#8221;<\/em><\/p>\n<p>Il tour \u00e8 occasione per <strong>Tananai di cantare finalmente dal vivo<\/strong>, oltre alla sua discografia precedente, anche<em><strong> \u201cSesso Occasionale\u201d,<\/strong><\/em> canzone presentata al Festival di Sanremo 2022 e certificata disco di platino, e la hit <em><strong>\u201cBaby Goddamn\u201d<\/strong><\/em> (disco di platino), uscita a marzo 2021, stabile da quasi due mesi nella Top5 di Spotify Italia delle canzoni pi\u00f9 ascoltate, conquistando anche la #1 posizione, e attualmente in Top10 Fimi\/GFk dei singoli pi\u00f9 venduti.<\/p>\n<p><strong>Tananai<\/strong> si esibir\u00e0 accompagnato dalla sua band: <strong>Donald Renda<\/strong> alla batteria, <strong>Lucio Fasino<\/strong> al basso, <strong>Enrico Wolfgang e Leonardo Cavion<\/strong> alle chitarre.<\/p>\n<p>Non mancheranno anche momenti in cui sar\u00e0<strong> l\u2019artista stesso a suonare il pianoforte e cantare solo<\/strong>, insieme al suo pubblico, proponendo anche qualche sorpresa del suo passato da produttore elettronico.<\/p>\n<p><strong>Tananai<\/strong> torner\u00e0 in concerto in Toscana anche il <strong>25 agosto al Beat Festival di Empoli.<\/strong><\/p>\n<p><iframe loading=\"lazy\" title=\"YouTube video player\" src=\"https:\/\/www.youtube.com\/embed\/C7ckx1gbDH0\" width=\"800\" height=\"500\" frameborder=\"0\" allowfullscreen=\"allowfullscreen\"><span data-mce-type=\"bookmark\" style=\"display: inline-block; width: 0px; overflow: hidden; line-height: 0;\" class=\"mce_SELRES_start\">\ufeff<\/span><\/iframe><\/p>\n","protected":false},"excerpt":{"rendered":"<p>Dopo il successo con la canzone &#8220;Tango&#8221; allo scorso Festival di Sanremo Tananai arriva in concerto a Firenze mercoled\u00ec 10 maggio<\/p>\n","protected":false},"author":518,"featured_media":278031,"comment_status":"open","ping_status":"open","sticky":false,"template":"","format":"standard","meta":{"_acf_changed":false,"footnotes":""},"categories":[14],"tags":[216,4474,202],"class_list":["post-278029","post","type-post","status-publish","format-standard","has-post-thumbnail","hentry","category-musica","tag-concerti","tag-eventi","tag-firenze"],"acf":[],"yoast_head":"<!-- This site is optimized with the Yoast SEO Premium plugin v24.2 (Yoast SEO v25.6) - https:\/\/yoast.com\/wordpress\/plugins\/seo\/ -->\n<title>Da Sanremo a Firenze Tananai in concerto al Mandela Forum il 10 maggio - intoscana<\/title>\n<meta name=\"description\" content=\"Dopo il successo con la canzone &quot;Tango&quot; allo scorso Festival di Sanremo Tananai arriva in concerto a Firenze mercoled\u00ec 10 maggio\" \/>\n<meta name=\"robots\" content=\"index, follow, max-snippet:-1, max-image-preview:large, max-video-preview:-1\" \/>\n<link rel=\"canonical\" href=\"https:\/\/www.intoscana.it\/it\/tananai-concerto-firenze-10-maggio-2023\/\" \/>\n<meta property=\"og:locale\" content=\"it_IT\" \/>\n<meta property=\"og:type\" content=\"article\" \/>\n<meta property=\"og:title\" content=\"Da Sanremo a Firenze Tananai in concerto al Mandela Forum il 10 maggio\" \/>\n<meta property=\"og:description\" content=\"Dopo il successo con la canzone &quot;Tango&quot; allo scorso Festival di Sanremo Tananai arriva in concerto a Firenze mercoled\u00ec 10 maggio\" \/>\n<meta property=\"og:url\" content=\"https:\/\/www.intoscana.it\/it\/tananai-concerto-firenze-10-maggio-2023\/\" \/>\n<meta property=\"og:site_name\" content=\"intoscana\" \/>\n<meta property=\"article:publisher\" content=\"https:\/\/www.facebook.com\/intoscana.it\" \/>\n<meta property=\"article:published_time\" content=\"2023-03-21T10:51:13+00:00\" \/>\n<meta property=\"og:image\" content=\"https:\/\/www.intoscana.it\/wp-content\/uploads\/19-tananai-cropped-33-cropped-55.jpg\" \/>\n\t<meta property=\"og:image:width\" content=\"528\" \/>\n\t<meta property=\"og:image:height\" content=\"550\" \/>\n\t<meta property=\"og:image:type\" content=\"image\/jpeg\" \/>\n<meta name=\"author\" content=\"Costanza Baldini\" \/>\n<meta name=\"twitter:card\" content=\"summary_large_image\" \/>\n<meta name=\"twitter:creator\" content=\"@intoscana\" \/>\n<meta name=\"twitter:site\" content=\"@intoscana\" \/>\n<meta name=\"twitter:label1\" content=\"Written by\" \/>\n\t<meta name=\"twitter:data1\" content=\"Costanza Baldini\" \/>\n\t<meta name=\"twitter:label2\" content=\"Est. reading time\" \/>\n\t<meta name=\"twitter:data2\" content=\"2 minuti\" \/>\n<script type=\"application\/ld+json\" class=\"yoast-schema-graph\">{\"@context\":\"https:\/\/schema.org\",\"@graph\":[{\"@type\":\"WebPage\",\"@id\":\"https:\/\/www.intoscana.it\/it\/tananai-concerto-firenze-10-maggio-2023\/\",\"url\":\"https:\/\/www.intoscana.it\/it\/tananai-concerto-firenze-10-maggio-2023\/\",\"name\":\"Da Sanremo a Firenze Tananai in concerto al Mandela Forum il 10 maggio - intoscana\",\"isPartOf\":{\"@id\":\"https:\/\/www.intoscana.it\/it\/#website\"},\"primaryImageOfPage\":{\"@id\":\"https:\/\/www.intoscana.it\/it\/tananai-concerto-firenze-10-maggio-2023\/#primaryimage\"},\"image\":{\"@id\":\"https:\/\/www.intoscana.it\/it\/tananai-concerto-firenze-10-maggio-2023\/#primaryimage\"},\"thumbnailUrl\":\"https:\/\/www.intoscana.it\/wp-content\/uploads\/19-tananai-cropped-33-cropped-55.jpg\",\"datePublished\":\"2023-03-21T10:51:13+00:00\",\"author\":{\"@id\":\"https:\/\/www.intoscana.it\/it\/#\/schema\/person\/d469f35f09739bdf00bf5dd3f0647a82\"},\"description\":\"Dopo il successo con la canzone \\\"Tango\\\" allo scorso Festival di Sanremo Tananai arriva in concerto a Firenze mercoled\u00ec 10 maggio\",\"breadcrumb\":{\"@id\":\"https:\/\/www.intoscana.it\/it\/tananai-concerto-firenze-10-maggio-2023\/#breadcrumb\"},\"inLanguage\":\"it-IT\",\"potentialAction\":[{\"@type\":\"ReadAction\",\"target\":[\"https:\/\/www.intoscana.it\/it\/tananai-concerto-firenze-10-maggio-2023\/\"]}]},{\"@type\":\"ImageObject\",\"inLanguage\":\"it-IT\",\"@id\":\"https:\/\/www.intoscana.it\/it\/tananai-concerto-firenze-10-maggio-2023\/#primaryimage\",\"url\":\"https:\/\/www.intoscana.it\/wp-content\/uploads\/19-tananai-cropped-33-cropped-55.jpg\",\"contentUrl\":\"https:\/\/www.intoscana.it\/wp-content\/uploads\/19-tananai-cropped-33-cropped-55.jpg\",\"width\":528,\"height\":550,\"caption\":\"Tananai\"},{\"@type\":\"BreadcrumbList\",\"@id\":\"https:\/\/www.intoscana.it\/it\/tananai-concerto-firenze-10-maggio-2023\/#breadcrumb\",\"itemListElement\":[{\"@type\":\"ListItem\",\"position\":1,\"name\":\"Home\",\"item\":\"https:\/\/www.intoscana.it\/it\/\"},{\"@type\":\"ListItem\",\"position\":2,\"name\":\"Da Sanremo a Firenze Tananai in concerto al Mandela Forum il 10 maggio\"}]},{\"@type\":\"WebSite\",\"@id\":\"https:\/\/www.intoscana.it\/it\/#website\",\"url\":\"https:\/\/www.intoscana.it\/it\/\",\"name\":\"intoscana\",\"description\":\"\",\"potentialAction\":[{\"@type\":\"SearchAction\",\"target\":{\"@type\":\"EntryPoint\",\"urlTemplate\":\"https:\/\/www.intoscana.it\/it\/?s={search_term_string}\"},\"query-input\":{\"@type\":\"PropertyValueSpecification\",\"valueRequired\":true,\"valueName\":\"search_term_string\"}}],\"inLanguage\":\"it-IT\"},{\"@type\":\"Person\",\"@id\":\"https:\/\/www.intoscana.it\/it\/#\/schema\/person\/d469f35f09739bdf00bf5dd3f0647a82\",\"name\":\"Costanza Baldini\",\"url\":\"https:\/\/www.intoscana.it\/it\/author\/costanza-baldini\/\"}]}<\/script>\n<!-- \/ Yoast SEO Premium plugin. -->","yoast_head_json":{"title":"Da Sanremo a Firenze Tananai in concerto al Mandela Forum il 10 maggio - intoscana","description":"Dopo il successo con la canzone \"Tango\" allo scorso Festival di Sanremo Tananai arriva in concerto a Firenze mercoled\u00ec 10 maggio","robots":{"index":"index","follow":"follow","max-snippet":"max-snippet:-1","max-image-preview":"max-image-preview:large","max-video-preview":"max-video-preview:-1"},"canonical":"https:\/\/www.intoscana.it\/it\/tananai-concerto-firenze-10-maggio-2023\/","og_locale":"it_IT","og_type":"article","og_title":"Da Sanremo a Firenze Tananai in concerto al Mandela Forum il 10 maggio","og_description":"Dopo il successo con la canzone \"Tango\" allo scorso Festival di Sanremo Tananai arriva in concerto a Firenze mercoled\u00ec 10 maggio","og_url":"https:\/\/www.intoscana.it\/it\/tananai-concerto-firenze-10-maggio-2023\/","og_site_name":"intoscana","article_publisher":"https:\/\/www.facebook.com\/intoscana.it","article_published_time":"2023-03-21T10:51:13+00:00","og_image":[{"width":528,"height":550,"url":"https:\/\/www.intoscana.it\/wp-content\/uploads\/19-tananai-cropped-33-cropped-55.jpg","type":"image\/jpeg"}],"author":"Costanza Baldini","twitter_card":"summary_large_image","twitter_creator":"@intoscana","twitter_site":"@intoscana","twitter_misc":{"Written by":"Costanza Baldini","Est. reading time":"2 minuti"},"schema":{"@context":"https:\/\/schema.org","@graph":[{"@type":"WebPage","@id":"https:\/\/www.intoscana.it\/it\/tananai-concerto-firenze-10-maggio-2023\/","url":"https:\/\/www.intoscana.it\/it\/tananai-concerto-firenze-10-maggio-2023\/","name":"Da Sanremo a Firenze Tananai in concerto al Mandela Forum il 10 maggio - intoscana","isPartOf":{"@id":"https:\/\/www.intoscana.it\/it\/#website"},"primaryImageOfPage":{"@id":"https:\/\/www.intoscana.it\/it\/tananai-concerto-firenze-10-maggio-2023\/#primaryimage"},"image":{"@id":"https:\/\/www.intoscana.it\/it\/tananai-concerto-firenze-10-maggio-2023\/#primaryimage"},"thumbnailUrl":"https:\/\/www.intoscana.it\/wp-content\/uploads\/19-tananai-cropped-33-cropped-55.jpg","datePublished":"2023-03-21T10:51:13+00:00","author":{"@id":"https:\/\/www.intoscana.it\/it\/#\/schema\/person\/d469f35f09739bdf00bf5dd3f0647a82"},"description":"Dopo il successo con la canzone \"Tango\" allo scorso Festival di Sanremo Tananai arriva in concerto a Firenze mercoled\u00ec 10 maggio","breadcrumb":{"@id":"https:\/\/www.intoscana.it\/it\/tananai-concerto-firenze-10-maggio-2023\/#breadcrumb"},"inLanguage":"it-IT","potentialAction":[{"@type":"ReadAction","target":["https:\/\/www.intoscana.it\/it\/tananai-concerto-firenze-10-maggio-2023\/"]}]},{"@type":"ImageObject","inLanguage":"it-IT","@id":"https:\/\/www.intoscana.it\/it\/tananai-concerto-firenze-10-maggio-2023\/#primaryimage","url":"https:\/\/www.intoscana.it\/wp-content\/uploads\/19-tananai-cropped-33-cropped-55.jpg","contentUrl":"https:\/\/www.intoscana.it\/wp-content\/uploads\/19-tananai-cropped-33-cropped-55.jpg","width":528,"height":550,"caption":"Tananai"},{"@type":"BreadcrumbList","@id":"https:\/\/www.intoscana.it\/it\/tananai-concerto-firenze-10-maggio-2023\/#breadcrumb","itemListElement":[{"@type":"ListItem","position":1,"name":"Home","item":"https:\/\/www.intoscana.it\/it\/"},{"@type":"ListItem","position":2,"name":"Da Sanremo a Firenze Tananai in concerto al Mandela Forum il 10 maggio"}]},{"@type":"WebSite","@id":"https:\/\/www.intoscana.it\/it\/#website","url":"https:\/\/www.intoscana.it\/it\/","name":"intoscana","description":"","potentialAction":[{"@type":"SearchAction","target":{"@type":"EntryPoint","urlTemplate":"https:\/\/www.intoscana.it\/it\/?s={search_term_string}"},"query-input":{"@type":"PropertyValueSpecification","valueRequired":true,"valueName":"search_term_string"}}],"inLanguage":"it-IT"},{"@type":"Person","@id":"https:\/\/www.intoscana.it\/it\/#\/schema\/person\/d469f35f09739bdf00bf5dd3f0647a82","name":"Costanza Baldini","url":"https:\/\/www.intoscana.it\/it\/author\/costanza-baldini\/"}]}},"_links":{"self":[{"href":"https:\/\/www.intoscana.it\/it\/wp-json\/wp\/v2\/posts\/278029","targetHints":{"allow":["GET"]}}],"collection":[{"href":"https:\/\/www.intoscana.it\/it\/wp-json\/wp\/v2\/posts"}],"about":[{"href":"https:\/\/www.intoscana.it\/it\/wp-json\/wp\/v2\/types\/post"}],"author":[{"embeddable":true,"href":"https:\/\/www.intoscana.it\/it\/wp-json\/wp\/v2\/users\/518"}],"replies":[{"embeddable":true,"href":"https:\/\/www.intoscana.it\/it\/wp-json\/wp\/v2\/comments?post=278029"}],"version-history":[{"count":0,"href":"https:\/\/www.intoscana.it\/it\/wp-json\/wp\/v2\/posts\/278029\/revisions"}],"wp:featuredmedia":[{"embeddable":true,"href":"https:\/\/www.intoscana.it\/it\/wp-json\/wp\/v2\/media\/278031"}],"wp:attachment":[{"href":"https:\/\/www.intoscana.it\/it\/wp-json\/wp\/v2\/media?parent=278029"}],"wp:term":[{"taxonomy":"category","embeddable":true,"href":"https:\/\/www.intoscana.it\/it\/wp-json\/wp\/v2\/categories?post=278029"},{"taxonomy":"post_tag","embeddable":true,"href":"https:\/\/www.intoscana.it\/it\/wp-json\/wp\/v2\/tags?post=278029"}],"curies":[{"name":"wp","href":"https:\/\/api.w.org\/{rel}","templated":true}]}}