{"id":278112,"date":"2023-03-21T14:47:41","date_gmt":"2023-03-21T13:47:41","guid":{"rendered":"https:\/\/www.intoscana.it\/it\/?p=278112"},"modified":"2023-03-21T16:17:57","modified_gmt":"2023-03-21T15:17:57","slug":"la-via-del-futuro-bando-consiglio-regionale","status":"publish","type":"post","link":"https:\/\/www.intoscana.it\/it\/la-via-del-futuro-bando-consiglio-regionale\/","title":{"rendered":"La via del futuro: pi\u00f9 di 1 milione di euro dal Consiglio regionale per una Toscana verde, inclusiva e aperta"},"content":{"rendered":"<p>Una Toscana pi\u00f9 ecosostenibile, pi\u00f9 inclusiva e dove i piccoli cittadini di domani imparano ad amare la lettura. Sono questi i tre pilastri de <strong>&#8220;La via del futuro&#8221;,<\/strong> il nuovo bando lanciato dal <strong>Consiglio regionale della Toscana<\/strong> che mette <mark>a disposizione dei comuni 1 milione e 50mila euro: risorse importanti che derivano dall&#8217;avanzo di amministrazione,<\/mark> ovvero da quanto l&#8217;Assemblea legislativa \u00e8 riuscita a risparmiare tagliando sui costi, e che andranno a finanziare progetti innovativi per la mobilit\u00e0 sostenibile, gli arredi scolastici per studenti con disabilit\u00e0 e la promozione della lettura.<\/p>\n<p><em>&#8220;Queste risorse sono i costi della politica che siamo riusciti a ridurre e ora mettiamo a disposizione delle cittadini e dei cittadini della Toscana<\/em> &#8211; spiega il presidente del Consiglio regionale <strong>Antonio Mazzeo<\/strong> &#8211; <em>&#8220;La via del futuro&#8221; \u00e8 verde, con il sostegno alla mobilit\u00e0 sostenibile, inclusiva e aperta come le pagine di un libro, insomma \u00e8 una strada da costruire insieme a tutti i comuni della nostra regione.&#8221;<\/em><\/p>\n<figure id=\"post-278117 media-278117\" class=\"align-none\">\n<p><figure style=\"width: 1600px\" class=\"wp-caption alignnone\"><img loading=\"lazy\" decoding=\"async\" src=\"https:\/\/www.intoscana.it\/wp-content\/uploads\/WhatsApp-Image-2023-03-21-at-14.10.21.jpeg\" alt=\"\" width=\"1600\" height=\"1066\" \/><figcaption class=\"wp-caption-text\">La presentazione del bando &#8220;La via del futuro&#8221; lanciato dal Consiglio regionale della Toscana<\/figcaption><\/figure><\/figure>\n<h3>Mobilit\u00e0 sostenibile, inclusione scolastica e lettura<\/h3>\n<p>Alla mobilit\u00e0 green sono destinati 550mila euro, da utilizzare per l\u2019acquisto di <strong>veicoli elettrici<\/strong> o per impiantare le colonnine necessarie per ricaricarli,\u00a0 mentre 300mila euro andranno all\u2019acquisto di arredi scolastici per gli <strong>studenti con disabilit\u00e0<\/strong> e 200mila euro saranno da investire nella promozione della <strong>lettura<\/strong> tra i giovani toscani.<\/p>\n<p><em>&#8220;\u00c8 un bando rivolto alle amministrazioni locali per favorire gli obiettivi di agenda 2030, quindi la sostenibilit\u00e0 che si declina come sostenibilit\u00e0 ambientale, e quindi la mobilit\u00e0 dolce, ma anche sociale, quindi l\u2019inclusione scolastica e lo stimolo alla lettura&#8221; <\/em>spiega la consigliera segretario dell&#8217;Ufficio di Presidenza del Consiglio regionale <strong>Federica Fratoni.<\/strong><\/p>\n<p><mark>Ogni comune della Toscana potr\u00e0 presentare un solo progetto &#8211; gi\u00e0 partito o ancora da realizzare &#8211; che rientri in una delle tre linee del bando e ricevere contributi fino a 15mila euro,<\/mark> con una compartecipazione di almeno il 20% alla spesa. Per partecipare al bando c&#8217;\u00e8 tempo fino al <strong>17 aprile.<\/strong><\/p>\n<p>Per quanto riguarda in particolare la <strong>promozione della lettura<\/strong> il bando si inserisce in un percorso pi\u00f9 ampio, portato avanti dall&#8217;Assemblea legislativa della Toscana che, come ha spiegato la presidente della Commissione Cultura Cristina Giachi, ha presentato una <strong>proposta di legge<\/strong> al Parlamento sulla lettura nelle scuole, per introdurre ogni giorno nell&#8217;orario scolastico uno spazio per la lettura libera.<\/p>\n<p>&nbsp;<\/p>\n","protected":false},"excerpt":{"rendered":"<p>Il bando mette a disposizione dei comuni toscani le risorse derivanti dall\u2019avanzo di amministrazione, con contributi fino a 15mila euro per la mobilit\u00e0 sostenibile, l&#8217;inclusione e la promozione della lettura<\/p>\n","protected":false},"author":502,"featured_media":278102,"comment_status":"open","ping_status":"open","sticky":false,"template":"","format":"standard","meta":{"_acf_changed":false,"footnotes":""},"categories":[494],"tags":[4753,5699,4910,1438,212],"class_list":["post-278112","post","type-post","status-publish","format-standard","has-post-thumbnail","hentry","category-attualita","tag-consiglio-regionale-della-toscana","tag-inclusione","tag-lettura","tag-mobilita-sostenibile","tag-scuola"],"acf":[],"yoast_head":"<!-- This site is optimized with the Yoast SEO Premium plugin v24.2 (Yoast SEO v25.6) - https:\/\/yoast.com\/wordpress\/plugins\/seo\/ -->\n<title>La via del futuro: pi\u00f9 di 1 milione di euro dal Consiglio regionale per una Toscana verde, inclusiva e aperta - intoscana<\/title>\n<meta name=\"description\" content=\"Il bando &quot;La via del futuro&quot; del Consiglio regionale della Toscana stanzia 1 milione di euro per i comuni su mobilit\u00e0 green, inclusivit\u00e0 e lettura.\" \/>\n<meta name=\"robots\" content=\"index, follow, max-snippet:-1, max-image-preview:large, max-video-preview:-1\" \/>\n<link rel=\"canonical\" href=\"https:\/\/www.intoscana.it\/it\/la-via-del-futuro-bando-consiglio-regionale\/\" \/>\n<meta property=\"og:locale\" content=\"it_IT\" \/>\n<meta property=\"og:type\" content=\"article\" \/>\n<meta property=\"og:title\" content=\"La via del futuro: pi\u00f9 di 1 milione di euro dal Consiglio regionale per una Toscana verde, inclusiva e aperta\" \/>\n<meta property=\"og:description\" content=\"Il bando &quot;La via del futuro&quot; del Consiglio regionale della Toscana stanzia 1 milione di euro per i comuni su mobilit\u00e0 green, inclusivit\u00e0 e lettura.\" \/>\n<meta property=\"og:url\" content=\"https:\/\/www.intoscana.it\/it\/la-via-del-futuro-bando-consiglio-regionale\/\" \/>\n<meta property=\"og:site_name\" content=\"intoscana\" \/>\n<meta property=\"article:publisher\" content=\"https:\/\/www.facebook.com\/intoscana.it\" \/>\n<meta property=\"article:published_time\" content=\"2023-03-21T13:47:41+00:00\" \/>\n<meta property=\"article:modified_time\" content=\"2023-03-21T15:17:57+00:00\" \/>\n<meta property=\"og:image\" content=\"https:\/\/www.intoscana.it\/wp-content\/uploads\/via-futuro.jpg\" \/>\n\t<meta property=\"og:image:width\" content=\"2048\" \/>\n\t<meta property=\"og:image:height\" content=\"1152\" \/>\n\t<meta property=\"og:image:type\" content=\"image\/jpeg\" \/>\n<meta name=\"author\" content=\"Ilaria Giannini\" \/>\n<meta name=\"twitter:card\" content=\"summary_large_image\" \/>\n<meta name=\"twitter:creator\" content=\"@i.giannini@fst.it\" \/>\n<meta name=\"twitter:site\" content=\"@intoscana\" \/>\n<meta name=\"twitter:label1\" content=\"Written by\" \/>\n\t<meta name=\"twitter:data1\" content=\"Ilaria Giannini\" \/>\n\t<meta name=\"twitter:label2\" content=\"Est. reading time\" \/>\n\t<meta name=\"twitter:data2\" content=\"2 minuti\" \/>\n<script type=\"application\/ld+json\" class=\"yoast-schema-graph\">{\"@context\":\"https:\/\/schema.org\",\"@graph\":[{\"@type\":\"WebPage\",\"@id\":\"https:\/\/www.intoscana.it\/it\/la-via-del-futuro-bando-consiglio-regionale\/\",\"url\":\"https:\/\/www.intoscana.it\/it\/la-via-del-futuro-bando-consiglio-regionale\/\",\"name\":\"La via del futuro: pi\u00f9 di 1 milione di euro dal Consiglio regionale per una Toscana verde, inclusiva e aperta - intoscana\",\"isPartOf\":{\"@id\":\"https:\/\/www.intoscana.it\/it\/#website\"},\"primaryImageOfPage\":{\"@id\":\"https:\/\/www.intoscana.it\/it\/la-via-del-futuro-bando-consiglio-regionale\/#primaryimage\"},\"image\":{\"@id\":\"https:\/\/www.intoscana.it\/it\/la-via-del-futuro-bando-consiglio-regionale\/#primaryimage\"},\"thumbnailUrl\":\"https:\/\/www.intoscana.it\/wp-content\/uploads\/via-futuro.jpg\",\"datePublished\":\"2023-03-21T13:47:41+00:00\",\"dateModified\":\"2023-03-21T15:17:57+00:00\",\"author\":{\"@id\":\"https:\/\/www.intoscana.it\/it\/#\/schema\/person\/de95e1ed2c1c8c30a6922bbba3a90185\"},\"description\":\"Il bando \\\"La via del futuro\\\" del Consiglio regionale della Toscana stanzia 1 milione di euro per i comuni su mobilit\u00e0 green, inclusivit\u00e0 e lettura.\",\"breadcrumb\":{\"@id\":\"https:\/\/www.intoscana.it\/it\/la-via-del-futuro-bando-consiglio-regionale\/#breadcrumb\"},\"inLanguage\":\"it-IT\",\"potentialAction\":[{\"@type\":\"ReadAction\",\"target\":[\"https:\/\/www.intoscana.it\/it\/la-via-del-futuro-bando-consiglio-regionale\/\"]}]},{\"@type\":\"ImageObject\",\"inLanguage\":\"it-IT\",\"@id\":\"https:\/\/www.intoscana.it\/it\/la-via-del-futuro-bando-consiglio-regionale\/#primaryimage\",\"url\":\"https:\/\/www.intoscana.it\/wp-content\/uploads\/via-futuro.jpg\",\"contentUrl\":\"https:\/\/www.intoscana.it\/wp-content\/uploads\/via-futuro.jpg\",\"width\":2048,\"height\":1152,\"caption\":\"Il bando \\\"La via del futuro\\\" lanciato dal Consiglio regionale della Toscana\"},{\"@type\":\"BreadcrumbList\",\"@id\":\"https:\/\/www.intoscana.it\/it\/la-via-del-futuro-bando-consiglio-regionale\/#breadcrumb\",\"itemListElement\":[{\"@type\":\"ListItem\",\"position\":1,\"name\":\"Home\",\"item\":\"https:\/\/www.intoscana.it\/it\/\"},{\"@type\":\"ListItem\",\"position\":2,\"name\":\"La via del futuro: pi\u00f9 di 1 milione di euro dal Consiglio regionale per una Toscana verde, inclusiva e aperta\"}]},{\"@type\":\"WebSite\",\"@id\":\"https:\/\/www.intoscana.it\/it\/#website\",\"url\":\"https:\/\/www.intoscana.it\/it\/\",\"name\":\"intoscana\",\"description\":\"\",\"potentialAction\":[{\"@type\":\"SearchAction\",\"target\":{\"@type\":\"EntryPoint\",\"urlTemplate\":\"https:\/\/www.intoscana.it\/it\/?s={search_term_string}\"},\"query-input\":{\"@type\":\"PropertyValueSpecification\",\"valueRequired\":true,\"valueName\":\"search_term_string\"}}],\"inLanguage\":\"it-IT\"},{\"@type\":\"Person\",\"@id\":\"https:\/\/www.intoscana.it\/it\/#\/schema\/person\/de95e1ed2c1c8c30a6922bbba3a90185\",\"name\":\"Ilaria Giannini\",\"sameAs\":[\"https:\/\/x.com\/i.giannini@fst.it\"],\"url\":\"https:\/\/www.intoscana.it\/it\/author\/ilaria-giannini\/\"}]}<\/script>\n<!-- \/ Yoast SEO Premium plugin. -->","yoast_head_json":{"title":"La via del futuro: pi\u00f9 di 1 milione di euro dal Consiglio regionale per una Toscana verde, inclusiva e aperta - intoscana","description":"Il bando \"La via del futuro\" del Consiglio regionale della Toscana stanzia 1 milione di euro per i comuni su mobilit\u00e0 green, inclusivit\u00e0 e lettura.","robots":{"index":"index","follow":"follow","max-snippet":"max-snippet:-1","max-image-preview":"max-image-preview:large","max-video-preview":"max-video-preview:-1"},"canonical":"https:\/\/www.intoscana.it\/it\/la-via-del-futuro-bando-consiglio-regionale\/","og_locale":"it_IT","og_type":"article","og_title":"La via del futuro: pi\u00f9 di 1 milione di euro dal Consiglio regionale per una Toscana verde, inclusiva e aperta","og_description":"Il bando \"La via del futuro\" del Consiglio regionale della Toscana stanzia 1 milione di euro per i comuni su mobilit\u00e0 green, inclusivit\u00e0 e lettura.","og_url":"https:\/\/www.intoscana.it\/it\/la-via-del-futuro-bando-consiglio-regionale\/","og_site_name":"intoscana","article_publisher":"https:\/\/www.facebook.com\/intoscana.it","article_published_time":"2023-03-21T13:47:41+00:00","article_modified_time":"2023-03-21T15:17:57+00:00","og_image":[{"width":2048,"height":1152,"url":"https:\/\/www.intoscana.it\/wp-content\/uploads\/via-futuro.jpg","type":"image\/jpeg"}],"author":"Ilaria Giannini","twitter_card":"summary_large_image","twitter_creator":"@i.giannini@fst.it","twitter_site":"@intoscana","twitter_misc":{"Written by":"Ilaria Giannini","Est. reading time":"2 minuti"},"schema":{"@context":"https:\/\/schema.org","@graph":[{"@type":"WebPage","@id":"https:\/\/www.intoscana.it\/it\/la-via-del-futuro-bando-consiglio-regionale\/","url":"https:\/\/www.intoscana.it\/it\/la-via-del-futuro-bando-consiglio-regionale\/","name":"La via del futuro: pi\u00f9 di 1 milione di euro dal Consiglio regionale per una Toscana verde, inclusiva e aperta - intoscana","isPartOf":{"@id":"https:\/\/www.intoscana.it\/it\/#website"},"primaryImageOfPage":{"@id":"https:\/\/www.intoscana.it\/it\/la-via-del-futuro-bando-consiglio-regionale\/#primaryimage"},"image":{"@id":"https:\/\/www.intoscana.it\/it\/la-via-del-futuro-bando-consiglio-regionale\/#primaryimage"},"thumbnailUrl":"https:\/\/www.intoscana.it\/wp-content\/uploads\/via-futuro.jpg","datePublished":"2023-03-21T13:47:41+00:00","dateModified":"2023-03-21T15:17:57+00:00","author":{"@id":"https:\/\/www.intoscana.it\/it\/#\/schema\/person\/de95e1ed2c1c8c30a6922bbba3a90185"},"description":"Il bando \"La via del futuro\" del Consiglio regionale della Toscana stanzia 1 milione di euro per i comuni su mobilit\u00e0 green, inclusivit\u00e0 e lettura.","breadcrumb":{"@id":"https:\/\/www.intoscana.it\/it\/la-via-del-futuro-bando-consiglio-regionale\/#breadcrumb"},"inLanguage":"it-IT","potentialAction":[{"@type":"ReadAction","target":["https:\/\/www.intoscana.it\/it\/la-via-del-futuro-bando-consiglio-regionale\/"]}]},{"@type":"ImageObject","inLanguage":"it-IT","@id":"https:\/\/www.intoscana.it\/it\/la-via-del-futuro-bando-consiglio-regionale\/#primaryimage","url":"https:\/\/www.intoscana.it\/wp-content\/uploads\/via-futuro.jpg","contentUrl":"https:\/\/www.intoscana.it\/wp-content\/uploads\/via-futuro.jpg","width":2048,"height":1152,"caption":"Il bando \"La via del futuro\" lanciato dal Consiglio regionale della Toscana"},{"@type":"BreadcrumbList","@id":"https:\/\/www.intoscana.it\/it\/la-via-del-futuro-bando-consiglio-regionale\/#breadcrumb","itemListElement":[{"@type":"ListItem","position":1,"name":"Home","item":"https:\/\/www.intoscana.it\/it\/"},{"@type":"ListItem","position":2,"name":"La via del futuro: pi\u00f9 di 1 milione di euro dal Consiglio regionale per una Toscana verde, inclusiva e aperta"}]},{"@type":"WebSite","@id":"https:\/\/www.intoscana.it\/it\/#website","url":"https:\/\/www.intoscana.it\/it\/","name":"intoscana","description":"","potentialAction":[{"@type":"SearchAction","target":{"@type":"EntryPoint","urlTemplate":"https:\/\/www.intoscana.it\/it\/?s={search_term_string}"},"query-input":{"@type":"PropertyValueSpecification","valueRequired":true,"valueName":"search_term_string"}}],"inLanguage":"it-IT"},{"@type":"Person","@id":"https:\/\/www.intoscana.it\/it\/#\/schema\/person\/de95e1ed2c1c8c30a6922bbba3a90185","name":"Ilaria Giannini","sameAs":["https:\/\/x.com\/i.giannini@fst.it"],"url":"https:\/\/www.intoscana.it\/it\/author\/ilaria-giannini\/"}]}},"_links":{"self":[{"href":"https:\/\/www.intoscana.it\/it\/wp-json\/wp\/v2\/posts\/278112","targetHints":{"allow":["GET"]}}],"collection":[{"href":"https:\/\/www.intoscana.it\/it\/wp-json\/wp\/v2\/posts"}],"about":[{"href":"https:\/\/www.intoscana.it\/it\/wp-json\/wp\/v2\/types\/post"}],"author":[{"embeddable":true,"href":"https:\/\/www.intoscana.it\/it\/wp-json\/wp\/v2\/users\/502"}],"replies":[{"embeddable":true,"href":"https:\/\/www.intoscana.it\/it\/wp-json\/wp\/v2\/comments?post=278112"}],"version-history":[{"count":0,"href":"https:\/\/www.intoscana.it\/it\/wp-json\/wp\/v2\/posts\/278112\/revisions"}],"wp:featuredmedia":[{"embeddable":true,"href":"https:\/\/www.intoscana.it\/it\/wp-json\/wp\/v2\/media\/278102"}],"wp:attachment":[{"href":"https:\/\/www.intoscana.it\/it\/wp-json\/wp\/v2\/media?parent=278112"}],"wp:term":[{"taxonomy":"category","embeddable":true,"href":"https:\/\/www.intoscana.it\/it\/wp-json\/wp\/v2\/categories?post=278112"},{"taxonomy":"post_tag","embeddable":true,"href":"https:\/\/www.intoscana.it\/it\/wp-json\/wp\/v2\/tags?post=278112"}],"curies":[{"name":"wp","href":"https:\/\/api.w.org\/{rel}","templated":true}]}}