{"id":278346,"date":"2023-03-22T14:29:14","date_gmt":"2023-03-22T13:29:14","guid":{"rendered":"https:\/\/www.intoscana.it\/it\/?p=278346"},"modified":"2023-03-22T14:29:14","modified_gmt":"2023-03-22T13:29:14","slug":"sport-protocollo-regione-uisp-per-promuovere-lattivita-fisica-tra-i-giovani","status":"publish","type":"post","link":"https:\/\/www.intoscana.it\/it\/sport-protocollo-regione-uisp-per-promuovere-lattivita-fisica-tra-i-giovani\/","title":{"rendered":"Sport, protocollo Regione-Uisp per promuovere l&#8217;attivit\u00e0 fisica tra i giovani"},"content":{"rendered":"<p>La <strong>Regione Toscana<\/strong> ha firmato un protocollo con <strong>Uisp<\/strong>, l\u2019Unione italiana sport per tutti, con l&#8217;obiettivo di <mark>promuovere l\u2019attivit\u00e0 fisica tra gli adolescenti, nelle scuole e nella comunit\u00e0, e la redazione di un programma biennale di attivit\u00e0 da avviare a partire dal 2024.<\/mark><\/p>\n<p>\u201cLo sport \u00e8 importante \u2013 evidenzia il presidente della Toscana <strong>Eugenio Giani<\/strong> \u2013 Lo sport ha un valore sociale indiscusso e la sua valorizzazione deve iniziare dalle scuole. Questa giunta intende investire anche sullo sport: sulla sua pratica ma anche sull\u2019efficientamento energetico degli impianti, perch\u00e9 strutture meno energivore avranno costi di gestione pi\u00f9 sostenili e dunque potranno essere sfruttate meglio e di pi\u00f9\u201d.<\/p>\n<h3><em>Sono le ragazze e le bambine a fare mono attivit\u00e0 fisica<\/em><\/h3>\n<p>Sono 44 mila euro le risorse complessivamente stanziate dall\u2019accordo e tra gli obiettivi, in linea con il piano regionale e nazionale di prevenzione, c\u2019\u00e8 l\u2019incremento dell\u2019attivit\u00e0 fisica e il suo riequilibro tra i generi. <mark>Sono, infatti, soprattutto le ragazze al di sotto dei 15 anni a non svolgere alcuna attivit\u00e0, il 13 per cento del totale: nel 2018 erano il 17,6 per cento, contro l\u20198,8 per cento dei maschi.<\/mark> Tra i bambini la differenza \u00e8 meno marcata: 18,3 per cento contro il 17.6 per cento. Tra gli undici e i quindici anni il rapporto \u00e8 quasi il doppio: il 10,1 per cento delle femmine non fa attivit\u00e0 fisica contro il 5,1 per cento dei maschi. E chi non fa movimento passa in genere molto pi\u00f9 tempo davanti a dispositivi elettronici.<\/p>\n<p>Per raggiungere l\u2019obiettivo verranno coinvolte le <strong>scuole<\/strong>. Si guarda alla costruzione di partnership con altre associazioni, ad esempio Auser, per lo scambio e il contatto intergenerazionale. Potranno essere organizzate anche passeggiate motorie promosse insieme ai Comuni e alle Asl. Spetter\u00e0 a Uisp coinvolgere le scuole, i Comuni e le Asl a seconda degli obiettivi. La Regione Toscana, da parte sua, si impegna a nominare il tavolo tecnico di lavoro dove componenti delle Asl della Toscana, dell\u2019Ufficio scolastico regionale e dei Comuni eventualmente interessati lavoreranno insieme.<\/p>\n<p>\u201cL\u2019attivit\u00e0 fisica \u00e8 salute, prevenzione ma anche inclusione e opportunit\u00e0 di crescita personale \u2013 commenta l\u2019assessore al diritto alla salute, <strong>Simone Bezzini<\/strong> &#8211; La firma del protocollo con Uisp d\u00e0 seguito e rafforza la visione della salute come risultato di uno sviluppo armonico e sostenibile dell\u2019essere umano, partendo proprio dalla promozione di un corretto stile di vita e dell\u2019attivit\u00e0 fisica\u201d. \u201cDurante l\u2019attivit\u00e0 di programmazione, prevista nell\u2019anno 2023 \u2013 spiega ancora l\u2019assessore -, <mark>saranno individuate da Uisp attivit\u00e0 coerenti con questa prospettiva. L\u2019obiettivo prioritario sar\u00e0 incoraggiare la partecipazione di ragazze e donne ora meno interessate all\u2019attivit\u00e0 fisica.<\/mark> Uisp, grazie alla presenza diffusa sul territorio e la capacit\u00e0 di costruire relazioni con scuole, pubbliche amministrazioni, Asl e associazioni, permetter\u00e0 di moltiplicare gli effetti positivi delle azioni, contribuendo a migliorare la qualit\u00e0 della vita delle cittadine e dei cittadini toscani\u201d.<\/p>\n","protected":false},"excerpt":{"rendered":"<p>L&#8217;obiettivo \u00e8 coinvolgere soprattutto ragazze e bambine, oggi meno attive dei coetanei maschi. Il presidente Giani: &#8220;Lo sport ha un valore sociale indiscusso, la sua valorizzazione parte dalle scuole&#8221;<\/p>\n","protected":false},"author":525,"featured_media":237034,"comment_status":"open","ping_status":"open","sticky":false,"template":"","format":"standard","meta":{"_acf_changed":false,"footnotes":""},"categories":[494],"tags":[158,4883,159],"class_list":["post-278346","post","type-post","status-publish","format-standard","has-post-thumbnail","hentry","category-attualita","tag-eugenio-giani","tag-simone-bezzini","tag-sport"],"acf":[],"yoast_head":"<!-- This site is optimized with the Yoast SEO Premium plugin v24.2 (Yoast SEO v25.6) - https:\/\/yoast.com\/wordpress\/plugins\/seo\/ -->\n<title>Sport, protocollo Regione-Uisp per promuovere l&#039;attivit\u00e0 fisica tra i giovani - intoscana<\/title>\n<meta name=\"description\" content=\"L&#039;obiettivo \u00e8 coinvolgere soprattutto ragazze e bambine, oggi meno attive dei coetanei maschi. Il presidente Giani: &quot;Lo sport ha un valore sociale indiscusso, la sua valorizzazione parte dalle scuole&quot;\" \/>\n<meta name=\"robots\" content=\"index, follow, max-snippet:-1, max-image-preview:large, max-video-preview:-1\" \/>\n<link rel=\"canonical\" href=\"https:\/\/www.intoscana.it\/it\/sport-protocollo-regione-uisp-per-promuovere-lattivita-fisica-tra-i-giovani\/\" \/>\n<meta property=\"og:locale\" content=\"it_IT\" \/>\n<meta property=\"og:type\" content=\"article\" \/>\n<meta property=\"og:title\" content=\"Sport, protocollo Regione-Uisp per promuovere l&#039;attivit\u00e0 fisica tra i giovani\" \/>\n<meta property=\"og:description\" content=\"L&#039;obiettivo \u00e8 coinvolgere soprattutto ragazze e bambine, oggi meno attive dei coetanei maschi. Il presidente Giani: &quot;Lo sport ha un valore sociale indiscusso, la sua valorizzazione parte dalle scuole&quot;\" \/>\n<meta property=\"og:url\" content=\"https:\/\/www.intoscana.it\/it\/sport-protocollo-regione-uisp-per-promuovere-lattivita-fisica-tra-i-giovani\/\" \/>\n<meta property=\"og:site_name\" content=\"intoscana\" \/>\n<meta property=\"article:publisher\" content=\"https:\/\/www.facebook.com\/intoscana.it\" \/>\n<meta property=\"article:published_time\" content=\"2023-03-22T13:29:14+00:00\" \/>\n<meta property=\"og:image\" content=\"https:\/\/www.intoscana.it\/wp-content\/uploads\/sport_bambini.jpeg\" \/>\n\t<meta property=\"og:image:width\" content=\"495\" \/>\n\t<meta property=\"og:image:height\" content=\"330\" \/>\n\t<meta property=\"og:image:type\" content=\"image\/jpeg\" \/>\n<meta name=\"author\" content=\"Redazione\" \/>\n<meta name=\"twitter:card\" content=\"summary_large_image\" \/>\n<meta name=\"twitter:creator\" content=\"@intoscana\" \/>\n<meta name=\"twitter:site\" content=\"@intoscana\" \/>\n<meta name=\"twitter:label1\" content=\"Written by\" \/>\n\t<meta name=\"twitter:data1\" content=\"Redazione\" \/>\n\t<meta name=\"twitter:label2\" content=\"Est. reading time\" \/>\n\t<meta name=\"twitter:data2\" content=\"2 minuti\" \/>\n<script type=\"application\/ld+json\" class=\"yoast-schema-graph\">{\"@context\":\"https:\/\/schema.org\",\"@graph\":[{\"@type\":\"WebPage\",\"@id\":\"https:\/\/www.intoscana.it\/it\/sport-protocollo-regione-uisp-per-promuovere-lattivita-fisica-tra-i-giovani\/\",\"url\":\"https:\/\/www.intoscana.it\/it\/sport-protocollo-regione-uisp-per-promuovere-lattivita-fisica-tra-i-giovani\/\",\"name\":\"Sport, protocollo Regione-Uisp per promuovere l'attivit\u00e0 fisica tra i giovani - intoscana\",\"isPartOf\":{\"@id\":\"https:\/\/www.intoscana.it\/it\/#website\"},\"primaryImageOfPage\":{\"@id\":\"https:\/\/www.intoscana.it\/it\/sport-protocollo-regione-uisp-per-promuovere-lattivita-fisica-tra-i-giovani\/#primaryimage\"},\"image\":{\"@id\":\"https:\/\/www.intoscana.it\/it\/sport-protocollo-regione-uisp-per-promuovere-lattivita-fisica-tra-i-giovani\/#primaryimage\"},\"thumbnailUrl\":\"https:\/\/www.intoscana.it\/wp-content\/uploads\/sport_bambini.jpeg\",\"datePublished\":\"2023-03-22T13:29:14+00:00\",\"author\":{\"@id\":\"https:\/\/www.intoscana.it\/it\/#\/schema\/person\/9223810753230f20bd670fdd322661f8\"},\"description\":\"L'obiettivo \u00e8 coinvolgere soprattutto ragazze e bambine, oggi meno attive dei coetanei maschi. Il presidente Giani: \\\"Lo sport ha un valore sociale indiscusso, la sua valorizzazione parte dalle scuole\\\"\",\"breadcrumb\":{\"@id\":\"https:\/\/www.intoscana.it\/it\/sport-protocollo-regione-uisp-per-promuovere-lattivita-fisica-tra-i-giovani\/#breadcrumb\"},\"inLanguage\":\"it-IT\",\"potentialAction\":[{\"@type\":\"ReadAction\",\"target\":[\"https:\/\/www.intoscana.it\/it\/sport-protocollo-regione-uisp-per-promuovere-lattivita-fisica-tra-i-giovani\/\"]}]},{\"@type\":\"ImageObject\",\"inLanguage\":\"it-IT\",\"@id\":\"https:\/\/www.intoscana.it\/it\/sport-protocollo-regione-uisp-per-promuovere-lattivita-fisica-tra-i-giovani\/#primaryimage\",\"url\":\"https:\/\/www.intoscana.it\/wp-content\/uploads\/sport_bambini.jpeg\",\"contentUrl\":\"https:\/\/www.intoscana.it\/wp-content\/uploads\/sport_bambini.jpeg\",\"width\":495,\"height\":330,\"caption\":\"sport\"},{\"@type\":\"BreadcrumbList\",\"@id\":\"https:\/\/www.intoscana.it\/it\/sport-protocollo-regione-uisp-per-promuovere-lattivita-fisica-tra-i-giovani\/#breadcrumb\",\"itemListElement\":[{\"@type\":\"ListItem\",\"position\":1,\"name\":\"Home\",\"item\":\"https:\/\/www.intoscana.it\/it\/\"},{\"@type\":\"ListItem\",\"position\":2,\"name\":\"Sport, protocollo Regione-Uisp per promuovere l&#8217;attivit\u00e0 fisica tra i giovani\"}]},{\"@type\":\"WebSite\",\"@id\":\"https:\/\/www.intoscana.it\/it\/#website\",\"url\":\"https:\/\/www.intoscana.it\/it\/\",\"name\":\"intoscana\",\"description\":\"\",\"potentialAction\":[{\"@type\":\"SearchAction\",\"target\":{\"@type\":\"EntryPoint\",\"urlTemplate\":\"https:\/\/www.intoscana.it\/it\/?s={search_term_string}\"},\"query-input\":{\"@type\":\"PropertyValueSpecification\",\"valueRequired\":true,\"valueName\":\"search_term_string\"}}],\"inLanguage\":\"it-IT\"},{\"@type\":\"Person\",\"@id\":\"https:\/\/www.intoscana.it\/it\/#\/schema\/person\/9223810753230f20bd670fdd322661f8\",\"name\":\"Redazione\",\"url\":\"https:\/\/www.intoscana.it\/it\/author\/redazione\/\"}]}<\/script>\n<!-- \/ Yoast SEO Premium plugin. -->","yoast_head_json":{"title":"Sport, protocollo Regione-Uisp per promuovere l'attivit\u00e0 fisica tra i giovani - intoscana","description":"L'obiettivo \u00e8 coinvolgere soprattutto ragazze e bambine, oggi meno attive dei coetanei maschi. Il presidente Giani: \"Lo sport ha un valore sociale indiscusso, la sua valorizzazione parte dalle scuole\"","robots":{"index":"index","follow":"follow","max-snippet":"max-snippet:-1","max-image-preview":"max-image-preview:large","max-video-preview":"max-video-preview:-1"},"canonical":"https:\/\/www.intoscana.it\/it\/sport-protocollo-regione-uisp-per-promuovere-lattivita-fisica-tra-i-giovani\/","og_locale":"it_IT","og_type":"article","og_title":"Sport, protocollo Regione-Uisp per promuovere l'attivit\u00e0 fisica tra i giovani","og_description":"L'obiettivo \u00e8 coinvolgere soprattutto ragazze e bambine, oggi meno attive dei coetanei maschi. Il presidente Giani: \"Lo sport ha un valore sociale indiscusso, la sua valorizzazione parte dalle scuole\"","og_url":"https:\/\/www.intoscana.it\/it\/sport-protocollo-regione-uisp-per-promuovere-lattivita-fisica-tra-i-giovani\/","og_site_name":"intoscana","article_publisher":"https:\/\/www.facebook.com\/intoscana.it","article_published_time":"2023-03-22T13:29:14+00:00","og_image":[{"width":495,"height":330,"url":"https:\/\/www.intoscana.it\/wp-content\/uploads\/sport_bambini.jpeg","type":"image\/jpeg"}],"author":"Redazione","twitter_card":"summary_large_image","twitter_creator":"@intoscana","twitter_site":"@intoscana","twitter_misc":{"Written by":"Redazione","Est. reading time":"2 minuti"},"schema":{"@context":"https:\/\/schema.org","@graph":[{"@type":"WebPage","@id":"https:\/\/www.intoscana.it\/it\/sport-protocollo-regione-uisp-per-promuovere-lattivita-fisica-tra-i-giovani\/","url":"https:\/\/www.intoscana.it\/it\/sport-protocollo-regione-uisp-per-promuovere-lattivita-fisica-tra-i-giovani\/","name":"Sport, protocollo Regione-Uisp per promuovere l'attivit\u00e0 fisica tra i giovani - intoscana","isPartOf":{"@id":"https:\/\/www.intoscana.it\/it\/#website"},"primaryImageOfPage":{"@id":"https:\/\/www.intoscana.it\/it\/sport-protocollo-regione-uisp-per-promuovere-lattivita-fisica-tra-i-giovani\/#primaryimage"},"image":{"@id":"https:\/\/www.intoscana.it\/it\/sport-protocollo-regione-uisp-per-promuovere-lattivita-fisica-tra-i-giovani\/#primaryimage"},"thumbnailUrl":"https:\/\/www.intoscana.it\/wp-content\/uploads\/sport_bambini.jpeg","datePublished":"2023-03-22T13:29:14+00:00","author":{"@id":"https:\/\/www.intoscana.it\/it\/#\/schema\/person\/9223810753230f20bd670fdd322661f8"},"description":"L'obiettivo \u00e8 coinvolgere soprattutto ragazze e bambine, oggi meno attive dei coetanei maschi. Il presidente Giani: \"Lo sport ha un valore sociale indiscusso, la sua valorizzazione parte dalle scuole\"","breadcrumb":{"@id":"https:\/\/www.intoscana.it\/it\/sport-protocollo-regione-uisp-per-promuovere-lattivita-fisica-tra-i-giovani\/#breadcrumb"},"inLanguage":"it-IT","potentialAction":[{"@type":"ReadAction","target":["https:\/\/www.intoscana.it\/it\/sport-protocollo-regione-uisp-per-promuovere-lattivita-fisica-tra-i-giovani\/"]}]},{"@type":"ImageObject","inLanguage":"it-IT","@id":"https:\/\/www.intoscana.it\/it\/sport-protocollo-regione-uisp-per-promuovere-lattivita-fisica-tra-i-giovani\/#primaryimage","url":"https:\/\/www.intoscana.it\/wp-content\/uploads\/sport_bambini.jpeg","contentUrl":"https:\/\/www.intoscana.it\/wp-content\/uploads\/sport_bambini.jpeg","width":495,"height":330,"caption":"sport"},{"@type":"BreadcrumbList","@id":"https:\/\/www.intoscana.it\/it\/sport-protocollo-regione-uisp-per-promuovere-lattivita-fisica-tra-i-giovani\/#breadcrumb","itemListElement":[{"@type":"ListItem","position":1,"name":"Home","item":"https:\/\/www.intoscana.it\/it\/"},{"@type":"ListItem","position":2,"name":"Sport, protocollo Regione-Uisp per promuovere l&#8217;attivit\u00e0 fisica tra i giovani"}]},{"@type":"WebSite","@id":"https:\/\/www.intoscana.it\/it\/#website","url":"https:\/\/www.intoscana.it\/it\/","name":"intoscana","description":"","potentialAction":[{"@type":"SearchAction","target":{"@type":"EntryPoint","urlTemplate":"https:\/\/www.intoscana.it\/it\/?s={search_term_string}"},"query-input":{"@type":"PropertyValueSpecification","valueRequired":true,"valueName":"search_term_string"}}],"inLanguage":"it-IT"},{"@type":"Person","@id":"https:\/\/www.intoscana.it\/it\/#\/schema\/person\/9223810753230f20bd670fdd322661f8","name":"Redazione","url":"https:\/\/www.intoscana.it\/it\/author\/redazione\/"}]}},"_links":{"self":[{"href":"https:\/\/www.intoscana.it\/it\/wp-json\/wp\/v2\/posts\/278346","targetHints":{"allow":["GET"]}}],"collection":[{"href":"https:\/\/www.intoscana.it\/it\/wp-json\/wp\/v2\/posts"}],"about":[{"href":"https:\/\/www.intoscana.it\/it\/wp-json\/wp\/v2\/types\/post"}],"author":[{"embeddable":true,"href":"https:\/\/www.intoscana.it\/it\/wp-json\/wp\/v2\/users\/525"}],"replies":[{"embeddable":true,"href":"https:\/\/www.intoscana.it\/it\/wp-json\/wp\/v2\/comments?post=278346"}],"version-history":[{"count":0,"href":"https:\/\/www.intoscana.it\/it\/wp-json\/wp\/v2\/posts\/278346\/revisions"}],"wp:featuredmedia":[{"embeddable":true,"href":"https:\/\/www.intoscana.it\/it\/wp-json\/wp\/v2\/media\/237034"}],"wp:attachment":[{"href":"https:\/\/www.intoscana.it\/it\/wp-json\/wp\/v2\/media?parent=278346"}],"wp:term":[{"taxonomy":"category","embeddable":true,"href":"https:\/\/www.intoscana.it\/it\/wp-json\/wp\/v2\/categories?post=278346"},{"taxonomy":"post_tag","embeddable":true,"href":"https:\/\/www.intoscana.it\/it\/wp-json\/wp\/v2\/tags?post=278346"}],"curies":[{"name":"wp","href":"https:\/\/api.w.org\/{rel}","templated":true}]}}