{"id":278401,"date":"2023-03-25T15:51:21","date_gmt":"2023-03-25T14:51:21","guid":{"rendered":"https:\/\/www.intoscana.it\/it\/?p=278401"},"modified":"2023-03-25T18:49:25","modified_gmt":"2023-03-25T17:49:25","slug":"capodanno-annunciazione-arezzo","status":"publish","type":"post","link":"https:\/\/www.intoscana.it\/it\/capodanno-annunciazione-arezzo\/","title":{"rendered":"Capodanno dell\u2019Annunciazione: la Toscana celebra il suo anno nuovo ad Arezzo"},"content":{"rendered":"<p>La Toscana festeggia il<strong> Capodanno dell&#8217;Annunciazione <\/strong>ad <strong>Arezzo<\/strong>. La citt\u00e0 della <strong>Giostra del Saracino ospita<\/strong>\u00a0quest&#8217;anno le celebrazioni in onore dell&#8217;antica tradizione per cui <mark>l&#8217;anno civile iniziava in Toscana il 25 marzo, il giorno in cui la Chiesa cattolica aveva collocato la Festa dell\u2019Annunciazione, un calendario che rimase in vigore fino al 1749.<\/mark> Solo quell&#8217;anno infatti il Granduca Francesco III di Lorena emise un decreto che fissava il primo gennaio come inizio dell&#8217;anno, uniformandosi cos\u00ec al calendario gregoriano che dal 1582 veniva utilizzato in tutta Europa.<\/p>\n<figure id=\"post-279091 media-279091\" class=\"align-none\">\n<figure id=\"post-279089 media-279089\" class=\"align-none\"><img decoding=\"async\" src=\"https:\/\/www.intoscana.it\/wp-content\/uploads\/Capodanno-annunciazione-Arezzo.jpeg\" alt=\"\" \/><\/figure>\n<div class=\"titleimg\">Capodanno annunciazione Arezzo<\/div>\n<\/figure>\n<div><\/div>\n<div>\n<h3>Tre giorni di eventi e una grande parata storica<\/h3>\n<p>Le celebrazioni sono partite il 24 marzo con il saluto della <strong>Giostra del Saracino<\/strong> in Piazza Grande e proseguiranno per due giorni con eventi speciali e visite guidate. <mark>Sabato infatti a partire dalle 16 nelle vie del centro storico sflilata del grande Corteo storico del Capodanno dell&#8217;Annunciazione,<\/mark> culminato sul sagrato della Cattedrale con lo schieramento finale dei gruppi storici.<\/p>\n<figure id=\"post-279095 media-279095\" class=\"align-none\"><img decoding=\"async\" src=\"https:\/\/www.intoscana.it\/wp-content\/uploads\/Capodanno-arezzo.jpeg\" alt=\"\" \/><\/figure>\n<div class=\"titleimg\">Capodanno arezzo<\/div>\n<p>Per chi vuole scoprire i tesori e le bellezze della citt\u00e0 ci sono due percorsi: <strong>&#8220;Arezzo ti incanta&#8221;<\/strong>, una passeggiata notturna tra i palazzi del centro il sabato sera, e <strong>&#8220;L&#8217;annunciazione ad Arezzo<\/strong>&#8220;, un itinerario dedicato all&#8217;immagine della Vergine Annunziata e alla festa dei fiori domenica mattina. Domenica infine nel pomeriggio nelle piazze del centro si esibiranno i <strong>gruppi storici<\/strong> della Regione Toscana.<\/p>\n<figure id=\"post-278403 media-278403\" class=\"align-none\"><\/figure>\n<div class=\"titleimg\"><\/div>\n<\/div>\n<h3>Una tradizione da tenere viva in Toscana<\/h3>\n<p>Da<strong> venerd\u00ec 24 a domenica 26 marzo<\/strong> Arezzo festeggia cos\u00ec il Capodanno dell&#8217;Annunciazione, con tre giorni di eventi che sono stati presentati nella sede del Consiglio regionale della Toscana, alla presenza del presidente dell&#8217;Assemblea legislativa <strong>Antonio Mazzeo <\/strong>e del presidente della Toscana <strong>Eugenio Giani<\/strong>. La Regione infatti, dopo una mozione approvata all\u2019unanimit\u00e0 dal Consiglio regionale, ha voluto inserire questa ricorrenza nel calendario annuale delle rievocazioni.<\/p>\n<p>Nell&#8217;occasione il <strong>Comune di Arezzo<\/strong> ha donato alla Regione un oggetto speciale, uno scettro simile a quello che possiede il Maestro di Campo della Giostra del Saracino, ma sormontato dal Pegaso, simbolo di tutta la Toscana, che possa cos\u00ec passare di citt\u00e0 in citt\u00e0. <mark>Il Capodanno dell&#8217;Annunciazione infatti vorrebbe diventare una celebrazione itinerante,<\/mark> che ogni anno possa trovare casa nei centri pi\u00f9 importanti del territorio.<\/p>\n<p><em>&#8220;Buon 2024 alle cittadine e ai cittadini toscani e grazie all&#8217;amministrazione comunale di Arezzo per aver partecipato con noi all&#8217;organizzazione di questi tre giorni che ricordano quando il capodanno iniziava nel giorno dell&#8217;Annunciazione<\/em> &#8211; ha commentato il <strong>presidente Mazzeo<\/strong> &#8211; <em>e grazie anche alle associazioni di rievocazione storica, che sono tante in Toscana e svolgono un ruolo importantissimo. La Toscana \u00e8 conosciuta nel mondo per le sue rievocazioni storiche e tutti insieme in questi tre giorni racconteremo quanta storia c&#8217;\u00e8 in questa regione.&#8221;<\/em><\/p>\n<p><em>&#8220;Dal IV secolo d.C. al 1749, quindi per pi\u00f9 di un millennio, il primo giorno dell&#8217;anno in Toscana \u00e8 stato il 25 marzo<\/em> &#8211; ha aggiunto il <strong>presidente Giani<\/strong> &#8211; <em>un giorno che ha ispirato i<strong> grandi artisti toscani,<\/strong> come Leonardo con l&#8217;Annunciazione, che \u00e8 il suo quadro pi\u00f9 importante che abbiamo agli Uffizi, ma anche il Beato Angelico e Filippo Brunelleschi, che volle inaugurare la Cupola del Duomo di Firenze il 25 marzo del 1436 alla presenza del Papa. Una data che noi abbiamo riportato a quello che \u00e8 identit\u00e0 e memoria della Toscana, attraverso i gruppi e le rievocazioni storiche.&#8221;<\/em><\/p>\n<figure id=\"post-278417 media-278417\" class=\"align-none\">\n<p><figure style=\"width: 2048px\" class=\"wp-caption alignnone\"><img loading=\"lazy\" decoding=\"async\" src=\"https:\/\/www.intoscana.it\/wp-content\/uploads\/WhatsApp-Image-2023-03-22-at-15.32.18.jpeg\" alt=\"\" width=\"2048\" height=\"1150\" \/><figcaption class=\"wp-caption-text\">La presentazione del Capodanno dell\u2019Annunciazione<\/figcaption><\/figure><\/figure>\n<div class=\"titleimg\"><\/div>\n","protected":false},"excerpt":{"rendered":"<p>Tre giorni di eventi, dal 24 al 26 marzo, per festeggiare l&#8217;antica tradizione secondo cui l&#8217;anno iniziava il 25 marzo che culmineranno con la grande parata storica dei gruppi di rievocazioni toscani<\/p>\n","protected":false},"author":502,"featured_media":279097,"comment_status":"open","ping_status":"open","sticky":false,"template":"","format":"standard","meta":{"_acf_changed":false,"footnotes":""},"categories":[493],"tags":[196,4753,1999],"class_list":["post-278401","post","type-post","status-publish","format-standard","has-post-thumbnail","hentry","category-cultura","tag-arezzo","tag-consiglio-regionale-della-toscana","tag-tradizioni"],"acf":[],"yoast_head":"<!-- This site is optimized with the Yoast SEO Premium plugin v24.2 (Yoast SEO v25.6) - https:\/\/yoast.com\/wordpress\/plugins\/seo\/ -->\n<title>Capodanno dell\u2019Annunciazione: la Toscana celebra il suo anno nuovo ad Arezzo - intoscana<\/title>\n<meta name=\"description\" content=\"Arezzo festeggia dal 24 al 26 marzo il Capodanno dell&#039;Annunciazione, con un grande corteo storico e tanti eventi speciali.\" \/>\n<meta name=\"robots\" content=\"index, follow, max-snippet:-1, max-image-preview:large, max-video-preview:-1\" \/>\n<link rel=\"canonical\" href=\"https:\/\/www.intoscana.it\/it\/capodanno-annunciazione-arezzo\/\" \/>\n<meta property=\"og:locale\" content=\"it_IT\" \/>\n<meta property=\"og:type\" content=\"article\" \/>\n<meta property=\"og:title\" content=\"Capodanno dell\u2019Annunciazione: la Toscana celebra il suo anno nuovo ad Arezzo\" \/>\n<meta property=\"og:description\" content=\"Arezzo festeggia dal 24 al 26 marzo il Capodanno dell&#039;Annunciazione, con un grande corteo storico e tanti eventi speciali.\" \/>\n<meta property=\"og:url\" content=\"https:\/\/www.intoscana.it\/it\/capodanno-annunciazione-arezzo\/\" \/>\n<meta property=\"og:site_name\" content=\"intoscana\" \/>\n<meta property=\"article:publisher\" content=\"https:\/\/www.facebook.com\/intoscana.it\" \/>\n<meta property=\"article:published_time\" content=\"2023-03-25T14:51:21+00:00\" \/>\n<meta property=\"article:modified_time\" content=\"2023-03-25T17:49:25+00:00\" \/>\n<meta property=\"og:image\" content=\"https:\/\/www.intoscana.it\/wp-content\/uploads\/Arezzo-capodanno-annunciazione.jpeg\" \/>\n\t<meta property=\"og:image:width\" content=\"1600\" \/>\n\t<meta property=\"og:image:height\" content=\"900\" \/>\n\t<meta property=\"og:image:type\" content=\"image\/jpeg\" \/>\n<meta name=\"author\" content=\"Ilaria Giannini\" \/>\n<meta name=\"twitter:card\" content=\"summary_large_image\" \/>\n<meta name=\"twitter:creator\" content=\"@i.giannini@fst.it\" \/>\n<meta name=\"twitter:site\" content=\"@intoscana\" \/>\n<meta name=\"twitter:label1\" content=\"Written by\" \/>\n\t<meta name=\"twitter:data1\" content=\"Ilaria Giannini\" \/>\n\t<meta name=\"twitter:label2\" content=\"Est. reading time\" \/>\n\t<meta name=\"twitter:data2\" content=\"3 minuti\" \/>\n<script type=\"application\/ld+json\" class=\"yoast-schema-graph\">{\"@context\":\"https:\/\/schema.org\",\"@graph\":[{\"@type\":\"WebPage\",\"@id\":\"https:\/\/www.intoscana.it\/it\/capodanno-annunciazione-arezzo\/\",\"url\":\"https:\/\/www.intoscana.it\/it\/capodanno-annunciazione-arezzo\/\",\"name\":\"Capodanno dell\u2019Annunciazione: la Toscana celebra il suo anno nuovo ad Arezzo - intoscana\",\"isPartOf\":{\"@id\":\"https:\/\/www.intoscana.it\/it\/#website\"},\"primaryImageOfPage\":{\"@id\":\"https:\/\/www.intoscana.it\/it\/capodanno-annunciazione-arezzo\/#primaryimage\"},\"image\":{\"@id\":\"https:\/\/www.intoscana.it\/it\/capodanno-annunciazione-arezzo\/#primaryimage\"},\"thumbnailUrl\":\"https:\/\/www.intoscana.it\/wp-content\/uploads\/Arezzo-capodanno-annunciazione.jpeg\",\"datePublished\":\"2023-03-25T14:51:21+00:00\",\"dateModified\":\"2023-03-25T17:49:25+00:00\",\"author\":{\"@id\":\"https:\/\/www.intoscana.it\/it\/#\/schema\/person\/de95e1ed2c1c8c30a6922bbba3a90185\"},\"description\":\"Arezzo festeggia dal 24 al 26 marzo il Capodanno dell'Annunciazione, con un grande corteo storico e tanti eventi speciali.\",\"breadcrumb\":{\"@id\":\"https:\/\/www.intoscana.it\/it\/capodanno-annunciazione-arezzo\/#breadcrumb\"},\"inLanguage\":\"it-IT\",\"potentialAction\":[{\"@type\":\"ReadAction\",\"target\":[\"https:\/\/www.intoscana.it\/it\/capodanno-annunciazione-arezzo\/\"]}]},{\"@type\":\"ImageObject\",\"inLanguage\":\"it-IT\",\"@id\":\"https:\/\/www.intoscana.it\/it\/capodanno-annunciazione-arezzo\/#primaryimage\",\"url\":\"https:\/\/www.intoscana.it\/wp-content\/uploads\/Arezzo-capodanno-annunciazione.jpeg\",\"contentUrl\":\"https:\/\/www.intoscana.it\/wp-content\/uploads\/Arezzo-capodanno-annunciazione.jpeg\",\"width\":1600,\"height\":900},{\"@type\":\"BreadcrumbList\",\"@id\":\"https:\/\/www.intoscana.it\/it\/capodanno-annunciazione-arezzo\/#breadcrumb\",\"itemListElement\":[{\"@type\":\"ListItem\",\"position\":1,\"name\":\"Home\",\"item\":\"https:\/\/www.intoscana.it\/it\/\"},{\"@type\":\"ListItem\",\"position\":2,\"name\":\"Capodanno dell\u2019Annunciazione: la Toscana celebra il suo anno nuovo ad Arezzo\"}]},{\"@type\":\"WebSite\",\"@id\":\"https:\/\/www.intoscana.it\/it\/#website\",\"url\":\"https:\/\/www.intoscana.it\/it\/\",\"name\":\"intoscana\",\"description\":\"\",\"potentialAction\":[{\"@type\":\"SearchAction\",\"target\":{\"@type\":\"EntryPoint\",\"urlTemplate\":\"https:\/\/www.intoscana.it\/it\/?s={search_term_string}\"},\"query-input\":{\"@type\":\"PropertyValueSpecification\",\"valueRequired\":true,\"valueName\":\"search_term_string\"}}],\"inLanguage\":\"it-IT\"},{\"@type\":\"Person\",\"@id\":\"https:\/\/www.intoscana.it\/it\/#\/schema\/person\/de95e1ed2c1c8c30a6922bbba3a90185\",\"name\":\"Ilaria Giannini\",\"sameAs\":[\"https:\/\/x.com\/i.giannini@fst.it\"],\"url\":\"https:\/\/www.intoscana.it\/it\/author\/ilaria-giannini\/\"}]}<\/script>\n<!-- \/ Yoast SEO Premium plugin. -->","yoast_head_json":{"title":"Capodanno dell\u2019Annunciazione: la Toscana celebra il suo anno nuovo ad Arezzo - intoscana","description":"Arezzo festeggia dal 24 al 26 marzo il Capodanno dell'Annunciazione, con un grande corteo storico e tanti eventi speciali.","robots":{"index":"index","follow":"follow","max-snippet":"max-snippet:-1","max-image-preview":"max-image-preview:large","max-video-preview":"max-video-preview:-1"},"canonical":"https:\/\/www.intoscana.it\/it\/capodanno-annunciazione-arezzo\/","og_locale":"it_IT","og_type":"article","og_title":"Capodanno dell\u2019Annunciazione: la Toscana celebra il suo anno nuovo ad Arezzo","og_description":"Arezzo festeggia dal 24 al 26 marzo il Capodanno dell'Annunciazione, con un grande corteo storico e tanti eventi speciali.","og_url":"https:\/\/www.intoscana.it\/it\/capodanno-annunciazione-arezzo\/","og_site_name":"intoscana","article_publisher":"https:\/\/www.facebook.com\/intoscana.it","article_published_time":"2023-03-25T14:51:21+00:00","article_modified_time":"2023-03-25T17:49:25+00:00","og_image":[{"width":1600,"height":900,"url":"https:\/\/www.intoscana.it\/wp-content\/uploads\/Arezzo-capodanno-annunciazione.jpeg","type":"image\/jpeg"}],"author":"Ilaria Giannini","twitter_card":"summary_large_image","twitter_creator":"@i.giannini@fst.it","twitter_site":"@intoscana","twitter_misc":{"Written by":"Ilaria Giannini","Est. reading time":"3 minuti"},"schema":{"@context":"https:\/\/schema.org","@graph":[{"@type":"WebPage","@id":"https:\/\/www.intoscana.it\/it\/capodanno-annunciazione-arezzo\/","url":"https:\/\/www.intoscana.it\/it\/capodanno-annunciazione-arezzo\/","name":"Capodanno dell\u2019Annunciazione: la Toscana celebra il suo anno nuovo ad Arezzo - intoscana","isPartOf":{"@id":"https:\/\/www.intoscana.it\/it\/#website"},"primaryImageOfPage":{"@id":"https:\/\/www.intoscana.it\/it\/capodanno-annunciazione-arezzo\/#primaryimage"},"image":{"@id":"https:\/\/www.intoscana.it\/it\/capodanno-annunciazione-arezzo\/#primaryimage"},"thumbnailUrl":"https:\/\/www.intoscana.it\/wp-content\/uploads\/Arezzo-capodanno-annunciazione.jpeg","datePublished":"2023-03-25T14:51:21+00:00","dateModified":"2023-03-25T17:49:25+00:00","author":{"@id":"https:\/\/www.intoscana.it\/it\/#\/schema\/person\/de95e1ed2c1c8c30a6922bbba3a90185"},"description":"Arezzo festeggia dal 24 al 26 marzo il Capodanno dell'Annunciazione, con un grande corteo storico e tanti eventi speciali.","breadcrumb":{"@id":"https:\/\/www.intoscana.it\/it\/capodanno-annunciazione-arezzo\/#breadcrumb"},"inLanguage":"it-IT","potentialAction":[{"@type":"ReadAction","target":["https:\/\/www.intoscana.it\/it\/capodanno-annunciazione-arezzo\/"]}]},{"@type":"ImageObject","inLanguage":"it-IT","@id":"https:\/\/www.intoscana.it\/it\/capodanno-annunciazione-arezzo\/#primaryimage","url":"https:\/\/www.intoscana.it\/wp-content\/uploads\/Arezzo-capodanno-annunciazione.jpeg","contentUrl":"https:\/\/www.intoscana.it\/wp-content\/uploads\/Arezzo-capodanno-annunciazione.jpeg","width":1600,"height":900},{"@type":"BreadcrumbList","@id":"https:\/\/www.intoscana.it\/it\/capodanno-annunciazione-arezzo\/#breadcrumb","itemListElement":[{"@type":"ListItem","position":1,"name":"Home","item":"https:\/\/www.intoscana.it\/it\/"},{"@type":"ListItem","position":2,"name":"Capodanno dell\u2019Annunciazione: la Toscana celebra il suo anno nuovo ad Arezzo"}]},{"@type":"WebSite","@id":"https:\/\/www.intoscana.it\/it\/#website","url":"https:\/\/www.intoscana.it\/it\/","name":"intoscana","description":"","potentialAction":[{"@type":"SearchAction","target":{"@type":"EntryPoint","urlTemplate":"https:\/\/www.intoscana.it\/it\/?s={search_term_string}"},"query-input":{"@type":"PropertyValueSpecification","valueRequired":true,"valueName":"search_term_string"}}],"inLanguage":"it-IT"},{"@type":"Person","@id":"https:\/\/www.intoscana.it\/it\/#\/schema\/person\/de95e1ed2c1c8c30a6922bbba3a90185","name":"Ilaria Giannini","sameAs":["https:\/\/x.com\/i.giannini@fst.it"],"url":"https:\/\/www.intoscana.it\/it\/author\/ilaria-giannini\/"}]}},"_links":{"self":[{"href":"https:\/\/www.intoscana.it\/it\/wp-json\/wp\/v2\/posts\/278401","targetHints":{"allow":["GET"]}}],"collection":[{"href":"https:\/\/www.intoscana.it\/it\/wp-json\/wp\/v2\/posts"}],"about":[{"href":"https:\/\/www.intoscana.it\/it\/wp-json\/wp\/v2\/types\/post"}],"author":[{"embeddable":true,"href":"https:\/\/www.intoscana.it\/it\/wp-json\/wp\/v2\/users\/502"}],"replies":[{"embeddable":true,"href":"https:\/\/www.intoscana.it\/it\/wp-json\/wp\/v2\/comments?post=278401"}],"version-history":[{"count":0,"href":"https:\/\/www.intoscana.it\/it\/wp-json\/wp\/v2\/posts\/278401\/revisions"}],"wp:featuredmedia":[{"embeddable":true,"href":"https:\/\/www.intoscana.it\/it\/wp-json\/wp\/v2\/media\/279097"}],"wp:attachment":[{"href":"https:\/\/www.intoscana.it\/it\/wp-json\/wp\/v2\/media?parent=278401"}],"wp:term":[{"taxonomy":"category","embeddable":true,"href":"https:\/\/www.intoscana.it\/it\/wp-json\/wp\/v2\/categories?post=278401"},{"taxonomy":"post_tag","embeddable":true,"href":"https:\/\/www.intoscana.it\/it\/wp-json\/wp\/v2\/tags?post=278401"}],"curies":[{"name":"wp","href":"https:\/\/api.w.org\/{rel}","templated":true}]}}