{"id":278462,"date":"2023-03-22T18:17:15","date_gmt":"2023-03-22T17:17:15","guid":{"rendered":"https:\/\/www.intoscana.it\/it\/?p=278462"},"modified":"2023-03-27T12:02:00","modified_gmt":"2023-03-27T10:02:00","slug":"digitalcup-2023","status":"publish","type":"post","link":"https:\/\/www.intoscana.it\/it\/digitalcup-2023\/","title":{"rendered":"Calcio e solidariet\u00e0, la Nazionale Cantanti scende in campo a Coverciano con i comunicatori del digitale"},"content":{"rendered":"<p><strong>Gioved\u00ec 30 marzo<\/strong> arriva a <strong>Coverciano<\/strong> la <strong>Nazionale Italiana Cantanti<\/strong> per partecipare alla seconda edizione della <strong>Digital Cup<\/strong> dove affronter\u00e0 la <strong>Nazionale Italiana Comunicazione Digitale<\/strong>, realt\u00e0 nata da un\u2019iniziativa di Associazione PA Social e Fondazione Italia Digitale. L\u2019incontro sar\u00e0 diretto da una terna arbitrale tutta al femminile e commentato da <strong>Fabio Caressa<\/strong>.<br \/>\nIl fischio di inizio sar\u00e0 alle <strong>ore 15<\/strong> sul campo 2 del centro tecnico federale e questa iniziativa andr\u00e0 a sostenere le attivit\u00e0 dei <b>Punti Luce <\/b>di<b> Save The Children<\/b>, centri diurni di alta densit\u00e0 educativa che sorgono nei quartieri e nelle periferie maggiormente svantaggiate delle citt\u00e0 per offrire opportunit\u00e0 formative ed educative gratuite a bambini e ragazzi tra i 6 e i 17 anni. <a href=\"https:\/\/dona.savethechildren.it\/digitalcup\/~mia-donazione\" target=\"_blank\" rel=\"noopener\">Questo il link<\/a> per sostenere il progetto con una donazione.<\/p>\n<p>\u201c<em>Siamo molto felici e orgogliosi di presentare un\u2019iniziativa per la quale abbiamo lavorato intensamente e alla quale teniamo molto<\/em> &#8211; ha dichiarato <strong>Francesco Di Costanzo,<\/strong> presidente di Fondazione Italia Digitale e Associazione PA Social -. <em>La popolarit\u00e0 dello sport pi\u00f9 amato dagli italiani pu\u00f2 darci una mano per far attirare l\u2019attenzione e dare visibilit\u00e0 a tematiche, quelle relative al digitale, che ormai riguardano tutti noi. Abbiamo quindi pensato di organizzare un vero e proprio doppio momento di confronto che potesse prima mettere di fronte differenti e importanti testimonianze di esperti e, successivamente, dare vita a un bel pomeriggio sul rettangolo verde. Lo spirito della giornata \u00e8 racchiuso nell\u2019idea della condivisione e dell\u2019intento benefico che sta alla base di tutta l\u2019organizzazione. Ringraziamo la Nazionale Italiana Cantanti per aver deciso di giocare insieme a noi una partita nella quale speriamo che tutti possano sorridere e divertirsi.<\/em>\u201d<\/p>\n<h3>Il convegno<\/h3>\n<p>Come antipasto al match, nella mattina si terr\u00e0 un convegno dedicato ai temi dello sport e delle possibile sinergie con il digitale. A partire dalle 10, presso l&#8217;Aula Magna &#8220;Giuseppe Ferrari&#8221;, relatori, professionisti del settore e figure istituzionali si confronteranno sulle nuove tecnologie per la salute e lo sport in due panel <strong><em>Comunicazione e digital marketing, trend e nuove opportunit\u00e0<\/em><\/strong>\u00a0(dalle 10:45 alle 11:15) e<strong>\u00a0<em>Salute, sport e digitale<\/em><\/strong> (dalle 11:15 alle 12). <strong>Cosimo Guccione<\/strong>, Assessore allo Sport e politiche giovanili Citt\u00e0 di Firenze, <strong>Francesco Di Costanzo<\/strong>, Presidente PA Social e Fondazione Italia Digitale, Ubaldo Pantani, Nazionale Italiana Cantanti, Fosca Nomis, Capo Dipartimento Advocacy &amp; Policy Save the Children Italia e Livio Gigliuto, Direttore generale Fondazione Italia Digitale e vice presidente Istituto Piepoli. Nel primo panel ci saranno gli interventi di:\u00a0Danilo Iervolino, Presidente U.S. Salernitana, Gennaro Cozzolino, Direttore marketing Givova, Niccol\u00f2 Quattrini, Co \u2013 Founder and Relations Manager Affidaty, Veronica Gentili, Top Social Media Marketing Expert, <strong>Davide De Crescenzo<\/strong>, Giornalista e Direttore Responsabile di intoscana.it e Andrea Pennacchioli, Giornalista Omnibus La7. Nel secondo invece ci saranno Stefano D\u2019Orazio, Sr. Sales Leader Southern Europe Hootsuite, Biagio Mannino, Founder &amp; Innovation Manager Abaco Srl, Paolo Minafra, Direttore sanitario Affidea Modena Medica, Fabrizio Meloni, Responsabile comunicazione e relazioni esterne AOU di Cagliari e Roberta Mochi, Ufficio stampa ASL Roma 1. Per la Nazionale Italiana Cantanti sar\u00e0 presente anche Gian Luca Pecchini, che chiuder\u00e0 il convegno con i ringraziamenti e i saluti finali.\u00a0I panel saranno moderati rispettivamente dalla giornalista <b>Gaia Simonetti<\/b>\u00a0e da\u00a0<b>Cesare Buquicchio<\/b>, direttore di Sanit\u00e0 Informazione.\u00a0Nel corso della giornata saranno presenti anche <strong>Eugenio Giani,<\/strong> Presidente della Regione Toscana, e <strong>Antonio Mazze<\/strong>o, presidente del Consiglio Regionale Toscana.<\/p>\n<h3>I partner<\/h3>\n<p>Digital Cup 2023 \u00e8 organizzata da PA Social e Fondazione Italia Digitale grazie al supporto di\u00a0Hootsuite, Affidea, Abaco Srl, Givova, Drivalia, Voda\u00a0Nature Italia, allo sponsor tecnico\u00a0<strong>Givova<\/strong>, ai media partner\u00a0<strong>Radio Bruno<\/strong>\u00a0e\u00a0<strong>Mate<\/strong>, con il patrocinio di\u00a0<strong>FIGC\u00a0<\/strong>Federazione Italiana Giuoco Calcio,\u00a0<strong>Regione Toscana<\/strong>,\u00a0<strong>Citt\u00e0 di Firenze<\/strong>,\u00a0USSI Toscana, in collaborazione con\u00a0<strong>Repubblica Digitale\u00a0<\/strong>del Dipartimento per la Trasformazione Digitale e\u00a0<strong>Museo del Calcio<\/strong>\u00a0di Coverciano.<\/p>\n<figure id=\"post-278477 media-278477\" class=\"align-none\"><img decoding=\"async\" src=\"https:\/\/www.intoscana.it\/wp-content\/uploads\/digital-cup-2023.jpeg\" alt=\"\" \/><\/figure>\n<h3>Convocati<\/h3>\n<p>Chi vedremo in campo a Coverciano? Sotto la direzione tecnica del Mister Sandro Giacobbe e del Dg della Nic, Gian Luca Pecchini, la <strong>Nazionale Cantanti<\/strong> torna in campo a Coverciano con il presidente <strong>Enrico Ruggeri<\/strong>, Paolo Vallesi, <strong>Bugo<\/strong>, Boosta, Shade, Ubaldo Pantani, Moreno Donadoni, Ludwig. Sul terreno di gioco, per la <strong>Nazionale Italiana Comunicazione Digitale<\/strong>, ci saranno fra gli altri gli ex-calciatori Luigi Di Biagio, <strong>Simone Pepe e Mark Iuliano<\/strong>, oltre che Leonardo Blanchard, difensore con un passato in Serie A e attualmente in forza al Belvedere Grosseto. Tra gli ospiti della giornata, ci sar\u00e0 anche l\u2019allenatore ed ex-giocatore<strong> Eusebio Di Francesco<\/strong>.<\/p>\n<p>L&#8217;appuntamento \u00e8 aperto a tutti ed \u00e8 possibile iscriversi e partecipare gratuitamente al convegno e assistere alla gara, fino a esaurimento posti, al seguente link:\u00a0<a href=\"https:\/\/www.eventbrite.it\/e\/biglietti-digital-cup-564553513757\" target=\"_blank\" rel=\"noopener\" data-saferedirecturl=\"https:\/\/www.google.com\/url?q=https:\/\/www.eventbrite.it\/e\/biglietti-digital-cup-564553513757&amp;source=gmail&amp;ust=1679564171907000&amp;usg=AOvVaw1Ygh2xbpn_3FY7r2bKZfup\">https:\/\/www.eventbrite.<wbr \/>it\/e\/biglietti-digital-cup-<wbr \/>564553513757<\/a><\/p>\n","protected":false},"excerpt":{"rendered":"<p>La Nazionale Italiana Cantanti arriva a Firenze per affrontare la Nazionale Italiana Comunicazione Digitale in un match di beneficenza per sostenere le attivit\u00e0 educative gratuite per bambini e ragazzi di Save The Children<\/p>\n","protected":false},"author":507,"featured_media":278481,"comment_status":"open","ping_status":"open","sticky":false,"template":"","format":"standard","meta":{"_acf_changed":false,"footnotes":""},"categories":[494],"tags":[4564,356,159],"class_list":["post-278462","post","type-post","status-publish","format-standard","has-post-thumbnail","hentry","category-attualita","tag-coverciano","tag-solidarieta","tag-sport"],"acf":[],"yoast_head":"<!-- This site is optimized with the Yoast SEO Premium plugin v24.2 (Yoast SEO v25.6) - https:\/\/yoast.com\/wordpress\/plugins\/seo\/ -->\n<title>Calcio e solidariet\u00e0, la Nazionale Cantanti scende in campo a Coverciano con i comunicatori del digitale - intoscana<\/title>\n<meta name=\"robots\" content=\"index, follow, max-snippet:-1, max-image-preview:large, max-video-preview:-1\" \/>\n<link rel=\"canonical\" href=\"https:\/\/www.intoscana.it\/it\/digitalcup-2023\/\" \/>\n<meta property=\"og:locale\" content=\"it_IT\" \/>\n<meta property=\"og:type\" content=\"article\" \/>\n<meta property=\"og:title\" content=\"Calcio e solidariet\u00e0, la Nazionale Cantanti scende in campo a Coverciano con i comunicatori del digitale\" \/>\n<meta property=\"og:description\" content=\"La Nazionale Italiana Cantanti arriva a Firenze per affrontare la Nazionale Italiana Comunicazione Digitale in un match di beneficenza per sostenere le attivit\u00e0 educative gratuite per bambini e ragazzi di Save The Children\" \/>\n<meta property=\"og:url\" content=\"https:\/\/www.intoscana.it\/it\/digitalcup-2023\/\" \/>\n<meta property=\"og:site_name\" content=\"intoscana\" \/>\n<meta property=\"article:publisher\" content=\"https:\/\/www.facebook.com\/intoscana.it\" \/>\n<meta property=\"article:published_time\" content=\"2023-03-22T17:17:15+00:00\" \/>\n<meta property=\"article:modified_time\" content=\"2023-03-27T10:02:00+00:00\" \/>\n<meta property=\"og:image\" content=\"https:\/\/www.intoscana.it\/wp-content\/uploads\/nazionale-comunicazione-digitale.jpeg\" \/>\n\t<meta property=\"og:image:width\" content=\"1280\" \/>\n\t<meta property=\"og:image:height\" content=\"916\" \/>\n\t<meta property=\"og:image:type\" content=\"image\/jpeg\" \/>\n<meta name=\"author\" content=\"Chiara Bianchini\" \/>\n<meta name=\"twitter:card\" content=\"summary_large_image\" \/>\n<meta name=\"twitter:creator\" content=\"@intoscana\" \/>\n<meta name=\"twitter:site\" content=\"@intoscana\" \/>\n<meta name=\"twitter:label1\" content=\"Written by\" \/>\n\t<meta name=\"twitter:data1\" content=\"Chiara Bianchini\" \/>\n\t<meta name=\"twitter:label2\" content=\"Est. reading time\" \/>\n\t<meta name=\"twitter:data2\" content=\"4 minuti\" \/>\n<script type=\"application\/ld+json\" class=\"yoast-schema-graph\">{\"@context\":\"https:\/\/schema.org\",\"@graph\":[{\"@type\":\"WebPage\",\"@id\":\"https:\/\/www.intoscana.it\/it\/digitalcup-2023\/\",\"url\":\"https:\/\/www.intoscana.it\/it\/digitalcup-2023\/\",\"name\":\"Calcio e solidariet\u00e0, la Nazionale Cantanti scende in campo a Coverciano con i comunicatori del digitale - intoscana\",\"isPartOf\":{\"@id\":\"https:\/\/www.intoscana.it\/it\/#website\"},\"primaryImageOfPage\":{\"@id\":\"https:\/\/www.intoscana.it\/it\/digitalcup-2023\/#primaryimage\"},\"image\":{\"@id\":\"https:\/\/www.intoscana.it\/it\/digitalcup-2023\/#primaryimage\"},\"thumbnailUrl\":\"https:\/\/www.intoscana.it\/wp-content\/uploads\/nazionale-comunicazione-digitale.jpeg\",\"datePublished\":\"2023-03-22T17:17:15+00:00\",\"dateModified\":\"2023-03-27T10:02:00+00:00\",\"author\":{\"@id\":\"https:\/\/www.intoscana.it\/it\/#\/schema\/person\/010af92117f50561886339ad5b873a41\"},\"breadcrumb\":{\"@id\":\"https:\/\/www.intoscana.it\/it\/digitalcup-2023\/#breadcrumb\"},\"inLanguage\":\"it-IT\",\"potentialAction\":[{\"@type\":\"ReadAction\",\"target\":[\"https:\/\/www.intoscana.it\/it\/digitalcup-2023\/\"]}]},{\"@type\":\"ImageObject\",\"inLanguage\":\"it-IT\",\"@id\":\"https:\/\/www.intoscana.it\/it\/digitalcup-2023\/#primaryimage\",\"url\":\"https:\/\/www.intoscana.it\/wp-content\/uploads\/nazionale-comunicazione-digitale.jpeg\",\"contentUrl\":\"https:\/\/www.intoscana.it\/wp-content\/uploads\/nazionale-comunicazione-digitale.jpeg\",\"width\":1280,\"height\":916},{\"@type\":\"BreadcrumbList\",\"@id\":\"https:\/\/www.intoscana.it\/it\/digitalcup-2023\/#breadcrumb\",\"itemListElement\":[{\"@type\":\"ListItem\",\"position\":1,\"name\":\"Home\",\"item\":\"https:\/\/www.intoscana.it\/it\/\"},{\"@type\":\"ListItem\",\"position\":2,\"name\":\"Calcio e solidariet\u00e0, la Nazionale Cantanti scende in campo a Coverciano con i comunicatori del digitale\"}]},{\"@type\":\"WebSite\",\"@id\":\"https:\/\/www.intoscana.it\/it\/#website\",\"url\":\"https:\/\/www.intoscana.it\/it\/\",\"name\":\"intoscana\",\"description\":\"\",\"potentialAction\":[{\"@type\":\"SearchAction\",\"target\":{\"@type\":\"EntryPoint\",\"urlTemplate\":\"https:\/\/www.intoscana.it\/it\/?s={search_term_string}\"},\"query-input\":{\"@type\":\"PropertyValueSpecification\",\"valueRequired\":true,\"valueName\":\"search_term_string\"}}],\"inLanguage\":\"it-IT\"},{\"@type\":\"Person\",\"@id\":\"https:\/\/www.intoscana.it\/it\/#\/schema\/person\/010af92117f50561886339ad5b873a41\",\"name\":\"Chiara Bianchini\",\"sameAs\":[\"c.bianchini@fst.it\"],\"url\":\"https:\/\/www.intoscana.it\/it\/author\/chiara-bianchini\/\"}]}<\/script>\n<!-- \/ Yoast SEO Premium plugin. -->","yoast_head_json":{"title":"Calcio e solidariet\u00e0, la Nazionale Cantanti scende in campo a Coverciano con i comunicatori del digitale - intoscana","robots":{"index":"index","follow":"follow","max-snippet":"max-snippet:-1","max-image-preview":"max-image-preview:large","max-video-preview":"max-video-preview:-1"},"canonical":"https:\/\/www.intoscana.it\/it\/digitalcup-2023\/","og_locale":"it_IT","og_type":"article","og_title":"Calcio e solidariet\u00e0, la Nazionale Cantanti scende in campo a Coverciano con i comunicatori del digitale","og_description":"La Nazionale Italiana Cantanti arriva a Firenze per affrontare la Nazionale Italiana Comunicazione Digitale in un match di beneficenza per sostenere le attivit\u00e0 educative gratuite per bambini e ragazzi di Save The Children","og_url":"https:\/\/www.intoscana.it\/it\/digitalcup-2023\/","og_site_name":"intoscana","article_publisher":"https:\/\/www.facebook.com\/intoscana.it","article_published_time":"2023-03-22T17:17:15+00:00","article_modified_time":"2023-03-27T10:02:00+00:00","og_image":[{"width":1280,"height":916,"url":"https:\/\/www.intoscana.it\/wp-content\/uploads\/nazionale-comunicazione-digitale.jpeg","type":"image\/jpeg"}],"author":"Chiara Bianchini","twitter_card":"summary_large_image","twitter_creator":"@intoscana","twitter_site":"@intoscana","twitter_misc":{"Written by":"Chiara Bianchini","Est. reading time":"4 minuti"},"schema":{"@context":"https:\/\/schema.org","@graph":[{"@type":"WebPage","@id":"https:\/\/www.intoscana.it\/it\/digitalcup-2023\/","url":"https:\/\/www.intoscana.it\/it\/digitalcup-2023\/","name":"Calcio e solidariet\u00e0, la Nazionale Cantanti scende in campo a Coverciano con i comunicatori del digitale - intoscana","isPartOf":{"@id":"https:\/\/www.intoscana.it\/it\/#website"},"primaryImageOfPage":{"@id":"https:\/\/www.intoscana.it\/it\/digitalcup-2023\/#primaryimage"},"image":{"@id":"https:\/\/www.intoscana.it\/it\/digitalcup-2023\/#primaryimage"},"thumbnailUrl":"https:\/\/www.intoscana.it\/wp-content\/uploads\/nazionale-comunicazione-digitale.jpeg","datePublished":"2023-03-22T17:17:15+00:00","dateModified":"2023-03-27T10:02:00+00:00","author":{"@id":"https:\/\/www.intoscana.it\/it\/#\/schema\/person\/010af92117f50561886339ad5b873a41"},"breadcrumb":{"@id":"https:\/\/www.intoscana.it\/it\/digitalcup-2023\/#breadcrumb"},"inLanguage":"it-IT","potentialAction":[{"@type":"ReadAction","target":["https:\/\/www.intoscana.it\/it\/digitalcup-2023\/"]}]},{"@type":"ImageObject","inLanguage":"it-IT","@id":"https:\/\/www.intoscana.it\/it\/digitalcup-2023\/#primaryimage","url":"https:\/\/www.intoscana.it\/wp-content\/uploads\/nazionale-comunicazione-digitale.jpeg","contentUrl":"https:\/\/www.intoscana.it\/wp-content\/uploads\/nazionale-comunicazione-digitale.jpeg","width":1280,"height":916},{"@type":"BreadcrumbList","@id":"https:\/\/www.intoscana.it\/it\/digitalcup-2023\/#breadcrumb","itemListElement":[{"@type":"ListItem","position":1,"name":"Home","item":"https:\/\/www.intoscana.it\/it\/"},{"@type":"ListItem","position":2,"name":"Calcio e solidariet\u00e0, la Nazionale Cantanti scende in campo a Coverciano con i comunicatori del digitale"}]},{"@type":"WebSite","@id":"https:\/\/www.intoscana.it\/it\/#website","url":"https:\/\/www.intoscana.it\/it\/","name":"intoscana","description":"","potentialAction":[{"@type":"SearchAction","target":{"@type":"EntryPoint","urlTemplate":"https:\/\/www.intoscana.it\/it\/?s={search_term_string}"},"query-input":{"@type":"PropertyValueSpecification","valueRequired":true,"valueName":"search_term_string"}}],"inLanguage":"it-IT"},{"@type":"Person","@id":"https:\/\/www.intoscana.it\/it\/#\/schema\/person\/010af92117f50561886339ad5b873a41","name":"Chiara Bianchini","sameAs":["c.bianchini@fst.it"],"url":"https:\/\/www.intoscana.it\/it\/author\/chiara-bianchini\/"}]}},"_links":{"self":[{"href":"https:\/\/www.intoscana.it\/it\/wp-json\/wp\/v2\/posts\/278462","targetHints":{"allow":["GET"]}}],"collection":[{"href":"https:\/\/www.intoscana.it\/it\/wp-json\/wp\/v2\/posts"}],"about":[{"href":"https:\/\/www.intoscana.it\/it\/wp-json\/wp\/v2\/types\/post"}],"author":[{"embeddable":true,"href":"https:\/\/www.intoscana.it\/it\/wp-json\/wp\/v2\/users\/507"}],"replies":[{"embeddable":true,"href":"https:\/\/www.intoscana.it\/it\/wp-json\/wp\/v2\/comments?post=278462"}],"version-history":[{"count":0,"href":"https:\/\/www.intoscana.it\/it\/wp-json\/wp\/v2\/posts\/278462\/revisions"}],"wp:featuredmedia":[{"embeddable":true,"href":"https:\/\/www.intoscana.it\/it\/wp-json\/wp\/v2\/media\/278481"}],"wp:attachment":[{"href":"https:\/\/www.intoscana.it\/it\/wp-json\/wp\/v2\/media?parent=278462"}],"wp:term":[{"taxonomy":"category","embeddable":true,"href":"https:\/\/www.intoscana.it\/it\/wp-json\/wp\/v2\/categories?post=278462"},{"taxonomy":"post_tag","embeddable":true,"href":"https:\/\/www.intoscana.it\/it\/wp-json\/wp\/v2\/tags?post=278462"}],"curies":[{"name":"wp","href":"https:\/\/api.w.org\/{rel}","templated":true}]}}