{"id":278538,"date":"2023-03-23T11:22:24","date_gmt":"2023-03-23T10:22:24","guid":{"rendered":"https:\/\/www.intoscana.it\/it\/?p=278538"},"modified":"2023-03-23T14:08:29","modified_gmt":"2023-03-23T13:08:29","slug":"tundra-e-peive-francesca-matteoni","status":"publish","type":"post","link":"https:\/\/www.intoscana.it\/it\/tundra-e-peive-francesca-matteoni\/","title":{"rendered":"Tundra e Peive, la fiaba di Francesca Matteoni che va oltre l\u2019umano per salvarci tutti"},"content":{"rendered":"<p class=\"text\">Nella citt\u00e0 senza nome ha smesso da molto tempo di nevicare, l\u2019inverno \u00e8 solo un ricordo scritto nei libri e gli <strong>alberi<\/strong> si sono ammalati, incattiviti: minacciano di distruggere ogni forma di vita. Ma nessuno sembra accorgersene. Solo un gruppo di <strong>creature marginali<\/strong> si unir\u00e0 per combattere la minaccia: Talia, una ragazzina senza genitori, il<strong> folletto Tundra<\/strong> con il suo gatto Peive, Bess, l\u2019ultima Antica che ricorda tutte le sue vite precedenti, e Ramosecco, uno<strong> spirito vegetale<\/strong> che odia gli uomini. Sar\u00e0 il loro viaggio a tessere <mark>un\u2019alleanza tra specie e mondi, tra vivi e morti, per riportare l\u2019incanto nella realt\u00e0 e salvare tutto il vivente.<\/mark><\/p>\n<p class=\"text\"><strong>\u201cTundra e Peive\u201d,<\/strong> il nuovo romanzo della scrittrice e poetessa pistoiese <strong>Francesca Matteoni<\/strong>, \u00e8 un libro strano, coraggioso, ibrido come le creature di cui racconta e non a caso la prima opera narrativa pubblicata nella collana Terra di<strong> Nottetempo<\/strong>, che \u00e8 dedicata alla saggistica a tema ambientale.<\/p>\n<h3>Un atto di amore per svegliarci l&#8217;indifferenza<\/h3>\n<p>Ma l\u2019ambientalismo di Matteoni non \u00e8 un didascalico e ingenuo amore per la natura, perch\u00e9 anche la natura sa essere crudele e pu\u00f2 ferire. In questa lunga fiaba l\u2019ecologismo \u00e8 prima di tutto un <strong>atto di amore<\/strong> per tutto quello che cresce e vive su questa terra, un tornare a prendersi cura gli uni degli altri, per combattere <strong>l\u2019indifferenza<\/strong> che ricorda il Nulla de \u201cLa storia infinita\u201d e nel romanzo domina l\u2019umanit\u00e0, cieca di fronte ai cambiamenti climatici che la stanno distruggendo, proprio come lo siamo anche noi nella realt\u00e0.<\/p>\n<p><em>\u201cLa mia \u00e8 anche una critica a un certo ambientalismo \u2013 <\/em>spiega Matteoni<em> &#8211; le cose non si fanno per senso di colpa o perch\u00e9 vogliamo sopravvivere come specie o se pensiamo che il resto del vivente sia funzionale a noi, ma se creiamo rapporti d\u2019amore e questo \u00e8 possibile solamente attraverso l\u2019immaginazione, proprio come in Fant\u00e0sia solo l\u2019immaginazione di un bambino \u00e8 capace di sconfiggere il Nulla. <mark>Volevo trasmettere il concetto che non solo la vita umana ha valore, anzi a volte le vite non umane possono avere un significato addirittura maggiore. <\/mark>Volevo scrivere un libro ispirato alle storie che hanno salvato la mia <strong>infanzia<\/strong> e dove dare spazio a chi non ha voce, quindi l\u2019amore tra umano e animale, le creature piccole e marginali.&#8221;<br \/>\n<\/em><\/p>\n<figure id=\"post-278540 media-278540\" class=\"align-none\">\n<p><figure style=\"width: 500px\" class=\"wp-caption alignnone\"><img loading=\"lazy\" decoding=\"async\" src=\"https:\/\/www.intoscana.it\/wp-content\/uploads\/tundra-e-peive.jpg\" alt=\"\" width=\"500\" height=\"714\" \/><figcaption class=\"wp-caption-text\">Tundra e Peive di Francesca Matteoni<\/figcaption><\/figure><\/figure>\n<p>E proprio l\u2019amore tra Tundra e Peive, tra un folletto un tempo bambino e il suo animale, \u00e8 il cuore pulsante del romanzo.<\/p>\n<p><em>\u201cNel 2005 vivevo a Londra e in un parco ebbi la visione di questo folletto a cavallo di un <strong>gatto bianco<\/strong> con le macchioline arancioni, simbolo di luce che infatti ho chiamato Peive, come la divinit\u00e0 solare nella tradizione del popolo Sami, uguale al gatto che avrei avuto molti anni dopo, Ariel<\/em> \u2013 racconta Matteoni \u2013 <em>Tundra \u00e8 il collegamento con tutte le creature di cui ho sempre letto nel folklore, dove i folletti sono o derivazioni di quelli che i Romani chiamavano Lari, gli spiriti dei morti che proteggono la casa, oppure in modo pi\u00f9 tragico lo spirito di chi rimane intrappolato tra i mondi perch\u00e9 muore troppo giovane o addirittura non nasce. <mark>La tradizione degli spiriti folletti ha a che fare con il lutto e la perdita dei bambini e la ritroviamo in letteratura: Peter Pan \u00e8 un bambino che non cresce mai.\u201d<\/mark><\/em><\/p>\n<h3>Dal folklore le storie per immaginare un finale diverso<\/h3>\n<p>Un\u2019altra creatura del folklore che ritroviamo nel romanzo \u00e8 la <strong>selkie,<\/strong> che nella mitologia celtica \u00e8 una foca che togliendosi la pelliccia pu\u00f2 diventare umana e nella leggenda si sposa con un uomo che vuole rubargliela, per tenere imprigionata e legata a s\u00e9 per sempre. Anche in \u201cTundra e Peive\u201d la selkie diventa il simbolo di tutto quello che non va nel <strong>rapporto tra maschile e femminile,<\/strong> una frattura che andr\u00e0 sanata per ristabilire l\u2019equilibrio.<\/p>\n<p><em>\u201cSono affascinata dalle selkie perch\u00e9 \u00e8 uno dei rari esempi in cui l\u2019altro fatato \u00e8 mite<\/em> \u2013 dice Matteoni \u2013 <em>le selkie non sono sirene che affogano gli essere umani o donne-drago orgogliose di s\u00e9, sono creature amichevoli e nascono perch\u00e9 negli occhi nella foca i pescatori e i cacciatori riconoscevano qualcosa di umano. Poi nelle fiabe sono diventate un\u2019altra variante della sposa incantata e dell\u2019uomo che la vuole controllare, ma c\u2019\u00e8 qualcosa di selvaggio che sfugge. Nel mio romanzo \u00e8 la pura opposizione tra maschile e femminile dove <mark>l\u2019idea del femminile \u00e8 corale: le figure femminili sono quelle che rammendano il mondo e il maschile \u00e8 un tentativo destinato a non farcela di scalare le vette<\/mark>. In questo romanzo le figure che ce la faranno sono quelle che si ibridano, tra i vivi e i morti, tra l\u2019umano e l\u2019animale, tra il vegetale e l\u2019animale, oppure le donne che fanno la pace con la loro storia.&#8221;<\/em><\/p>\n<p>Questa umanit\u00e0 che come noi ha messo da parte la capacit\u00e0 di vedere oltre se stessa, di scorgere una scintilla di magia nel ciliegio che torna a fiorire ogni anno, di credere alla possibilit\u00e0 che chi muore ci resti accanto in un\u2019altra forma, non merita di essere salvata, sembra ammonirci \u201cTundra e Peive\u201d, e sicuramente non si salver\u00e0 da sola. Forse lo faranno <strong>le storie.<\/strong><\/p>\n<p><em>\u201cNoi siamo tessitori di storie<\/em> \u2013 conclude Matteoni &#8211; <em>se le nostre storie sono povere, prevedibili, gi\u00e0 dettate da regole molto strette anche ci\u00f2 che viviamo sar\u00e0 altamente prevedibile, cio\u00e8 la fine dell\u2019umanit\u00e0 a breve termine. Ma se le nostre storie diventano ricche cos\u00ec saranno le nostre possibilit\u00e0, se aprono invece di chiudere, se riusciamo ad immaginare il finale aperto, allora forse c\u2019\u00e8 ancora speranza.\u201d<\/em><\/p>\n","protected":false},"excerpt":{"rendered":"<p>Nel romanzo della scrittrice e poetessa pistoiese, pubblicato da Nottetempo, gli alberi stanno mutando e minacciano ogni vita: solo un\u2019alleanza tra esseri umani, animali, folletti e spiriti vegetali potr\u00e0 ristabilire l\u2019armonia tra i mondi. E risvegliarci dall\u2019indifferenza<\/p>\n","protected":false},"author":502,"featured_media":278541,"comment_status":"open","ping_status":"open","sticky":false,"template":"","format":"standard","meta":{"_acf_changed":false,"footnotes":""},"categories":[493],"tags":[210,3653],"class_list":["post-278538","post","type-post","status-publish","format-standard","has-post-thumbnail","hentry","category-cultura","tag-libri","tag-scrittori-toscani"],"acf":[],"yoast_head":"<!-- This site is optimized with the Yoast SEO Premium plugin v24.2 (Yoast SEO v25.6) - https:\/\/yoast.com\/wordpress\/plugins\/seo\/ -->\n<title>Tundra e Peive, la fiaba di Francesca Matteoni che va oltre l\u2019umano per salvarci tutti - intoscana<\/title>\n<meta name=\"description\" content=\"Il romanzo della scrittrice pistoiese Francesca Matteoni &quot;Tundra e Peive&quot; \u00e8 una fiaba per risvegliarci dall&#039;indifferenze verso la natura.\" \/>\n<meta name=\"robots\" content=\"index, follow, max-snippet:-1, max-image-preview:large, max-video-preview:-1\" \/>\n<link rel=\"canonical\" href=\"https:\/\/www.intoscana.it\/it\/tundra-e-peive-francesca-matteoni\/\" \/>\n<meta property=\"og:locale\" content=\"it_IT\" \/>\n<meta property=\"og:type\" content=\"article\" \/>\n<meta property=\"og:title\" content=\"Tundra e Peive, la fiaba di Francesca Matteoni che va oltre l\u2019umano per salvarci tutti\" \/>\n<meta property=\"og:description\" content=\"Il romanzo della scrittrice pistoiese Francesca Matteoni &quot;Tundra e Peive&quot; \u00e8 una fiaba per risvegliarci dall&#039;indifferenze verso la natura.\" \/>\n<meta property=\"og:url\" content=\"https:\/\/www.intoscana.it\/it\/tundra-e-peive-francesca-matteoni\/\" \/>\n<meta property=\"og:site_name\" content=\"intoscana\" \/>\n<meta property=\"article:publisher\" content=\"https:\/\/www.facebook.com\/intoscana.it\" \/>\n<meta property=\"article:published_time\" content=\"2023-03-23T10:22:24+00:00\" \/>\n<meta property=\"article:modified_time\" content=\"2023-03-23T13:08:29+00:00\" \/>\n<meta property=\"og:image\" content=\"https:\/\/www.intoscana.it\/wp-content\/uploads\/francesca.matteoni.jpeg\" \/>\n\t<meta property=\"og:image:width\" content=\"1024\" \/>\n\t<meta property=\"og:image:height\" content=\"683\" \/>\n\t<meta property=\"og:image:type\" content=\"image\/jpeg\" \/>\n<meta name=\"author\" content=\"Ilaria Giannini\" \/>\n<meta name=\"twitter:card\" content=\"summary_large_image\" \/>\n<meta name=\"twitter:creator\" content=\"@i.giannini@fst.it\" \/>\n<meta name=\"twitter:site\" content=\"@intoscana\" \/>\n<meta name=\"twitter:label1\" content=\"Written by\" \/>\n\t<meta name=\"twitter:data1\" content=\"Ilaria Giannini\" \/>\n\t<meta name=\"twitter:label2\" content=\"Est. reading time\" \/>\n\t<meta name=\"twitter:data2\" content=\"5 minuti\" \/>\n<script type=\"application\/ld+json\" class=\"yoast-schema-graph\">{\"@context\":\"https:\/\/schema.org\",\"@graph\":[{\"@type\":\"WebPage\",\"@id\":\"https:\/\/www.intoscana.it\/it\/tundra-e-peive-francesca-matteoni\/\",\"url\":\"https:\/\/www.intoscana.it\/it\/tundra-e-peive-francesca-matteoni\/\",\"name\":\"Tundra e Peive, la fiaba di Francesca Matteoni che va oltre l\u2019umano per salvarci tutti - intoscana\",\"isPartOf\":{\"@id\":\"https:\/\/www.intoscana.it\/it\/#website\"},\"primaryImageOfPage\":{\"@id\":\"https:\/\/www.intoscana.it\/it\/tundra-e-peive-francesca-matteoni\/#primaryimage\"},\"image\":{\"@id\":\"https:\/\/www.intoscana.it\/it\/tundra-e-peive-francesca-matteoni\/#primaryimage\"},\"thumbnailUrl\":\"https:\/\/www.intoscana.it\/wp-content\/uploads\/francesca.matteoni.jpeg\",\"datePublished\":\"2023-03-23T10:22:24+00:00\",\"dateModified\":\"2023-03-23T13:08:29+00:00\",\"author\":{\"@id\":\"https:\/\/www.intoscana.it\/it\/#\/schema\/person\/de95e1ed2c1c8c30a6922bbba3a90185\"},\"description\":\"Il romanzo della scrittrice pistoiese Francesca Matteoni \\\"Tundra e Peive\\\" \u00e8 una fiaba per risvegliarci dall'indifferenze verso la natura.\",\"breadcrumb\":{\"@id\":\"https:\/\/www.intoscana.it\/it\/tundra-e-peive-francesca-matteoni\/#breadcrumb\"},\"inLanguage\":\"it-IT\",\"potentialAction\":[{\"@type\":\"ReadAction\",\"target\":[\"https:\/\/www.intoscana.it\/it\/tundra-e-peive-francesca-matteoni\/\"]}]},{\"@type\":\"ImageObject\",\"inLanguage\":\"it-IT\",\"@id\":\"https:\/\/www.intoscana.it\/it\/tundra-e-peive-francesca-matteoni\/#primaryimage\",\"url\":\"https:\/\/www.intoscana.it\/wp-content\/uploads\/francesca.matteoni.jpeg\",\"contentUrl\":\"https:\/\/www.intoscana.it\/wp-content\/uploads\/francesca.matteoni.jpeg\",\"width\":1024,\"height\":683,\"caption\":\"La scrittrice Francesca Matteoni\"},{\"@type\":\"BreadcrumbList\",\"@id\":\"https:\/\/www.intoscana.it\/it\/tundra-e-peive-francesca-matteoni\/#breadcrumb\",\"itemListElement\":[{\"@type\":\"ListItem\",\"position\":1,\"name\":\"Home\",\"item\":\"https:\/\/www.intoscana.it\/it\/\"},{\"@type\":\"ListItem\",\"position\":2,\"name\":\"Tundra e Peive, la fiaba di Francesca Matteoni che va oltre l\u2019umano per salvarci tutti\"}]},{\"@type\":\"WebSite\",\"@id\":\"https:\/\/www.intoscana.it\/it\/#website\",\"url\":\"https:\/\/www.intoscana.it\/it\/\",\"name\":\"intoscana\",\"description\":\"\",\"potentialAction\":[{\"@type\":\"SearchAction\",\"target\":{\"@type\":\"EntryPoint\",\"urlTemplate\":\"https:\/\/www.intoscana.it\/it\/?s={search_term_string}\"},\"query-input\":{\"@type\":\"PropertyValueSpecification\",\"valueRequired\":true,\"valueName\":\"search_term_string\"}}],\"inLanguage\":\"it-IT\"},{\"@type\":\"Person\",\"@id\":\"https:\/\/www.intoscana.it\/it\/#\/schema\/person\/de95e1ed2c1c8c30a6922bbba3a90185\",\"name\":\"Ilaria Giannini\",\"sameAs\":[\"https:\/\/x.com\/i.giannini@fst.it\"],\"url\":\"https:\/\/www.intoscana.it\/it\/author\/ilaria-giannini\/\"}]}<\/script>\n<!-- \/ Yoast SEO Premium plugin. -->","yoast_head_json":{"title":"Tundra e Peive, la fiaba di Francesca Matteoni che va oltre l\u2019umano per salvarci tutti - intoscana","description":"Il romanzo della scrittrice pistoiese Francesca Matteoni \"Tundra e Peive\" \u00e8 una fiaba per risvegliarci dall'indifferenze verso la natura.","robots":{"index":"index","follow":"follow","max-snippet":"max-snippet:-1","max-image-preview":"max-image-preview:large","max-video-preview":"max-video-preview:-1"},"canonical":"https:\/\/www.intoscana.it\/it\/tundra-e-peive-francesca-matteoni\/","og_locale":"it_IT","og_type":"article","og_title":"Tundra e Peive, la fiaba di Francesca Matteoni che va oltre l\u2019umano per salvarci tutti","og_description":"Il romanzo della scrittrice pistoiese Francesca Matteoni \"Tundra e Peive\" \u00e8 una fiaba per risvegliarci dall'indifferenze verso la natura.","og_url":"https:\/\/www.intoscana.it\/it\/tundra-e-peive-francesca-matteoni\/","og_site_name":"intoscana","article_publisher":"https:\/\/www.facebook.com\/intoscana.it","article_published_time":"2023-03-23T10:22:24+00:00","article_modified_time":"2023-03-23T13:08:29+00:00","og_image":[{"width":1024,"height":683,"url":"https:\/\/www.intoscana.it\/wp-content\/uploads\/francesca.matteoni.jpeg","type":"image\/jpeg"}],"author":"Ilaria Giannini","twitter_card":"summary_large_image","twitter_creator":"@i.giannini@fst.it","twitter_site":"@intoscana","twitter_misc":{"Written by":"Ilaria Giannini","Est. reading time":"5 minuti"},"schema":{"@context":"https:\/\/schema.org","@graph":[{"@type":"WebPage","@id":"https:\/\/www.intoscana.it\/it\/tundra-e-peive-francesca-matteoni\/","url":"https:\/\/www.intoscana.it\/it\/tundra-e-peive-francesca-matteoni\/","name":"Tundra e Peive, la fiaba di Francesca Matteoni che va oltre l\u2019umano per salvarci tutti - intoscana","isPartOf":{"@id":"https:\/\/www.intoscana.it\/it\/#website"},"primaryImageOfPage":{"@id":"https:\/\/www.intoscana.it\/it\/tundra-e-peive-francesca-matteoni\/#primaryimage"},"image":{"@id":"https:\/\/www.intoscana.it\/it\/tundra-e-peive-francesca-matteoni\/#primaryimage"},"thumbnailUrl":"https:\/\/www.intoscana.it\/wp-content\/uploads\/francesca.matteoni.jpeg","datePublished":"2023-03-23T10:22:24+00:00","dateModified":"2023-03-23T13:08:29+00:00","author":{"@id":"https:\/\/www.intoscana.it\/it\/#\/schema\/person\/de95e1ed2c1c8c30a6922bbba3a90185"},"description":"Il romanzo della scrittrice pistoiese Francesca Matteoni \"Tundra e Peive\" \u00e8 una fiaba per risvegliarci dall'indifferenze verso la natura.","breadcrumb":{"@id":"https:\/\/www.intoscana.it\/it\/tundra-e-peive-francesca-matteoni\/#breadcrumb"},"inLanguage":"it-IT","potentialAction":[{"@type":"ReadAction","target":["https:\/\/www.intoscana.it\/it\/tundra-e-peive-francesca-matteoni\/"]}]},{"@type":"ImageObject","inLanguage":"it-IT","@id":"https:\/\/www.intoscana.it\/it\/tundra-e-peive-francesca-matteoni\/#primaryimage","url":"https:\/\/www.intoscana.it\/wp-content\/uploads\/francesca.matteoni.jpeg","contentUrl":"https:\/\/www.intoscana.it\/wp-content\/uploads\/francesca.matteoni.jpeg","width":1024,"height":683,"caption":"La scrittrice Francesca Matteoni"},{"@type":"BreadcrumbList","@id":"https:\/\/www.intoscana.it\/it\/tundra-e-peive-francesca-matteoni\/#breadcrumb","itemListElement":[{"@type":"ListItem","position":1,"name":"Home","item":"https:\/\/www.intoscana.it\/it\/"},{"@type":"ListItem","position":2,"name":"Tundra e Peive, la fiaba di Francesca Matteoni che va oltre l\u2019umano per salvarci tutti"}]},{"@type":"WebSite","@id":"https:\/\/www.intoscana.it\/it\/#website","url":"https:\/\/www.intoscana.it\/it\/","name":"intoscana","description":"","potentialAction":[{"@type":"SearchAction","target":{"@type":"EntryPoint","urlTemplate":"https:\/\/www.intoscana.it\/it\/?s={search_term_string}"},"query-input":{"@type":"PropertyValueSpecification","valueRequired":true,"valueName":"search_term_string"}}],"inLanguage":"it-IT"},{"@type":"Person","@id":"https:\/\/www.intoscana.it\/it\/#\/schema\/person\/de95e1ed2c1c8c30a6922bbba3a90185","name":"Ilaria Giannini","sameAs":["https:\/\/x.com\/i.giannini@fst.it"],"url":"https:\/\/www.intoscana.it\/it\/author\/ilaria-giannini\/"}]}},"_links":{"self":[{"href":"https:\/\/www.intoscana.it\/it\/wp-json\/wp\/v2\/posts\/278538","targetHints":{"allow":["GET"]}}],"collection":[{"href":"https:\/\/www.intoscana.it\/it\/wp-json\/wp\/v2\/posts"}],"about":[{"href":"https:\/\/www.intoscana.it\/it\/wp-json\/wp\/v2\/types\/post"}],"author":[{"embeddable":true,"href":"https:\/\/www.intoscana.it\/it\/wp-json\/wp\/v2\/users\/502"}],"replies":[{"embeddable":true,"href":"https:\/\/www.intoscana.it\/it\/wp-json\/wp\/v2\/comments?post=278538"}],"version-history":[{"count":0,"href":"https:\/\/www.intoscana.it\/it\/wp-json\/wp\/v2\/posts\/278538\/revisions"}],"wp:featuredmedia":[{"embeddable":true,"href":"https:\/\/www.intoscana.it\/it\/wp-json\/wp\/v2\/media\/278541"}],"wp:attachment":[{"href":"https:\/\/www.intoscana.it\/it\/wp-json\/wp\/v2\/media?parent=278538"}],"wp:term":[{"taxonomy":"category","embeddable":true,"href":"https:\/\/www.intoscana.it\/it\/wp-json\/wp\/v2\/categories?post=278538"},{"taxonomy":"post_tag","embeddable":true,"href":"https:\/\/www.intoscana.it\/it\/wp-json\/wp\/v2\/tags?post=278538"}],"curies":[{"name":"wp","href":"https:\/\/api.w.org\/{rel}","templated":true}]}}