{"id":278674,"date":"2023-03-23T15:32:07","date_gmt":"2023-03-23T14:32:07","guid":{"rendered":"https:\/\/www.intoscana.it\/it\/?p=278674"},"modified":"2023-03-23T15:32:07","modified_gmt":"2023-03-23T14:32:07","slug":"ristrutturazione-e-ampliamento-dellospedale-di-siena-firmato-laccordo","status":"publish","type":"post","link":"https:\/\/www.intoscana.it\/it\/ristrutturazione-e-ampliamento-dellospedale-di-siena-firmato-laccordo\/","title":{"rendered":"Ristrutturazione e ampliamento dell&#8217;ospedale di Siena, firmato l&#8217;accordo"},"content":{"rendered":"<p>Siglato l&#8217;accordo per ristrutturare, ammodernare e ampliare l\u2019<strong>ospedale \u201cLe Scotte\u201d di Siena<\/strong> che fa capo all\u2019azienda ospedaliero universitaria senese. Un protocollo interistituzionale tra <mark>Regione Toscana, Comune e la Provincia di Siena, la Soprintendenza Archeologia Belle Arti e Paesaggio e i vigili del fuoco<\/mark> sulle opere da realizzare per un investimento da <strong>298 milioni di euro<\/strong> di euro, di cui circa 130 gi\u00e0 provvisti di copertura finanziaria.<\/p>\n<p>\u201cLa Regione Toscana c\u2019\u00e8 ci sar\u00e0 a supporto dell\u2019Aou Senese \u2013 dichiara il presidente della Regione Toscana <strong>Eugenio Giani<\/strong> durante l&#8217;incontro &#8211; Gran parte dell\u2019ospedale Santa Maria alle Scotte necessita di importanti lavori di adeguamento antisismico ed antincendio, oltre ad una rifunzionalizzazione generale. <mark>Vogliamo offrire ai pazienti ed agli operatori una struttura sempre pi\u00f9 efficiente e moderna, potenziando l\u2019ospedale dal punto di vista strutturale e tecnologico ed adeguandolo a standard sempre pi\u00f9 elevati di qualit\u00e0 dei percorsi assistenziali\u201d.<\/mark><\/p>\n<h3><em>Il progetto di ristrutturazione<\/em><\/h3>\n<p>Il piano di intervento sulle Scotte prevede l\u2019adeguamento antisismico ed antincendio, la riqualificazione estetica delle facciate con soluzioni anche per il contenimento dei consumie la realizzazione del nuovo elisoccorso. Previsto anche <mark>un edificio da sette piani ed undicimila metri quadri, un nuovo magazzino da diecimila metri quadri e il trasferimento dei laboratori &#8211; oggi disseminati per tutto l\u2019ospedale &#8211; in una nuova costruzione da cinquemila metri quadri e quattordici piani.<\/mark><\/p>\n<p>Si proceder\u00e0 inoltre al trasferimento della maggior parte delle <strong>attivit\u00e0 ambulatoriali<\/strong> in una struttura dedicata da novemila metri quadri su tre piani, facilmente raggiungibile dall\u2019esterno. e ancora quattrocento nuovi posti auto, una migliore viabilit\u00e0 di accesso, percorsi pedonali e <mark>opere di efficientamento energico in grado di abbattere i consumi del 30 per cento fin dalla fine del primo anno.<\/mark><\/p>\n<p>La ristrutturazione non interromper\u00e0 &#8220;la continuit\u00e0 alle attivit\u00e0 assistenziali&#8221;, spiega l\u2019assessore al diritto alla salute <strong>Simone Bezzini<\/strong>. &#8220;\u00c8 un\u2019attivit\u00e0 complessa che richiede pianificazione e organizzazione per non creare disagio a cittadini e operatori. Grazie al masterplan, che individua il cronoprogramma dei lavori, e al funzionigramma elaborato dalla direzione sanitaria, con uno specifico piano dei trasferimenti sar\u00e0 possibile <mark>concretizzare il potenziamento dell\u2019ospedale con un progetto complessivo ampiamente condiviso tra tutti i portatori di interesse. Il processo partecipativo \u00e8 infatti fondamentale per raggiungere gli obiettivi prefissati\u201d.<\/mark>.<\/p>\n<p>La stesura del masterplan, infatti,\u00a0 \u00e8 stata affiancata, come spiega il direttore generale dell\u2019Aou senese <strong>Antonio Barretta<\/strong> &#8220;da un processo partecipativo di condivisione e discussione tra i vari soggetti coinvolti, sia all\u2019interno che all\u2019esterno dell\u2019azienda e, successivamente, abbiamo nuovamente illustrato a tutti il progetto, con la consapevolezza che si tratta di uno strumento dinamico e flessibile in grado di orientare i progetti futuri e, per sua stessa natura, in continua evoluzione\u201d. <mark>\u201cPertanto \u2013 conclude Barretta &#8211; dovr\u00e0 essere oggetto di aggiornamento periodico, con cadenza annuale, in relazione anche allo stato di attuazione degli interventi previsti e all\u2019evoluzione dei relativi finanziamenti\u201d.<\/mark><\/p>\n<p>&nbsp;<\/p>\n","protected":false},"excerpt":{"rendered":"<p>Investimento da 298 milioni di euro per ammodernare il &#8220;Santa Maria alle Scotte&#8221;. Il presidente Giani: &#8220;Struttura sempre pi\u00f9 efficiente e moderna&#8221;<\/p>\n","protected":false},"author":525,"featured_media":98389,"comment_status":"open","ping_status":"open","sticky":false,"template":"","format":"standard","meta":{"_acf_changed":false,"footnotes":""},"categories":[494],"tags":[158,2765,164,4883],"class_list":["post-278674","post","type-post","status-publish","format-standard","has-post-thumbnail","hentry","category-attualita","tag-eugenio-giani","tag-ospedale-santa-maria-delle-scotte","tag-siena","tag-simone-bezzini"],"acf":[],"yoast_head":"<!-- This site is optimized with the Yoast SEO Premium plugin v24.2 (Yoast SEO v25.6) - https:\/\/yoast.com\/wordpress\/plugins\/seo\/ -->\n<title>Ristrutturazione e ampliamento dell&#039;ospedale di Siena, firmato l&#039;accordo - intoscana<\/title>\n<meta name=\"description\" content=\"Investimento da 298 milioni di euro per ammodernare il &quot;Santa Maria alle Scotte&quot;. Il presidente Giani: &quot;Struttura sempre pi\u00f9 efficiente e moderna&quot;\" \/>\n<meta name=\"robots\" content=\"index, follow, max-snippet:-1, max-image-preview:large, max-video-preview:-1\" \/>\n<link rel=\"canonical\" href=\"https:\/\/www.intoscana.it\/it\/ristrutturazione-e-ampliamento-dellospedale-di-siena-firmato-laccordo\/\" \/>\n<meta property=\"og:locale\" content=\"it_IT\" \/>\n<meta property=\"og:type\" content=\"article\" \/>\n<meta property=\"og:title\" content=\"Ristrutturazione e ampliamento dell&#039;ospedale di Siena, firmato l&#039;accordo\" \/>\n<meta property=\"og:description\" content=\"Investimento da 298 milioni di euro per ammodernare il &quot;Santa Maria alle Scotte&quot;. Il presidente Giani: &quot;Struttura sempre pi\u00f9 efficiente e moderna&quot;\" \/>\n<meta property=\"og:url\" content=\"https:\/\/www.intoscana.it\/it\/ristrutturazione-e-ampliamento-dellospedale-di-siena-firmato-laccordo\/\" \/>\n<meta property=\"og:site_name\" content=\"intoscana\" \/>\n<meta property=\"article:publisher\" content=\"https:\/\/www.facebook.com\/intoscana.it\" \/>\n<meta property=\"article:published_time\" content=\"2023-03-23T14:32:07+00:00\" \/>\n<meta property=\"og:image\" content=\"https:\/\/www.intoscana.it\/wp-content\/uploads\/d668ef32d81c3736bb482da419b2b5bf.jpg\" \/>\n\t<meta property=\"og:image:width\" content=\"500\" \/>\n\t<meta property=\"og:image:height\" content=\"335\" \/>\n\t<meta property=\"og:image:type\" content=\"image\/jpeg\" \/>\n<meta name=\"author\" content=\"Redazione\" \/>\n<meta name=\"twitter:card\" content=\"summary_large_image\" \/>\n<meta name=\"twitter:creator\" content=\"@intoscana\" \/>\n<meta name=\"twitter:site\" content=\"@intoscana\" \/>\n<meta name=\"twitter:label1\" content=\"Written by\" \/>\n\t<meta name=\"twitter:data1\" content=\"Redazione\" \/>\n\t<meta name=\"twitter:label2\" content=\"Est. reading time\" \/>\n\t<meta name=\"twitter:data2\" content=\"2 minuti\" \/>\n<script type=\"application\/ld+json\" class=\"yoast-schema-graph\">{\"@context\":\"https:\/\/schema.org\",\"@graph\":[{\"@type\":\"WebPage\",\"@id\":\"https:\/\/www.intoscana.it\/it\/ristrutturazione-e-ampliamento-dellospedale-di-siena-firmato-laccordo\/\",\"url\":\"https:\/\/www.intoscana.it\/it\/ristrutturazione-e-ampliamento-dellospedale-di-siena-firmato-laccordo\/\",\"name\":\"Ristrutturazione e ampliamento dell'ospedale di Siena, firmato l'accordo - intoscana\",\"isPartOf\":{\"@id\":\"https:\/\/www.intoscana.it\/it\/#website\"},\"primaryImageOfPage\":{\"@id\":\"https:\/\/www.intoscana.it\/it\/ristrutturazione-e-ampliamento-dellospedale-di-siena-firmato-laccordo\/#primaryimage\"},\"image\":{\"@id\":\"https:\/\/www.intoscana.it\/it\/ristrutturazione-e-ampliamento-dellospedale-di-siena-firmato-laccordo\/#primaryimage\"},\"thumbnailUrl\":\"https:\/\/www.intoscana.it\/wp-content\/uploads\/d668ef32d81c3736bb482da419b2b5bf.jpg\",\"datePublished\":\"2023-03-23T14:32:07+00:00\",\"author\":{\"@id\":\"https:\/\/www.intoscana.it\/it\/#\/schema\/person\/9223810753230f20bd670fdd322661f8\"},\"description\":\"Investimento da 298 milioni di euro per ammodernare il \\\"Santa Maria alle Scotte\\\". Il presidente Giani: \\\"Struttura sempre pi\u00f9 efficiente e moderna\\\"\",\"breadcrumb\":{\"@id\":\"https:\/\/www.intoscana.it\/it\/ristrutturazione-e-ampliamento-dellospedale-di-siena-firmato-laccordo\/#breadcrumb\"},\"inLanguage\":\"it-IT\",\"potentialAction\":[{\"@type\":\"ReadAction\",\"target\":[\"https:\/\/www.intoscana.it\/it\/ristrutturazione-e-ampliamento-dellospedale-di-siena-firmato-laccordo\/\"]}]},{\"@type\":\"ImageObject\",\"inLanguage\":\"it-IT\",\"@id\":\"https:\/\/www.intoscana.it\/it\/ristrutturazione-e-ampliamento-dellospedale-di-siena-firmato-laccordo\/#primaryimage\",\"url\":\"https:\/\/www.intoscana.it\/wp-content\/uploads\/d668ef32d81c3736bb482da419b2b5bf.jpg\",\"contentUrl\":\"https:\/\/www.intoscana.it\/wp-content\/uploads\/d668ef32d81c3736bb482da419b2b5bf.jpg\",\"width\":500,\"height\":335},{\"@type\":\"BreadcrumbList\",\"@id\":\"https:\/\/www.intoscana.it\/it\/ristrutturazione-e-ampliamento-dellospedale-di-siena-firmato-laccordo\/#breadcrumb\",\"itemListElement\":[{\"@type\":\"ListItem\",\"position\":1,\"name\":\"Home\",\"item\":\"https:\/\/www.intoscana.it\/it\/\"},{\"@type\":\"ListItem\",\"position\":2,\"name\":\"Ristrutturazione e ampliamento dell&#8217;ospedale di Siena, firmato l&#8217;accordo\"}]},{\"@type\":\"WebSite\",\"@id\":\"https:\/\/www.intoscana.it\/it\/#website\",\"url\":\"https:\/\/www.intoscana.it\/it\/\",\"name\":\"intoscana\",\"description\":\"\",\"potentialAction\":[{\"@type\":\"SearchAction\",\"target\":{\"@type\":\"EntryPoint\",\"urlTemplate\":\"https:\/\/www.intoscana.it\/it\/?s={search_term_string}\"},\"query-input\":{\"@type\":\"PropertyValueSpecification\",\"valueRequired\":true,\"valueName\":\"search_term_string\"}}],\"inLanguage\":\"it-IT\"},{\"@type\":\"Person\",\"@id\":\"https:\/\/www.intoscana.it\/it\/#\/schema\/person\/9223810753230f20bd670fdd322661f8\",\"name\":\"Redazione\",\"url\":\"https:\/\/www.intoscana.it\/it\/author\/redazione\/\"}]}<\/script>\n<!-- \/ Yoast SEO Premium plugin. -->","yoast_head_json":{"title":"Ristrutturazione e ampliamento dell'ospedale di Siena, firmato l'accordo - intoscana","description":"Investimento da 298 milioni di euro per ammodernare il \"Santa Maria alle Scotte\". Il presidente Giani: \"Struttura sempre pi\u00f9 efficiente e moderna\"","robots":{"index":"index","follow":"follow","max-snippet":"max-snippet:-1","max-image-preview":"max-image-preview:large","max-video-preview":"max-video-preview:-1"},"canonical":"https:\/\/www.intoscana.it\/it\/ristrutturazione-e-ampliamento-dellospedale-di-siena-firmato-laccordo\/","og_locale":"it_IT","og_type":"article","og_title":"Ristrutturazione e ampliamento dell'ospedale di Siena, firmato l'accordo","og_description":"Investimento da 298 milioni di euro per ammodernare il \"Santa Maria alle Scotte\". Il presidente Giani: \"Struttura sempre pi\u00f9 efficiente e moderna\"","og_url":"https:\/\/www.intoscana.it\/it\/ristrutturazione-e-ampliamento-dellospedale-di-siena-firmato-laccordo\/","og_site_name":"intoscana","article_publisher":"https:\/\/www.facebook.com\/intoscana.it","article_published_time":"2023-03-23T14:32:07+00:00","og_image":[{"width":500,"height":335,"url":"https:\/\/www.intoscana.it\/wp-content\/uploads\/d668ef32d81c3736bb482da419b2b5bf.jpg","type":"image\/jpeg"}],"author":"Redazione","twitter_card":"summary_large_image","twitter_creator":"@intoscana","twitter_site":"@intoscana","twitter_misc":{"Written by":"Redazione","Est. reading time":"2 minuti"},"schema":{"@context":"https:\/\/schema.org","@graph":[{"@type":"WebPage","@id":"https:\/\/www.intoscana.it\/it\/ristrutturazione-e-ampliamento-dellospedale-di-siena-firmato-laccordo\/","url":"https:\/\/www.intoscana.it\/it\/ristrutturazione-e-ampliamento-dellospedale-di-siena-firmato-laccordo\/","name":"Ristrutturazione e ampliamento dell'ospedale di Siena, firmato l'accordo - intoscana","isPartOf":{"@id":"https:\/\/www.intoscana.it\/it\/#website"},"primaryImageOfPage":{"@id":"https:\/\/www.intoscana.it\/it\/ristrutturazione-e-ampliamento-dellospedale-di-siena-firmato-laccordo\/#primaryimage"},"image":{"@id":"https:\/\/www.intoscana.it\/it\/ristrutturazione-e-ampliamento-dellospedale-di-siena-firmato-laccordo\/#primaryimage"},"thumbnailUrl":"https:\/\/www.intoscana.it\/wp-content\/uploads\/d668ef32d81c3736bb482da419b2b5bf.jpg","datePublished":"2023-03-23T14:32:07+00:00","author":{"@id":"https:\/\/www.intoscana.it\/it\/#\/schema\/person\/9223810753230f20bd670fdd322661f8"},"description":"Investimento da 298 milioni di euro per ammodernare il \"Santa Maria alle Scotte\". Il presidente Giani: \"Struttura sempre pi\u00f9 efficiente e moderna\"","breadcrumb":{"@id":"https:\/\/www.intoscana.it\/it\/ristrutturazione-e-ampliamento-dellospedale-di-siena-firmato-laccordo\/#breadcrumb"},"inLanguage":"it-IT","potentialAction":[{"@type":"ReadAction","target":["https:\/\/www.intoscana.it\/it\/ristrutturazione-e-ampliamento-dellospedale-di-siena-firmato-laccordo\/"]}]},{"@type":"ImageObject","inLanguage":"it-IT","@id":"https:\/\/www.intoscana.it\/it\/ristrutturazione-e-ampliamento-dellospedale-di-siena-firmato-laccordo\/#primaryimage","url":"https:\/\/www.intoscana.it\/wp-content\/uploads\/d668ef32d81c3736bb482da419b2b5bf.jpg","contentUrl":"https:\/\/www.intoscana.it\/wp-content\/uploads\/d668ef32d81c3736bb482da419b2b5bf.jpg","width":500,"height":335},{"@type":"BreadcrumbList","@id":"https:\/\/www.intoscana.it\/it\/ristrutturazione-e-ampliamento-dellospedale-di-siena-firmato-laccordo\/#breadcrumb","itemListElement":[{"@type":"ListItem","position":1,"name":"Home","item":"https:\/\/www.intoscana.it\/it\/"},{"@type":"ListItem","position":2,"name":"Ristrutturazione e ampliamento dell&#8217;ospedale di Siena, firmato l&#8217;accordo"}]},{"@type":"WebSite","@id":"https:\/\/www.intoscana.it\/it\/#website","url":"https:\/\/www.intoscana.it\/it\/","name":"intoscana","description":"","potentialAction":[{"@type":"SearchAction","target":{"@type":"EntryPoint","urlTemplate":"https:\/\/www.intoscana.it\/it\/?s={search_term_string}"},"query-input":{"@type":"PropertyValueSpecification","valueRequired":true,"valueName":"search_term_string"}}],"inLanguage":"it-IT"},{"@type":"Person","@id":"https:\/\/www.intoscana.it\/it\/#\/schema\/person\/9223810753230f20bd670fdd322661f8","name":"Redazione","url":"https:\/\/www.intoscana.it\/it\/author\/redazione\/"}]}},"_links":{"self":[{"href":"https:\/\/www.intoscana.it\/it\/wp-json\/wp\/v2\/posts\/278674","targetHints":{"allow":["GET"]}}],"collection":[{"href":"https:\/\/www.intoscana.it\/it\/wp-json\/wp\/v2\/posts"}],"about":[{"href":"https:\/\/www.intoscana.it\/it\/wp-json\/wp\/v2\/types\/post"}],"author":[{"embeddable":true,"href":"https:\/\/www.intoscana.it\/it\/wp-json\/wp\/v2\/users\/525"}],"replies":[{"embeddable":true,"href":"https:\/\/www.intoscana.it\/it\/wp-json\/wp\/v2\/comments?post=278674"}],"version-history":[{"count":0,"href":"https:\/\/www.intoscana.it\/it\/wp-json\/wp\/v2\/posts\/278674\/revisions"}],"wp:featuredmedia":[{"embeddable":true,"href":"https:\/\/www.intoscana.it\/it\/wp-json\/wp\/v2\/media\/98389"}],"wp:attachment":[{"href":"https:\/\/www.intoscana.it\/it\/wp-json\/wp\/v2\/media?parent=278674"}],"wp:term":[{"taxonomy":"category","embeddable":true,"href":"https:\/\/www.intoscana.it\/it\/wp-json\/wp\/v2\/categories?post=278674"},{"taxonomy":"post_tag","embeddable":true,"href":"https:\/\/www.intoscana.it\/it\/wp-json\/wp\/v2\/tags?post=278674"}],"curies":[{"name":"wp","href":"https:\/\/api.w.org\/{rel}","templated":true}]}}