{"id":278753,"date":"2023-03-24T17:05:08","date_gmt":"2023-03-24T16:05:08","guid":{"rendered":"https:\/\/www.intoscana.it\/it\/?p=278753"},"modified":"2023-03-27T12:55:35","modified_gmt":"2023-03-27T10:55:35","slug":"future-for-fashion-la-lezione-di-cucinelli-pensiamo-agli-operai","status":"publish","type":"post","link":"https:\/\/www.intoscana.it\/it\/future-for-fashion-la-lezione-di-cucinelli-pensiamo-agli-operai\/","title":{"rendered":"Future for Fashion, la lezione di Cucinelli: &#8220;Pensiamo agli operai&#8221;"},"content":{"rendered":"<p>&#8220;<em>Dobbiamo pensare al grande problema dei nostri operai, in futuro non sar\u00e0 difficile trovare a chi vendere i prodotti, ma chi li produce. Bisogna dare dignit\u00e0 anche economica a certi lavori&#8221;<\/em>. <strong>Brunello Cucinelli<\/strong> indica la strada da seguire per il futuro della moda e del Made in Italy. Lo fa a Firenze in apertura della due giorni di &#8220;<em>Future For Fashion<\/em>&#8221; nella Sala Bianca di <strong>Palazzo Pitti<\/strong>.<\/p>\n<p>Un invito a restituire dignit\u00e0 non solo economica ma anche morale ai lavori solo in apparenza pi\u00f9 umili. &#8220;<em>Nessuno di noi<\/em>\u00a0&#8211; ha spiegato Cucinelli dal palco di Future for Fashion &#8211; <em>vuole fare pi\u00f9 certi mestieri: noi padri vogliamo che certi mestieri li facciano i figli degli altri. Quindi dobbiamo recuperare nel lavoro artigianale prima di tutto dignit\u00e0 morale; poi vi \u00e8 una dignit\u00e0 economica, quindi dobbiamo far s\u00ec che questi lavori siano pagati molto meglio. E poi ci sono le condizioni di lavoro: parlo sempre di operai, perch\u00e9 le nostre fabbriche, dove lavorano gli operai, non sempre sono carine come gli uffici<\/em>&#8220;. E aggiunge: <em>Abbiamo bisogno per\u00f2 che certi lavori siano resi nobili: perch\u00e9 non credo che qualcuno di voi, che siete giovani, voglia fare certi lavori<\/em>&#8220;.<\/p>\n<h3>Tutti i numeri del sistema moda nel 2022<\/h3>\n<p>Il sistema moda in Italia, nel 2022, ha prodotto un valore aggiunto di <strong>oltre 21 miliardi di euro<\/strong>, corrispondente al 7,9% del valore aggiunto manifatturiero italiano. Il <strong>valore delle esportazioni<\/strong>, nello stesso anno, \u00e8 stato pari a <strong>65 miliardi di euro<\/strong> con un incremento del 16,9% rispetto al 2021, meglio del periodo pre-Covid. Il peso delle esportazioni del sistema moda sul totale del valore manifatturiero esportato \u00e8 stato del 10,9%. Nella provincia di <strong>Firenze, nel 2022<\/strong>, il valore delle esportazioni del settore \u00e8 stato pari a <strong>oltre 10 miliardi di euro<\/strong>, registrando un aumento dell&#8217;11,4% rispetto al 2021. Il peso delle esportazioni del sistema moda sul valore totale del settore manifatturiero esportato \u00e8 stato pari al 51,1%. Il sistema moda fiorentino, nel quarto trimestre del 2022, contava circa <strong>6800 unit\u00e0 e 40mila addetti<\/strong>, pari rispettivamente al 41,9% e al 40,3% del totale dell&#8217;industria manifatturiera dell&#8217;area metropolitana.<\/p>\n<figure id=\"post-278969 media-278969\" class=\"align-none\"><img decoding=\"async\" src=\"https:\/\/www.intoscana.it\/wp-content\/uploads\/Il-primo-giorno-di-lavori-di-Future-for-Fashion-\u00a9-Chiara-Lorusso.jpeg\" alt=\"\" \/><\/figure>\n<div class=\"titleimg\">Il primo giorno di lavori di Future for Fashion \u2013 \u00a9 Chiara Lorusso<\/div>\n<h3>Mansi: stare al passo col cambiamento<\/h3>\n<p>Partendo dal concetto che il &#8220;<em>lavoro nobilita l&#8217;uomo<\/em>&#8221; e dall&#8217;invito di Cucinelli a uno scatto d&#8217;orgoglio, <strong>Antonella Mansi<\/strong>, presidente del Centro di Firenze per la Moda Italiana, ha sottolineato come &#8220;<em>c&#8217;\u00e8 bisogno di grande velocit\u00e0: i cambiamenti stanno avvenendo in maniera estremamente veloce, e quindi stare al passo con il cambiamento impone alle aziende uno sforzo veramente molto pi\u00f9 grande di quello che c&#8217;era prima&#8221;<\/em>. E ha aggiunto.<\/p>\n<p>&#8220;<em>Servono competenze, quindi serve concentrarsi sulla formazione, anche per mantenere sul territorio un saper fare che \u00e8 un po&#8217; la nostra identit\u00e0, serve investire sostanzialmente su questo<\/em>&#8220;, ha detto Mansi, sottolineando che &#8220;<em>a Firenze si rappresenta una filiera molto larga di questo settore, che va dalle grandi imprese del lusso, passando per l&#8217;artigianato fino alla cultura, all&#8217;istruzione. Quindi \u00e8 un territorio che ha uno straordinario patrimonio da valorizzare<\/em>&#8220;.<\/p>\n<h3>Formazione, l&#8217;impegno del ministro Urso<\/h3>\n<p>Il ministro per le Imprese e il Made in Italy <strong>Adolfo Urso<\/strong> ha sottolineato nella seconda giornata dei lavori di Fashion for Future l&#8217;impegno del governo su questo fronte. &#8220;<em>C&#8217;\u00e8 da sviluppare meglio il sistema della formazione: in questo campo abbiamo in cantiere una sorta di legge quadro sul made in Italy che \u00e8 stata inserita come collegato alla manovra economica<\/em>&#8220;. Il provvedimento sar\u00e0 presentato nel mese di aprile. Urso ha spiegato che &#8220;<em>affronteremo anche le questioni inerenti la formazione, con l&#8217;utilizzo anche di coloro che sono andati in pensione o che stanno andando in pensione, perch\u00e9 c&#8217;\u00e8 un problema serio di formazione nei lavori manuali, creativi del made in Italy, che soltanto coloro che hanno svolto nella loro attivit\u00e0 lavorativa con pieno successo queste tipologie professionali possono trasmettere alla nuova formazione<\/em>&#8220;.<\/p>\n<h3>Nardella: moda, un distretto da 46mila persone<\/h3>\n<p>Il sindaco di Firenze <strong>Dario Nardella<\/strong>, in un videomessaggio, ha ricordato che &#8220;<em>la citt\u00e0 abbraccia tutta la filiera della moda che riguarda la formazione, la crescita dei talenti, gli eventi, le fiere e ovviamente il distretto produttivo vero e proprio, che nella nostra area metropolitana conta di pi\u00f9 di 46mila persone impiegate, un distretto che vede sul nostro territorio i pi\u00f9 grandi e importanti brand del mondo<\/em>&#8220;.<\/p>\n<p>Firenze &#8220;<em>ha un legame forte con la moda<\/em> &#8211; ha detto l&#8217;assessora comunale <strong>Sara Funaro<\/strong> -, <em>fa parte del suo passato, ma anche del suo presente e del suo futuro<\/em>&#8220;.<\/p>\n<h3>Zoppas: sfide da affrontare in sinergia<\/h3>\n<p><strong>Matteo Zoppas<\/strong>, presidente di <strong>Agenzia Ice<\/strong>, ha sottolineato che &#8220;<em>oltre alle grandi imprese della moda, la dimensione media e piccola della maggior parte delle imprese richiede che le sfide vengano affrontate in sinergia: lo stiamo facendo sulla semplificazione delle procedure, e continuando ad agevolare le esportazioni<\/em>&#8220;.<\/p>\n<p>&#8220;<em>Solo nel 2022 con Ice per il sistema moda abbiamo speso 42 milioni di euro per promuovere i nostri prodotti all&#8217;estero con fiere, roadshow, incoming&#8230; per tante Pmi queste attivit\u00e0 possono fare la differenza. Da parte nostra c&#8217;\u00e8 anche l&#8217;attivit\u00e0 di contrasto alla contraffazione, abbiamo aperti pi\u00f9 di 10 desk nel mondo che aiutano in questo senso &#8211;<\/em> ha concluso<em>-. Sono poi al vaglio attivit\u00e0 promozionali in grado di promuovere il made in Italy come prodotto di eccellenza, e campione, in termini di transizione energetica ed ecologica<\/em>&#8220;.<\/p>\n<h3>Bigazzi: il capitale umano e l&#8217;artigianalit\u00e0 nella moda<\/h3>\n<p>Il segreto di questa &#8216;<em>Silicon Valley del fashion&#8217; che abbiamo nel territorio fiorentino<\/em> &#8211; ha affermato <strong>Maurizio Bigazzi<\/strong>, presidente di Confindustria Firenze &#8211;<em> va ricercata anche nel capitale umano e in quella capacit\u00e0 di unire artigianalit\u00e0, competenza e innovazione, che lo contraddistingue<\/em>&#8220;.<\/p>\n<h3>Dolce: collaborazione fra pubblico e privato<\/h3>\n<p>&#8220;<em>La collaborazione fra pubblico e privato \u00e8 fondamentale non solo per l&#8217;imprenditore e l&#8217;impresa, ma proprio per la cittadinanza, per i territori, per sviluppare o facilitare quel passaggio generazionale che oggi stiamo perdendo<\/em>&#8221; ha affermato <strong>Alfonso Dolce<\/strong>, amministratore delegato del gruppo Dolce&amp;Gabbana. &#8220;<em>Quando si parla di passaggio generazionale &#8211; ha sotttolineato &#8211; non \u00e8 quello imprenditoriale di natura dei capitali, ma proprio quello della cultura dei mestieri, del fare le cose e non solo di raccontarle. Questo ci permetterebbe, con una collaborazione, di creare per il futuro e per i giovani quel ponte fra scuola, lavoro e societ\u00e0 che non solo ci educa e ci fa riscoprire magari valori storici da cui proveniamo attraverso la bellezza che l&#8217;Italia ha avuto dall&#8217;era industriale in avanti, ma anche a rievocare cosa l&#8217;uomo era capace di fare<\/em>&#8220;.<\/p>\n<p>Secondo Dolce &#8220;<em>i nuovi giovani, dai 25-27 anni in gi\u00f9, sono molto pi\u00f9 interessati e curiosi&#8221;, e &#8220;quindi bisogna trovare un nuovo modo di fare mecenatismo, di investire sui giovani e sulla cultura del lavoro da una parte, ma dall&#8217;altra avere un aiuto per non penalizzare ulteriormente la vita gi\u00e0 difficile di un&#8217;azienda<\/em>&#8220;.<\/p>\n<p>&nbsp;<\/p>\n","protected":false},"excerpt":{"rendered":"<p>L&#8217;imprenditore umbro alla due giorni nella Sala Bianca di Palazzo Pitti per parlare di moda e made in Italy. L&#8217;impegno del ministro Urso per la formazione<\/p>\n","protected":false},"author":554,"featured_media":278756,"comment_status":"open","ping_status":"open","sticky":false,"template":"","format":"standard","meta":{"_acf_changed":false,"footnotes":""},"categories":[9],"tags":[189],"class_list":["post-278753","post","type-post","status-publish","format-standard","has-post-thumbnail","hentry","category-made-in-toscana","tag-moda"],"acf":[],"yoast_head":"<!-- This site is optimized with the Yoast SEO Premium plugin v24.2 (Yoast SEO v25.6) - https:\/\/yoast.com\/wordpress\/plugins\/seo\/ -->\n<title>Future for Fashion, la lezione di Cucinelli: &quot;Pensiamo agli operai&quot;-intoscana<\/title>\n<meta name=\"description\" content=\"L&#039;imprenditore interviene in Sala Bianca di Palazzo Pitti su moda e made in Italy. L&#039;impegno del ministro Urso per la formazione\" \/>\n<meta name=\"robots\" content=\"index, follow, max-snippet:-1, max-image-preview:large, max-video-preview:-1\" \/>\n<link rel=\"canonical\" href=\"https:\/\/www.intoscana.it\/it\/future-for-fashion-la-lezione-di-cucinelli-pensiamo-agli-operai\/\" \/>\n<meta property=\"og:locale\" content=\"it_IT\" \/>\n<meta property=\"og:type\" content=\"article\" \/>\n<meta property=\"og:title\" content=\"Future for Fashion, la lezione di Cucinelli: &quot;Pensiamo agli operai&quot;\" \/>\n<meta property=\"og:description\" content=\"L&#039;imprenditore interviene in Sala Bianca di Palazzo Pitti su moda e made in Italy. L&#039;impegno del ministro Urso per la formazione\" \/>\n<meta property=\"og:url\" content=\"https:\/\/www.intoscana.it\/it\/future-for-fashion-la-lezione-di-cucinelli-pensiamo-agli-operai\/\" \/>\n<meta property=\"og:site_name\" content=\"intoscana\" \/>\n<meta property=\"article:publisher\" content=\"https:\/\/www.facebook.com\/intoscana.it\" \/>\n<meta property=\"article:published_time\" content=\"2023-03-24T16:05:08+00:00\" \/>\n<meta property=\"article:modified_time\" content=\"2023-03-27T10:55:35+00:00\" \/>\n<meta property=\"og:image\" content=\"https:\/\/www.intoscana.it\/wp-content\/uploads\/Brunello-Cucinelli-1-e1679589660614.jpeg\" \/>\n\t<meta property=\"og:image:width\" content=\"1024\" \/>\n\t<meta property=\"og:image:height\" content=\"739\" \/>\n\t<meta property=\"og:image:type\" content=\"image\/jpeg\" \/>\n<meta name=\"author\" content=\"Raffaella Galamini\" \/>\n<meta name=\"twitter:card\" content=\"summary_large_image\" \/>\n<meta name=\"twitter:creator\" content=\"@orio\" \/>\n<meta name=\"twitter:site\" content=\"@intoscana\" \/>\n<meta name=\"twitter:label1\" content=\"Written by\" \/>\n\t<meta name=\"twitter:data1\" content=\"Raffaella Galamini\" \/>\n\t<meta name=\"twitter:label2\" content=\"Est. reading time\" \/>\n\t<meta name=\"twitter:data2\" content=\"6 minuti\" \/>\n<script type=\"application\/ld+json\" class=\"yoast-schema-graph\">{\"@context\":\"https:\/\/schema.org\",\"@graph\":[{\"@type\":\"WebPage\",\"@id\":\"https:\/\/www.intoscana.it\/it\/future-for-fashion-la-lezione-di-cucinelli-pensiamo-agli-operai\/\",\"url\":\"https:\/\/www.intoscana.it\/it\/future-for-fashion-la-lezione-di-cucinelli-pensiamo-agli-operai\/\",\"name\":\"Future for Fashion, la lezione di Cucinelli: \\\"Pensiamo agli operai\\\"-intoscana\",\"isPartOf\":{\"@id\":\"https:\/\/www.intoscana.it\/it\/#website\"},\"primaryImageOfPage\":{\"@id\":\"https:\/\/www.intoscana.it\/it\/future-for-fashion-la-lezione-di-cucinelli-pensiamo-agli-operai\/#primaryimage\"},\"image\":{\"@id\":\"https:\/\/www.intoscana.it\/it\/future-for-fashion-la-lezione-di-cucinelli-pensiamo-agli-operai\/#primaryimage\"},\"thumbnailUrl\":\"https:\/\/www.intoscana.it\/wp-content\/uploads\/Brunello-Cucinelli-1-e1679589660614.jpeg\",\"datePublished\":\"2023-03-24T16:05:08+00:00\",\"dateModified\":\"2023-03-27T10:55:35+00:00\",\"author\":{\"@id\":\"https:\/\/www.intoscana.it\/it\/#\/schema\/person\/9eb9daa846a49fe51af39a73d9d1986b\"},\"description\":\"L'imprenditore interviene in Sala Bianca di Palazzo Pitti su moda e made in Italy. L'impegno del ministro Urso per la formazione\",\"breadcrumb\":{\"@id\":\"https:\/\/www.intoscana.it\/it\/future-for-fashion-la-lezione-di-cucinelli-pensiamo-agli-operai\/#breadcrumb\"},\"inLanguage\":\"it-IT\",\"potentialAction\":[{\"@type\":\"ReadAction\",\"target\":[\"https:\/\/www.intoscana.it\/it\/future-for-fashion-la-lezione-di-cucinelli-pensiamo-agli-operai\/\"]}]},{\"@type\":\"ImageObject\",\"inLanguage\":\"it-IT\",\"@id\":\"https:\/\/www.intoscana.it\/it\/future-for-fashion-la-lezione-di-cucinelli-pensiamo-agli-operai\/#primaryimage\",\"url\":\"https:\/\/www.intoscana.it\/wp-content\/uploads\/Brunello-Cucinelli-1-e1679589660614.jpeg\",\"contentUrl\":\"https:\/\/www.intoscana.it\/wp-content\/uploads\/Brunello-Cucinelli-1-e1679589660614.jpeg\",\"width\":1024,\"height\":739},{\"@type\":\"BreadcrumbList\",\"@id\":\"https:\/\/www.intoscana.it\/it\/future-for-fashion-la-lezione-di-cucinelli-pensiamo-agli-operai\/#breadcrumb\",\"itemListElement\":[{\"@type\":\"ListItem\",\"position\":1,\"name\":\"Home\",\"item\":\"https:\/\/www.intoscana.it\/it\/\"},{\"@type\":\"ListItem\",\"position\":2,\"name\":\"Future for Fashion, la lezione di Cucinelli: &#8220;Pensiamo agli operai&#8221;\"}]},{\"@type\":\"WebSite\",\"@id\":\"https:\/\/www.intoscana.it\/it\/#website\",\"url\":\"https:\/\/www.intoscana.it\/it\/\",\"name\":\"intoscana\",\"description\":\"\",\"potentialAction\":[{\"@type\":\"SearchAction\",\"target\":{\"@type\":\"EntryPoint\",\"urlTemplate\":\"https:\/\/www.intoscana.it\/it\/?s={search_term_string}\"},\"query-input\":{\"@type\":\"PropertyValueSpecification\",\"valueRequired\":true,\"valueName\":\"search_term_string\"}}],\"inLanguage\":\"it-IT\"},{\"@type\":\"Person\",\"@id\":\"https:\/\/www.intoscana.it\/it\/#\/schema\/person\/9eb9daa846a49fe51af39a73d9d1986b\",\"name\":\"Raffaella Galamini\",\"sameAs\":[\"https:\/\/x.com\/orio\"],\"url\":\"https:\/\/www.intoscana.it\/it\/author\/r-galamini\/\"}]}<\/script>\n<!-- \/ Yoast SEO Premium plugin. -->","yoast_head_json":{"title":"Future for Fashion, la lezione di Cucinelli: \"Pensiamo agli operai\"-intoscana","description":"L'imprenditore interviene in Sala Bianca di Palazzo Pitti su moda e made in Italy. L'impegno del ministro Urso per la formazione","robots":{"index":"index","follow":"follow","max-snippet":"max-snippet:-1","max-image-preview":"max-image-preview:large","max-video-preview":"max-video-preview:-1"},"canonical":"https:\/\/www.intoscana.it\/it\/future-for-fashion-la-lezione-di-cucinelli-pensiamo-agli-operai\/","og_locale":"it_IT","og_type":"article","og_title":"Future for Fashion, la lezione di Cucinelli: \"Pensiamo agli operai\"","og_description":"L'imprenditore interviene in Sala Bianca di Palazzo Pitti su moda e made in Italy. L'impegno del ministro Urso per la formazione","og_url":"https:\/\/www.intoscana.it\/it\/future-for-fashion-la-lezione-di-cucinelli-pensiamo-agli-operai\/","og_site_name":"intoscana","article_publisher":"https:\/\/www.facebook.com\/intoscana.it","article_published_time":"2023-03-24T16:05:08+00:00","article_modified_time":"2023-03-27T10:55:35+00:00","og_image":[{"width":1024,"height":739,"url":"https:\/\/www.intoscana.it\/wp-content\/uploads\/Brunello-Cucinelli-1-e1679589660614.jpeg","type":"image\/jpeg"}],"author":"Raffaella Galamini","twitter_card":"summary_large_image","twitter_creator":"@orio","twitter_site":"@intoscana","twitter_misc":{"Written by":"Raffaella Galamini","Est. reading time":"6 minuti"},"schema":{"@context":"https:\/\/schema.org","@graph":[{"@type":"WebPage","@id":"https:\/\/www.intoscana.it\/it\/future-for-fashion-la-lezione-di-cucinelli-pensiamo-agli-operai\/","url":"https:\/\/www.intoscana.it\/it\/future-for-fashion-la-lezione-di-cucinelli-pensiamo-agli-operai\/","name":"Future for Fashion, la lezione di Cucinelli: \"Pensiamo agli operai\"-intoscana","isPartOf":{"@id":"https:\/\/www.intoscana.it\/it\/#website"},"primaryImageOfPage":{"@id":"https:\/\/www.intoscana.it\/it\/future-for-fashion-la-lezione-di-cucinelli-pensiamo-agli-operai\/#primaryimage"},"image":{"@id":"https:\/\/www.intoscana.it\/it\/future-for-fashion-la-lezione-di-cucinelli-pensiamo-agli-operai\/#primaryimage"},"thumbnailUrl":"https:\/\/www.intoscana.it\/wp-content\/uploads\/Brunello-Cucinelli-1-e1679589660614.jpeg","datePublished":"2023-03-24T16:05:08+00:00","dateModified":"2023-03-27T10:55:35+00:00","author":{"@id":"https:\/\/www.intoscana.it\/it\/#\/schema\/person\/9eb9daa846a49fe51af39a73d9d1986b"},"description":"L'imprenditore interviene in Sala Bianca di Palazzo Pitti su moda e made in Italy. L'impegno del ministro Urso per la formazione","breadcrumb":{"@id":"https:\/\/www.intoscana.it\/it\/future-for-fashion-la-lezione-di-cucinelli-pensiamo-agli-operai\/#breadcrumb"},"inLanguage":"it-IT","potentialAction":[{"@type":"ReadAction","target":["https:\/\/www.intoscana.it\/it\/future-for-fashion-la-lezione-di-cucinelli-pensiamo-agli-operai\/"]}]},{"@type":"ImageObject","inLanguage":"it-IT","@id":"https:\/\/www.intoscana.it\/it\/future-for-fashion-la-lezione-di-cucinelli-pensiamo-agli-operai\/#primaryimage","url":"https:\/\/www.intoscana.it\/wp-content\/uploads\/Brunello-Cucinelli-1-e1679589660614.jpeg","contentUrl":"https:\/\/www.intoscana.it\/wp-content\/uploads\/Brunello-Cucinelli-1-e1679589660614.jpeg","width":1024,"height":739},{"@type":"BreadcrumbList","@id":"https:\/\/www.intoscana.it\/it\/future-for-fashion-la-lezione-di-cucinelli-pensiamo-agli-operai\/#breadcrumb","itemListElement":[{"@type":"ListItem","position":1,"name":"Home","item":"https:\/\/www.intoscana.it\/it\/"},{"@type":"ListItem","position":2,"name":"Future for Fashion, la lezione di Cucinelli: &#8220;Pensiamo agli operai&#8221;"}]},{"@type":"WebSite","@id":"https:\/\/www.intoscana.it\/it\/#website","url":"https:\/\/www.intoscana.it\/it\/","name":"intoscana","description":"","potentialAction":[{"@type":"SearchAction","target":{"@type":"EntryPoint","urlTemplate":"https:\/\/www.intoscana.it\/it\/?s={search_term_string}"},"query-input":{"@type":"PropertyValueSpecification","valueRequired":true,"valueName":"search_term_string"}}],"inLanguage":"it-IT"},{"@type":"Person","@id":"https:\/\/www.intoscana.it\/it\/#\/schema\/person\/9eb9daa846a49fe51af39a73d9d1986b","name":"Raffaella Galamini","sameAs":["https:\/\/x.com\/orio"],"url":"https:\/\/www.intoscana.it\/it\/author\/r-galamini\/"}]}},"_links":{"self":[{"href":"https:\/\/www.intoscana.it\/it\/wp-json\/wp\/v2\/posts\/278753","targetHints":{"allow":["GET"]}}],"collection":[{"href":"https:\/\/www.intoscana.it\/it\/wp-json\/wp\/v2\/posts"}],"about":[{"href":"https:\/\/www.intoscana.it\/it\/wp-json\/wp\/v2\/types\/post"}],"author":[{"embeddable":true,"href":"https:\/\/www.intoscana.it\/it\/wp-json\/wp\/v2\/users\/554"}],"replies":[{"embeddable":true,"href":"https:\/\/www.intoscana.it\/it\/wp-json\/wp\/v2\/comments?post=278753"}],"version-history":[{"count":0,"href":"https:\/\/www.intoscana.it\/it\/wp-json\/wp\/v2\/posts\/278753\/revisions"}],"wp:featuredmedia":[{"embeddable":true,"href":"https:\/\/www.intoscana.it\/it\/wp-json\/wp\/v2\/media\/278756"}],"wp:attachment":[{"href":"https:\/\/www.intoscana.it\/it\/wp-json\/wp\/v2\/media?parent=278753"}],"wp:term":[{"taxonomy":"category","embeddable":true,"href":"https:\/\/www.intoscana.it\/it\/wp-json\/wp\/v2\/categories?post=278753"},{"taxonomy":"post_tag","embeddable":true,"href":"https:\/\/www.intoscana.it\/it\/wp-json\/wp\/v2\/tags?post=278753"}],"curies":[{"name":"wp","href":"https:\/\/api.w.org\/{rel}","templated":true}]}}