{"id":278788,"date":"2023-03-24T13:51:45","date_gmt":"2023-03-24T12:51:45","guid":{"rendered":"https:\/\/www.intoscana.it\/it\/?p=278788"},"modified":"2023-03-24T13:54:30","modified_gmt":"2023-03-24T12:54:30","slug":"teatro-del-silenzio-lajatico-andrea-bocelli-2023","status":"publish","type":"post","link":"https:\/\/www.intoscana.it\/it\/teatro-del-silenzio-lajatico-andrea-bocelli-2023\/","title":{"rendered":"Il Teatro del Silenzio torna il 27 e 29 luglio: sul palco una scultura di Pablo Atchugarry"},"content":{"rendered":"<p><strong>Gioved\u00ec 27 e sabato 29 luglio<\/strong> torna a Lajatico la diciottesima edizione del <a href=\"https:\/\/www.intoscana.it\/it\/articolo\/igor-mitoraj-opere-toscana\/\" target=\"_blank\" rel=\"noopener\"><strong>Teatro del Silenzio<\/strong> <\/a>\u00a0l&#8217;evento artistico sotto la direzione artistica di <strong>Alberto Bartalini,<\/strong> che ogni anno prende vita sulle colline nel luogo dove \u00e8 nato e vive <strong>Andrea Bocelli.<\/strong><\/p>\n<p><strong>Bocelli<\/strong> sar\u00e0 affiancato da<strong> artisti nazionali e ed internazionali <\/strong>e dall&#8217;orchestra sinfonica del <strong>Conservatorio Luigi Boccherini<\/strong> diretta dal Carlo Bernini.<\/p>\n<p>Si rinnova anche quest&#8217;anno poi il sodalizio tra il Teatro del Silenzio e la Galleria d&#8217;arte Contini di Venezia e Cortina, esperienza iniziata nel 2021 con Manolo Vald\u00e9s e proseguita lo scorso anno con il corean<strong>o Park Eun Sun.<\/strong><\/p>\n<p><strong>Una matrimonio tra arte e musica:<\/strong> per l&#8217;edizione il 2023 la performance del tenore dialogher\u00e0 con l&#8217;opera di <strong>Pablo Atchugarry<\/strong> &#8216;<em><strong>Mariposa de la Vida<\/strong><\/em>&#8216;, scultura in acciaio, alta quasi 12 metri, dalle forme tese e allungate.<\/p>\n<p><em>&#8220;\u00c8 un&#8217;emozione insolita e potente, verificare ogni volta come molte migliaia di persone, mosse dal desiderio di condividere un&#8217;esperienza di buona musica e di bellezza, convergano da tutto il mondo proprio qui, nella mia piccola Lajatico, in questa conca naturale che il giorno dopo sar\u00e0 restituita alla natura&#8221;<\/em> ha dichiarato <strong>Andrea Bocelli.<\/strong><\/p>\n<p><strong>Il tenore ha inoltre sottolineato<\/strong> che <em>&#8220;ci\u00f2 che si prova nelle performance dal vivo, sulla ribalta ma anche in platea, per intensit\u00e0 e qualit\u00e0, per lo scambio d&#8217;energia che s&#8217;innesca, non \u00e8 surrogabile nel mondo virtuale. L&#8217;edizione 2022 ci ha confermato quanto abbiamo bisogno di ritrovarci, di stare insieme e tornare a frequentare l&#8217;arte e la cultura. Ogni anno il Teatro del Silenzio rappresenta una nuova sfida, per la sua complessit\u00e0 ed atipicit\u00e0. \u00c8 una gioia avere la conferma di una ulteriore edizione; \u00e8 un privilegio poter dare fin d&#8217;oggi appuntamento per il prossimo 27 e 29 luglio, nella volont\u00e0, nella certezza di vivere insieme una serata di grandi emozioni. Se gli spettatori torneranno a casa un po&#8217; pi\u00f9 sereni, col sorriso sulle labbra, allora sar\u00f2 un uomo appagato, perch\u00e9 avr\u00f2 raggiunto il mio scopo&#8221;.<\/em><\/p>\n<figure id=\"post-219986 media-219986\" class=\"align-none\"><img decoding=\"async\" src=\"https:\/\/www.intoscana.it\/wp-content\/uploads\/Mitoraj-3.jpg\" alt=\"\" \/><\/figure>\n<div class=\"titleimg\">Il Grande Sonno di Igor Mitoraj a Lajatico<\/div>\n<h3>Il Teatro del Silenzio a Lajatico<\/h3>\n<p>Il <a href=\"https:\/\/www.teatrodelsilenzio.it\" target=\"_blank\" rel=\"noopener\" class=\"broken_link\"><strong>\u201cTeatro del Silenzio\u201d<\/strong> <\/a>\u00e8 un anfiteatro naturale ricavato nella splendida cornice delle colline di<strong> Lajatico<\/strong>, nato per volont\u00e0 dell<strong>\u2019architetto Alberto Bartalini e del Maestro Andrea Bocelli.<\/strong><\/p>\n<p><strong>Un progetto \u201csilenzioso\u201d,<\/strong> in uno spazio che per quasi un intero anno resta intatto nella sua perfetta armonia, animandosi per pochi giorni di personaggi del <strong>bel canto, della musica e della danza, nazionali ed internazionali.<\/strong><\/p>\n<p>Un piccolo gioiello paesaggistico dell\u2019entroterra Volterrano <strong>nel cuore della Toscana.<\/strong><\/p>\n<figure id=\"post-278796 media-278796\" class=\"align-none\"><img decoding=\"async\" src=\"https:\/\/www.intoscana.it\/wp-content\/uploads\/Andrea_Bocelli_Concerto_Mariposa_Lajatico_2023__.jpg\" alt=\"\" \/><\/figure>\n<div class=\"titleimg\"><\/div>\n","protected":false},"excerpt":{"rendered":"<p>Torna a Lajatico la diciottesima edizione dell&#039;evento artistico sotto la direzione artistica di Alberto Bartalini, che ogni anno prende vita sulle colline nel luogo dove \u00e8 nato e vive Andrea Bocelli <\/p>\n","protected":false},"author":525,"featured_media":246087,"comment_status":"open","ping_status":"open","sticky":false,"template":"","format":"standard","meta":{"_acf_changed":false,"footnotes":""},"categories":[14],"tags":[6471,216,228],"class_list":["post-278788","post","type-post","status-publish","format-standard","has-post-thumbnail","hentry","category-musica","tag-andrea-bocelli","tag-concerti","tag-festival"],"acf":[],"yoast_head":"<!-- This site is optimized with the Yoast SEO Premium plugin v24.2 (Yoast SEO v25.6) - https:\/\/yoast.com\/wordpress\/plugins\/seo\/ -->\n<title>Il Teatro del Silenzio torna il 27 e 29 luglio: sul palco una scultura di Pablo Atchugarry - intoscana<\/title>\n<meta name=\"description\" content=\"Torna a Lajatico la diciottesima edizione dell&#039;evento che ogni anno prende vita sulle colline nel luogo dove \u00e8 nato e vive Andrea Bocelli\" \/>\n<meta name=\"robots\" content=\"index, follow, max-snippet:-1, max-image-preview:large, max-video-preview:-1\" \/>\n<link rel=\"canonical\" href=\"https:\/\/www.intoscana.it\/it\/teatro-del-silenzio-lajatico-andrea-bocelli-2023\/\" \/>\n<meta property=\"og:locale\" content=\"it_IT\" \/>\n<meta property=\"og:type\" content=\"article\" \/>\n<meta property=\"og:title\" content=\"Il Teatro del Silenzio torna il 27 e 29 luglio: sul palco una scultura di Pablo Atchugarry\" \/>\n<meta property=\"og:description\" content=\"Torna a Lajatico la diciottesima edizione dell&#039;evento che ogni anno prende vita sulle colline nel luogo dove \u00e8 nato e vive Andrea Bocelli\" \/>\n<meta property=\"og:url\" content=\"https:\/\/www.intoscana.it\/it\/teatro-del-silenzio-lajatico-andrea-bocelli-2023\/\" \/>\n<meta property=\"og:site_name\" content=\"intoscana\" \/>\n<meta property=\"article:publisher\" content=\"https:\/\/www.facebook.com\/intoscana.it\" \/>\n<meta property=\"article:published_time\" content=\"2023-03-24T12:51:45+00:00\" \/>\n<meta property=\"article:modified_time\" content=\"2023-03-24T12:54:30+00:00\" \/>\n<meta property=\"og:image\" content=\"https:\/\/www.intoscana.it\/wp-content\/uploads\/5d9ebd41-beee-4079-b3a7-3e95a85f9109.jpg\" \/>\n\t<meta property=\"og:image:width\" content=\"700\" \/>\n\t<meta property=\"og:image:height\" content=\"469\" \/>\n\t<meta property=\"og:image:type\" content=\"image\/jpeg\" \/>\n<meta name=\"author\" content=\"Redazione\" \/>\n<meta name=\"twitter:card\" content=\"summary_large_image\" \/>\n<meta name=\"twitter:creator\" content=\"@intoscana\" \/>\n<meta name=\"twitter:site\" content=\"@intoscana\" \/>\n<meta name=\"twitter:label1\" content=\"Written by\" \/>\n\t<meta name=\"twitter:data1\" content=\"Redazione\" \/>\n\t<meta name=\"twitter:label2\" content=\"Est. reading time\" \/>\n\t<meta name=\"twitter:data2\" content=\"2 minuti\" \/>\n<script type=\"application\/ld+json\" class=\"yoast-schema-graph\">{\"@context\":\"https:\/\/schema.org\",\"@graph\":[{\"@type\":\"WebPage\",\"@id\":\"https:\/\/www.intoscana.it\/it\/teatro-del-silenzio-lajatico-andrea-bocelli-2023\/\",\"url\":\"https:\/\/www.intoscana.it\/it\/teatro-del-silenzio-lajatico-andrea-bocelli-2023\/\",\"name\":\"Il Teatro del Silenzio torna il 27 e 29 luglio: sul palco una scultura di Pablo Atchugarry - intoscana\",\"isPartOf\":{\"@id\":\"https:\/\/www.intoscana.it\/it\/#website\"},\"primaryImageOfPage\":{\"@id\":\"https:\/\/www.intoscana.it\/it\/teatro-del-silenzio-lajatico-andrea-bocelli-2023\/#primaryimage\"},\"image\":{\"@id\":\"https:\/\/www.intoscana.it\/it\/teatro-del-silenzio-lajatico-andrea-bocelli-2023\/#primaryimage\"},\"thumbnailUrl\":\"https:\/\/www.intoscana.it\/wp-content\/uploads\/5d9ebd41-beee-4079-b3a7-3e95a85f9109.jpg\",\"datePublished\":\"2023-03-24T12:51:45+00:00\",\"dateModified\":\"2023-03-24T12:54:30+00:00\",\"author\":{\"@id\":\"https:\/\/www.intoscana.it\/it\/#\/schema\/person\/9223810753230f20bd670fdd322661f8\"},\"description\":\"Torna a Lajatico la diciottesima edizione dell'evento che ogni anno prende vita sulle colline nel luogo dove \u00e8 nato e vive Andrea Bocelli\",\"breadcrumb\":{\"@id\":\"https:\/\/www.intoscana.it\/it\/teatro-del-silenzio-lajatico-andrea-bocelli-2023\/#breadcrumb\"},\"inLanguage\":\"it-IT\",\"potentialAction\":[{\"@type\":\"ReadAction\",\"target\":[\"https:\/\/www.intoscana.it\/it\/teatro-del-silenzio-lajatico-andrea-bocelli-2023\/\"]}]},{\"@type\":\"ImageObject\",\"inLanguage\":\"it-IT\",\"@id\":\"https:\/\/www.intoscana.it\/it\/teatro-del-silenzio-lajatico-andrea-bocelli-2023\/#primaryimage\",\"url\":\"https:\/\/www.intoscana.it\/wp-content\/uploads\/5d9ebd41-beee-4079-b3a7-3e95a85f9109.jpg\",\"contentUrl\":\"https:\/\/www.intoscana.it\/wp-content\/uploads\/5d9ebd41-beee-4079-b3a7-3e95a85f9109.jpg\",\"width\":700,\"height\":469,\"caption\":\"Andrea Bocelli al teatro del Silenzio a Lajatico\"},{\"@type\":\"BreadcrumbList\",\"@id\":\"https:\/\/www.intoscana.it\/it\/teatro-del-silenzio-lajatico-andrea-bocelli-2023\/#breadcrumb\",\"itemListElement\":[{\"@type\":\"ListItem\",\"position\":1,\"name\":\"Home\",\"item\":\"https:\/\/www.intoscana.it\/it\/\"},{\"@type\":\"ListItem\",\"position\":2,\"name\":\"Il Teatro del Silenzio torna il 27 e 29 luglio: sul palco una scultura di Pablo Atchugarry\"}]},{\"@type\":\"WebSite\",\"@id\":\"https:\/\/www.intoscana.it\/it\/#website\",\"url\":\"https:\/\/www.intoscana.it\/it\/\",\"name\":\"intoscana\",\"description\":\"\",\"potentialAction\":[{\"@type\":\"SearchAction\",\"target\":{\"@type\":\"EntryPoint\",\"urlTemplate\":\"https:\/\/www.intoscana.it\/it\/?s={search_term_string}\"},\"query-input\":{\"@type\":\"PropertyValueSpecification\",\"valueRequired\":true,\"valueName\":\"search_term_string\"}}],\"inLanguage\":\"it-IT\"},{\"@type\":\"Person\",\"@id\":\"https:\/\/www.intoscana.it\/it\/#\/schema\/person\/9223810753230f20bd670fdd322661f8\",\"name\":\"Redazione\",\"url\":\"https:\/\/www.intoscana.it\/it\/author\/redazione\/\"}]}<\/script>\n<!-- \/ Yoast SEO Premium plugin. -->","yoast_head_json":{"title":"Il Teatro del Silenzio torna il 27 e 29 luglio: sul palco una scultura di Pablo Atchugarry - intoscana","description":"Torna a Lajatico la diciottesima edizione dell'evento che ogni anno prende vita sulle colline nel luogo dove \u00e8 nato e vive Andrea Bocelli","robots":{"index":"index","follow":"follow","max-snippet":"max-snippet:-1","max-image-preview":"max-image-preview:large","max-video-preview":"max-video-preview:-1"},"canonical":"https:\/\/www.intoscana.it\/it\/teatro-del-silenzio-lajatico-andrea-bocelli-2023\/","og_locale":"it_IT","og_type":"article","og_title":"Il Teatro del Silenzio torna il 27 e 29 luglio: sul palco una scultura di Pablo Atchugarry","og_description":"Torna a Lajatico la diciottesima edizione dell'evento che ogni anno prende vita sulle colline nel luogo dove \u00e8 nato e vive Andrea Bocelli","og_url":"https:\/\/www.intoscana.it\/it\/teatro-del-silenzio-lajatico-andrea-bocelli-2023\/","og_site_name":"intoscana","article_publisher":"https:\/\/www.facebook.com\/intoscana.it","article_published_time":"2023-03-24T12:51:45+00:00","article_modified_time":"2023-03-24T12:54:30+00:00","og_image":[{"width":700,"height":469,"url":"https:\/\/www.intoscana.it\/wp-content\/uploads\/5d9ebd41-beee-4079-b3a7-3e95a85f9109.jpg","type":"image\/jpeg"}],"author":"Redazione","twitter_card":"summary_large_image","twitter_creator":"@intoscana","twitter_site":"@intoscana","twitter_misc":{"Written by":"Redazione","Est. reading time":"2 minuti"},"schema":{"@context":"https:\/\/schema.org","@graph":[{"@type":"WebPage","@id":"https:\/\/www.intoscana.it\/it\/teatro-del-silenzio-lajatico-andrea-bocelli-2023\/","url":"https:\/\/www.intoscana.it\/it\/teatro-del-silenzio-lajatico-andrea-bocelli-2023\/","name":"Il Teatro del Silenzio torna il 27 e 29 luglio: sul palco una scultura di Pablo Atchugarry - intoscana","isPartOf":{"@id":"https:\/\/www.intoscana.it\/it\/#website"},"primaryImageOfPage":{"@id":"https:\/\/www.intoscana.it\/it\/teatro-del-silenzio-lajatico-andrea-bocelli-2023\/#primaryimage"},"image":{"@id":"https:\/\/www.intoscana.it\/it\/teatro-del-silenzio-lajatico-andrea-bocelli-2023\/#primaryimage"},"thumbnailUrl":"https:\/\/www.intoscana.it\/wp-content\/uploads\/5d9ebd41-beee-4079-b3a7-3e95a85f9109.jpg","datePublished":"2023-03-24T12:51:45+00:00","dateModified":"2023-03-24T12:54:30+00:00","author":{"@id":"https:\/\/www.intoscana.it\/it\/#\/schema\/person\/9223810753230f20bd670fdd322661f8"},"description":"Torna a Lajatico la diciottesima edizione dell'evento che ogni anno prende vita sulle colline nel luogo dove \u00e8 nato e vive Andrea Bocelli","breadcrumb":{"@id":"https:\/\/www.intoscana.it\/it\/teatro-del-silenzio-lajatico-andrea-bocelli-2023\/#breadcrumb"},"inLanguage":"it-IT","potentialAction":[{"@type":"ReadAction","target":["https:\/\/www.intoscana.it\/it\/teatro-del-silenzio-lajatico-andrea-bocelli-2023\/"]}]},{"@type":"ImageObject","inLanguage":"it-IT","@id":"https:\/\/www.intoscana.it\/it\/teatro-del-silenzio-lajatico-andrea-bocelli-2023\/#primaryimage","url":"https:\/\/www.intoscana.it\/wp-content\/uploads\/5d9ebd41-beee-4079-b3a7-3e95a85f9109.jpg","contentUrl":"https:\/\/www.intoscana.it\/wp-content\/uploads\/5d9ebd41-beee-4079-b3a7-3e95a85f9109.jpg","width":700,"height":469,"caption":"Andrea Bocelli al teatro del Silenzio a Lajatico"},{"@type":"BreadcrumbList","@id":"https:\/\/www.intoscana.it\/it\/teatro-del-silenzio-lajatico-andrea-bocelli-2023\/#breadcrumb","itemListElement":[{"@type":"ListItem","position":1,"name":"Home","item":"https:\/\/www.intoscana.it\/it\/"},{"@type":"ListItem","position":2,"name":"Il Teatro del Silenzio torna il 27 e 29 luglio: sul palco una scultura di Pablo Atchugarry"}]},{"@type":"WebSite","@id":"https:\/\/www.intoscana.it\/it\/#website","url":"https:\/\/www.intoscana.it\/it\/","name":"intoscana","description":"","potentialAction":[{"@type":"SearchAction","target":{"@type":"EntryPoint","urlTemplate":"https:\/\/www.intoscana.it\/it\/?s={search_term_string}"},"query-input":{"@type":"PropertyValueSpecification","valueRequired":true,"valueName":"search_term_string"}}],"inLanguage":"it-IT"},{"@type":"Person","@id":"https:\/\/www.intoscana.it\/it\/#\/schema\/person\/9223810753230f20bd670fdd322661f8","name":"Redazione","url":"https:\/\/www.intoscana.it\/it\/author\/redazione\/"}]}},"_links":{"self":[{"href":"https:\/\/www.intoscana.it\/it\/wp-json\/wp\/v2\/posts\/278788","targetHints":{"allow":["GET"]}}],"collection":[{"href":"https:\/\/www.intoscana.it\/it\/wp-json\/wp\/v2\/posts"}],"about":[{"href":"https:\/\/www.intoscana.it\/it\/wp-json\/wp\/v2\/types\/post"}],"author":[{"embeddable":true,"href":"https:\/\/www.intoscana.it\/it\/wp-json\/wp\/v2\/users\/525"}],"replies":[{"embeddable":true,"href":"https:\/\/www.intoscana.it\/it\/wp-json\/wp\/v2\/comments?post=278788"}],"version-history":[{"count":0,"href":"https:\/\/www.intoscana.it\/it\/wp-json\/wp\/v2\/posts\/278788\/revisions"}],"wp:featuredmedia":[{"embeddable":true,"href":"https:\/\/www.intoscana.it\/it\/wp-json\/wp\/v2\/media\/246087"}],"wp:attachment":[{"href":"https:\/\/www.intoscana.it\/it\/wp-json\/wp\/v2\/media?parent=278788"}],"wp:term":[{"taxonomy":"category","embeddable":true,"href":"https:\/\/www.intoscana.it\/it\/wp-json\/wp\/v2\/categories?post=278788"},{"taxonomy":"post_tag","embeddable":true,"href":"https:\/\/www.intoscana.it\/it\/wp-json\/wp\/v2\/tags?post=278788"}],"curies":[{"name":"wp","href":"https:\/\/api.w.org\/{rel}","templated":true}]}}