{"id":278922,"date":"2023-03-24T17:37:51","date_gmt":"2023-03-24T16:37:51","guid":{"rendered":"https:\/\/www.intoscana.it\/it\/?p=278922"},"modified":"2023-03-26T19:25:04","modified_gmt":"2023-03-26T17:25:04","slug":"il-presidente-mattarella-a-firenze-costruire-una-societa-innovativa-piu-inclusiva","status":"publish","type":"post","link":"https:\/\/www.intoscana.it\/it\/il-presidente-mattarella-a-firenze-costruire-una-societa-innovativa-piu-inclusiva\/","title":{"rendered":"Il presidente Mattarella a Firenze: &#8220;Costruire una societ\u00e0 innovativa, pi\u00f9 inclusiva&#8221;"},"content":{"rendered":"<p>Cita Alcide De Gaspari, chiede il contributio delle imprese alla costruzione di una societ\u00e0 pi\u00f9 innovativa,\u00a0 soprattutto pi\u00f9 inclusiva,\u00a0 e di assicurare il progresso a tutto il Paese. Il presidente della Repubblica <strong>Sergio Mattarella<\/strong> a Firenze, <mark>parlando alla Conferenza nazionale delle Camere di Commercio lancia messaggi di coesione e di azione, consapevole e solidale.<\/mark><\/p>\n<p>Ad accoglierlo all&#8217;ingresso della sede fiorentina, il presidente della Regione <strong>Eugenio Giani<\/strong>, la vicesindaca di Firenze <strong>Alessia Bettini<\/strong> e il presidente della Camera di commercio di Firenze\u00a0<strong>Leonardo Bassilichi<\/strong>, ma soprattutto l&#8217;applauso delle persone sui lungarni, della platea in sala e dei viaggiatori e pendolari alla stazione di Firenze quando, per prendere il treno per Roma, \u00e8 passato tra la folla.<\/p>\n<p>Ha iniziato il suo intervento con un incoraggiamento. Dopo il Covid, ha detto il Capo dello Stato, <mark>&#8220;il nostro Paese \u00e8 stato capace di mostrare capacit\u00e0 di ripresa inattese&#8221; grazie soprattutto a &#8220;imprenditori e lavoratori che di questo risuiltato sono attori&#8221;.<\/mark><\/p>\n<p>Rivolgendosi ai rappresentanti delle imprese dice: &#8220;Voi siete permanente espressione della societ\u00e0 che cambia e si rinnova e progredisce il dialogo con le istituzioni. <mark>Vogliano contribuire a costruire una societ\u00e0 innovativa, pi\u00f9 inclusiva.<\/mark> Le camere di commercio sono consapevoli di essere parte della Repubblica: progettare significa avere acuta percezione dell&#8217;oggi e avere visione del futuro&#8221;.<\/p>\n<p>Un futuro per\u00f2 che sente il peso della situazione internazionale. Un richiamo obbligato alla <strong>guerra in Ucraina<\/strong>\u00a0 &#8211; che &#8220;sta turbando il nostro presente e minaccia le condizioni di libert\u00e0 e benessere faticosamente costruiti dopo la Seconda Guerra mondiale&#8221; &#8211; e alle &#8220;conseguenze pesanti anche nel settore economico, ad esempio con<strong> l&#8217;inflazione<\/strong> che possono mettere in discussione la ripresa&#8221;. <mark>Mattarella parla di una vera e propria &#8220;sfida che riguarda tutto il nostro sistema. Sappiamo che partecipazione e unit\u00e0 sono essenziali per la coesione, non vi pu\u00f2 essere divaricazione tra economia e societ\u00e0.<\/mark> Bisogna assicurare il progresso a tutto il Paese. Partecipazione e unit\u00e0 che ci indica la Costituzione per lo svolgimento di attivit\u00e0 di interesse generale&#8221;.<\/p>\n<p>Concludendo il suo intervento, il presidente della Repubblica fa un richiamo forte, citando una tipica espressione di <strong>Alcide De Gaspari<\/strong>: &#8220;Nel ringraziare per il vostro impegno, mi permetto di rivolgere a voi l&#8217;invito che in un contesto ben diverso Alcide De Gasperi rivolse nel dopoguerra, quando occorreva ricostruire l&#8217;Italia dalle macerie e insieme edificare una autentica democrazia. <mark>\u00c8 il momento per tutti, a partire dall&#8217;attuazione del Piano nazionale di ripresa e resilienza, di mettersi alla stanga&#8221;.<\/mark><\/p>\n<h3><em>Imprese e lavoro nella societ\u00e0 che cambia<\/em><\/h3>\n<p>A sottolineare il valore di collante tra imprese e societ\u00e0 rappresentato dalle camere di commercio \u00e8 il presidente della Regione Toscana, <strong>Eugenio Giani<\/strong>: &#8220;In una fase di cos\u00ec profonda trasformazione in cui la rivoluzione digitale, l&#8217;avvento della robotica, l&#8217;intelligenza artificiale, ci portano a vedere cos\u00ec trasformata la nostra societ\u00e0, <mark>le Camere di commercio possono essere quella voce esponenziale per i lavori che si trasformano, per l&#8217;impresa che vive il dinamismo del suo sviluppo e della sua crescita&#8221;.<\/mark> E porta l&#8217;esempio del capoluogo dove &#8220;la Camera di commercio insieme a noi realizza il polo espositivo e le sue manutenzioni, fa parte della nostra societ\u00e0 fieristica, \u00e8 con noi nel momento in cui la sinergia tra le varie istituzioni porta a dare voce, servizi, prospettive, finanziamenti alle nuove imprese, e noi vediamo questo come un momento importante&#8221;.<\/p>\n<figure id=\"post-278972 media-278972\" class=\"align-none\"><img decoding=\"async\" src=\"https:\/\/www.intoscana.it\/wp-content\/uploads\/Giani-1.jpeg\" alt=\"\" \/><\/figure>\n<p>Il contesto nazionale (e internazionale) \u00e8 tutt&#8217;altro che favorevole e la sfida \u00e8 una strategia lungimirante che &#8211; grazie ai fondi europei e del <strong>Piano Nazionale di Ripresa e Resilienza<\/strong> &#8211; guardi alla transizione ecologica e digitale e soprattutto alle fasce pi\u00f9 marginali del mercato del lavoro, come i giovani. I dati portati dal presidente di Unioncamente, <strong>Andrea Prete<\/strong>, sono chiari: <mark>&#8220;In poco pi\u00f9 di 10 anni in Italia sono scomparse circa 130mila imprese guidate da under 35 (-20%), soprattutto nel centro sud. Cos\u00ec oggi le aziende giovanili sono appena l&#8217;8,7% del nostro tessuto imprenditoriale&#8221;.<\/mark> Per il presidente, &#8220;oggi siamo chiamati a progettare il futuro e per farlo occorre coinvolgere le energie di tutti. Dovremo fare scelte coraggiose, di cui assumerci le responsabilit\u00e0&#8221;.<\/p>\n","protected":false},"excerpt":{"rendered":"<p>Il Capo dello Stato alla conferenza nazionale delle Camere di Commercio accolto da applausi: &#8220;Progettare significa avere acuta percezione dell&#8217;oggi e una visione del futuro&#8221;.<\/p>\n","protected":false},"author":545,"featured_media":278971,"comment_status":"open","ping_status":"open","sticky":false,"template":"","format":"standard","meta":{"_acf_changed":false,"footnotes":""},"categories":[494],"tags":[211,158,202,4581],"class_list":["post-278922","post","type-post","status-publish","format-standard","has-post-thumbnail","hentry","category-attualita","tag-economia","tag-eugenio-giani","tag-firenze","tag-sergio-mattarella"],"acf":[],"yoast_head":"<!-- This site is optimized with the Yoast SEO Premium plugin v24.2 (Yoast SEO v25.6) - https:\/\/yoast.com\/wordpress\/plugins\/seo\/ -->\n<title>Il presidente Mattarella a Firenze: &quot;Costruire una societ\u00e0 innovativa, pi\u00f9 inclusiva&quot; - intoscana<\/title>\n<meta name=\"description\" content=\"Il Capo dello Stato alla conferenza nazionale delle Camere di Commercio accolto da applausi: &quot;Progettare significa avere acuta percezione dell&#039;oggi e una visione del futuro&quot;.\" \/>\n<meta name=\"robots\" content=\"index, follow, max-snippet:-1, max-image-preview:large, max-video-preview:-1\" \/>\n<link rel=\"canonical\" href=\"https:\/\/www.intoscana.it\/it\/il-presidente-mattarella-a-firenze-costruire-una-societa-innovativa-piu-inclusiva\/\" \/>\n<meta property=\"og:locale\" content=\"it_IT\" \/>\n<meta property=\"og:type\" content=\"article\" \/>\n<meta property=\"og:title\" content=\"Il presidente Mattarella a Firenze: &quot;Costruire una societ\u00e0 innovativa, pi\u00f9 inclusiva&quot;\" \/>\n<meta property=\"og:description\" content=\"Il Capo dello Stato alla conferenza nazionale delle Camere di Commercio accolto da applausi: &quot;Progettare significa avere acuta percezione dell&#039;oggi e una visione del futuro&quot;.\" \/>\n<meta property=\"og:url\" content=\"https:\/\/www.intoscana.it\/it\/il-presidente-mattarella-a-firenze-costruire-una-societa-innovativa-piu-inclusiva\/\" \/>\n<meta property=\"og:site_name\" content=\"intoscana\" \/>\n<meta property=\"article:publisher\" content=\"https:\/\/www.facebook.com\/intoscana.it\" \/>\n<meta property=\"article:published_time\" content=\"2023-03-24T16:37:51+00:00\" \/>\n<meta property=\"article:modified_time\" content=\"2023-03-26T17:25:04+00:00\" \/>\n<meta property=\"og:image\" content=\"https:\/\/www.intoscana.it\/wp-content\/uploads\/Mattarella-a-Firenze.jpeg\" \/>\n\t<meta property=\"og:image:width\" content=\"1440\" \/>\n\t<meta property=\"og:image:height\" content=\"960\" \/>\n\t<meta property=\"og:image:type\" content=\"image\/jpeg\" \/>\n<meta name=\"author\" content=\"Clara D&#039;Acunto\" \/>\n<meta name=\"twitter:card\" content=\"summary_large_image\" \/>\n<meta name=\"twitter:creator\" content=\"@intoscana\" \/>\n<meta name=\"twitter:site\" content=\"@intoscana\" \/>\n<meta name=\"twitter:label1\" content=\"Written by\" \/>\n\t<meta name=\"twitter:data1\" content=\"Clara D&#039;Acunto\" \/>\n\t<meta name=\"twitter:label2\" content=\"Est. reading time\" \/>\n\t<meta name=\"twitter:data2\" content=\"3 minuti\" \/>\n<script type=\"application\/ld+json\" class=\"yoast-schema-graph\">{\"@context\":\"https:\/\/schema.org\",\"@graph\":[{\"@type\":\"WebPage\",\"@id\":\"https:\/\/www.intoscana.it\/it\/il-presidente-mattarella-a-firenze-costruire-una-societa-innovativa-piu-inclusiva\/\",\"url\":\"https:\/\/www.intoscana.it\/it\/il-presidente-mattarella-a-firenze-costruire-una-societa-innovativa-piu-inclusiva\/\",\"name\":\"Il presidente Mattarella a Firenze: \\\"Costruire una societ\u00e0 innovativa, pi\u00f9 inclusiva\\\" - intoscana\",\"isPartOf\":{\"@id\":\"https:\/\/www.intoscana.it\/it\/#website\"},\"primaryImageOfPage\":{\"@id\":\"https:\/\/www.intoscana.it\/it\/il-presidente-mattarella-a-firenze-costruire-una-societa-innovativa-piu-inclusiva\/#primaryimage\"},\"image\":{\"@id\":\"https:\/\/www.intoscana.it\/it\/il-presidente-mattarella-a-firenze-costruire-una-societa-innovativa-piu-inclusiva\/#primaryimage\"},\"thumbnailUrl\":\"https:\/\/www.intoscana.it\/wp-content\/uploads\/Mattarella-a-Firenze.jpeg\",\"datePublished\":\"2023-03-24T16:37:51+00:00\",\"dateModified\":\"2023-03-26T17:25:04+00:00\",\"author\":{\"@id\":\"https:\/\/www.intoscana.it\/it\/#\/schema\/person\/137419af9ef5d385bde52864a841e6ce\"},\"description\":\"Il Capo dello Stato alla conferenza nazionale delle Camere di Commercio accolto da applausi: \\\"Progettare significa avere acuta percezione dell'oggi e una visione del futuro\\\".\",\"breadcrumb\":{\"@id\":\"https:\/\/www.intoscana.it\/it\/il-presidente-mattarella-a-firenze-costruire-una-societa-innovativa-piu-inclusiva\/#breadcrumb\"},\"inLanguage\":\"it-IT\",\"potentialAction\":[{\"@type\":\"ReadAction\",\"target\":[\"https:\/\/www.intoscana.it\/it\/il-presidente-mattarella-a-firenze-costruire-una-societa-innovativa-piu-inclusiva\/\"]}]},{\"@type\":\"ImageObject\",\"inLanguage\":\"it-IT\",\"@id\":\"https:\/\/www.intoscana.it\/it\/il-presidente-mattarella-a-firenze-costruire-una-societa-innovativa-piu-inclusiva\/#primaryimage\",\"url\":\"https:\/\/www.intoscana.it\/wp-content\/uploads\/Mattarella-a-Firenze.jpeg\",\"contentUrl\":\"https:\/\/www.intoscana.it\/wp-content\/uploads\/Mattarella-a-Firenze.jpeg\",\"width\":1440,\"height\":960},{\"@type\":\"BreadcrumbList\",\"@id\":\"https:\/\/www.intoscana.it\/it\/il-presidente-mattarella-a-firenze-costruire-una-societa-innovativa-piu-inclusiva\/#breadcrumb\",\"itemListElement\":[{\"@type\":\"ListItem\",\"position\":1,\"name\":\"Home\",\"item\":\"https:\/\/www.intoscana.it\/it\/\"},{\"@type\":\"ListItem\",\"position\":2,\"name\":\"Il presidente Mattarella a Firenze: &#8220;Costruire una societ\u00e0 innovativa, pi\u00f9 inclusiva&#8221;\"}]},{\"@type\":\"WebSite\",\"@id\":\"https:\/\/www.intoscana.it\/it\/#website\",\"url\":\"https:\/\/www.intoscana.it\/it\/\",\"name\":\"intoscana\",\"description\":\"\",\"potentialAction\":[{\"@type\":\"SearchAction\",\"target\":{\"@type\":\"EntryPoint\",\"urlTemplate\":\"https:\/\/www.intoscana.it\/it\/?s={search_term_string}\"},\"query-input\":{\"@type\":\"PropertyValueSpecification\",\"valueRequired\":true,\"valueName\":\"search_term_string\"}}],\"inLanguage\":\"it-IT\"},{\"@type\":\"Person\",\"@id\":\"https:\/\/www.intoscana.it\/it\/#\/schema\/person\/137419af9ef5d385bde52864a841e6ce\",\"name\":\"Clara D'Acunto\",\"url\":\"https:\/\/www.intoscana.it\/it\/author\/clara-d_acunto\/\"}]}<\/script>\n<!-- \/ Yoast SEO Premium plugin. -->","yoast_head_json":{"title":"Il presidente Mattarella a Firenze: \"Costruire una societ\u00e0 innovativa, pi\u00f9 inclusiva\" - intoscana","description":"Il Capo dello Stato alla conferenza nazionale delle Camere di Commercio accolto da applausi: \"Progettare significa avere acuta percezione dell'oggi e una visione del futuro\".","robots":{"index":"index","follow":"follow","max-snippet":"max-snippet:-1","max-image-preview":"max-image-preview:large","max-video-preview":"max-video-preview:-1"},"canonical":"https:\/\/www.intoscana.it\/it\/il-presidente-mattarella-a-firenze-costruire-una-societa-innovativa-piu-inclusiva\/","og_locale":"it_IT","og_type":"article","og_title":"Il presidente Mattarella a Firenze: \"Costruire una societ\u00e0 innovativa, pi\u00f9 inclusiva\"","og_description":"Il Capo dello Stato alla conferenza nazionale delle Camere di Commercio accolto da applausi: \"Progettare significa avere acuta percezione dell'oggi e una visione del futuro\".","og_url":"https:\/\/www.intoscana.it\/it\/il-presidente-mattarella-a-firenze-costruire-una-societa-innovativa-piu-inclusiva\/","og_site_name":"intoscana","article_publisher":"https:\/\/www.facebook.com\/intoscana.it","article_published_time":"2023-03-24T16:37:51+00:00","article_modified_time":"2023-03-26T17:25:04+00:00","og_image":[{"width":1440,"height":960,"url":"https:\/\/www.intoscana.it\/wp-content\/uploads\/Mattarella-a-Firenze.jpeg","type":"image\/jpeg"}],"author":"Clara D'Acunto","twitter_card":"summary_large_image","twitter_creator":"@intoscana","twitter_site":"@intoscana","twitter_misc":{"Written by":"Clara D'Acunto","Est. reading time":"3 minuti"},"schema":{"@context":"https:\/\/schema.org","@graph":[{"@type":"WebPage","@id":"https:\/\/www.intoscana.it\/it\/il-presidente-mattarella-a-firenze-costruire-una-societa-innovativa-piu-inclusiva\/","url":"https:\/\/www.intoscana.it\/it\/il-presidente-mattarella-a-firenze-costruire-una-societa-innovativa-piu-inclusiva\/","name":"Il presidente Mattarella a Firenze: \"Costruire una societ\u00e0 innovativa, pi\u00f9 inclusiva\" - intoscana","isPartOf":{"@id":"https:\/\/www.intoscana.it\/it\/#website"},"primaryImageOfPage":{"@id":"https:\/\/www.intoscana.it\/it\/il-presidente-mattarella-a-firenze-costruire-una-societa-innovativa-piu-inclusiva\/#primaryimage"},"image":{"@id":"https:\/\/www.intoscana.it\/it\/il-presidente-mattarella-a-firenze-costruire-una-societa-innovativa-piu-inclusiva\/#primaryimage"},"thumbnailUrl":"https:\/\/www.intoscana.it\/wp-content\/uploads\/Mattarella-a-Firenze.jpeg","datePublished":"2023-03-24T16:37:51+00:00","dateModified":"2023-03-26T17:25:04+00:00","author":{"@id":"https:\/\/www.intoscana.it\/it\/#\/schema\/person\/137419af9ef5d385bde52864a841e6ce"},"description":"Il Capo dello Stato alla conferenza nazionale delle Camere di Commercio accolto da applausi: \"Progettare significa avere acuta percezione dell'oggi e una visione del futuro\".","breadcrumb":{"@id":"https:\/\/www.intoscana.it\/it\/il-presidente-mattarella-a-firenze-costruire-una-societa-innovativa-piu-inclusiva\/#breadcrumb"},"inLanguage":"it-IT","potentialAction":[{"@type":"ReadAction","target":["https:\/\/www.intoscana.it\/it\/il-presidente-mattarella-a-firenze-costruire-una-societa-innovativa-piu-inclusiva\/"]}]},{"@type":"ImageObject","inLanguage":"it-IT","@id":"https:\/\/www.intoscana.it\/it\/il-presidente-mattarella-a-firenze-costruire-una-societa-innovativa-piu-inclusiva\/#primaryimage","url":"https:\/\/www.intoscana.it\/wp-content\/uploads\/Mattarella-a-Firenze.jpeg","contentUrl":"https:\/\/www.intoscana.it\/wp-content\/uploads\/Mattarella-a-Firenze.jpeg","width":1440,"height":960},{"@type":"BreadcrumbList","@id":"https:\/\/www.intoscana.it\/it\/il-presidente-mattarella-a-firenze-costruire-una-societa-innovativa-piu-inclusiva\/#breadcrumb","itemListElement":[{"@type":"ListItem","position":1,"name":"Home","item":"https:\/\/www.intoscana.it\/it\/"},{"@type":"ListItem","position":2,"name":"Il presidente Mattarella a Firenze: &#8220;Costruire una societ\u00e0 innovativa, pi\u00f9 inclusiva&#8221;"}]},{"@type":"WebSite","@id":"https:\/\/www.intoscana.it\/it\/#website","url":"https:\/\/www.intoscana.it\/it\/","name":"intoscana","description":"","potentialAction":[{"@type":"SearchAction","target":{"@type":"EntryPoint","urlTemplate":"https:\/\/www.intoscana.it\/it\/?s={search_term_string}"},"query-input":{"@type":"PropertyValueSpecification","valueRequired":true,"valueName":"search_term_string"}}],"inLanguage":"it-IT"},{"@type":"Person","@id":"https:\/\/www.intoscana.it\/it\/#\/schema\/person\/137419af9ef5d385bde52864a841e6ce","name":"Clara D'Acunto","url":"https:\/\/www.intoscana.it\/it\/author\/clara-d_acunto\/"}]}},"_links":{"self":[{"href":"https:\/\/www.intoscana.it\/it\/wp-json\/wp\/v2\/posts\/278922","targetHints":{"allow":["GET"]}}],"collection":[{"href":"https:\/\/www.intoscana.it\/it\/wp-json\/wp\/v2\/posts"}],"about":[{"href":"https:\/\/www.intoscana.it\/it\/wp-json\/wp\/v2\/types\/post"}],"author":[{"embeddable":true,"href":"https:\/\/www.intoscana.it\/it\/wp-json\/wp\/v2\/users\/545"}],"replies":[{"embeddable":true,"href":"https:\/\/www.intoscana.it\/it\/wp-json\/wp\/v2\/comments?post=278922"}],"version-history":[{"count":0,"href":"https:\/\/www.intoscana.it\/it\/wp-json\/wp\/v2\/posts\/278922\/revisions"}],"wp:featuredmedia":[{"embeddable":true,"href":"https:\/\/www.intoscana.it\/it\/wp-json\/wp\/v2\/media\/278971"}],"wp:attachment":[{"href":"https:\/\/www.intoscana.it\/it\/wp-json\/wp\/v2\/media?parent=278922"}],"wp:term":[{"taxonomy":"category","embeddable":true,"href":"https:\/\/www.intoscana.it\/it\/wp-json\/wp\/v2\/categories?post=278922"},{"taxonomy":"post_tag","embeddable":true,"href":"https:\/\/www.intoscana.it\/it\/wp-json\/wp\/v2\/tags?post=278922"}],"curies":[{"name":"wp","href":"https:\/\/api.w.org\/{rel}","templated":true}]}}