{"id":279043,"date":"2023-03-25T14:02:20","date_gmt":"2023-03-25T13:02:20","guid":{"rendered":"https:\/\/www.intoscana.it\/it\/?p=279043"},"modified":"2023-03-26T19:24:14","modified_gmt":"2023-03-26T17:24:14","slug":"calcio-italia-germania-under-20-allo-stadio-lungobisenzio-di-prato-nel-segno-di-paolo-rossi","status":"publish","type":"post","link":"https:\/\/www.intoscana.it\/it\/calcio-italia-germania-under-20-allo-stadio-lungobisenzio-di-prato-nel-segno-di-paolo-rossi\/","title":{"rendered":"Calcio, Italia-Germania under 20 allo stadio Lungobisenzio di Prato nel segno di Paolo Rossi"},"content":{"rendered":"<p>Le nazionali di calcio <strong>under 20<\/strong> di <strong>Italia<\/strong> e <strong>Germania<\/strong> si sfideranno luned\u00ec 27 marzo alle 15 allo stadio Lungobisenzio di Prato (ingresso gratuito), ultima gara del torneo 8 Nazioni per gli azzurri prima del Campionato del mondo che si disputer\u00e0 a Bali a maggio. Un evento sportivo internazionale che, ovviamente,\u00a0 evoca anche due partite storiche rimaste nella memoria collettiva: la semifinale del campionato del mondo in Messico del 17 giugno 1970 e la finale dell&#8217;11 luglio 1982 del Campionato mondiali in Spagna. <mark>Un ricordo indelebile soprattutto per Prato: nelle due formazioni giocavano infatti due toscani come Mario Bertini e Paolo Rossi.<\/mark><\/p>\n<p>La partita \u00e8 stato presentata stamattina in Palazzo comunale. Presenti anche la moglie e il fratello di <strong>Paolo Rossi<\/strong>, Federica Cappelletti e Rossano Rossi, e Massimo Bertini, nipote di Mario Bertini. Non \u00e8 potuto intervenire dl capitano della squadra Samuel Giovane, a causa di un forte ritardo all&#8217;aeroporto di Francoforte dopo l&#8217;incontro con la Norvegia a Stravanger sempre per il torneo.<\/p>\n<div class=\"titleimg\">\n<figure id=\"post-279048 media-279048\" class=\"align-none\"><img decoding=\"async\" src=\"https:\/\/www.intoscana.it\/wp-content\/uploads\/IMG_0899-rotated-e1679749122725.jpg\" alt=\"\" \/><\/figure>\n<\/div>\n<h3><em>Tanti giovani, nel segno di Paolo Rossi<\/em><\/h3>\n<p>&#8220;\u00c8 davvero una grande soddisfazione ospitare a Prato un evento sportivo di questa portata &#8211; afferma il sindaco <strong>Matteo Biffoni<\/strong> &#8211; Il calcio ha una grande capacit\u00e0 attrattiva e ringrazio pertanto coloro che sono riusciti a portare nella nostra citt\u00e0 una partita a carattere internazionale, sar\u00e0 una bella giornata di sport per tutti&#8221;.\u00a0 <mark><\/mark>Sono stati gi\u00e0 invitati oltre 200 studenti degli istituti Pacetti, Cicognini, Gandhi, San Niccol\u00f2 e Marco Polo e un migliaio di giocatori di ogni et\u00e0 delle squadre giovanili pratesi.<mark><\/mark><\/p>\n<p>Rossano Rossi ha ricordato i trionfi del fratello con la maglia azzurra, a cui ha fatto seguito il commosso intervento della moglie <strong>Federica<\/strong>: &#8220;\u00c8 una grande emozione essere qui a rappresentare Paolo insieme a Rossano e la Nazionale che lui ha tanto amato e onorato. Avrebbe voluto essere ricordato come nella famosa immagine di quella finale, con le braccia al cielo e la maglia azzurra. \u00c8 giusto essere qui oggi con i giovani che Paolo amava e seguiva&#8221;.<\/p>\n","protected":false},"excerpt":{"rendered":"<p>Le nazionali si sfideranno luned\u00ec 27 marzo alle 15: sar\u00e0 l&#8217;ultima gara del torneo 8 Nazioni per gli azzurri prima del Campionato del mondo che si disputer\u00e0 a Bali a maggio<\/p>\n","protected":false},"author":525,"featured_media":103414,"comment_status":"open","ping_status":"open","sticky":false,"template":"","format":"standard","meta":{"_acf_changed":false,"footnotes":""},"categories":[494],"tags":[290,5827,259,159],"class_list":["post-279043","post","type-post","status-publish","format-standard","has-post-thumbnail","hentry","category-attualita","tag-calcio","tag-nazionale-calcio","tag-prato","tag-sport"],"acf":[],"yoast_head":"<!-- This site is optimized with the Yoast SEO Premium plugin v24.2 (Yoast SEO v25.6) - https:\/\/yoast.com\/wordpress\/plugins\/seo\/ -->\n<title>Calcio, Italia-Germania under 20 allo stadio Lungobisenzio di Prato nel segno di Paolo Rossi - intoscana<\/title>\n<meta name=\"description\" content=\"Le nazionali si sfideranno luned\u00ec 27 marzo alle 15: sar\u00e0 l&#039;ultima gara del Torneo 8 Nazioni per gli azzurri prima del Campionato del mondo che si disputer\u00e0 a Bali a maggio\" \/>\n<meta name=\"robots\" content=\"index, follow, max-snippet:-1, max-image-preview:large, max-video-preview:-1\" \/>\n<link rel=\"canonical\" href=\"https:\/\/www.intoscana.it\/it\/calcio-italia-germania-under-20-allo-stadio-lungobisenzio-di-prato-nel-segno-di-paolo-rossi\/\" \/>\n<meta property=\"og:locale\" content=\"it_IT\" \/>\n<meta property=\"og:type\" content=\"article\" \/>\n<meta property=\"og:title\" content=\"Calcio, Italia-Germania under 20 allo stadio Lungobisenzio di Prato nel segno di Paolo Rossi\" \/>\n<meta property=\"og:description\" content=\"Le nazionali si sfideranno luned\u00ec 27 marzo alle 15: sar\u00e0 l&#039;ultima gara del Torneo 8 Nazioni per gli azzurri prima del Campionato del mondo che si disputer\u00e0 a Bali a maggio\" \/>\n<meta property=\"og:url\" content=\"https:\/\/www.intoscana.it\/it\/calcio-italia-germania-under-20-allo-stadio-lungobisenzio-di-prato-nel-segno-di-paolo-rossi\/\" \/>\n<meta property=\"og:site_name\" content=\"intoscana\" \/>\n<meta property=\"article:publisher\" content=\"https:\/\/www.facebook.com\/intoscana.it\" \/>\n<meta property=\"article:published_time\" content=\"2023-03-25T13:02:20+00:00\" \/>\n<meta property=\"article:modified_time\" content=\"2023-03-26T17:24:14+00:00\" \/>\n<meta property=\"og:image\" content=\"https:\/\/www.intoscana.it\/wp-content\/uploads\/074f894e3ec4a75376ffe8f649003c57-6.jpg\" \/>\n\t<meta property=\"og:image:width\" content=\"640\" \/>\n\t<meta property=\"og:image:height\" content=\"481\" \/>\n\t<meta property=\"og:image:type\" content=\"image\/jpeg\" \/>\n<meta name=\"author\" content=\"Redazione\" \/>\n<meta name=\"twitter:card\" content=\"summary_large_image\" \/>\n<meta name=\"twitter:creator\" content=\"@intoscana\" \/>\n<meta name=\"twitter:site\" content=\"@intoscana\" \/>\n<meta name=\"twitter:label1\" content=\"Written by\" \/>\n\t<meta name=\"twitter:data1\" content=\"Redazione\" \/>\n\t<meta name=\"twitter:label2\" content=\"Est. reading time\" \/>\n\t<meta name=\"twitter:data2\" content=\"2 minuti\" \/>\n<script type=\"application\/ld+json\" class=\"yoast-schema-graph\">{\"@context\":\"https:\/\/schema.org\",\"@graph\":[{\"@type\":\"WebPage\",\"@id\":\"https:\/\/www.intoscana.it\/it\/calcio-italia-germania-under-20-allo-stadio-lungobisenzio-di-prato-nel-segno-di-paolo-rossi\/\",\"url\":\"https:\/\/www.intoscana.it\/it\/calcio-italia-germania-under-20-allo-stadio-lungobisenzio-di-prato-nel-segno-di-paolo-rossi\/\",\"name\":\"Calcio, Italia-Germania under 20 allo stadio Lungobisenzio di Prato nel segno di Paolo Rossi - intoscana\",\"isPartOf\":{\"@id\":\"https:\/\/www.intoscana.it\/it\/#website\"},\"primaryImageOfPage\":{\"@id\":\"https:\/\/www.intoscana.it\/it\/calcio-italia-germania-under-20-allo-stadio-lungobisenzio-di-prato-nel-segno-di-paolo-rossi\/#primaryimage\"},\"image\":{\"@id\":\"https:\/\/www.intoscana.it\/it\/calcio-italia-germania-under-20-allo-stadio-lungobisenzio-di-prato-nel-segno-di-paolo-rossi\/#primaryimage\"},\"thumbnailUrl\":\"https:\/\/www.intoscana.it\/wp-content\/uploads\/074f894e3ec4a75376ffe8f649003c57-6.jpg\",\"datePublished\":\"2023-03-25T13:02:20+00:00\",\"dateModified\":\"2023-03-26T17:24:14+00:00\",\"author\":{\"@id\":\"https:\/\/www.intoscana.it\/it\/#\/schema\/person\/9223810753230f20bd670fdd322661f8\"},\"description\":\"Le nazionali si sfideranno luned\u00ec 27 marzo alle 15: sar\u00e0 l'ultima gara del Torneo 8 Nazioni per gli azzurri prima del Campionato del mondo che si disputer\u00e0 a Bali a maggio\",\"breadcrumb\":{\"@id\":\"https:\/\/www.intoscana.it\/it\/calcio-italia-germania-under-20-allo-stadio-lungobisenzio-di-prato-nel-segno-di-paolo-rossi\/#breadcrumb\"},\"inLanguage\":\"it-IT\",\"potentialAction\":[{\"@type\":\"ReadAction\",\"target\":[\"https:\/\/www.intoscana.it\/it\/calcio-italia-germania-under-20-allo-stadio-lungobisenzio-di-prato-nel-segno-di-paolo-rossi\/\"]}]},{\"@type\":\"ImageObject\",\"inLanguage\":\"it-IT\",\"@id\":\"https:\/\/www.intoscana.it\/it\/calcio-italia-germania-under-20-allo-stadio-lungobisenzio-di-prato-nel-segno-di-paolo-rossi\/#primaryimage\",\"url\":\"https:\/\/www.intoscana.it\/wp-content\/uploads\/074f894e3ec4a75376ffe8f649003c57-6.jpg\",\"contentUrl\":\"https:\/\/www.intoscana.it\/wp-content\/uploads\/074f894e3ec4a75376ffe8f649003c57-6.jpg\",\"width\":640,\"height\":481},{\"@type\":\"BreadcrumbList\",\"@id\":\"https:\/\/www.intoscana.it\/it\/calcio-italia-germania-under-20-allo-stadio-lungobisenzio-di-prato-nel-segno-di-paolo-rossi\/#breadcrumb\",\"itemListElement\":[{\"@type\":\"ListItem\",\"position\":1,\"name\":\"Home\",\"item\":\"https:\/\/www.intoscana.it\/it\/\"},{\"@type\":\"ListItem\",\"position\":2,\"name\":\"Calcio, Italia-Germania under 20 allo stadio Lungobisenzio di Prato nel segno di Paolo Rossi\"}]},{\"@type\":\"WebSite\",\"@id\":\"https:\/\/www.intoscana.it\/it\/#website\",\"url\":\"https:\/\/www.intoscana.it\/it\/\",\"name\":\"intoscana\",\"description\":\"\",\"potentialAction\":[{\"@type\":\"SearchAction\",\"target\":{\"@type\":\"EntryPoint\",\"urlTemplate\":\"https:\/\/www.intoscana.it\/it\/?s={search_term_string}\"},\"query-input\":{\"@type\":\"PropertyValueSpecification\",\"valueRequired\":true,\"valueName\":\"search_term_string\"}}],\"inLanguage\":\"it-IT\"},{\"@type\":\"Person\",\"@id\":\"https:\/\/www.intoscana.it\/it\/#\/schema\/person\/9223810753230f20bd670fdd322661f8\",\"name\":\"Redazione\",\"url\":\"https:\/\/www.intoscana.it\/it\/author\/redazione\/\"}]}<\/script>\n<!-- \/ Yoast SEO Premium plugin. -->","yoast_head_json":{"title":"Calcio, Italia-Germania under 20 allo stadio Lungobisenzio di Prato nel segno di Paolo Rossi - intoscana","description":"Le nazionali si sfideranno luned\u00ec 27 marzo alle 15: sar\u00e0 l'ultima gara del Torneo 8 Nazioni per gli azzurri prima del Campionato del mondo che si disputer\u00e0 a Bali a maggio","robots":{"index":"index","follow":"follow","max-snippet":"max-snippet:-1","max-image-preview":"max-image-preview:large","max-video-preview":"max-video-preview:-1"},"canonical":"https:\/\/www.intoscana.it\/it\/calcio-italia-germania-under-20-allo-stadio-lungobisenzio-di-prato-nel-segno-di-paolo-rossi\/","og_locale":"it_IT","og_type":"article","og_title":"Calcio, Italia-Germania under 20 allo stadio Lungobisenzio di Prato nel segno di Paolo Rossi","og_description":"Le nazionali si sfideranno luned\u00ec 27 marzo alle 15: sar\u00e0 l'ultima gara del Torneo 8 Nazioni per gli azzurri prima del Campionato del mondo che si disputer\u00e0 a Bali a maggio","og_url":"https:\/\/www.intoscana.it\/it\/calcio-italia-germania-under-20-allo-stadio-lungobisenzio-di-prato-nel-segno-di-paolo-rossi\/","og_site_name":"intoscana","article_publisher":"https:\/\/www.facebook.com\/intoscana.it","article_published_time":"2023-03-25T13:02:20+00:00","article_modified_time":"2023-03-26T17:24:14+00:00","og_image":[{"width":640,"height":481,"url":"https:\/\/www.intoscana.it\/wp-content\/uploads\/074f894e3ec4a75376ffe8f649003c57-6.jpg","type":"image\/jpeg"}],"author":"Redazione","twitter_card":"summary_large_image","twitter_creator":"@intoscana","twitter_site":"@intoscana","twitter_misc":{"Written by":"Redazione","Est. reading time":"2 minuti"},"schema":{"@context":"https:\/\/schema.org","@graph":[{"@type":"WebPage","@id":"https:\/\/www.intoscana.it\/it\/calcio-italia-germania-under-20-allo-stadio-lungobisenzio-di-prato-nel-segno-di-paolo-rossi\/","url":"https:\/\/www.intoscana.it\/it\/calcio-italia-germania-under-20-allo-stadio-lungobisenzio-di-prato-nel-segno-di-paolo-rossi\/","name":"Calcio, Italia-Germania under 20 allo stadio Lungobisenzio di Prato nel segno di Paolo Rossi - intoscana","isPartOf":{"@id":"https:\/\/www.intoscana.it\/it\/#website"},"primaryImageOfPage":{"@id":"https:\/\/www.intoscana.it\/it\/calcio-italia-germania-under-20-allo-stadio-lungobisenzio-di-prato-nel-segno-di-paolo-rossi\/#primaryimage"},"image":{"@id":"https:\/\/www.intoscana.it\/it\/calcio-italia-germania-under-20-allo-stadio-lungobisenzio-di-prato-nel-segno-di-paolo-rossi\/#primaryimage"},"thumbnailUrl":"https:\/\/www.intoscana.it\/wp-content\/uploads\/074f894e3ec4a75376ffe8f649003c57-6.jpg","datePublished":"2023-03-25T13:02:20+00:00","dateModified":"2023-03-26T17:24:14+00:00","author":{"@id":"https:\/\/www.intoscana.it\/it\/#\/schema\/person\/9223810753230f20bd670fdd322661f8"},"description":"Le nazionali si sfideranno luned\u00ec 27 marzo alle 15: sar\u00e0 l'ultima gara del Torneo 8 Nazioni per gli azzurri prima del Campionato del mondo che si disputer\u00e0 a Bali a maggio","breadcrumb":{"@id":"https:\/\/www.intoscana.it\/it\/calcio-italia-germania-under-20-allo-stadio-lungobisenzio-di-prato-nel-segno-di-paolo-rossi\/#breadcrumb"},"inLanguage":"it-IT","potentialAction":[{"@type":"ReadAction","target":["https:\/\/www.intoscana.it\/it\/calcio-italia-germania-under-20-allo-stadio-lungobisenzio-di-prato-nel-segno-di-paolo-rossi\/"]}]},{"@type":"ImageObject","inLanguage":"it-IT","@id":"https:\/\/www.intoscana.it\/it\/calcio-italia-germania-under-20-allo-stadio-lungobisenzio-di-prato-nel-segno-di-paolo-rossi\/#primaryimage","url":"https:\/\/www.intoscana.it\/wp-content\/uploads\/074f894e3ec4a75376ffe8f649003c57-6.jpg","contentUrl":"https:\/\/www.intoscana.it\/wp-content\/uploads\/074f894e3ec4a75376ffe8f649003c57-6.jpg","width":640,"height":481},{"@type":"BreadcrumbList","@id":"https:\/\/www.intoscana.it\/it\/calcio-italia-germania-under-20-allo-stadio-lungobisenzio-di-prato-nel-segno-di-paolo-rossi\/#breadcrumb","itemListElement":[{"@type":"ListItem","position":1,"name":"Home","item":"https:\/\/www.intoscana.it\/it\/"},{"@type":"ListItem","position":2,"name":"Calcio, Italia-Germania under 20 allo stadio Lungobisenzio di Prato nel segno di Paolo Rossi"}]},{"@type":"WebSite","@id":"https:\/\/www.intoscana.it\/it\/#website","url":"https:\/\/www.intoscana.it\/it\/","name":"intoscana","description":"","potentialAction":[{"@type":"SearchAction","target":{"@type":"EntryPoint","urlTemplate":"https:\/\/www.intoscana.it\/it\/?s={search_term_string}"},"query-input":{"@type":"PropertyValueSpecification","valueRequired":true,"valueName":"search_term_string"}}],"inLanguage":"it-IT"},{"@type":"Person","@id":"https:\/\/www.intoscana.it\/it\/#\/schema\/person\/9223810753230f20bd670fdd322661f8","name":"Redazione","url":"https:\/\/www.intoscana.it\/it\/author\/redazione\/"}]}},"_links":{"self":[{"href":"https:\/\/www.intoscana.it\/it\/wp-json\/wp\/v2\/posts\/279043","targetHints":{"allow":["GET"]}}],"collection":[{"href":"https:\/\/www.intoscana.it\/it\/wp-json\/wp\/v2\/posts"}],"about":[{"href":"https:\/\/www.intoscana.it\/it\/wp-json\/wp\/v2\/types\/post"}],"author":[{"embeddable":true,"href":"https:\/\/www.intoscana.it\/it\/wp-json\/wp\/v2\/users\/525"}],"replies":[{"embeddable":true,"href":"https:\/\/www.intoscana.it\/it\/wp-json\/wp\/v2\/comments?post=279043"}],"version-history":[{"count":0,"href":"https:\/\/www.intoscana.it\/it\/wp-json\/wp\/v2\/posts\/279043\/revisions"}],"wp:featuredmedia":[{"embeddable":true,"href":"https:\/\/www.intoscana.it\/it\/wp-json\/wp\/v2\/media\/103414"}],"wp:attachment":[{"href":"https:\/\/www.intoscana.it\/it\/wp-json\/wp\/v2\/media?parent=279043"}],"wp:term":[{"taxonomy":"category","embeddable":true,"href":"https:\/\/www.intoscana.it\/it\/wp-json\/wp\/v2\/categories?post=279043"},{"taxonomy":"post_tag","embeddable":true,"href":"https:\/\/www.intoscana.it\/it\/wp-json\/wp\/v2\/tags?post=279043"}],"curies":[{"name":"wp","href":"https:\/\/api.w.org\/{rel}","templated":true}]}}