{"id":279079,"date":"2023-03-25T17:11:18","date_gmt":"2023-03-25T16:11:18","guid":{"rendered":"https:\/\/www.intoscana.it\/it\/?p=279079"},"modified":"2023-03-26T18:51:50","modified_gmt":"2023-03-26T16:51:50","slug":"capodanno-pisano-la-tradizione-celebrata-da-centinaia-di-cittadini-e-turisti","status":"publish","type":"post","link":"https:\/\/www.intoscana.it\/it\/capodanno-pisano-la-tradizione-celebrata-da-centinaia-di-cittadini-e-turisti\/","title":{"rendered":"Capodanno pisano, la tradizione celebrata da centinaia di cittadini e turisti"},"content":{"rendered":"<p>Da mezzogiorno del 25 marzo <strong>Pisa<\/strong> \u00e8 ufficialmente entrata nel 2024, nove mesi di anticipo rispetto al resto del mondo. <mark>Secondo la tradizione, infatti, l\u2019ingresso nel nuovo anno avviene quando in Cattedrale un raggio di sole da una finestra della navata centrale illumina dalla parte opposta una mensolina a forma di uovo sul pilastro accanto al celebre pergamo di Giovanni Pisano.<\/mark><\/p>\n<p>Tantissimi i turisti e i pisani alla cerimonia del passaggio del raggio di sole, seguita dalla formula declamata dal sindaco di Pisa: \u201cA maggior gloria di Dio, e invocando l&#8217;intercessione della Beata Vergine Maria e di San Ranieri nostro Patrono, salutiamo l\u2019anno 2024\u201d. Una antica <strong>tradizione<\/strong>, ripresa negli anni \u201880 del Novecento, che si richiama al X secolo quando la citt\u00e0 faceva coincidere l\u2019inizio del nuovo anno con l&#8217;Annunciazione a Maria Vergine dell\u2019Incarnazione di Ges\u00f9, cio\u00e8 nove mesi prima del Natale.<\/p>\n<figure id=\"post-279084 media-279084\" class=\"align-none\"><img decoding=\"async\" src=\"https:\/\/www.intoscana.it\/wp-content\/uploads\/Capodanno-Pisano.jpeg\" alt=\"\" \/><\/figure>\n<div class=\"titleimg\">Capodanno Pisano<\/div>\n<p>Alla cerimonia presenti le autorit\u00e0 cittadine, il presidente della Regione Toscana <strong>Eugenio Giani<\/strong> e il presidente del Consiglio regionale, <strong>Antonio Mazzeo<\/strong>. <mark>Dal marzo del 2015, l\u2019Assemblea toscana ha introdotto il \u201cCapodanno dell\u2019Annunciazione\u201d per ricordare che fino al 1749, nella nostra regione, l\u2019anno civile iniziava il 25 marzo.<\/mark><\/p>\n<p>&#8220;Quella del capodanno celebrato a marzo \u00e8 una tradizione toscana che Pisa rappresenta con la sua unicit\u00e0 perch\u00e9 lo fa in anticipo e perch\u00e9 ha saputo coltivare e custodire una tradizione che appartiene al Dna di tutti i toscani &#8211; ha detto <strong>Giani<\/strong> &#8211;\u00a0 La Regione e il consiglio regionale continueranno a sostenere iniziative come queste che hanno un&#8217;importante rilevanza storica e contribuiscono a veicolare il turismo anche a livello internazionale&#8221;.<\/p>\n<p>\u201c\u00c8 bello vedere il Duomo strapieno di turisti, di cittadine e cittadini, ma anche di tutti coloro che ogni giorno si impegnano per le manifestazioni storiche \u2013 ha commentato<strong>\u00a0Mazzeo<\/strong>\u2013 i colori, la storia, le tradizioni, la grandezza di Pisa esplodono in questo luogo di arte, di bellezza\u201d.<\/p>\n<figure id=\"post-279082 media-279082\" class=\"align-none\"><img decoding=\"async\" src=\"https:\/\/www.intoscana.it\/wp-content\/uploads\/2023-03-24-Addobbi-Capodanno-Pisano-1.jpeg\" alt=\"\" \/><\/figure>\n<div class=\"titleimg\">Addobbi Capodanno Pisano<\/div>\n<p>&nbsp;<\/p>\n","protected":false},"excerpt":{"rendered":"<p>L\u2019ingresso nel nuovo anno avviene quando in Cattedrale un raggio di sole da una finestra della navata centrale illumina una mensolina a forma di uovo. Presenti le autorit\u00e0 cittadine, il presidente della Regione Eugenio Giani e del Consiglio regionale Antonio Mazzeo<\/p>\n","protected":false},"author":525,"featured_media":279083,"comment_status":"open","ping_status":"open","sticky":false,"template":"","format":"standard","meta":{"_acf_changed":false,"footnotes":""},"categories":[493],"tags":[4760,5629,158],"class_list":["post-279079","post","type-post","status-publish","format-standard","has-post-thumbnail","hentry","category-cultura","tag-antonio-mazzeo","tag-capodanno-pisano","tag-eugenio-giani"],"acf":[],"yoast_head":"<!-- This site is optimized with the Yoast SEO Premium plugin v24.2 (Yoast SEO v25.6) - https:\/\/yoast.com\/wordpress\/plugins\/seo\/ -->\n<title>Capodanno pisano, la tradizione celebrata da centinaia di cittadini e turisti - intoscana<\/title>\n<meta name=\"robots\" content=\"index, follow, max-snippet:-1, max-image-preview:large, max-video-preview:-1\" \/>\n<link rel=\"canonical\" href=\"https:\/\/www.intoscana.it\/it\/capodanno-pisano-la-tradizione-celebrata-da-centinaia-di-cittadini-e-turisti\/\" \/>\n<meta property=\"og:locale\" content=\"it_IT\" \/>\n<meta property=\"og:type\" content=\"article\" \/>\n<meta property=\"og:title\" content=\"Capodanno pisano, la tradizione celebrata da centinaia di cittadini e turisti\" \/>\n<meta property=\"og:description\" content=\"L\u2019ingresso nel nuovo anno avviene quando in Cattedrale un raggio di sole da una finestra della navata centrale illumina una mensolina a forma di uovo. Presenti le autorit\u00e0 cittadine, il presidente della Regione Eugenio Giani e del Consiglio regionale Antonio Mazzeo\" \/>\n<meta property=\"og:url\" content=\"https:\/\/www.intoscana.it\/it\/capodanno-pisano-la-tradizione-celebrata-da-centinaia-di-cittadini-e-turisti\/\" \/>\n<meta property=\"og:site_name\" content=\"intoscana\" \/>\n<meta property=\"article:publisher\" content=\"https:\/\/www.facebook.com\/intoscana.it\" \/>\n<meta property=\"article:published_time\" content=\"2023-03-25T16:11:18+00:00\" \/>\n<meta property=\"article:modified_time\" content=\"2023-03-26T16:51:50+00:00\" \/>\n<meta property=\"og:image\" content=\"https:\/\/www.intoscana.it\/wp-content\/uploads\/2023-03-25-Capodfanno-2024-S-12.jpeg\" \/>\n\t<meta property=\"og:image:width\" content=\"800\" \/>\n\t<meta property=\"og:image:height\" content=\"533\" \/>\n\t<meta property=\"og:image:type\" content=\"image\/jpeg\" \/>\n<meta name=\"author\" content=\"Redazione\" \/>\n<meta name=\"twitter:card\" content=\"summary_large_image\" \/>\n<meta name=\"twitter:creator\" content=\"@intoscana\" \/>\n<meta name=\"twitter:site\" content=\"@intoscana\" \/>\n<meta name=\"twitter:label1\" content=\"Written by\" \/>\n\t<meta name=\"twitter:data1\" content=\"Redazione\" \/>\n\t<meta name=\"twitter:label2\" content=\"Est. reading time\" \/>\n\t<meta name=\"twitter:data2\" content=\"2 minuti\" \/>\n<script type=\"application\/ld+json\" class=\"yoast-schema-graph\">{\"@context\":\"https:\/\/schema.org\",\"@graph\":[{\"@type\":\"WebPage\",\"@id\":\"https:\/\/www.intoscana.it\/it\/capodanno-pisano-la-tradizione-celebrata-da-centinaia-di-cittadini-e-turisti\/\",\"url\":\"https:\/\/www.intoscana.it\/it\/capodanno-pisano-la-tradizione-celebrata-da-centinaia-di-cittadini-e-turisti\/\",\"name\":\"Capodanno pisano, la tradizione celebrata da centinaia di cittadini e turisti - intoscana\",\"isPartOf\":{\"@id\":\"https:\/\/www.intoscana.it\/it\/#website\"},\"primaryImageOfPage\":{\"@id\":\"https:\/\/www.intoscana.it\/it\/capodanno-pisano-la-tradizione-celebrata-da-centinaia-di-cittadini-e-turisti\/#primaryimage\"},\"image\":{\"@id\":\"https:\/\/www.intoscana.it\/it\/capodanno-pisano-la-tradizione-celebrata-da-centinaia-di-cittadini-e-turisti\/#primaryimage\"},\"thumbnailUrl\":\"https:\/\/www.intoscana.it\/wp-content\/uploads\/2023-03-25-Capodfanno-2024-S-12.jpeg\",\"datePublished\":\"2023-03-25T16:11:18+00:00\",\"dateModified\":\"2023-03-26T16:51:50+00:00\",\"author\":{\"@id\":\"https:\/\/www.intoscana.it\/it\/#\/schema\/person\/9223810753230f20bd670fdd322661f8\"},\"breadcrumb\":{\"@id\":\"https:\/\/www.intoscana.it\/it\/capodanno-pisano-la-tradizione-celebrata-da-centinaia-di-cittadini-e-turisti\/#breadcrumb\"},\"inLanguage\":\"it-IT\",\"potentialAction\":[{\"@type\":\"ReadAction\",\"target\":[\"https:\/\/www.intoscana.it\/it\/capodanno-pisano-la-tradizione-celebrata-da-centinaia-di-cittadini-e-turisti\/\"]}]},{\"@type\":\"ImageObject\",\"inLanguage\":\"it-IT\",\"@id\":\"https:\/\/www.intoscana.it\/it\/capodanno-pisano-la-tradizione-celebrata-da-centinaia-di-cittadini-e-turisti\/#primaryimage\",\"url\":\"https:\/\/www.intoscana.it\/wp-content\/uploads\/2023-03-25-Capodfanno-2024-S-12.jpeg\",\"contentUrl\":\"https:\/\/www.intoscana.it\/wp-content\/uploads\/2023-03-25-Capodfanno-2024-S-12.jpeg\",\"width\":800,\"height\":533},{\"@type\":\"BreadcrumbList\",\"@id\":\"https:\/\/www.intoscana.it\/it\/capodanno-pisano-la-tradizione-celebrata-da-centinaia-di-cittadini-e-turisti\/#breadcrumb\",\"itemListElement\":[{\"@type\":\"ListItem\",\"position\":1,\"name\":\"Home\",\"item\":\"https:\/\/www.intoscana.it\/it\/\"},{\"@type\":\"ListItem\",\"position\":2,\"name\":\"Capodanno pisano, la tradizione celebrata da centinaia di cittadini e turisti\"}]},{\"@type\":\"WebSite\",\"@id\":\"https:\/\/www.intoscana.it\/it\/#website\",\"url\":\"https:\/\/www.intoscana.it\/it\/\",\"name\":\"intoscana\",\"description\":\"\",\"potentialAction\":[{\"@type\":\"SearchAction\",\"target\":{\"@type\":\"EntryPoint\",\"urlTemplate\":\"https:\/\/www.intoscana.it\/it\/?s={search_term_string}\"},\"query-input\":{\"@type\":\"PropertyValueSpecification\",\"valueRequired\":true,\"valueName\":\"search_term_string\"}}],\"inLanguage\":\"it-IT\"},{\"@type\":\"Person\",\"@id\":\"https:\/\/www.intoscana.it\/it\/#\/schema\/person\/9223810753230f20bd670fdd322661f8\",\"name\":\"Redazione\",\"url\":\"https:\/\/www.intoscana.it\/it\/author\/redazione\/\"}]}<\/script>\n<!-- \/ Yoast SEO Premium plugin. -->","yoast_head_json":{"title":"Capodanno pisano, la tradizione celebrata da centinaia di cittadini e turisti - intoscana","robots":{"index":"index","follow":"follow","max-snippet":"max-snippet:-1","max-image-preview":"max-image-preview:large","max-video-preview":"max-video-preview:-1"},"canonical":"https:\/\/www.intoscana.it\/it\/capodanno-pisano-la-tradizione-celebrata-da-centinaia-di-cittadini-e-turisti\/","og_locale":"it_IT","og_type":"article","og_title":"Capodanno pisano, la tradizione celebrata da centinaia di cittadini e turisti","og_description":"L\u2019ingresso nel nuovo anno avviene quando in Cattedrale un raggio di sole da una finestra della navata centrale illumina una mensolina a forma di uovo. Presenti le autorit\u00e0 cittadine, il presidente della Regione Eugenio Giani e del Consiglio regionale Antonio Mazzeo","og_url":"https:\/\/www.intoscana.it\/it\/capodanno-pisano-la-tradizione-celebrata-da-centinaia-di-cittadini-e-turisti\/","og_site_name":"intoscana","article_publisher":"https:\/\/www.facebook.com\/intoscana.it","article_published_time":"2023-03-25T16:11:18+00:00","article_modified_time":"2023-03-26T16:51:50+00:00","og_image":[{"width":800,"height":533,"url":"https:\/\/www.intoscana.it\/wp-content\/uploads\/2023-03-25-Capodfanno-2024-S-12.jpeg","type":"image\/jpeg"}],"author":"Redazione","twitter_card":"summary_large_image","twitter_creator":"@intoscana","twitter_site":"@intoscana","twitter_misc":{"Written by":"Redazione","Est. reading time":"2 minuti"},"schema":{"@context":"https:\/\/schema.org","@graph":[{"@type":"WebPage","@id":"https:\/\/www.intoscana.it\/it\/capodanno-pisano-la-tradizione-celebrata-da-centinaia-di-cittadini-e-turisti\/","url":"https:\/\/www.intoscana.it\/it\/capodanno-pisano-la-tradizione-celebrata-da-centinaia-di-cittadini-e-turisti\/","name":"Capodanno pisano, la tradizione celebrata da centinaia di cittadini e turisti - intoscana","isPartOf":{"@id":"https:\/\/www.intoscana.it\/it\/#website"},"primaryImageOfPage":{"@id":"https:\/\/www.intoscana.it\/it\/capodanno-pisano-la-tradizione-celebrata-da-centinaia-di-cittadini-e-turisti\/#primaryimage"},"image":{"@id":"https:\/\/www.intoscana.it\/it\/capodanno-pisano-la-tradizione-celebrata-da-centinaia-di-cittadini-e-turisti\/#primaryimage"},"thumbnailUrl":"https:\/\/www.intoscana.it\/wp-content\/uploads\/2023-03-25-Capodfanno-2024-S-12.jpeg","datePublished":"2023-03-25T16:11:18+00:00","dateModified":"2023-03-26T16:51:50+00:00","author":{"@id":"https:\/\/www.intoscana.it\/it\/#\/schema\/person\/9223810753230f20bd670fdd322661f8"},"breadcrumb":{"@id":"https:\/\/www.intoscana.it\/it\/capodanno-pisano-la-tradizione-celebrata-da-centinaia-di-cittadini-e-turisti\/#breadcrumb"},"inLanguage":"it-IT","potentialAction":[{"@type":"ReadAction","target":["https:\/\/www.intoscana.it\/it\/capodanno-pisano-la-tradizione-celebrata-da-centinaia-di-cittadini-e-turisti\/"]}]},{"@type":"ImageObject","inLanguage":"it-IT","@id":"https:\/\/www.intoscana.it\/it\/capodanno-pisano-la-tradizione-celebrata-da-centinaia-di-cittadini-e-turisti\/#primaryimage","url":"https:\/\/www.intoscana.it\/wp-content\/uploads\/2023-03-25-Capodfanno-2024-S-12.jpeg","contentUrl":"https:\/\/www.intoscana.it\/wp-content\/uploads\/2023-03-25-Capodfanno-2024-S-12.jpeg","width":800,"height":533},{"@type":"BreadcrumbList","@id":"https:\/\/www.intoscana.it\/it\/capodanno-pisano-la-tradizione-celebrata-da-centinaia-di-cittadini-e-turisti\/#breadcrumb","itemListElement":[{"@type":"ListItem","position":1,"name":"Home","item":"https:\/\/www.intoscana.it\/it\/"},{"@type":"ListItem","position":2,"name":"Capodanno pisano, la tradizione celebrata da centinaia di cittadini e turisti"}]},{"@type":"WebSite","@id":"https:\/\/www.intoscana.it\/it\/#website","url":"https:\/\/www.intoscana.it\/it\/","name":"intoscana","description":"","potentialAction":[{"@type":"SearchAction","target":{"@type":"EntryPoint","urlTemplate":"https:\/\/www.intoscana.it\/it\/?s={search_term_string}"},"query-input":{"@type":"PropertyValueSpecification","valueRequired":true,"valueName":"search_term_string"}}],"inLanguage":"it-IT"},{"@type":"Person","@id":"https:\/\/www.intoscana.it\/it\/#\/schema\/person\/9223810753230f20bd670fdd322661f8","name":"Redazione","url":"https:\/\/www.intoscana.it\/it\/author\/redazione\/"}]}},"_links":{"self":[{"href":"https:\/\/www.intoscana.it\/it\/wp-json\/wp\/v2\/posts\/279079","targetHints":{"allow":["GET"]}}],"collection":[{"href":"https:\/\/www.intoscana.it\/it\/wp-json\/wp\/v2\/posts"}],"about":[{"href":"https:\/\/www.intoscana.it\/it\/wp-json\/wp\/v2\/types\/post"}],"author":[{"embeddable":true,"href":"https:\/\/www.intoscana.it\/it\/wp-json\/wp\/v2\/users\/525"}],"replies":[{"embeddable":true,"href":"https:\/\/www.intoscana.it\/it\/wp-json\/wp\/v2\/comments?post=279079"}],"version-history":[{"count":0,"href":"https:\/\/www.intoscana.it\/it\/wp-json\/wp\/v2\/posts\/279079\/revisions"}],"wp:featuredmedia":[{"embeddable":true,"href":"https:\/\/www.intoscana.it\/it\/wp-json\/wp\/v2\/media\/279083"}],"wp:attachment":[{"href":"https:\/\/www.intoscana.it\/it\/wp-json\/wp\/v2\/media?parent=279079"}],"wp:term":[{"taxonomy":"category","embeddable":true,"href":"https:\/\/www.intoscana.it\/it\/wp-json\/wp\/v2\/categories?post=279079"},{"taxonomy":"post_tag","embeddable":true,"href":"https:\/\/www.intoscana.it\/it\/wp-json\/wp\/v2\/tags?post=279079"}],"curies":[{"name":"wp","href":"https:\/\/api.w.org\/{rel}","templated":true}]}}