{"id":279136,"date":"2023-03-27T12:42:22","date_gmt":"2023-03-27T10:42:22","guid":{"rendered":"https:\/\/www.intoscana.it\/it\/?p=279136"},"modified":"2023-03-27T12:42:22","modified_gmt":"2023-03-27T10:42:22","slug":"materazi-future-club-concerto-combo-firenze-2023","status":"publish","type":"post","link":"https:\/\/www.intoscana.it\/it\/materazi-future-club-concerto-combo-firenze-2023\/","title":{"rendered":"Materazi Future Club in concerto al Combo: l&#8217;emozione del calcio si trasforma in musica"},"content":{"rendered":"<p><strong>Punk, musica elettronica\u00a0e chitarre distorte<\/strong> si mischiano con le voci di calciatori, cronisti sportivi e allenatori. Tutto questo \u00e8 molto di pi\u00f9 \u00e8 il progetto <strong>Materazzi Future Club<\/strong> che da Milano arriva in concerto<strong> gioved\u00ec 30 marzo al Combo Social Club di Firenze.<\/strong><\/p>\n<p><strong>Ciao ragazzi! Come nasce il progetto dei Materazi? Immagino che siate tutti tifosi di una squadra, quale?<\/strong><\/p>\n<p>Ciao! Il progetto Materazi nasce alla fine del 2019 a Milano. Essendo noi tre ex coinquilini ci trovavamo in cucina a<strong> bere birre e a guardare video di calcio<\/strong> su YouTube, fino a che non abbiamo deciso di fare un progetto musicale tutti insieme. E pian piano eccoci qua! Tifiamo tre squadre diverse: <strong>Edoardo la Roma, Marco il Milan e Riccardo l\u2019Inter.<\/strong><\/p>\n<p><strong>Nei vostri pezzi troviamo moltissime voci, le interviste ai calciatori, agli allenatori ma anche le telecronache delle partite. Mi incuriosisce sapere come avete reperito questi audio e come avete risolto dal punto di vista dei diritti d&#8217;autore<\/strong><\/p>\n<p>Le abbiamo prese da YouTube prevalentemente, <strong>video di repertorio<\/strong> che ci sono sulla piattaforma. Dal punto di vista del diritto d\u2019autore abbiamo chiesto e se non risulta diffamatorio \u00e8 materiale che si pu\u00f2 usare.<\/p>\n<p><strong>Nel calcio ci sono tantissime e bellissime storie da raccontare, voi ne avete scelta alcune: Gattuso, Cassano, Ronaldo. Come mai avete scelto proprio loro? Si pu\u00f2 dire che sono i vostri eroi?<\/strong><\/p>\n<p>Sono tutti calciatori che appartengono alla nostra adolescenza. Il calcio di fine 90 e inizi 2000 \u00e8 quello che pi\u00f9 portiamo nel cuore. <strong>Ci piaceva l\u2019idea di raccontare personaggi non sempre vincenti e inscalfibili,<\/strong> ma uomini che hanno avuto alti e periodi invece di difficolt\u00e0. Eroi ci sembra un po\u2019 troppo, meglio definirli<strong> idoli di infanzia e adolescenza.<\/strong><\/p>\n<figure id=\"post-279139 media-279139\" class=\"align-none\"><img decoding=\"async\" src=\"https:\/\/www.intoscana.it\/wp-content\/uploads\/101510004-02672121-377b-45ac-9e47-17738766094f.jpg\" alt=\"\" \/><\/figure>\n<p><strong>Ascoltando i vostri pezzi \u00e8 come se la musica volesse raccontare l&#8217;emozione di un momento, di una carriera. Spesso le affermazioni dei calciatori sono molto brevi, dirette, semplici. E&#8217; come se voi riempiste con la musica tutto il &#8220;non detto&#8221;, \u00e8 cos\u00ec?<\/strong><\/p>\n<p>Questa \u00e8 una bella osservazione a cui non abbiamo probabilmente mai pensato. Effettivamente la parte \u201cvocale\u201d \u00e8 centrale da una parte ma sta in piedi perch\u00e9 musicalmente abbiamo scelto di fare un genere che avesse delle vibrazioni post-punk e dance. Quindi non sappiamo darti una risposta a questa domanda ma <strong>ci piace questa tua idea.<\/strong><\/p>\n<p><strong>Nel disco anche una prestigiosa collaborazione con Max Collini, com&#8217;\u00e8 nata quella canzone? Ha scritto lui il testo?<\/strong><\/p>\n<p>Il testo lo ha scritto Edoardo, che conosceva bene la storia di <strong>Luciano \/ Eriberto<\/strong>. Avendo il testo e la base musicale abbiamo contattato Max tramite la nostra etichetta e lui si \u00e8 gasato del pezzo e ha accettato subito di farlo. Per noi \u00e8 stato un onore immenso ovviamente dato che siamo super fan degli <strong>Offlaga Disco Pax.<\/strong><\/p>\n<p><strong>Uno dei vostri pezzi \u00e8 dedicato alla spettacolare tripletta di Giuseppe Rossi in una partita divenuta leggenda per i tifosi della Fiorentina: il 4-2 in rimonta alla Juventus del 20 ottobre 2013. Sar\u00e0 un&#8217;emozione diversa per voi suonarla a Firenze?<\/strong><\/p>\n<p>Una partita stupenda quella con<strong> un commento di Riccardo Trevisani da pelle d\u2019oca.<\/strong> Non vediamo l\u2019ora di farla proprio a Firenze quella canzone, anche perch\u00e9 per quante sfortune ha avuto il <strong>povero Pepito<\/strong>, immaginiamo sia rimasto nel cuore di tutti i <strong>tifosi della viola.<\/strong><\/p>\n<p><iframe loading=\"lazy\" title=\"YouTube video player\" src=\"https:\/\/www.youtube.com\/embed\/Kesc2alVwK0\" width=\"800\" height=\"500\" frameborder=\"0\" allowfullscreen=\"allowfullscreen\"><span data-mce-type=\"bookmark\" style=\"display: inline-block; width: 0px; overflow: hidden; line-height: 0;\" class=\"mce_SELRES_start\">\ufeff<\/span><\/iframe><\/p>\n<p><strong>I Materazi Future Club suoneranno al Combo in apertura ITALIA 90<\/strong> una band controcorrente celebrata dalla stampa internazionale che si ferma a considerare davvero le proprie affermazioni, sia musicalmente che liricamente, piuttosto che saltare sulle tendenze.<\/p>\n<p>Nel loro album di debutto,<strong> ITALIA 90<\/strong> escono dall&#8217;implacabile ed estenuante ruota del criceto e creano qualcosa di fantastico con l&#8217;abbondanza di ingredienti gi\u00e0 presenti, indicando una strada diversa.<\/p>\n<p>&nbsp;<\/p>\n<p>&nbsp;<\/p>\n","protected":false},"excerpt":{"rendered":"<p>I Materazi Future Club suoneranno al Combo gioved\u00ec 30 marzo in apertura ITALIA 90 una band controcorrente celebrata dalla stampa internazionale che arriva per la prima volta in concerto a Firenze<\/p>\n","protected":false},"author":518,"featured_media":279140,"comment_status":"open","ping_status":"open","sticky":false,"template":"","format":"standard","meta":{"_acf_changed":false,"footnotes":""},"categories":[14],"tags":[216],"class_list":["post-279136","post","type-post","status-publish","format-standard","has-post-thumbnail","hentry","category-musica","tag-concerti"],"acf":[],"yoast_head":"<!-- This site is optimized with the Yoast SEO Premium plugin v24.2 (Yoast SEO v25.6) - https:\/\/yoast.com\/wordpress\/plugins\/seo\/ -->\n<title>Materazi Future Club in concerto al Combo: l&#039;emozione del calcio si trasforma in musica - intoscana<\/title>\n<meta name=\"description\" content=\"I Materazi Future Club suoneranno al Combo gioved\u00ec 30 marzo in apertura ITALIA 90 una band controcorrente celebrata dalla stampa\" \/>\n<meta name=\"robots\" content=\"index, follow, max-snippet:-1, max-image-preview:large, max-video-preview:-1\" \/>\n<link rel=\"canonical\" href=\"https:\/\/www.intoscana.it\/it\/materazi-future-club-concerto-combo-firenze-2023\/\" \/>\n<meta property=\"og:locale\" content=\"it_IT\" \/>\n<meta property=\"og:type\" content=\"article\" \/>\n<meta property=\"og:title\" content=\"Materazi Future Club in concerto al Combo: l&#039;emozione del calcio si trasforma in musica\" \/>\n<meta property=\"og:description\" content=\"I Materazi Future Club suoneranno al Combo gioved\u00ec 30 marzo in apertura ITALIA 90 una band controcorrente celebrata dalla stampa\" \/>\n<meta property=\"og:url\" content=\"https:\/\/www.intoscana.it\/it\/materazi-future-club-concerto-combo-firenze-2023\/\" \/>\n<meta property=\"og:site_name\" content=\"intoscana\" \/>\n<meta property=\"article:publisher\" content=\"https:\/\/www.facebook.com\/intoscana.it\" \/>\n<meta property=\"article:published_time\" content=\"2023-03-27T10:42:22+00:00\" \/>\n<meta property=\"og:image\" content=\"https:\/\/www.intoscana.it\/wp-content\/uploads\/materazi-future-club-1674835493-scaled.jpg\" \/>\n\t<meta property=\"og:image:width\" content=\"2048\" \/>\n\t<meta property=\"og:image:height\" content=\"1556\" \/>\n\t<meta property=\"og:image:type\" content=\"image\/jpeg\" \/>\n<meta name=\"author\" content=\"Costanza Baldini\" \/>\n<meta name=\"twitter:card\" content=\"summary_large_image\" \/>\n<meta name=\"twitter:creator\" content=\"@intoscana\" \/>\n<meta name=\"twitter:site\" content=\"@intoscana\" \/>\n<meta name=\"twitter:label1\" content=\"Written by\" \/>\n\t<meta name=\"twitter:data1\" content=\"Costanza Baldini\" \/>\n\t<meta name=\"twitter:label2\" content=\"Est. reading time\" \/>\n\t<meta name=\"twitter:data2\" content=\"3 minuti\" \/>\n<script type=\"application\/ld+json\" class=\"yoast-schema-graph\">{\"@context\":\"https:\/\/schema.org\",\"@graph\":[{\"@type\":\"WebPage\",\"@id\":\"https:\/\/www.intoscana.it\/it\/materazi-future-club-concerto-combo-firenze-2023\/\",\"url\":\"https:\/\/www.intoscana.it\/it\/materazi-future-club-concerto-combo-firenze-2023\/\",\"name\":\"Materazi Future Club in concerto al Combo: l'emozione del calcio si trasforma in musica - intoscana\",\"isPartOf\":{\"@id\":\"https:\/\/www.intoscana.it\/it\/#website\"},\"primaryImageOfPage\":{\"@id\":\"https:\/\/www.intoscana.it\/it\/materazi-future-club-concerto-combo-firenze-2023\/#primaryimage\"},\"image\":{\"@id\":\"https:\/\/www.intoscana.it\/it\/materazi-future-club-concerto-combo-firenze-2023\/#primaryimage\"},\"thumbnailUrl\":\"https:\/\/www.intoscana.it\/wp-content\/uploads\/materazi-future-club-1674835493-scaled.jpg\",\"datePublished\":\"2023-03-27T10:42:22+00:00\",\"author\":{\"@id\":\"https:\/\/www.intoscana.it\/it\/#\/schema\/person\/d469f35f09739bdf00bf5dd3f0647a82\"},\"description\":\"I Materazi Future Club suoneranno al Combo gioved\u00ec 30 marzo in apertura ITALIA 90 una band controcorrente celebrata dalla stampa\",\"breadcrumb\":{\"@id\":\"https:\/\/www.intoscana.it\/it\/materazi-future-club-concerto-combo-firenze-2023\/#breadcrumb\"},\"inLanguage\":\"it-IT\",\"potentialAction\":[{\"@type\":\"ReadAction\",\"target\":[\"https:\/\/www.intoscana.it\/it\/materazi-future-club-concerto-combo-firenze-2023\/\"]}]},{\"@type\":\"ImageObject\",\"inLanguage\":\"it-IT\",\"@id\":\"https:\/\/www.intoscana.it\/it\/materazi-future-club-concerto-combo-firenze-2023\/#primaryimage\",\"url\":\"https:\/\/www.intoscana.it\/wp-content\/uploads\/materazi-future-club-1674835493-scaled.jpg\",\"contentUrl\":\"https:\/\/www.intoscana.it\/wp-content\/uploads\/materazi-future-club-1674835493-scaled.jpg\",\"width\":2048,\"height\":1556,\"caption\":\"Materazi Future Club\"},{\"@type\":\"BreadcrumbList\",\"@id\":\"https:\/\/www.intoscana.it\/it\/materazi-future-club-concerto-combo-firenze-2023\/#breadcrumb\",\"itemListElement\":[{\"@type\":\"ListItem\",\"position\":1,\"name\":\"Home\",\"item\":\"https:\/\/www.intoscana.it\/it\/\"},{\"@type\":\"ListItem\",\"position\":2,\"name\":\"Materazi Future Club in concerto al Combo: l&#8217;emozione del calcio si trasforma in musica\"}]},{\"@type\":\"WebSite\",\"@id\":\"https:\/\/www.intoscana.it\/it\/#website\",\"url\":\"https:\/\/www.intoscana.it\/it\/\",\"name\":\"intoscana\",\"description\":\"\",\"potentialAction\":[{\"@type\":\"SearchAction\",\"target\":{\"@type\":\"EntryPoint\",\"urlTemplate\":\"https:\/\/www.intoscana.it\/it\/?s={search_term_string}\"},\"query-input\":{\"@type\":\"PropertyValueSpecification\",\"valueRequired\":true,\"valueName\":\"search_term_string\"}}],\"inLanguage\":\"it-IT\"},{\"@type\":\"Person\",\"@id\":\"https:\/\/www.intoscana.it\/it\/#\/schema\/person\/d469f35f09739bdf00bf5dd3f0647a82\",\"name\":\"Costanza Baldini\",\"url\":\"https:\/\/www.intoscana.it\/it\/author\/costanza-baldini\/\"}]}<\/script>\n<!-- \/ Yoast SEO Premium plugin. -->","yoast_head_json":{"title":"Materazi Future Club in concerto al Combo: l'emozione del calcio si trasforma in musica - intoscana","description":"I Materazi Future Club suoneranno al Combo gioved\u00ec 30 marzo in apertura ITALIA 90 una band controcorrente celebrata dalla stampa","robots":{"index":"index","follow":"follow","max-snippet":"max-snippet:-1","max-image-preview":"max-image-preview:large","max-video-preview":"max-video-preview:-1"},"canonical":"https:\/\/www.intoscana.it\/it\/materazi-future-club-concerto-combo-firenze-2023\/","og_locale":"it_IT","og_type":"article","og_title":"Materazi Future Club in concerto al Combo: l'emozione del calcio si trasforma in musica","og_description":"I Materazi Future Club suoneranno al Combo gioved\u00ec 30 marzo in apertura ITALIA 90 una band controcorrente celebrata dalla stampa","og_url":"https:\/\/www.intoscana.it\/it\/materazi-future-club-concerto-combo-firenze-2023\/","og_site_name":"intoscana","article_publisher":"https:\/\/www.facebook.com\/intoscana.it","article_published_time":"2023-03-27T10:42:22+00:00","og_image":[{"width":2048,"height":1556,"url":"https:\/\/www.intoscana.it\/wp-content\/uploads\/materazi-future-club-1674835493-scaled.jpg","type":"image\/jpeg"}],"author":"Costanza Baldini","twitter_card":"summary_large_image","twitter_creator":"@intoscana","twitter_site":"@intoscana","twitter_misc":{"Written by":"Costanza Baldini","Est. reading time":"3 minuti"},"schema":{"@context":"https:\/\/schema.org","@graph":[{"@type":"WebPage","@id":"https:\/\/www.intoscana.it\/it\/materazi-future-club-concerto-combo-firenze-2023\/","url":"https:\/\/www.intoscana.it\/it\/materazi-future-club-concerto-combo-firenze-2023\/","name":"Materazi Future Club in concerto al Combo: l'emozione del calcio si trasforma in musica - intoscana","isPartOf":{"@id":"https:\/\/www.intoscana.it\/it\/#website"},"primaryImageOfPage":{"@id":"https:\/\/www.intoscana.it\/it\/materazi-future-club-concerto-combo-firenze-2023\/#primaryimage"},"image":{"@id":"https:\/\/www.intoscana.it\/it\/materazi-future-club-concerto-combo-firenze-2023\/#primaryimage"},"thumbnailUrl":"https:\/\/www.intoscana.it\/wp-content\/uploads\/materazi-future-club-1674835493-scaled.jpg","datePublished":"2023-03-27T10:42:22+00:00","author":{"@id":"https:\/\/www.intoscana.it\/it\/#\/schema\/person\/d469f35f09739bdf00bf5dd3f0647a82"},"description":"I Materazi Future Club suoneranno al Combo gioved\u00ec 30 marzo in apertura ITALIA 90 una band controcorrente celebrata dalla stampa","breadcrumb":{"@id":"https:\/\/www.intoscana.it\/it\/materazi-future-club-concerto-combo-firenze-2023\/#breadcrumb"},"inLanguage":"it-IT","potentialAction":[{"@type":"ReadAction","target":["https:\/\/www.intoscana.it\/it\/materazi-future-club-concerto-combo-firenze-2023\/"]}]},{"@type":"ImageObject","inLanguage":"it-IT","@id":"https:\/\/www.intoscana.it\/it\/materazi-future-club-concerto-combo-firenze-2023\/#primaryimage","url":"https:\/\/www.intoscana.it\/wp-content\/uploads\/materazi-future-club-1674835493-scaled.jpg","contentUrl":"https:\/\/www.intoscana.it\/wp-content\/uploads\/materazi-future-club-1674835493-scaled.jpg","width":2048,"height":1556,"caption":"Materazi Future Club"},{"@type":"BreadcrumbList","@id":"https:\/\/www.intoscana.it\/it\/materazi-future-club-concerto-combo-firenze-2023\/#breadcrumb","itemListElement":[{"@type":"ListItem","position":1,"name":"Home","item":"https:\/\/www.intoscana.it\/it\/"},{"@type":"ListItem","position":2,"name":"Materazi Future Club in concerto al Combo: l&#8217;emozione del calcio si trasforma in musica"}]},{"@type":"WebSite","@id":"https:\/\/www.intoscana.it\/it\/#website","url":"https:\/\/www.intoscana.it\/it\/","name":"intoscana","description":"","potentialAction":[{"@type":"SearchAction","target":{"@type":"EntryPoint","urlTemplate":"https:\/\/www.intoscana.it\/it\/?s={search_term_string}"},"query-input":{"@type":"PropertyValueSpecification","valueRequired":true,"valueName":"search_term_string"}}],"inLanguage":"it-IT"},{"@type":"Person","@id":"https:\/\/www.intoscana.it\/it\/#\/schema\/person\/d469f35f09739bdf00bf5dd3f0647a82","name":"Costanza Baldini","url":"https:\/\/www.intoscana.it\/it\/author\/costanza-baldini\/"}]}},"_links":{"self":[{"href":"https:\/\/www.intoscana.it\/it\/wp-json\/wp\/v2\/posts\/279136","targetHints":{"allow":["GET"]}}],"collection":[{"href":"https:\/\/www.intoscana.it\/it\/wp-json\/wp\/v2\/posts"}],"about":[{"href":"https:\/\/www.intoscana.it\/it\/wp-json\/wp\/v2\/types\/post"}],"author":[{"embeddable":true,"href":"https:\/\/www.intoscana.it\/it\/wp-json\/wp\/v2\/users\/518"}],"replies":[{"embeddable":true,"href":"https:\/\/www.intoscana.it\/it\/wp-json\/wp\/v2\/comments?post=279136"}],"version-history":[{"count":0,"href":"https:\/\/www.intoscana.it\/it\/wp-json\/wp\/v2\/posts\/279136\/revisions"}],"wp:featuredmedia":[{"embeddable":true,"href":"https:\/\/www.intoscana.it\/it\/wp-json\/wp\/v2\/media\/279140"}],"wp:attachment":[{"href":"https:\/\/www.intoscana.it\/it\/wp-json\/wp\/v2\/media?parent=279136"}],"wp:term":[{"taxonomy":"category","embeddable":true,"href":"https:\/\/www.intoscana.it\/it\/wp-json\/wp\/v2\/categories?post=279136"},{"taxonomy":"post_tag","embeddable":true,"href":"https:\/\/www.intoscana.it\/it\/wp-json\/wp\/v2\/tags?post=279136"}],"curies":[{"name":"wp","href":"https:\/\/api.w.org\/{rel}","templated":true}]}}