{"id":279210,"date":"2023-03-27T14:38:56","date_gmt":"2023-03-27T12:38:56","guid":{"rendered":"https:\/\/www.intoscana.it\/it\/?p=279210"},"modified":"2023-03-29T12:28:14","modified_gmt":"2023-03-29T10:28:14","slug":"the-gallery-santa-maria-novella","status":"publish","type":"post","link":"https:\/\/www.intoscana.it\/it\/the-gallery-santa-maria-novella\/","title":{"rendered":"A Firenze arriva The Gallery: un&#8217;esperienza immersiva nel passaggio di Santa Maria Novella"},"content":{"rendered":"<p style=\"font-weight: 400;\">Un\u2019esperienza immersiva che accompagner\u00e0 cittadini e visitatori nel cuore di Firenze. \u00c8 <strong>The Gallery,<\/strong> l&#8217;impianto futuristico realizzato dalla societ\u00e0 Real Media nel passaggio pedonale tra la stazione di <strong>Santa Maria Novella<\/strong> e il Duomo, composto\u00a0da\u00a0audio video ledwall di ultima generazione, che accoglier\u00e0 le centinaia di migliaia di persone che ogni giorno passano da qui.<\/p>\n<h3>200 mq di schermi e 30 milioni di pixel<\/h3>\n<p style=\"font-weight: 400;\">L\u2019installazione di<strong> The Gallery<\/strong>, lunga 25 metri, \u00e8 pensata per accogliere i passanti in maniera immersiva: <mark>gli audio video\u00a0ledwall\u00a0rivestono interamente le due pareti verticali e il soffitto della galleria, per un totale di\u00a0200 mq di schermi e quasi 30 milioni di pixel creando un\u2019immersivit\u00e0 totale.<\/mark>\u00a0Grazie al brevetto di una societ\u00e0\u00a0specializzata in sistemi di emissione sonora, l\u2019impianto \u00e8 inoltre dotato di\u00a0audio invisibile: l\u2019utilizzo di appositi dispositivi installati dietro al ledwall al posto delle tradizionali casse acustiche, permetter\u00e0 di trasmettere il suono attraverso le vibrazioni, creando cos\u00ec una \u201cbolla sonora\u201d.<\/p>\n<p style=\"font-weight: 400;\">La presentazione di The Gallery si \u00e8 tenuta questa mattina alla presenza tra gli altri del presidente della Regione Toscana <strong>Eugenio Giani e di<\/strong>\u00a0<strong>Giovanni\u00a0Bettarini<\/strong>, assessore al bilancio, commercio e attivit\u00e0 produttive del Comune di Firenze.<\/p>\n<p style=\"font-weight: 400;\"><em>&#8220;Ringrazio Moreno Mascia e Francesco Posarelli di RealMedia perch\u00e9 hanno avuto un\u2019idea a mio giudizio molto innovativa e di attualit\u00e0<\/em> \u2013 ha sottolineato<strong> Giani<\/strong>\u00a0&#8211;<em> un\u2019idea che, quando si passa di qua, nella fretta della quotidianit\u00e0, permette di rilassarsi, ritrovandosi in uno spazio immersivo a misura d\u2019uomo. Il pensiero va al 1968, quando part\u00ec la rigenerazione del sottopasso della stazione, quando questi che furono i luoghi pi\u00f9 devastati dall\u2019alluvione del 1966, in due anni vennero rigenerati grazie allo spirito di rinascita della citt\u00e0. Fino al 1992, con la costruzione del parcheggio della stazione di Santa Maria Novella, con la novit\u00e0 della galleria commerciale e i passaggi sotterranei. Da allora si \u00e8 innescato un processo di ristrutturazione fondato sulla sinergia pubblico-privato. <mark>Una sinergia che oggi d\u00e0 vita a queste installazioni che accogliamo con piacere, per una Firenze e una Toscana che guarda alla modernit\u00e0&#8221;.<\/mark><\/em><\/p>\n<figure id=\"post-279213 media-279213\" class=\"align-none\">\n<p><figure style=\"width: 1024px\" class=\"wp-caption alignnone\"><img loading=\"lazy\" decoding=\"async\" src=\"https:\/\/www.intoscana.it\/wp-content\/uploads\/The-Gallery.jpg\" alt=\"\" width=\"1024\" height=\"768\" \/><figcaption class=\"wp-caption-text\">The Gallery a Firenze<\/figcaption><\/figure><\/figure>\n<h3>Santa Maria Novella come Times Square<\/h3>\n<p>L\u2019impianto di The Gallery sar\u00e0 inoltre in grado di veicolare, oltre alle tradizionali immagini in 2D, anche immagini pi\u00f9 sofisticate in <strong>3D<\/strong>, aumentando cos\u00ec ulteriormente l\u2019immersivit\u00e0. Un\u2019esperienza di puro coinvolgimento nelle immagini e nei suoni di altissima qualit\u00e0, per un risultato estremamente emozionante che <mark>si propone di diventare una vera e propria icona pubblicitaria a livello globale, come Times Square a New York o Piccadilly Circus a Londra.<\/mark> Paramount+ sar\u00e0 la prima realt\u00e0 a utilizzare l\u2019impianto in esclusiva.<\/p>\n<p style=\"font-weight: 400;\"><em>&#8220;Un&#8217;esposizione affascinante e straordinaria, un impianto unico nel suo genere e importante per Firenze<\/em> \u2013 ha detto l&#8217;assessore <strong>Bettarini <\/strong>&#8211; <em>perch\u00e9 a fianco del recupero di questo tratto di sottopassaggio c&#8217;\u00e8 l&#8217;innovazione. Ringrazio Real Media per questo strumenti di comunicazione immersiva che, oltre ai privati, potrebbe essere anche un eccezionale strumento per il pubblico per comunicare meglio la nostra citt\u00e0 e veicolare messaggi culturali a tutti coloro che passano da qui&#8221;.<\/em><\/p>\n","protected":false},"excerpt":{"rendered":"<p>L&#8217;impianto, composto da 200 mq di schermi, dar\u00e0 il benvenuto in citt\u00e0 a chi utilizza il passaggio pedale tra la stazione SMN e il Duomo<\/p>\n","protected":false},"author":525,"featured_media":279258,"comment_status":"open","ping_status":"open","sticky":false,"template":"","format":"standard","meta":{"_acf_changed":false,"footnotes":""},"categories":[475],"tags":[1500,202],"class_list":["post-279210","post","type-post","status-publish","format-standard","has-post-thumbnail","hentry","category-innovazione","tag-3d","tag-firenze"],"acf":[],"yoast_head":"<!-- This site is optimized with the Yoast SEO Premium plugin v24.2 (Yoast SEO v25.6) - https:\/\/yoast.com\/wordpress\/plugins\/seo\/ -->\n<title>A Firenze arriva The Gallery: un&#039;esperienza immersiva nel passaggio di Santa Maria Novella - intoscana<\/title>\n<meta name=\"description\" content=\"Nel passaggio pedonale della stazione di Santa Maria Novella a Firenze arriva The Gallery, un&#039;installazione immersiva con 200 mq di schermi.\" \/>\n<meta name=\"robots\" content=\"index, follow, max-snippet:-1, max-image-preview:large, max-video-preview:-1\" \/>\n<link rel=\"canonical\" href=\"https:\/\/www.intoscana.it\/it\/the-gallery-santa-maria-novella\/\" \/>\n<meta property=\"og:locale\" content=\"it_IT\" \/>\n<meta property=\"og:type\" content=\"article\" \/>\n<meta property=\"og:title\" content=\"A Firenze arriva The Gallery: un&#039;esperienza immersiva nel passaggio di Santa Maria Novella\" \/>\n<meta property=\"og:description\" content=\"Nel passaggio pedonale della stazione di Santa Maria Novella a Firenze arriva The Gallery, un&#039;installazione immersiva con 200 mq di schermi.\" \/>\n<meta property=\"og:url\" content=\"https:\/\/www.intoscana.it\/it\/the-gallery-santa-maria-novella\/\" \/>\n<meta property=\"og:site_name\" content=\"intoscana\" \/>\n<meta property=\"article:publisher\" content=\"https:\/\/www.facebook.com\/intoscana.it\" \/>\n<meta property=\"article:published_time\" content=\"2023-03-27T12:38:56+00:00\" \/>\n<meta property=\"article:modified_time\" content=\"2023-03-29T10:28:14+00:00\" \/>\n<meta property=\"og:image\" content=\"https:\/\/www.intoscana.it\/wp-content\/uploads\/DSC04107-scaled.jpg\" \/>\n\t<meta property=\"og:image:width\" content=\"2048\" \/>\n\t<meta property=\"og:image:height\" content=\"1366\" \/>\n\t<meta property=\"og:image:type\" content=\"image\/jpeg\" \/>\n<meta name=\"author\" content=\"Redazione\" \/>\n<meta name=\"twitter:card\" content=\"summary_large_image\" \/>\n<meta name=\"twitter:creator\" content=\"@intoscana\" \/>\n<meta name=\"twitter:site\" content=\"@intoscana\" \/>\n<meta name=\"twitter:label1\" content=\"Written by\" \/>\n\t<meta name=\"twitter:data1\" content=\"Redazione\" \/>\n\t<meta name=\"twitter:label2\" content=\"Est. reading time\" \/>\n\t<meta name=\"twitter:data2\" content=\"3 minuti\" \/>\n<script type=\"application\/ld+json\" class=\"yoast-schema-graph\">{\"@context\":\"https:\/\/schema.org\",\"@graph\":[{\"@type\":\"WebPage\",\"@id\":\"https:\/\/www.intoscana.it\/it\/the-gallery-santa-maria-novella\/\",\"url\":\"https:\/\/www.intoscana.it\/it\/the-gallery-santa-maria-novella\/\",\"name\":\"A Firenze arriva The Gallery: un'esperienza immersiva nel passaggio di Santa Maria Novella - intoscana\",\"isPartOf\":{\"@id\":\"https:\/\/www.intoscana.it\/it\/#website\"},\"primaryImageOfPage\":{\"@id\":\"https:\/\/www.intoscana.it\/it\/the-gallery-santa-maria-novella\/#primaryimage\"},\"image\":{\"@id\":\"https:\/\/www.intoscana.it\/it\/the-gallery-santa-maria-novella\/#primaryimage\"},\"thumbnailUrl\":\"https:\/\/www.intoscana.it\/wp-content\/uploads\/DSC04107-scaled.jpg\",\"datePublished\":\"2023-03-27T12:38:56+00:00\",\"dateModified\":\"2023-03-29T10:28:14+00:00\",\"author\":{\"@id\":\"https:\/\/www.intoscana.it\/it\/#\/schema\/person\/9223810753230f20bd670fdd322661f8\"},\"description\":\"Nel passaggio pedonale della stazione di Santa Maria Novella a Firenze arriva The Gallery, un'installazione immersiva con 200 mq di schermi.\",\"breadcrumb\":{\"@id\":\"https:\/\/www.intoscana.it\/it\/the-gallery-santa-maria-novella\/#breadcrumb\"},\"inLanguage\":\"it-IT\",\"potentialAction\":[{\"@type\":\"ReadAction\",\"target\":[\"https:\/\/www.intoscana.it\/it\/the-gallery-santa-maria-novella\/\"]}]},{\"@type\":\"ImageObject\",\"inLanguage\":\"it-IT\",\"@id\":\"https:\/\/www.intoscana.it\/it\/the-gallery-santa-maria-novella\/#primaryimage\",\"url\":\"https:\/\/www.intoscana.it\/wp-content\/uploads\/DSC04107-scaled.jpg\",\"contentUrl\":\"https:\/\/www.intoscana.it\/wp-content\/uploads\/DSC04107-scaled.jpg\",\"width\":2048,\"height\":1366},{\"@type\":\"BreadcrumbList\",\"@id\":\"https:\/\/www.intoscana.it\/it\/the-gallery-santa-maria-novella\/#breadcrumb\",\"itemListElement\":[{\"@type\":\"ListItem\",\"position\":1,\"name\":\"Home\",\"item\":\"https:\/\/www.intoscana.it\/it\/\"},{\"@type\":\"ListItem\",\"position\":2,\"name\":\"A Firenze arriva The Gallery: un&#8217;esperienza immersiva nel passaggio di Santa Maria Novella\"}]},{\"@type\":\"WebSite\",\"@id\":\"https:\/\/www.intoscana.it\/it\/#website\",\"url\":\"https:\/\/www.intoscana.it\/it\/\",\"name\":\"intoscana\",\"description\":\"\",\"potentialAction\":[{\"@type\":\"SearchAction\",\"target\":{\"@type\":\"EntryPoint\",\"urlTemplate\":\"https:\/\/www.intoscana.it\/it\/?s={search_term_string}\"},\"query-input\":{\"@type\":\"PropertyValueSpecification\",\"valueRequired\":true,\"valueName\":\"search_term_string\"}}],\"inLanguage\":\"it-IT\"},{\"@type\":\"Person\",\"@id\":\"https:\/\/www.intoscana.it\/it\/#\/schema\/person\/9223810753230f20bd670fdd322661f8\",\"name\":\"Redazione\",\"url\":\"https:\/\/www.intoscana.it\/it\/author\/redazione\/\"}]}<\/script>\n<!-- \/ Yoast SEO Premium plugin. -->","yoast_head_json":{"title":"A Firenze arriva The Gallery: un'esperienza immersiva nel passaggio di Santa Maria Novella - intoscana","description":"Nel passaggio pedonale della stazione di Santa Maria Novella a Firenze arriva The Gallery, un'installazione immersiva con 200 mq di schermi.","robots":{"index":"index","follow":"follow","max-snippet":"max-snippet:-1","max-image-preview":"max-image-preview:large","max-video-preview":"max-video-preview:-1"},"canonical":"https:\/\/www.intoscana.it\/it\/the-gallery-santa-maria-novella\/","og_locale":"it_IT","og_type":"article","og_title":"A Firenze arriva The Gallery: un'esperienza immersiva nel passaggio di Santa Maria Novella","og_description":"Nel passaggio pedonale della stazione di Santa Maria Novella a Firenze arriva The Gallery, un'installazione immersiva con 200 mq di schermi.","og_url":"https:\/\/www.intoscana.it\/it\/the-gallery-santa-maria-novella\/","og_site_name":"intoscana","article_publisher":"https:\/\/www.facebook.com\/intoscana.it","article_published_time":"2023-03-27T12:38:56+00:00","article_modified_time":"2023-03-29T10:28:14+00:00","og_image":[{"width":2048,"height":1366,"url":"https:\/\/www.intoscana.it\/wp-content\/uploads\/DSC04107-scaled.jpg","type":"image\/jpeg"}],"author":"Redazione","twitter_card":"summary_large_image","twitter_creator":"@intoscana","twitter_site":"@intoscana","twitter_misc":{"Written by":"Redazione","Est. reading time":"3 minuti"},"schema":{"@context":"https:\/\/schema.org","@graph":[{"@type":"WebPage","@id":"https:\/\/www.intoscana.it\/it\/the-gallery-santa-maria-novella\/","url":"https:\/\/www.intoscana.it\/it\/the-gallery-santa-maria-novella\/","name":"A Firenze arriva The Gallery: un'esperienza immersiva nel passaggio di Santa Maria Novella - intoscana","isPartOf":{"@id":"https:\/\/www.intoscana.it\/it\/#website"},"primaryImageOfPage":{"@id":"https:\/\/www.intoscana.it\/it\/the-gallery-santa-maria-novella\/#primaryimage"},"image":{"@id":"https:\/\/www.intoscana.it\/it\/the-gallery-santa-maria-novella\/#primaryimage"},"thumbnailUrl":"https:\/\/www.intoscana.it\/wp-content\/uploads\/DSC04107-scaled.jpg","datePublished":"2023-03-27T12:38:56+00:00","dateModified":"2023-03-29T10:28:14+00:00","author":{"@id":"https:\/\/www.intoscana.it\/it\/#\/schema\/person\/9223810753230f20bd670fdd322661f8"},"description":"Nel passaggio pedonale della stazione di Santa Maria Novella a Firenze arriva The Gallery, un'installazione immersiva con 200 mq di schermi.","breadcrumb":{"@id":"https:\/\/www.intoscana.it\/it\/the-gallery-santa-maria-novella\/#breadcrumb"},"inLanguage":"it-IT","potentialAction":[{"@type":"ReadAction","target":["https:\/\/www.intoscana.it\/it\/the-gallery-santa-maria-novella\/"]}]},{"@type":"ImageObject","inLanguage":"it-IT","@id":"https:\/\/www.intoscana.it\/it\/the-gallery-santa-maria-novella\/#primaryimage","url":"https:\/\/www.intoscana.it\/wp-content\/uploads\/DSC04107-scaled.jpg","contentUrl":"https:\/\/www.intoscana.it\/wp-content\/uploads\/DSC04107-scaled.jpg","width":2048,"height":1366},{"@type":"BreadcrumbList","@id":"https:\/\/www.intoscana.it\/it\/the-gallery-santa-maria-novella\/#breadcrumb","itemListElement":[{"@type":"ListItem","position":1,"name":"Home","item":"https:\/\/www.intoscana.it\/it\/"},{"@type":"ListItem","position":2,"name":"A Firenze arriva The Gallery: un&#8217;esperienza immersiva nel passaggio di Santa Maria Novella"}]},{"@type":"WebSite","@id":"https:\/\/www.intoscana.it\/it\/#website","url":"https:\/\/www.intoscana.it\/it\/","name":"intoscana","description":"","potentialAction":[{"@type":"SearchAction","target":{"@type":"EntryPoint","urlTemplate":"https:\/\/www.intoscana.it\/it\/?s={search_term_string}"},"query-input":{"@type":"PropertyValueSpecification","valueRequired":true,"valueName":"search_term_string"}}],"inLanguage":"it-IT"},{"@type":"Person","@id":"https:\/\/www.intoscana.it\/it\/#\/schema\/person\/9223810753230f20bd670fdd322661f8","name":"Redazione","url":"https:\/\/www.intoscana.it\/it\/author\/redazione\/"}]}},"_links":{"self":[{"href":"https:\/\/www.intoscana.it\/it\/wp-json\/wp\/v2\/posts\/279210","targetHints":{"allow":["GET"]}}],"collection":[{"href":"https:\/\/www.intoscana.it\/it\/wp-json\/wp\/v2\/posts"}],"about":[{"href":"https:\/\/www.intoscana.it\/it\/wp-json\/wp\/v2\/types\/post"}],"author":[{"embeddable":true,"href":"https:\/\/www.intoscana.it\/it\/wp-json\/wp\/v2\/users\/525"}],"replies":[{"embeddable":true,"href":"https:\/\/www.intoscana.it\/it\/wp-json\/wp\/v2\/comments?post=279210"}],"version-history":[{"count":0,"href":"https:\/\/www.intoscana.it\/it\/wp-json\/wp\/v2\/posts\/279210\/revisions"}],"wp:featuredmedia":[{"embeddable":true,"href":"https:\/\/www.intoscana.it\/it\/wp-json\/wp\/v2\/media\/279258"}],"wp:attachment":[{"href":"https:\/\/www.intoscana.it\/it\/wp-json\/wp\/v2\/media?parent=279210"}],"wp:term":[{"taxonomy":"category","embeddable":true,"href":"https:\/\/www.intoscana.it\/it\/wp-json\/wp\/v2\/categories?post=279210"},{"taxonomy":"post_tag","embeddable":true,"href":"https:\/\/www.intoscana.it\/it\/wp-json\/wp\/v2\/tags?post=279210"}],"curies":[{"name":"wp","href":"https:\/\/api.w.org\/{rel}","templated":true}]}}